{"id":12738,"date":"2019-02-14T23:27:44","date_gmt":"2019-02-14T23:27:44","guid":{"rendered":"http:\/\/ec.kuusi.ovh\/?p=12738"},"modified":"2021-03-05T17:23:04","modified_gmt":"2021-03-05T16:23:04","slug":"le-nouveau-projet-planup-du-programme-life-met-en-avant-les-plans-nationaux-en-matiere-denergie-et-de-climat-de-lue","status":"publish","type":"post","link":"https:\/\/energy-cities.eu\/fr\/le-nouveau-projet-planup-du-programme-life-met-en-avant-les-plans-nationaux-en-matiere-denergie-et-de-climat-de-lue\/","title":{"rendered":"Le nouveau projet PlanUp du programme LIFE met en avant les plans nationaux en mati\u00e8re d\u2019\u00e9nergie et de climat de l\u2019UE"},"content":{"rendered":"\n<p>Les plans nationaux en mati\u00e8re d\u2019\u00e9nergie et de climat (PNEC) constituent le nouveau cadre dans lequel les \u00c9tats membres de l\u2019UE devront pr\u00e9parer leur transition climatique et \u00e9nerg\u00e9tique conform\u00e9ment \u00e0 l\u2019accord de Paris d\u2019ici 2030.<br><\/p>\n\n\n\n<figure class=\"wp-block-image\"><img loading=\"lazy\" width=\"150\" height=\"108\" src=\"http:\/\/ec.kuusi.ovh\/wp-content\/uploads\/2019\/02\/life_logo_small-73858-1.jpg\" alt=\"\" class=\"wp-image-12741\"\/><\/figure>\n\n\n\n<p><a href=\"https:\/\/www.planup.eu\/en\/updates\/launch_of_life_project_planup_points_new_spotlight_on_eu_national_energy_climate_plans\/313\">\u00c0 travers le nouveau projet PlanUp du programme LIFE<\/a>, Energy Cities et ses partenaires, chercheurs et membres de la soci\u00e9t\u00e9 civile en Europe, suivront de pr\u00e8s l\u2019avancement des PNEC en se concentrant sur cinq pays&nbsp;: l\u2019Espagne, l\u2019Italie, la Pologne, la Hongrie et la Roumanie. PlanUp favorisera \u00e9galement une d\u00e9carbonisation efficace et des politiques issues de gouvernance participative qui pourront \u00eatre adopt\u00e9es par diff\u00e9rents pays de l\u2019UE.<\/p>\n\n\n\n<h3>Pour des projets en mati\u00e8re d\u2019\u00e9nergie et de climat forts et inclusifs<\/h3>\n\n\n\n<p>Les PNEC sont le fruit du&nbsp;<a href=\"https:\/\/ec.europa.eu\/energy\/en\/topics\/energy-strategy-and-energy-union\/governance-energy-union\">nouveau r\u00e8glement sur la Gouvernance de l\u2019union de l\u2019\u00e9nergie<\/a>, qui conduit les pratiques existantes de diff\u00e9rents plans nationaux pour l\u2019efficacit\u00e9 \u00e9nerg\u00e9tique ou les \u00e9nergies renouvelables vers une strat\u00e9gie unique et coh\u00e9rente. Les \u00c9tats membres de l\u2019UE souligneront dans leurs plans les objectifs, politiques, cibles et mesures \u00e0 travers lesquels ils souhaitent d\u00e9carboner leur \u00e9conomie, en conformit\u00e9 avec l\u2019accord de Paris. Les PNEC devront prendre en compte les cinq volets de l\u2019Union de l\u2019\u00e9nergie&nbsp;: d\u00e9carbonisation&nbsp;; efficacit\u00e9 \u00e9nerg\u00e9tique&nbsp;; march\u00e9 int\u00e9rieur de l\u2019\u00e9nergie&nbsp;; s\u00e9curit\u00e9, solidarit\u00e9 et confiance&nbsp;; recherche, innovation et comp\u00e9titivit\u00e9.<\/p>\n\n\n\n<h3>Plateforme d\u2019engagement interactive en ligne<\/h3>\n\n\n\n<p>Le&nbsp;<a href=\"https:\/\/www.planup.eu\/en\/home\/1\">projet PlanUp du programme LIFE<\/a>&nbsp;d\u00e9veloppera la port\u00e9e des PNEC dans ses cinq pays cibles que sont l\u2019Espagne, l\u2019Italie, la Pologne, la Hongrie et la Roumanie, \u00e0 travers sa plateforme d\u2019engagement interactive en ligne, facile \u00e0 utiliser, planup.eu. La plateforme PlanUp permettra aux utilisateurs de partager leurs exp\u00e9riences et r\u00e9actions dans son forum open-source \u00ab&nbsp;Debating Climate&nbsp;\u00bb. De plus, les partenaires du projet pourront partager les donn\u00e9es qu\u2019ils auront r\u00e9colt\u00e9es et analys\u00e9es afin qu\u2019elles soient d\u00e9battues par les d\u00e9cideurs nationaux, les autorit\u00e9s locales, les ONG et les sp\u00e9cialistes dans des ateliers de renforcement des capacit\u00e9s et dans des \u00e9changes entre les parties prenantes.<\/p>\n\n\n\n<h3>Encourager une d\u00e9carbonisation et des politiques de gouvernance fortes<\/h3>\n\n\n\n<p>Afin de s\u2019assurer que les PNEC des \u00c9tats membres soient des outils puissants et inclusifs, con\u00e7us pour soutenir la d\u00e9carbonisation en Europe, PlanUp encouragera les bonnes pratiques dans les secteurs de l\u2019agriculture, des transports et du b\u00e2timent. \u00c0 travers des \u00e9changes \u00e0 l\u2019\u00e9chelle nationale, PlanUp a \u00e9galement pour but d\u2019\u00e9tudier et de promouvoir de nouvelles solutions bas-carbone, et d\u2019estimer le potentiel de leur application \u00e0 grande \u00e9chelle jusqu\u2019en 2030. Par ailleurs, le projet permettra de partager des exemples pertinents de gouvernance et de participation publique, afin d\u2019inspirer et de servir de socle \u00e0 des \u00e9changes \u00e0 tous les niveaux sur le climat et l\u2019\u00e9nergie avec toutes les parties prenantes au sein des \u00c9tats membres.<\/p>\n\n\n\n<h3>Le r\u00f4le d\u2019Energy Cities dans le cadre du projet PlanUp<\/h3>\n\n\n\n<div class=\"wp-block-image\"><figure class=\"alignright\"><img loading=\"lazy\" width=\"150\" height=\"127\" src=\"http:\/\/ec.kuusi.ovh\/wp-content\/uploads\/2019\/02\/planup_logo_small-b1ab6-1.jpg\" alt=\"\" class=\"wp-image-12739\"\/><\/figure><\/div>\n\n\n\n<p>Energy Cities est responsable de la coordination autour du th\u00e8me de la gouvernance au sein du projet PlanUp, pour faciliter la mise en place d\u2019un cadre de gouvernance pluri-niveaux dans les cinq pays cibles. Nous comptons y parvenir en am\u00e9liorant la coordination et la coop\u00e9ration entre les autorit\u00e9s locales, les d\u00e9cideurs nationaux et les ONG pour le d\u00e9veloppement et l\u2019application des PNEC. L\u2019organisation de tables rondes politiques, de rassemblements entre parties prenantes et d\u2019ateliers avec des repr\u00e9sentants minist\u00e9riels pr\u00e9pareront \u00e9galement le terrain pour l\u2019\u00e9tablissement de dialogues participatifs sur le climat et l\u2019\u00e9nergie \u00e0 tous les niveaux dans les pays cibles. PlanUp du programme LIFE a pour but d\u2019informer du potentiel du plan d\u2019action en faveur de l\u2019\u00e9nergie durable et du climat de la Convention europ\u00e9enne des Maires pour la r\u00e9alisation des PNEC en Europe. Enfin, nous cr\u00e9erons dans le cadre de ce projet un rapport sur les bonnes pratiques en mati\u00e8re de gouvernance du climat et de l\u2019\u00e9nergie en Europe, mettant en particulier l\u2019accent sur les avantages de l\u2019implication des autorit\u00e9s locales et des ONG dans les prises de d\u00e9cision nationales.<\/p>\n\n\n\n<p><strong>Envie d\u2019en savoir plus sur le projet PlanUp du programme LIFE et d\u2019\u00eatre inform\u00e9 du d\u00e9roulement du projet&nbsp;?<\/strong><br><a href=\"https:\/\/www.planup.eu\/en\/home\/1\">Visitez la plateforme en ligne PlanUp et abonnez-vous \u00e0 sa newsletter trimestrielle&nbsp;!<\/a><\/p>\n","protected":false},"excerpt":{"rendered":"<p>Les plans nationaux en mati\u00e8re d\u2019\u00e9nergie et de climat (PNEC) constituent le nouveau cadre dans lequel les \u00c9tats membres de l\u2019UE devront pr\u00e9parer leur transition <a href=\"https:\/\/energy-cities.eu\/fr\/le-nouveau-projet-planup-du-programme-life-met-en-avant-les-plans-nationaux-en-matiere-denergie-et-de-climat-de-lue\/\">[\u2026]<\/a><\/p>\n","protected":false},"author":28,"featured_media":17926,"comment_status":"open","ping_status":"open","sticky":false,"template":"","format":"standard","meta":{"advgb_blocks_editor_width":"","advgb_blocks_columns_visual_guide":"","ub_ctt_via":""},"categories":[4],"tags":[],"hub":[],"topic":[102],"legislative_initiative":[],"document_type":[],"acf":[],"author_meta":{"display_name":"David Donnerer","author_link":"https:\/\/energy-cities.eu\/fr\/staff\/d-donnerer\/"},"featured_img":"https:\/\/energy-cities.eu\/wp-content\/uploads\/2015\/01\/earth-and-clouds_resized-300x75.png","featured_image_src":"https:\/\/energy-cities.eu\/wp-content\/uploads\/2015\/01\/earth-and-clouds_resized.png","author_info":{"display_name":"David Donnerer","author_link":"https:\/\/energy-cities.eu\/fr\/staff\/d-donnerer\/"},"yoast_head":"<!-- This site is optimized with the Yoast SEO plugin v18.8 - https:\/\/yoast.com\/wordpress\/plugins\/seo\/ -->\n<title>Le nouveau projet PlanUp du programme LIFE met en avant les plans nationaux en mati\u00e8re d\u2019\u00e9nergie et de climat de l\u2019UE - Energy Cities<\/title>\n<meta name=\"robots\" content=\"index, follow, max-snippet:-1, max-image-preview:large, max-video-preview:-1\" \/>\n<link rel=\"canonical\" href=\"https:\/\/energy-cities.eu\/fr\/le-nouveau-projet-planup-du-programme-life-met-en-avant-les-plans-nationaux-en-matiere-denergie-et-de-climat-de-lue\/\" \/>\n<meta property=\"og:locale\" content=\"fr_FR\" \/>\n<meta property=\"og:type\" content=\"article\" \/>\n<meta property=\"og:title\" content=\"Le nouveau projet PlanUp du programme LIFE met en avant les plans nationaux en mati\u00e8re d\u2019\u00e9nergie et de climat de l\u2019UE - Energy Cities\" \/>\n<meta property=\"og:description\" content=\"Les plans nationaux en mati\u00e8re d\u2019\u00e9nergie et de climat (PNEC) constituent le nouveau cadre dans lequel les \u00c9tats membres de l\u2019UE devront pr\u00e9parer leur transition [\u2026]\" \/>\n<meta property=\"og:url\" content=\"https:\/\/energy-cities.eu\/fr\/le-nouveau-projet-planup-du-programme-life-met-en-avant-les-plans-nationaux-en-matiere-denergie-et-de-climat-de-lue\/\" \/>\n<meta property=\"og:site_name\" content=\"Energy Cities\" \/>\n<meta property=\"article:publisher\" content=\"https:\/\/www.facebook.com\/energycities.eu\/\" \/>\n<meta property=\"article:published_time\" content=\"2019-02-14T23:27:44+00:00\" \/>\n<meta property=\"article:modified_time\" content=\"2021-03-05T16:23:04+00:00\" \/>\n<meta property=\"og:image\" content=\"https:\/\/energy-cities.eu\/wp-content\/uploads\/2015\/01\/earth-and-clouds_resized.png\" \/>\n\t<meta property=\"og:image:width\" content=\"2000\" \/>\n\t<meta property=\"og:image:height\" content=\"500\" \/>\n\t<meta property=\"og:image:type\" content=\"image\/png\" \/>\n<meta name=\"twitter:card\" content=\"summary_large_image\" \/>\n<meta name=\"twitter:creator\" content=\"@energycities\" \/>\n<meta name=\"twitter:site\" content=\"@energycities\" \/>\n<meta name=\"twitter:label1\" content=\"\u00c9crit par\" \/>\n\t<meta name=\"twitter:data1\" content=\"David Donnerer\" \/>\n\t<meta name=\"twitter:label2\" content=\"Dur\u00e9e de lecture estim\u00e9e\" \/>\n\t<meta name=\"twitter:data2\" content=\"4 minutes\" \/>\n<script type=\"application\/ld+json\" class=\"yoast-schema-graph\">{\"@context\":\"https:\/\/schema.org\",\"@graph\":[{\"@type\":\"Organization\",\"@id\":\"https:\/\/energy-cities.eu\/fr\/#organization\",\"name\":\"Energy Cities\",\"url\":\"https:\/\/energy-cities.eu\/fr\/\",\"sameAs\":[\"https:\/\/www.facebook.com\/energycities.eu\/\",\"https:\/\/www.youtube.com\/channel\/UChIHn2wF76JzuTbAjSMs0hQ\",\"https:\/\/fr.wikipedia.org\/wiki\/Energy_Cities\",\"https:\/\/twitter.com\/energycities\"],\"logo\":{\"@type\":\"ImageObject\",\"inLanguage\":\"fr-FR\",\"@id\":\"https:\/\/energy-cities.eu\/fr\/#\/schema\/logo\/image\/\",\"url\":\"https:\/\/energy-cities.eu\/wp-content\/uploads\/2019\/07\/energy-cities-couleur.jpg\",\"contentUrl\":\"https:\/\/energy-cities.eu\/wp-content\/uploads\/2019\/07\/energy-cities-couleur.jpg\",\"width\":3508,\"height\":2587,\"caption\":\"Energy Cities\"},\"image\":{\"@id\":\"https:\/\/energy-cities.eu\/fr\/#\/schema\/logo\/image\/\"}},{\"@type\":\"WebSite\",\"@id\":\"https:\/\/energy-cities.eu\/fr\/#website\",\"url\":\"https:\/\/energy-cities.eu\/fr\/\",\"name\":\"Energy Cities\",\"description\":\" The European learning community for future-proof cities\",\"publisher\":{\"@id\":\"https:\/\/energy-cities.eu\/fr\/#organization\"},\"potentialAction\":[{\"@type\":\"SearchAction\",\"target\":{\"@type\":\"EntryPoint\",\"urlTemplate\":\"https:\/\/energy-cities.eu\/fr\/?s={search_term_string}\"},\"query-input\":\"required name=search_term_string\"}],\"inLanguage\":\"fr-FR\"},{\"@type\":\"ImageObject\",\"inLanguage\":\"fr-FR\",\"@id\":\"https:\/\/energy-cities.eu\/fr\/le-nouveau-projet-planup-du-programme-life-met-en-avant-les-plans-nationaux-en-matiere-denergie-et-de-climat-de-lue\/#primaryimage\",\"url\":\"https:\/\/energy-cities.eu\/wp-content\/uploads\/2015\/01\/earth-and-clouds_resized.png\",\"contentUrl\":\"https:\/\/energy-cities.eu\/wp-content\/uploads\/2015\/01\/earth-and-clouds_resized.png\",\"width\":2000,\"height\":500},{\"@type\":\"WebPage\",\"@id\":\"https:\/\/energy-cities.eu\/fr\/le-nouveau-projet-planup-du-programme-life-met-en-avant-les-plans-nationaux-en-matiere-denergie-et-de-climat-de-lue\/#webpage\",\"url\":\"https:\/\/energy-cities.eu\/fr\/le-nouveau-projet-planup-du-programme-life-met-en-avant-les-plans-nationaux-en-matiere-denergie-et-de-climat-de-lue\/\",\"name\":\"Le nouveau projet PlanUp du programme LIFE met en avant les plans nationaux en mati\u00e8re d\u2019\u00e9nergie et de climat de l\u2019UE - Energy Cities\",\"isPartOf\":{\"@id\":\"https:\/\/energy-cities.eu\/fr\/#website\"},\"primaryImageOfPage\":{\"@id\":\"https:\/\/energy-cities.eu\/fr\/le-nouveau-projet-planup-du-programme-life-met-en-avant-les-plans-nationaux-en-matiere-denergie-et-de-climat-de-lue\/#primaryimage\"},\"datePublished\":\"2019-02-14T23:27:44+00:00\",\"dateModified\":\"2021-03-05T16:23:04+00:00\",\"breadcrumb\":{\"@id\":\"https:\/\/energy-cities.eu\/fr\/le-nouveau-projet-planup-du-programme-life-met-en-avant-les-plans-nationaux-en-matiere-denergie-et-de-climat-de-lue\/#breadcrumb\"},\"inLanguage\":\"fr-FR\",\"potentialAction\":[{\"@type\":\"ReadAction\",\"target\":[\"https:\/\/energy-cities.eu\/fr\/le-nouveau-projet-planup-du-programme-life-met-en-avant-les-plans-nationaux-en-matiere-denergie-et-de-climat-de-lue\/\"]}]},{\"@type\":\"BreadcrumbList\",\"@id\":\"https:\/\/energy-cities.eu\/fr\/le-nouveau-projet-planup-du-programme-life-met-en-avant-les-plans-nationaux-en-matiere-denergie-et-de-climat-de-lue\/#breadcrumb\",\"itemListElement\":[{\"@type\":\"ListItem\",\"position\":1,\"name\":\"Home\",\"item\":\"https:\/\/energy-cities.eu\/fr\/nous-sommes-un-reseau-europeen-blabla\/\"},{\"@type\":\"ListItem\",\"position\":2,\"name\":\"Le nouveau projet PlanUp du programme LIFE met en avant les plans nationaux en mati\u00e8re d\u2019\u00e9nergie et de climat de l\u2019UE\"}]},{\"@type\":\"Article\",\"@id\":\"https:\/\/energy-cities.eu\/fr\/le-nouveau-projet-planup-du-programme-life-met-en-avant-les-plans-nationaux-en-matiere-denergie-et-de-climat-de-lue\/#article\",\"isPartOf\":{\"@id\":\"https:\/\/energy-cities.eu\/fr\/le-nouveau-projet-planup-du-programme-life-met-en-avant-les-plans-nationaux-en-matiere-denergie-et-de-climat-de-lue\/#webpage\"},\"author\":{\"@id\":\"https:\/\/energy-cities.eu\/fr\/#\/schema\/person\/d9f22df7e499d2c440bd3aed05212bc4\"},\"headline\":\"Le nouveau projet PlanUp du programme LIFE met en avant les plans nationaux en mati\u00e8re d\u2019\u00e9nergie et de climat de l\u2019UE\",\"datePublished\":\"2019-02-14T23:27:44+00:00\",\"dateModified\":\"2021-03-05T16:23:04+00:00\",\"mainEntityOfPage\":{\"@id\":\"https:\/\/energy-cities.eu\/fr\/le-nouveau-projet-planup-du-programme-life-met-en-avant-les-plans-nationaux-en-matiere-denergie-et-de-climat-de-lue\/#webpage\"},\"wordCount\":784,\"commentCount\":0,\"publisher\":{\"@id\":\"https:\/\/energy-cities.eu\/fr\/#organization\"},\"image\":{\"@id\":\"https:\/\/energy-cities.eu\/fr\/le-nouveau-projet-planup-du-programme-life-met-en-avant-les-plans-nationaux-en-matiere-denergie-et-de-climat-de-lue\/#primaryimage\"},\"thumbnailUrl\":\"https:\/\/energy-cities.eu\/wp-content\/uploads\/2015\/01\/earth-and-clouds_resized.png\",\"articleSection\":[\"Actualit\u00e9s\"],\"inLanguage\":\"fr-FR\",\"potentialAction\":[{\"@type\":\"CommentAction\",\"name\":\"Comment\",\"target\":[\"https:\/\/energy-cities.eu\/fr\/le-nouveau-projet-planup-du-programme-life-met-en-avant-les-plans-nationaux-en-matiere-denergie-et-de-climat-de-lue\/#respond\"]}]},{\"@type\":\"Person\",\"@id\":\"https:\/\/energy-cities.eu\/fr\/#\/schema\/person\/d9f22df7e499d2c440bd3aed05212bc4\",\"name\":\"David Donnerer\",\"image\":{\"@type\":\"ImageObject\",\"inLanguage\":\"fr-FR\",\"@id\":\"https:\/\/energy-cities.eu\/fr\/#\/schema\/person\/image\/\",\"url\":\"https:\/\/secure.gravatar.com\/avatar\/ef16465155bccb6eb10e388a7d118d75?s=96&d=mm&r=g\",\"contentUrl\":\"https:\/\/secure.gravatar.com\/avatar\/ef16465155bccb6eb10e388a7d118d75?s=96&d=mm&r=g\",\"caption\":\"David Donnerer\"},\"url\":\"https:\/\/energy-cities.eu\/fr\/staff\/d-donnerer\/\"}]}<\/script>\n<!-- \/ Yoast SEO plugin. -->","yoast_head_json":{"title":"Le nouveau projet PlanUp du programme LIFE met en avant les plans nationaux en mati\u00e8re d\u2019\u00e9nergie et de climat de l\u2019UE - Energy Cities","robots":{"index":"index","follow":"follow","max-snippet":"max-snippet:-1","max-image-preview":"max-image-preview:large","max-video-preview":"max-video-preview:-1"},"canonical":"https:\/\/energy-cities.eu\/fr\/le-nouveau-projet-planup-du-programme-life-met-en-avant-les-plans-nationaux-en-matiere-denergie-et-de-climat-de-lue\/","og_locale":"fr_FR","og_type":"article","og_title":"Le nouveau projet PlanUp du programme LIFE met en avant les plans nationaux en mati\u00e8re d\u2019\u00e9nergie et de climat de l\u2019UE - Energy Cities","og_description":"Les plans nationaux en mati\u00e8re d\u2019\u00e9nergie et de climat (PNEC) constituent le nouveau cadre dans lequel les \u00c9tats membres de l\u2019UE devront pr\u00e9parer leur transition [\u2026]","og_url":"https:\/\/energy-cities.eu\/fr\/le-nouveau-projet-planup-du-programme-life-met-en-avant-les-plans-nationaux-en-matiere-denergie-et-de-climat-de-lue\/","og_site_name":"Energy Cities","article_publisher":"https:\/\/www.facebook.com\/energycities.eu\/","article_published_time":"2019-02-14T23:27:44+00:00","article_modified_time":"2021-03-05T16:23:04+00:00","og_image":[{"width":2000,"height":500,"url":"https:\/\/energy-cities.eu\/wp-content\/uploads\/2015\/01\/earth-and-clouds_resized.png","type":"image\/png"}],"twitter_card":"summary_large_image","twitter_creator":"@energycities","twitter_site":"@energycities","twitter_misc":{"\u00c9crit par":"David Donnerer","Dur\u00e9e de lecture estim\u00e9e":"4 minutes"},"schema":{"@context":"https:\/\/schema.org","@graph":[{"@type":"Organization","@id":"https:\/\/energy-cities.eu\/fr\/#organization","name":"Energy Cities","url":"https:\/\/energy-cities.eu\/fr\/","sameAs":["https:\/\/www.facebook.com\/energycities.eu\/","https:\/\/www.youtube.com\/channel\/UChIHn2wF76JzuTbAjSMs0hQ","https:\/\/fr.wikipedia.org\/wiki\/Energy_Cities","https:\/\/twitter.com\/energycities"],"logo":{"@type":"ImageObject","inLanguage":"fr-FR","@id":"https:\/\/energy-cities.eu\/fr\/#\/schema\/logo\/image\/","url":"https:\/\/energy-cities.eu\/wp-content\/uploads\/2019\/07\/energy-cities-couleur.jpg","contentUrl":"https:\/\/energy-cities.eu\/wp-content\/uploads\/2019\/07\/energy-cities-couleur.jpg","width":3508,"height":2587,"caption":"Energy Cities"},"image":{"@id":"https:\/\/energy-cities.eu\/fr\/#\/schema\/logo\/image\/"}},{"@type":"WebSite","@id":"https:\/\/energy-cities.eu\/fr\/#website","url":"https:\/\/energy-cities.eu\/fr\/","name":"Energy Cities","description":" The European learning community for future-proof cities","publisher":{"@id":"https:\/\/energy-cities.eu\/fr\/#organization"},"potentialAction":[{"@type":"SearchAction","target":{"@type":"EntryPoint","urlTemplate":"https:\/\/energy-cities.eu\/fr\/?s={search_term_string}"},"query-input":"required name=search_term_string"}],"inLanguage":"fr-FR"},{"@type":"ImageObject","inLanguage":"fr-FR","@id":"https:\/\/energy-cities.eu\/fr\/le-nouveau-projet-planup-du-programme-life-met-en-avant-les-plans-nationaux-en-matiere-denergie-et-de-climat-de-lue\/#primaryimage","url":"https:\/\/energy-cities.eu\/wp-content\/uploads\/2015\/01\/earth-and-clouds_resized.png","contentUrl":"https:\/\/energy-cities.eu\/wp-content\/uploads\/2015\/01\/earth-and-clouds_resized.png","width":2000,"height":500},{"@type":"WebPage","@id":"https:\/\/energy-cities.eu\/fr\/le-nouveau-projet-planup-du-programme-life-met-en-avant-les-plans-nationaux-en-matiere-denergie-et-de-climat-de-lue\/#webpage","url":"https:\/\/energy-cities.eu\/fr\/le-nouveau-projet-planup-du-programme-life-met-en-avant-les-plans-nationaux-en-matiere-denergie-et-de-climat-de-lue\/","name":"Le nouveau projet PlanUp du programme LIFE met en avant les plans nationaux en mati\u00e8re d\u2019\u00e9nergie et de climat de l\u2019UE - Energy Cities","isPartOf":{"@id":"https:\/\/energy-cities.eu\/fr\/#website"},"primaryImageOfPage":{"@id":"https:\/\/energy-cities.eu\/fr\/le-nouveau-projet-planup-du-programme-life-met-en-avant-les-plans-nationaux-en-matiere-denergie-et-de-climat-de-lue\/#primaryimage"},"datePublished":"2019-02-14T23:27:44+00:00","dateModified":"2021-03-05T16:23:04+00:00","breadcrumb":{"@id":"https:\/\/energy-cities.eu\/fr\/le-nouveau-projet-planup-du-programme-life-met-en-avant-les-plans-nationaux-en-matiere-denergie-et-de-climat-de-lue\/#breadcrumb"},"inLanguage":"fr-FR","potentialAction":[{"@type":"ReadAction","target":["https:\/\/energy-cities.eu\/fr\/le-nouveau-projet-planup-du-programme-life-met-en-avant-les-plans-nationaux-en-matiere-denergie-et-de-climat-de-lue\/"]}]},{"@type":"BreadcrumbList","@id":"https:\/\/energy-cities.eu\/fr\/le-nouveau-projet-planup-du-programme-life-met-en-avant-les-plans-nationaux-en-matiere-denergie-et-de-climat-de-lue\/#breadcrumb","itemListElement":[{"@type":"ListItem","position":1,"name":"Home","item":"https:\/\/energy-cities.eu\/fr\/nous-sommes-un-reseau-europeen-blabla\/"},{"@type":"ListItem","position":2,"name":"Le nouveau projet PlanUp du programme LIFE met en avant les plans nationaux en mati\u00e8re d\u2019\u00e9nergie et de climat de l\u2019UE"}]},{"@type":"Article","@id":"https:\/\/energy-cities.eu\/fr\/le-nouveau-projet-planup-du-programme-life-met-en-avant-les-plans-nationaux-en-matiere-denergie-et-de-climat-de-lue\/#article","isPartOf":{"@id":"https:\/\/energy-cities.eu\/fr\/le-nouveau-projet-planup-du-programme-life-met-en-avant-les-plans-nationaux-en-matiere-denergie-et-de-climat-de-lue\/#webpage"},"author":{"@id":"https:\/\/energy-cities.eu\/fr\/#\/schema\/person\/d9f22df7e499d2c440bd3aed05212bc4"},"headline":"Le nouveau projet PlanUp du programme LIFE met en avant les plans nationaux en mati\u00e8re d\u2019\u00e9nergie et de climat de l\u2019UE","datePublished":"2019-02-14T23:27:44+00:00","dateModified":"2021-03-05T16:23:04+00:00","mainEntityOfPage":{"@id":"https:\/\/energy-cities.eu\/fr\/le-nouveau-projet-planup-du-programme-life-met-en-avant-les-plans-nationaux-en-matiere-denergie-et-de-climat-de-lue\/#webpage"},"wordCount":784,"commentCount":0,"publisher":{"@id":"https:\/\/energy-cities.eu\/fr\/#organization"},"image":{"@id":"https:\/\/energy-cities.eu\/fr\/le-nouveau-projet-planup-du-programme-life-met-en-avant-les-plans-nationaux-en-matiere-denergie-et-de-climat-de-lue\/#primaryimage"},"thumbnailUrl":"https:\/\/energy-cities.eu\/wp-content\/uploads\/2015\/01\/earth-and-clouds_resized.png","articleSection":["Actualit\u00e9s"],"inLanguage":"fr-FR","potentialAction":[{"@type":"CommentAction","name":"Comment","target":["https:\/\/energy-cities.eu\/fr\/le-nouveau-projet-planup-du-programme-life-met-en-avant-les-plans-nationaux-en-matiere-denergie-et-de-climat-de-lue\/#respond"]}]},{"@type":"Person","@id":"https:\/\/energy-cities.eu\/fr\/#\/schema\/person\/d9f22df7e499d2c440bd3aed05212bc4","name":"David Donnerer","image":{"@type":"ImageObject","inLanguage":"fr-FR","@id":"https:\/\/energy-cities.eu\/fr\/#\/schema\/person\/image\/","url":"https:\/\/secure.gravatar.com\/avatar\/ef16465155bccb6eb10e388a7d118d75?s=96&d=mm&r=g","contentUrl":"https:\/\/secure.gravatar.com\/avatar\/ef16465155bccb6eb10e388a7d118d75?s=96&d=mm&r=g","caption":"David Donnerer"},"url":"https:\/\/energy-cities.eu\/fr\/staff\/d-donnerer\/"}]}},"coauthors":[],"tax_additional":{"categories":{"linked":["<a href=\"https:\/\/energy-cities.eu\/fr\/category\/actualites\/\" class=\"advgb-post-tax-term\">Actualit\u00e9s<\/a>"],"unlinked":["<span class=\"advgb-post-tax-term\">Actualit\u00e9s<\/span>"]}},"comment_count":"0","relative_dates":{"created":"Publi\u00e9 7 ans il y a","modified":"Mis \u00e0 jour 5 ans il y a"},"absolute_dates":{"created":"Publi\u00e9 le 14 f\u00e9vrier 2019","modified":"Mise \u00e0 jour le 05 mars 2021"},"absolute_dates_time":{"created":"Publi\u00e9 le 14 f\u00e9vrier 2019 11:27  ","modified":"Mise \u00e0 jour le 05 mars 2021 5:23  "},"featured_img_caption":"","_links":{"self":[{"href":"https:\/\/energy-cities.eu\/fr\/wp-json\/wp\/v2\/posts\/12738"}],"collection":[{"href":"https:\/\/energy-cities.eu\/fr\/wp-json\/wp\/v2\/posts"}],"about":[{"href":"https:\/\/energy-cities.eu\/fr\/wp-json\/wp\/v2\/types\/post"}],"author":[{"embeddable":true,"href":"https:\/\/energy-cities.eu\/fr\/wp-json\/wp\/v2\/users\/28"}],"replies":[{"embeddable":true,"href":"https:\/\/energy-cities.eu\/fr\/wp-json\/wp\/v2\/comments?post=12738"}],"version-history":[{"count":3,"href":"https:\/\/energy-cities.eu\/fr\/wp-json\/wp\/v2\/posts\/12738\/revisions"}],"predecessor-version":[{"id":37415,"href":"https:\/\/energy-cities.eu\/fr\/wp-json\/wp\/v2\/posts\/12738\/revisions\/37415"}],"wp:featuredmedia":[{"embeddable":true,"href":"https:\/\/energy-cities.eu\/fr\/wp-json\/wp\/v2\/media\/17926"}],"wp:attachment":[{"href":"https:\/\/energy-cities.eu\/fr\/wp-json\/wp\/v2\/media?parent=12738"}],"wp:term":[{"taxonomy":"category","embeddable":true,"href":"https:\/\/energy-cities.eu\/fr\/wp-json\/wp\/v2\/categories?post=12738"},{"taxonomy":"post_tag","embeddable":true,"href":"https:\/\/energy-cities.eu\/fr\/wp-json\/wp\/v2\/tags?post=12738"},{"taxonomy":"hub","embeddable":true,"href":"https:\/\/energy-cities.eu\/fr\/wp-json\/wp\/v2\/hub?post=12738"},{"taxonomy":"topic","embeddable":true,"href":"https:\/\/energy-cities.eu\/fr\/wp-json\/wp\/v2\/topic?post=12738"},{"taxonomy":"legislative_initiative","embeddable":true,"href":"https:\/\/energy-cities.eu\/fr\/wp-json\/wp\/v2\/legislative_initiative?post=12738"},{"taxonomy":"document_type","embeddable":true,"href":"https:\/\/energy-cities.eu\/fr\/wp-json\/wp\/v2\/document_type?post=12738"}],"curies":[{"name":"wp","href":"https:\/\/api.w.org\/{rel}","templated":true}]}}