{"id":25565,"date":"2019-10-08T12:40:25","date_gmt":"2019-10-08T10:40:25","guid":{"rendered":"https:\/\/energy-cities.eu\/?p=25565"},"modified":"2020-06-11T14:26:12","modified_gmt":"2020-06-11T12:26:12","slug":"lallemagne-ne-parvient-pas-a-reprendre-leadership-sur-le-climat","status":"publish","type":"post","link":"https:\/\/energy-cities.eu\/fr\/lallemagne-ne-parvient-pas-a-reprendre-leadership-sur-le-climat\/","title":{"rendered":"L\u2019Allemagne ne parvient pas \u00e0 reprendre leadership sur le climat"},"content":{"rendered":"\n<p><strong>Annonc\u00e9 comme un \u00ab&nbsp;puissant texte l\u00e9gislatif&nbsp;\u00bb par le gouvernement allemand, le tr\u00e8s attendu premier projet de loi allemand sur la protection du climat d\u00e9voil\u00e9 le 20 septembre dernier ne suffira pas \u00e0 relancer l\u2019ancien pionnier de la transition \u00e9nerg\u00e9tique dans la course pour le leadership sur le climat. <\/strong><\/p>\n\n\n\n<p>Ce m\u00eame 20 septembre, plus d\u2019un million de citoyens\nallemands avaient investi les rues &nbsp;\u00e0 l\u2019occasion\nde la Gr\u00e8ve mondiale pour le climat pour r\u00e9clamer des actions plus ambitieuses.\nApr\u00e8s des n\u00e9gociations marathon&nbsp; au sein\ndu Cabinet Climat entre les sociaux-d\u00e9mocrates (SPD) et les\nchr\u00e9tiens-d\u00e9mocrates (CDU\/CSU) au pouvoir, les collectivit\u00e9s locales\nallemandes, la jeunesse mobilis\u00e9e pour le climat et les citoyens attendaient en\neffet &nbsp;beaucoup de la proposition du\ngouvernement.&nbsp; <\/p>\n\n\n\n<p>Mais le paquet climat <a href=\"https:\/\/www.klimareporter.de\/deutschland\/klimapolitischer-totalausfall\">est\nloin de r\u00e9pondre aux nombreux appels qui se sont multipli\u00e9s pour r\u00e9clamer une\naction forte<\/a>. Alors que certaines des mesures propos\u00e9es peuvent \u00eatre\nper\u00e7ues comme des avanc\u00e9es, <a href=\"https:\/\/www.bmu.de\/fileadmin\/Daten_BMU\/Download_PDF\/Klimaschutz\/eckpunkte_klimaschutzprogramm_2030.pdf\">le\npaquet dans son ensemble<\/a> ne parvient pas \u00e0 dessiner les contours d\u2019un\nbouleversement syst\u00e9mique de nature \u00e0 profond\u00e9ment changer le syst\u00e8me \u00e9nerg\u00e9tique.\nEnergy Cities vous propose d\u2019analyser plus en d\u00e9tail le sc\u00e9nario de ce premier\nprojet de loi sur la protection du climat. <\/p>\n\n\n\n<h4><strong>Le Bon<\/strong><\/h4>\n\n\n\n<ul><li><strong>Interdiction d\u2019installer des chaudi\u00e8res au mazout \u00e0 compter de 2026 <\/strong><\/li><\/ul>\n\n\n\n<p>A compter de 2026, l\u2019installation de nouvelles chaudi\u00e8res au mazout sera interdite en Allemagne. Le chauffage au mazout est en effet consid\u00e9r\u00e9 comme l\u2019un des plus polluants et explique en grande partie que le chauffage soit, de loin, la principale source d\u2019\u00e9missions de CO<sub>2<\/sub> des foyers allemands, selon des chiffres de l\u2019agence nationale pour l\u2019environnement. Le gouvernement aidera les habitants \u00e0 opter pour des syst\u00e8mes plus respectueux du climat (pompes \u00e0 chaleur, solaire thermique, etc.) en subventionnant 40 % des co\u00fbts d\u2019installation.<\/p>\n\n\n\n<ul><li><strong>Le chauffage et les billets de train seront moins chers pour les &nbsp;citoyens<\/strong><\/li><\/ul>\n\n\n\n<p>Afin de lutter contre la pr\u00e9carit\u00e9 \u00e9nerg\u00e9tique, les m\u00e9nages\nqui b\u00e9n\u00e9ficient de l\u2019aide sociale pourront obtenir 10% de subventions\nsuppl\u00e9mentaires pour payer leur facture de chauffage. Par ailleurs, la baisse\ndu taux de TVA sur les billets de train (de 19 % \u00e0 7 %) devrait inciter les\nparticuliers \u00e0 pr\u00e9f\u00e9rer les transports publics, plus vertueux, pour leurs\nd\u00e9placements. &nbsp;&nbsp;&nbsp;&nbsp;<\/p>\n\n\n\n<h4><strong>La Brute<\/strong><\/h4>\n\n\n\n<ul><li><strong>Des mesures insuffisantes pour atteindre les objectifs pour 2030 <\/strong><\/li><\/ul>\n\n\n\n<p>Prises collectivement, les mesures en faveur de l\u2019\u00e9nergie et\ndu climat contenues dans ce paquet ne permettent pas d\u2019atteindre l\u2019objectif de\nr\u00e9duction des \u00e9missions de l\u2019Allemagne pour 2030 (- 55 % par rapport \u00e0 1990), selon\nles premiers calculs du Cabinet Climat. L\u2019Allemagne n\u2019est d\u00e9j\u00e0 plus en mesure\nd\u2019atteindre son objectif de &#8211; 40 % d\u2019\u00e9mission d\u2019ici 2020 et semble donc se\nr\u00e9signer \u00e0 r\u00e9p\u00e9ter cet \u00e9chec sur la p\u00e9riode 2020-2030.&nbsp; <\/p>\n\n\n\n<ul><li><strong>Un manque d\u2019incitations pour les citoyens \u00e0 investir dans la transition <\/strong><\/li><\/ul>\n\n\n\n<p>L\u2019id\u00e9e des chr\u00e9tiens-d\u00e9mocrates d\u2019\u00e9mettre des <strong>obligations vertes afin de stimuler les investissements des particuliers et des entreprises dans des mesures visant la neutralit\u00e9 carbone n\u2019a pas \u00e9t\u00e9 retenue dans le projet final. G\u00e9r\u00e9es par une Fondation Climat, un \u00e9tablissement public,<\/strong> ces obligations auraient \u00e9t\u00e9 assorties d\u2019un taux d\u2019int\u00e9r\u00eat garanti de 2 % &nbsp;sur 10 ans (jusqu\u2019en 2030). Les sommes collect\u00e9es auraient servi \u00e0 refinancer, sans int\u00e9r\u00eat cette fois, des mesures pour le climat \u00e0 l\u2019intention des m\u00e9nages et des entreprises.<\/p>\n\n\n\n<h4><strong>Le Truand<\/strong><\/h4>\n\n\n\n<ul><li><strong>Un m\u00e9canisme de fixation du prix du carbone sans aucun effet<\/strong><\/li><\/ul>\n\n\n\n<p>Le m\u00e9canisme de fixation des prix du carbone tel que propos\u00e9 ne peut avoir un r\u00e9el impact sur&nbsp; la mani\u00e8re dont l\u2019\u00e9nergie est produite et consomm\u00e9e dans les diff\u00e9rents secteurs. Le gouvernement propose en effet de fixer un prix initial du carbone \u00e0 10 euros en 2021, puis de le porter \u00e0 35 euros en 2025. &nbsp;Au-del\u00e0, ce seront les lois du march\u00e9 qui en d\u00e9termineront le prix. Des experts de l\u2019Institut de recherche de Potsdam sur les effets du changement climatique, institut qui avait conseill\u00e9 le Cabinet Climatique sur ce sujet, ont signal\u00e9 que les niveaux de prix propos\u00e9s sont bien trop faibles pour permettre au pays d\u2019atteindre ses objectifs pour 2030, et ne sont pas de taille \u00e0 engendrer un profond et syst\u00e9mique bouleversement du syst\u00e8me \u00e9nerg\u00e9tique. Eux-m\u00eames avaient recommand\u00e9 un prix de d\u00e9part de 50 euros la tonne de CO<sub>2<\/sub>, prix qui aurait \u00e9t\u00e9 port\u00e9 \u00e0 130 euros en 2030. <sub>&nbsp;<\/sub>&nbsp;&nbsp;&nbsp;<\/p>\n\n\n\n<ul><li><strong>De nouveaux obstacles freinent le d\u00e9ploiement des \u00e9nergies renouvelables &nbsp;<\/strong><\/li><\/ul>\n\n\n\n<p>Bien que le paquet climat appelle \u00e0 atteindre 65 %\nd\u2019\u00e9nergies renouvelables dans le mix \u00e9lectrique, il cr\u00e9e \u00e9galement de nouveaux\nobstacles qui menacent le d\u00e9ploiement des \u00e9nergies renouvelables dans le pays. Les\nnouveaux parcs \u00e9oliens terrestres ne seront ainsi autoris\u00e9s que s\u2019ils sont\nsitu\u00e9s \u00e0 une distance minimale de 1 km des zones r\u00e9sidentielles. <\/p>\n\n\n\n<h4><strong>Quid de l\u2019avenir de ce projet de loi sur la protection du climat ? <\/strong> <\/h4>\n\n\n\n<p>La proposition du gouvernement allemand doit maintenant \u00eatre approuv\u00e9e en Conseil des ministres, puis par les deux chambres l\u00e9gislatives (le <em>Bundesrat <\/em>et le <em>Bundestag)<\/em> avant de devenir une loi. Le gouvernement vise une adoption pour la fin 2019. <a href=\"https:\/\/www.euractiv.com\/section\/climate-strategy-2050\/news\/environmentalists-want-revision-of-germanys-newly-proposed-climate-package\/\">Les \u00e9cologistes allemands et le Parti de Gauche<\/a> ont d\u00e9j\u00e0 annonc\u00e9 qu\u2019ils chercheront \u00e0 renforcer consid\u00e9rablement la proposition climat du gouvernement lors du processus l\u00e9gislatif. <a href=\"https:\/\/www.politico.eu\/article\/majority-of-germans-say-governments-e54bn-climate-package-doesnt-go-far-enough\/\">Selon<\/a> un r\u00e9cent sondage, une majorit\u00e9 de citoyens allemands souhaitent \u00e9galement durcir le paquet climat qui, selon eux, na va pas assez loin en l\u2019\u00e9tat. Reste \u00e0 savoir si le gouvernement Merkel \u00e9coutera leur appel \u00e0 adopter une loi de protection du climat digne de ce nom.  <\/p>\n\n\n\n<hr class=\"wp-block-separator\"\/>\n\n\n\nLe pr\u00e9sident d&rsquo;Energy Cities Eckart W\u00fcrzner commente sur le projet de loi allemand sur la protection du climat (video en allemand) <figure><iframe loading=\"lazy\" src=\"https:\/\/www.youtube.com\/embed\/nadJuRS_7fc\" allowfullscreen=\"\" width=\"560\" height=\"315\"><\/iframe><\/figure>\n","protected":false},"excerpt":{"rendered":"<p>Annonc\u00e9 comme un \u00ab puissant texte l\u00e9gislatif \u00bb par le gouvernement allemand, le tr\u00e8s attendu premier projet de loi allemand sur la protection du climat d\u00e9voil\u00e9 le 20 septembre dernier ne suffira pas \u00e0 relancer l\u2019ancien pionnier de la transition \u00e9nerg\u00e9tique dans la course pour le leadership sur le climat. <\/p>\n","protected":false},"author":28,"featured_media":25280,"comment_status":"open","ping_status":"open","sticky":false,"template":"","format":"standard","meta":{"advgb_blocks_editor_width":"","advgb_blocks_columns_visual_guide":"","ub_ctt_via":""},"categories":[4,91],"tags":[],"hub":[310],"topic":[82,101,110],"legislative_initiative":[185],"document_type":[],"acf":[],"author_meta":{"display_name":"David Donnerer","author_link":"https:\/\/energy-cities.eu\/fr\/staff\/d-donnerer\/"},"featured_img":"https:\/\/energy-cities.eu\/wp-content\/uploads\/2019\/09\/FridaysForFuture_protest_Berlin_14-12-2018_21-300x225.jpg","featured_image_src":"https:\/\/energy-cities.eu\/wp-content\/uploads\/2019\/09\/FridaysForFuture_protest_Berlin_14-12-2018_21.jpg","author_info":{"display_name":"David Donnerer","author_link":"https:\/\/energy-cities.eu\/fr\/staff\/d-donnerer\/"},"yoast_head":"<!-- This site is optimized with the Yoast SEO plugin v18.8 - https:\/\/yoast.com\/wordpress\/plugins\/seo\/ -->\n<title>L\u2019Allemagne ne parvient pas \u00e0 reprendre leadership sur le climat - Energy Cities<\/title>\n<meta name=\"robots\" content=\"index, follow, max-snippet:-1, max-image-preview:large, max-video-preview:-1\" \/>\n<link rel=\"canonical\" href=\"https:\/\/energy-cities.eu\/fr\/lallemagne-ne-parvient-pas-a-reprendre-leadership-sur-le-climat\/\" \/>\n<meta property=\"og:locale\" content=\"fr_FR\" \/>\n<meta property=\"og:type\" content=\"article\" \/>\n<meta property=\"og:title\" content=\"L\u2019Allemagne ne parvient pas \u00e0 reprendre leadership sur le climat - Energy Cities\" \/>\n<meta property=\"og:description\" content=\"Annonc\u00e9 comme un \u00ab puissant texte l\u00e9gislatif \u00bb par le gouvernement allemand, le tr\u00e8s attendu premier projet de loi allemand sur la protection du climat d\u00e9voil\u00e9 le 20 septembre dernier ne suffira pas \u00e0 relancer l\u2019ancien pionnier de la transition \u00e9nerg\u00e9tique dans la course pour le leadership sur le climat.\" \/>\n<meta property=\"og:url\" content=\"https:\/\/energy-cities.eu\/fr\/lallemagne-ne-parvient-pas-a-reprendre-leadership-sur-le-climat\/\" \/>\n<meta property=\"og:site_name\" content=\"Energy Cities\" \/>\n<meta property=\"article:publisher\" content=\"https:\/\/www.facebook.com\/energycities.eu\/\" \/>\n<meta property=\"article:published_time\" content=\"2019-10-08T10:40:25+00:00\" \/>\n<meta property=\"article:modified_time\" content=\"2020-06-11T12:26:12+00:00\" \/>\n<meta property=\"og:image\" content=\"https:\/\/energy-cities.eu\/wp-content\/uploads\/2019\/09\/FridaysForFuture_protest_Berlin_14-12-2018_21-1024x768.jpg\" \/>\n\t<meta property=\"og:image:width\" content=\"1024\" \/>\n\t<meta property=\"og:image:height\" content=\"768\" \/>\n\t<meta property=\"og:image:type\" content=\"image\/jpeg\" \/>\n<meta name=\"twitter:card\" content=\"summary_large_image\" \/>\n<meta name=\"twitter:creator\" content=\"@energycities\" \/>\n<meta name=\"twitter:site\" content=\"@energycities\" \/>\n<meta name=\"twitter:label1\" content=\"\u00c9crit par\" \/>\n\t<meta name=\"twitter:data1\" content=\"David Donnerer\" \/>\n\t<meta name=\"twitter:label2\" content=\"Dur\u00e9e de lecture estim\u00e9e\" \/>\n\t<meta name=\"twitter:data2\" content=\"5 minutes\" \/>\n<script type=\"application\/ld+json\" class=\"yoast-schema-graph\">{\"@context\":\"https:\/\/schema.org\",\"@graph\":[{\"@type\":\"Organization\",\"@id\":\"https:\/\/energy-cities.eu\/fr\/#organization\",\"name\":\"Energy Cities\",\"url\":\"https:\/\/energy-cities.eu\/fr\/\",\"sameAs\":[\"https:\/\/www.facebook.com\/energycities.eu\/\",\"https:\/\/www.youtube.com\/channel\/UChIHn2wF76JzuTbAjSMs0hQ\",\"https:\/\/fr.wikipedia.org\/wiki\/Energy_Cities\",\"https:\/\/twitter.com\/energycities\"],\"logo\":{\"@type\":\"ImageObject\",\"inLanguage\":\"fr-FR\",\"@id\":\"https:\/\/energy-cities.eu\/fr\/#\/schema\/logo\/image\/\",\"url\":\"https:\/\/energy-cities.eu\/wp-content\/uploads\/2019\/07\/energy-cities-couleur.jpg\",\"contentUrl\":\"https:\/\/energy-cities.eu\/wp-content\/uploads\/2019\/07\/energy-cities-couleur.jpg\",\"width\":3508,\"height\":2587,\"caption\":\"Energy Cities\"},\"image\":{\"@id\":\"https:\/\/energy-cities.eu\/fr\/#\/schema\/logo\/image\/\"}},{\"@type\":\"WebSite\",\"@id\":\"https:\/\/energy-cities.eu\/fr\/#website\",\"url\":\"https:\/\/energy-cities.eu\/fr\/\",\"name\":\"Energy Cities\",\"description\":\" The European learning community for future-proof cities\",\"publisher\":{\"@id\":\"https:\/\/energy-cities.eu\/fr\/#organization\"},\"potentialAction\":[{\"@type\":\"SearchAction\",\"target\":{\"@type\":\"EntryPoint\",\"urlTemplate\":\"https:\/\/energy-cities.eu\/fr\/?s={search_term_string}\"},\"query-input\":\"required name=search_term_string\"}],\"inLanguage\":\"fr-FR\"},{\"@type\":\"ImageObject\",\"inLanguage\":\"fr-FR\",\"@id\":\"https:\/\/energy-cities.eu\/fr\/lallemagne-ne-parvient-pas-a-reprendre-leadership-sur-le-climat\/#primaryimage\",\"url\":\"https:\/\/energy-cities.eu\/wp-content\/uploads\/2019\/09\/FridaysForFuture_protest_Berlin_14-12-2018_21.jpg\",\"contentUrl\":\"https:\/\/energy-cities.eu\/wp-content\/uploads\/2019\/09\/FridaysForFuture_protest_Berlin_14-12-2018_21.jpg\",\"width\":5184,\"height\":3888,\"caption\":\"\u00a9 Leonhard Lenz\"},{\"@type\":\"WebPage\",\"@id\":\"https:\/\/energy-cities.eu\/fr\/lallemagne-ne-parvient-pas-a-reprendre-leadership-sur-le-climat\/#webpage\",\"url\":\"https:\/\/energy-cities.eu\/fr\/lallemagne-ne-parvient-pas-a-reprendre-leadership-sur-le-climat\/\",\"name\":\"L\u2019Allemagne ne parvient pas \u00e0 reprendre leadership sur le climat - Energy Cities\",\"isPartOf\":{\"@id\":\"https:\/\/energy-cities.eu\/fr\/#website\"},\"primaryImageOfPage\":{\"@id\":\"https:\/\/energy-cities.eu\/fr\/lallemagne-ne-parvient-pas-a-reprendre-leadership-sur-le-climat\/#primaryimage\"},\"datePublished\":\"2019-10-08T10:40:25+00:00\",\"dateModified\":\"2020-06-11T12:26:12+00:00\",\"breadcrumb\":{\"@id\":\"https:\/\/energy-cities.eu\/fr\/lallemagne-ne-parvient-pas-a-reprendre-leadership-sur-le-climat\/#breadcrumb\"},\"inLanguage\":\"fr-FR\",\"potentialAction\":[{\"@type\":\"ReadAction\",\"target\":[\"https:\/\/energy-cities.eu\/fr\/lallemagne-ne-parvient-pas-a-reprendre-leadership-sur-le-climat\/\"]}]},{\"@type\":\"BreadcrumbList\",\"@id\":\"https:\/\/energy-cities.eu\/fr\/lallemagne-ne-parvient-pas-a-reprendre-leadership-sur-le-climat\/#breadcrumb\",\"itemListElement\":[{\"@type\":\"ListItem\",\"position\":1,\"name\":\"Home\",\"item\":\"https:\/\/energy-cities.eu\/fr\/nous-sommes-un-reseau-europeen-blabla\/\"},{\"@type\":\"ListItem\",\"position\":2,\"name\":\"L\u2019Allemagne ne parvient pas \u00e0 reprendre leadership sur le climat\"}]},{\"@type\":\"Article\",\"@id\":\"https:\/\/energy-cities.eu\/fr\/lallemagne-ne-parvient-pas-a-reprendre-leadership-sur-le-climat\/#article\",\"isPartOf\":{\"@id\":\"https:\/\/energy-cities.eu\/fr\/lallemagne-ne-parvient-pas-a-reprendre-leadership-sur-le-climat\/#webpage\"},\"author\":{\"@id\":\"https:\/\/energy-cities.eu\/fr\/#\/schema\/person\/d9f22df7e499d2c440bd3aed05212bc4\"},\"headline\":\"L\u2019Allemagne ne parvient pas \u00e0 reprendre leadership sur le climat\",\"datePublished\":\"2019-10-08T10:40:25+00:00\",\"dateModified\":\"2020-06-11T12:26:12+00:00\",\"mainEntityOfPage\":{\"@id\":\"https:\/\/energy-cities.eu\/fr\/lallemagne-ne-parvient-pas-a-reprendre-leadership-sur-le-climat\/#webpage\"},\"wordCount\":1002,\"commentCount\":0,\"publisher\":{\"@id\":\"https:\/\/energy-cities.eu\/fr\/#organization\"},\"image\":{\"@id\":\"https:\/\/energy-cities.eu\/fr\/lallemagne-ne-parvient-pas-a-reprendre-leadership-sur-le-climat\/#primaryimage\"},\"thumbnailUrl\":\"https:\/\/energy-cities.eu\/wp-content\/uploads\/2019\/09\/FridaysForFuture_protest_Berlin_14-12-2018_21.jpg\",\"articleSection\":[\"Actualit\u00e9s\",\"Politique de l'Union Europ\u00e9enne\"],\"inLanguage\":\"fr-FR\",\"potentialAction\":[{\"@type\":\"CommentAction\",\"name\":\"Comment\",\"target\":[\"https:\/\/energy-cities.eu\/fr\/lallemagne-ne-parvient-pas-a-reprendre-leadership-sur-le-climat\/#respond\"]}]},{\"@type\":\"Person\",\"@id\":\"https:\/\/energy-cities.eu\/fr\/#\/schema\/person\/d9f22df7e499d2c440bd3aed05212bc4\",\"name\":\"David Donnerer\",\"image\":{\"@type\":\"ImageObject\",\"inLanguage\":\"fr-FR\",\"@id\":\"https:\/\/energy-cities.eu\/fr\/#\/schema\/person\/image\/\",\"url\":\"https:\/\/secure.gravatar.com\/avatar\/ef16465155bccb6eb10e388a7d118d75?s=96&d=mm&r=g\",\"contentUrl\":\"https:\/\/secure.gravatar.com\/avatar\/ef16465155bccb6eb10e388a7d118d75?s=96&d=mm&r=g\",\"caption\":\"David Donnerer\"},\"url\":\"https:\/\/energy-cities.eu\/fr\/staff\/d-donnerer\/\"}]}<\/script>\n<!-- \/ Yoast SEO plugin. -->","yoast_head_json":{"title":"L\u2019Allemagne ne parvient pas \u00e0 reprendre leadership sur le climat - Energy Cities","robots":{"index":"index","follow":"follow","max-snippet":"max-snippet:-1","max-image-preview":"max-image-preview:large","max-video-preview":"max-video-preview:-1"},"canonical":"https:\/\/energy-cities.eu\/fr\/lallemagne-ne-parvient-pas-a-reprendre-leadership-sur-le-climat\/","og_locale":"fr_FR","og_type":"article","og_title":"L\u2019Allemagne ne parvient pas \u00e0 reprendre leadership sur le climat - Energy Cities","og_description":"Annonc\u00e9 comme un \u00ab puissant texte l\u00e9gislatif \u00bb par le gouvernement allemand, le tr\u00e8s attendu premier projet de loi allemand sur la protection du climat d\u00e9voil\u00e9 le 20 septembre dernier ne suffira pas \u00e0 relancer l\u2019ancien pionnier de la transition \u00e9nerg\u00e9tique dans la course pour le leadership sur le climat.","og_url":"https:\/\/energy-cities.eu\/fr\/lallemagne-ne-parvient-pas-a-reprendre-leadership-sur-le-climat\/","og_site_name":"Energy Cities","article_publisher":"https:\/\/www.facebook.com\/energycities.eu\/","article_published_time":"2019-10-08T10:40:25+00:00","article_modified_time":"2020-06-11T12:26:12+00:00","og_image":[{"width":1024,"height":768,"url":"https:\/\/energy-cities.eu\/wp-content\/uploads\/2019\/09\/FridaysForFuture_protest_Berlin_14-12-2018_21-1024x768.jpg","type":"image\/jpeg"}],"twitter_card":"summary_large_image","twitter_creator":"@energycities","twitter_site":"@energycities","twitter_misc":{"\u00c9crit par":"David Donnerer","Dur\u00e9e de lecture estim\u00e9e":"5 minutes"},"schema":{"@context":"https:\/\/schema.org","@graph":[{"@type":"Organization","@id":"https:\/\/energy-cities.eu\/fr\/#organization","name":"Energy Cities","url":"https:\/\/energy-cities.eu\/fr\/","sameAs":["https:\/\/www.facebook.com\/energycities.eu\/","https:\/\/www.youtube.com\/channel\/UChIHn2wF76JzuTbAjSMs0hQ","https:\/\/fr.wikipedia.org\/wiki\/Energy_Cities","https:\/\/twitter.com\/energycities"],"logo":{"@type":"ImageObject","inLanguage":"fr-FR","@id":"https:\/\/energy-cities.eu\/fr\/#\/schema\/logo\/image\/","url":"https:\/\/energy-cities.eu\/wp-content\/uploads\/2019\/07\/energy-cities-couleur.jpg","contentUrl":"https:\/\/energy-cities.eu\/wp-content\/uploads\/2019\/07\/energy-cities-couleur.jpg","width":3508,"height":2587,"caption":"Energy Cities"},"image":{"@id":"https:\/\/energy-cities.eu\/fr\/#\/schema\/logo\/image\/"}},{"@type":"WebSite","@id":"https:\/\/energy-cities.eu\/fr\/#website","url":"https:\/\/energy-cities.eu\/fr\/","name":"Energy Cities","description":" The European learning community for future-proof cities","publisher":{"@id":"https:\/\/energy-cities.eu\/fr\/#organization"},"potentialAction":[{"@type":"SearchAction","target":{"@type":"EntryPoint","urlTemplate":"https:\/\/energy-cities.eu\/fr\/?s={search_term_string}"},"query-input":"required name=search_term_string"}],"inLanguage":"fr-FR"},{"@type":"ImageObject","inLanguage":"fr-FR","@id":"https:\/\/energy-cities.eu\/fr\/lallemagne-ne-parvient-pas-a-reprendre-leadership-sur-le-climat\/#primaryimage","url":"https:\/\/energy-cities.eu\/wp-content\/uploads\/2019\/09\/FridaysForFuture_protest_Berlin_14-12-2018_21.jpg","contentUrl":"https:\/\/energy-cities.eu\/wp-content\/uploads\/2019\/09\/FridaysForFuture_protest_Berlin_14-12-2018_21.jpg","width":5184,"height":3888,"caption":"\u00a9 Leonhard Lenz"},{"@type":"WebPage","@id":"https:\/\/energy-cities.eu\/fr\/lallemagne-ne-parvient-pas-a-reprendre-leadership-sur-le-climat\/#webpage","url":"https:\/\/energy-cities.eu\/fr\/lallemagne-ne-parvient-pas-a-reprendre-leadership-sur-le-climat\/","name":"L\u2019Allemagne ne parvient pas \u00e0 reprendre leadership sur le climat - Energy Cities","isPartOf":{"@id":"https:\/\/energy-cities.eu\/fr\/#website"},"primaryImageOfPage":{"@id":"https:\/\/energy-cities.eu\/fr\/lallemagne-ne-parvient-pas-a-reprendre-leadership-sur-le-climat\/#primaryimage"},"datePublished":"2019-10-08T10:40:25+00:00","dateModified":"2020-06-11T12:26:12+00:00","breadcrumb":{"@id":"https:\/\/energy-cities.eu\/fr\/lallemagne-ne-parvient-pas-a-reprendre-leadership-sur-le-climat\/#breadcrumb"},"inLanguage":"fr-FR","potentialAction":[{"@type":"ReadAction","target":["https:\/\/energy-cities.eu\/fr\/lallemagne-ne-parvient-pas-a-reprendre-leadership-sur-le-climat\/"]}]},{"@type":"BreadcrumbList","@id":"https:\/\/energy-cities.eu\/fr\/lallemagne-ne-parvient-pas-a-reprendre-leadership-sur-le-climat\/#breadcrumb","itemListElement":[{"@type":"ListItem","position":1,"name":"Home","item":"https:\/\/energy-cities.eu\/fr\/nous-sommes-un-reseau-europeen-blabla\/"},{"@type":"ListItem","position":2,"name":"L\u2019Allemagne ne parvient pas \u00e0 reprendre leadership sur le climat"}]},{"@type":"Article","@id":"https:\/\/energy-cities.eu\/fr\/lallemagne-ne-parvient-pas-a-reprendre-leadership-sur-le-climat\/#article","isPartOf":{"@id":"https:\/\/energy-cities.eu\/fr\/lallemagne-ne-parvient-pas-a-reprendre-leadership-sur-le-climat\/#webpage"},"author":{"@id":"https:\/\/energy-cities.eu\/fr\/#\/schema\/person\/d9f22df7e499d2c440bd3aed05212bc4"},"headline":"L\u2019Allemagne ne parvient pas \u00e0 reprendre leadership sur le climat","datePublished":"2019-10-08T10:40:25+00:00","dateModified":"2020-06-11T12:26:12+00:00","mainEntityOfPage":{"@id":"https:\/\/energy-cities.eu\/fr\/lallemagne-ne-parvient-pas-a-reprendre-leadership-sur-le-climat\/#webpage"},"wordCount":1002,"commentCount":0,"publisher":{"@id":"https:\/\/energy-cities.eu\/fr\/#organization"},"image":{"@id":"https:\/\/energy-cities.eu\/fr\/lallemagne-ne-parvient-pas-a-reprendre-leadership-sur-le-climat\/#primaryimage"},"thumbnailUrl":"https:\/\/energy-cities.eu\/wp-content\/uploads\/2019\/09\/FridaysForFuture_protest_Berlin_14-12-2018_21.jpg","articleSection":["Actualit\u00e9s","Politique de l'Union Europ\u00e9enne"],"inLanguage":"fr-FR","potentialAction":[{"@type":"CommentAction","name":"Comment","target":["https:\/\/energy-cities.eu\/fr\/lallemagne-ne-parvient-pas-a-reprendre-leadership-sur-le-climat\/#respond"]}]},{"@type":"Person","@id":"https:\/\/energy-cities.eu\/fr\/#\/schema\/person\/d9f22df7e499d2c440bd3aed05212bc4","name":"David Donnerer","image":{"@type":"ImageObject","inLanguage":"fr-FR","@id":"https:\/\/energy-cities.eu\/fr\/#\/schema\/person\/image\/","url":"https:\/\/secure.gravatar.com\/avatar\/ef16465155bccb6eb10e388a7d118d75?s=96&d=mm&r=g","contentUrl":"https:\/\/secure.gravatar.com\/avatar\/ef16465155bccb6eb10e388a7d118d75?s=96&d=mm&r=g","caption":"David Donnerer"},"url":"https:\/\/energy-cities.eu\/fr\/staff\/d-donnerer\/"}]}},"coauthors":[],"tax_additional":{"categories":{"linked":["<a href=\"https:\/\/energy-cities.eu\/fr\/category\/actualites\/\" class=\"advgb-post-tax-term\">Actualit\u00e9s<\/a>","<a href=\"https:\/\/energy-cities.eu\/fr\/category\/politique-de-lunion-europeenne\/\" class=\"advgb-post-tax-term\">Politique de l&#039;Union Europ\u00e9enne<\/a>"],"unlinked":["<span class=\"advgb-post-tax-term\">Actualit\u00e9s<\/span>","<span class=\"advgb-post-tax-term\">Politique de l&#039;Union Europ\u00e9enne<\/span>"]}},"comment_count":"0","relative_dates":{"created":"Publi\u00e9 7 ans il y a","modified":"Mis \u00e0 jour 6 ans il y a"},"absolute_dates":{"created":"Publi\u00e9 le 08 octobre 2019","modified":"Mise \u00e0 jour le 11 juin 2020"},"absolute_dates_time":{"created":"Publi\u00e9 le 08 octobre 2019 12:40  ","modified":"Mise \u00e0 jour le 11 juin 2020 2:26  "},"featured_img_caption":"\u00a9 Leonhard Lenz","_links":{"self":[{"href":"https:\/\/energy-cities.eu\/fr\/wp-json\/wp\/v2\/posts\/25565"}],"collection":[{"href":"https:\/\/energy-cities.eu\/fr\/wp-json\/wp\/v2\/posts"}],"about":[{"href":"https:\/\/energy-cities.eu\/fr\/wp-json\/wp\/v2\/types\/post"}],"author":[{"embeddable":true,"href":"https:\/\/energy-cities.eu\/fr\/wp-json\/wp\/v2\/users\/28"}],"replies":[{"embeddable":true,"href":"https:\/\/energy-cities.eu\/fr\/wp-json\/wp\/v2\/comments?post=25565"}],"version-history":[{"count":5,"href":"https:\/\/energy-cities.eu\/fr\/wp-json\/wp\/v2\/posts\/25565\/revisions"}],"predecessor-version":[{"id":25574,"href":"https:\/\/energy-cities.eu\/fr\/wp-json\/wp\/v2\/posts\/25565\/revisions\/25574"}],"wp:featuredmedia":[{"embeddable":true,"href":"https:\/\/energy-cities.eu\/fr\/wp-json\/wp\/v2\/media\/25280"}],"wp:attachment":[{"href":"https:\/\/energy-cities.eu\/fr\/wp-json\/wp\/v2\/media?parent=25565"}],"wp:term":[{"taxonomy":"category","embeddable":true,"href":"https:\/\/energy-cities.eu\/fr\/wp-json\/wp\/v2\/categories?post=25565"},{"taxonomy":"post_tag","embeddable":true,"href":"https:\/\/energy-cities.eu\/fr\/wp-json\/wp\/v2\/tags?post=25565"},{"taxonomy":"hub","embeddable":true,"href":"https:\/\/energy-cities.eu\/fr\/wp-json\/wp\/v2\/hub?post=25565"},{"taxonomy":"topic","embeddable":true,"href":"https:\/\/energy-cities.eu\/fr\/wp-json\/wp\/v2\/topic?post=25565"},{"taxonomy":"legislative_initiative","embeddable":true,"href":"https:\/\/energy-cities.eu\/fr\/wp-json\/wp\/v2\/legislative_initiative?post=25565"},{"taxonomy":"document_type","embeddable":true,"href":"https:\/\/energy-cities.eu\/fr\/wp-json\/wp\/v2\/document_type?post=25565"}],"curies":[{"name":"wp","href":"https:\/\/api.w.org\/{rel}","templated":true}]}}