{"id":27623,"date":"2019-12-13T15:57:49","date_gmt":"2019-12-13T14:57:49","guid":{"rendered":"https:\/\/energy-cities.eu\/the-european-green-deal-how-close-to-deliver-genuine-societal-transformation\/"},"modified":"2020-06-11T14:26:08","modified_gmt":"2020-06-11T12:26:08","slug":"the-european-green-deal-how-close-to-deliver-genuine-societal-transformation","status":"publish","type":"post","link":"https:\/\/energy-cities.eu\/fr\/the-european-green-deal-how-close-to-deliver-genuine-societal-transformation\/","title":{"rendered":"Le pacte vert pour l&rsquo;Europe"},"content":{"rendered":"\n<p>Les grandes mobilisations pour le climat de ces derni\u00e8res ann\u00e9es n\u2019auront pas \u00e9t\u00e9 vaines. La Commission europ\u00e9enne a finalement reconnu l\u2019ampleur \u2013 et l\u2019urgence \u2013 de la crise \u00e9cologique et sa Pr\u00e9sidente, Ursula von der Leyen, en a fait la priorit\u00e9 num\u00e9ro un de son nouveau mandat sous le vocable de \u00ab&nbsp;pacte vert pour l\u2019Europe&nbsp;\u00bb.<\/p>\n\n\n\n<p>Ce <a href=\"https:\/\/ec.europa.eu\/info\/sites\/info\/files\/european-green-deal-communication_fr.pdf\">vaste programme<\/a>, compos\u00e9 de 50 mesures visant \u00e0 mettre l\u2019Europe sur une trajectoire neutre pour le climat d\u2019ici 2050, est remarquablement ambitieux au regard de la multitude des enjeux climatiques qui y sont abord\u00e9s. En effet, presque tous les secteurs sont concern\u00e9s, de l\u2019\u00e9nergie aux transports, en passant par la mobilit\u00e9, l\u2019industrie, les b\u00e2timents, les d\u00e9chets, la biodiversit\u00e9, le commerce international, la pollution de l\u2019air, sans oublier l\u2019\u00e9conomie et les finances.<\/p>\n\n\n\n<p>Mais injecter une\ndose de climat dans chacun des secteurs de l\u2019\u00e9conomie sans op\u00e9rer un r\u00e9el\nchangement de paradigme sera-t-il suffisant ? A quand la grande transformation\nsoci\u00e9tale que les citoyen\u00b7ne\u00b7s appellent d\u00e9sesp\u00e9r\u00e9ment de leurs v\u0153ux&nbsp;?<\/p>\n\n\n\n<p>Dans son <a href=\"https:\/\/energy-cities.eu\/fr\/document-politique\/2019-eu-elections-our-manifesto\/\">Manifeste\nde 2019<\/a> publi\u00e9 en amont des \u00e9lections\neurop\u00e9ennes, Energy Cities demandait \u00e0 l\u2019UE de prendre huit mesures et r\u00e9formes\naux r\u00e9sultats rapides, ou plus disruptives. Toutes sont au moins partiellement\nabord\u00e9es dans le pacte vert, mais il reste encore beaucoup \u00e0 faire.<\/p>\n\n\n\n<p>En r\u00e9sum\u00e9, voici nos 5 points \u00e0 retenir de la nouvelle strat\u00e9gie phare :<\/p>\n\n\n\n<ol><li>La gouvernance macro-\u00e9conomique de l&rsquo;UE b\u00e9n\u00e9ficie d&rsquo;un coup de pouce tr\u00e8s appr\u00e9ci\u00e9 en mati\u00e8re de durabilit\u00e9<\/li><li>Bien qu&rsquo;il y ait plus de budget de l&rsquo;UE pour le climat, nous manquons encore d&rsquo;un budget europ\u00e9en compatible avec le climat. <\/li><li>Le m\u00e9canisme de transition \u00e9quitable aurait pu changer la donne s&rsquo;il n&rsquo;avait pas eu une port\u00e9e aussi limit\u00e9e. <\/li><li>Le Pacte Climat propos\u00e9 ne s&rsquo;appuie pas sur la Convention des Maires pour cr\u00e9er des alliances socio-\u00e9cologiques locales. <\/li><li>L&rsquo;\u00e9conomie des march\u00e9s de l&rsquo;\u00e9nergie est toujours consid\u00e9r\u00e9e d&rsquo;un point de vue descendant, la logique \u00e9nerg\u00e9tique communautaire n&rsquo;\u00e9tant abord\u00e9e qu&rsquo;en marge. <\/li><\/ol>\n\n\n\n<p><a href=\"https:\/\/energy-cities.eu\/wp-content\/uploads\/2020\/03\/Le-Pact-Vert-pour-lEurope-Briefing-Dec-2019.pdf\">Lire notre avis sur le Pacte vert pour l&rsquo;Europe<\/a><\/p>\n","protected":false},"excerpt":{"rendered":"<p>Les grandes mobilisations pour le climat de ces derni\u00e8res ann\u00e9es n\u2019auront pas \u00e9t\u00e9 vaines. La Commission europ\u00e9enne a finalement reconnu l\u2019ampleur \u2013 et l\u2019urgence \u2013 <a href=\"https:\/\/energy-cities.eu\/fr\/the-european-green-deal-how-close-to-deliver-genuine-societal-transformation\/\">[\u2026]<\/a><\/p>\n","protected":false},"author":26,"featured_media":27332,"comment_status":"open","ping_status":"open","sticky":false,"template":"","format":"standard","meta":{"advgb_blocks_editor_width":"","advgb_blocks_columns_visual_guide":"","ub_ctt_via":""},"categories":[91],"tags":[],"hub":[310],"topic":[22,107,108],"legislative_initiative":[178,180],"document_type":[],"acf":[],"author_meta":{"display_name":"Alix Bolle","author_link":"https:\/\/energy-cities.eu\/fr\/staff\/a-bolle\/"},"featured_img":"https:\/\/energy-cities.eu\/wp-content\/uploads\/2019\/12\/Bruxelles_-_Commission_Europ\u00e9enne_Berlaymont_23263673420-300x200.jpg","featured_image_src":"https:\/\/energy-cities.eu\/wp-content\/uploads\/2019\/12\/Bruxelles_-_Commission_Europ\u00e9enne_Berlaymont_23263673420.jpg","author_info":{"display_name":"Alix Bolle","author_link":"https:\/\/energy-cities.eu\/fr\/staff\/a-bolle\/"},"yoast_head":"<!-- This site is optimized with the Yoast SEO plugin v18.8 - https:\/\/yoast.com\/wordpress\/plugins\/seo\/ -->\n<title>Le pacte vert pour l&#039;Europe - Energy Cities<\/title>\n<meta name=\"robots\" content=\"index, follow, max-snippet:-1, max-image-preview:large, max-video-preview:-1\" \/>\n<link rel=\"canonical\" href=\"https:\/\/energy-cities.eu\/fr\/the-european-green-deal-how-close-to-deliver-genuine-societal-transformation\/\" \/>\n<meta property=\"og:locale\" content=\"fr_FR\" \/>\n<meta property=\"og:type\" content=\"article\" \/>\n<meta property=\"og:title\" content=\"Le pacte vert pour l&#039;Europe - Energy Cities\" \/>\n<meta property=\"og:description\" content=\"Les grandes mobilisations pour le climat de ces derni\u00e8res ann\u00e9es n\u2019auront pas \u00e9t\u00e9 vaines. La Commission europ\u00e9enne a finalement reconnu l\u2019ampleur \u2013 et l\u2019urgence \u2013 [\u2026]\" \/>\n<meta property=\"og:url\" content=\"https:\/\/energy-cities.eu\/fr\/the-european-green-deal-how-close-to-deliver-genuine-societal-transformation\/\" \/>\n<meta property=\"og:site_name\" content=\"Energy Cities\" \/>\n<meta property=\"article:publisher\" content=\"https:\/\/www.facebook.com\/energycities.eu\/\" \/>\n<meta property=\"article:published_time\" content=\"2019-12-13T14:57:49+00:00\" \/>\n<meta property=\"article:modified_time\" content=\"2020-06-11T12:26:08+00:00\" \/>\n<meta property=\"og:image\" content=\"https:\/\/energy-cities.eu\/wp-content\/uploads\/2019\/12\/Bruxelles_-_Commission_Europ\u00e9enne_Berlaymont_23263673420-1024x683.jpg\" \/>\n\t<meta property=\"og:image:width\" content=\"1024\" \/>\n\t<meta property=\"og:image:height\" content=\"683\" \/>\n\t<meta property=\"og:image:type\" content=\"image\/jpeg\" \/>\n<meta name=\"twitter:card\" content=\"summary_large_image\" \/>\n<meta name=\"twitter:creator\" content=\"@b.karas\" \/>\n<meta name=\"twitter:site\" content=\"@energycities\" \/>\n<meta name=\"twitter:label1\" content=\"\u00c9crit par\" \/>\n\t<meta name=\"twitter:data1\" content=\"Alix Bolle\" \/>\n\t<meta name=\"twitter:label2\" content=\"Dur\u00e9e de lecture estim\u00e9e\" \/>\n\t<meta name=\"twitter:data2\" content=\"2 minutes\" \/>\n<script type=\"application\/ld+json\" class=\"yoast-schema-graph\">{\"@context\":\"https:\/\/schema.org\",\"@graph\":[{\"@type\":\"Organization\",\"@id\":\"https:\/\/energy-cities.eu\/fr\/#organization\",\"name\":\"Energy Cities\",\"url\":\"https:\/\/energy-cities.eu\/fr\/\",\"sameAs\":[\"https:\/\/www.facebook.com\/energycities.eu\/\",\"https:\/\/www.youtube.com\/channel\/UChIHn2wF76JzuTbAjSMs0hQ\",\"https:\/\/fr.wikipedia.org\/wiki\/Energy_Cities\",\"https:\/\/twitter.com\/energycities\"],\"logo\":{\"@type\":\"ImageObject\",\"inLanguage\":\"fr-FR\",\"@id\":\"https:\/\/energy-cities.eu\/fr\/#\/schema\/logo\/image\/\",\"url\":\"https:\/\/energy-cities.eu\/wp-content\/uploads\/2019\/07\/energy-cities-couleur.jpg\",\"contentUrl\":\"https:\/\/energy-cities.eu\/wp-content\/uploads\/2019\/07\/energy-cities-couleur.jpg\",\"width\":3508,\"height\":2587,\"caption\":\"Energy Cities\"},\"image\":{\"@id\":\"https:\/\/energy-cities.eu\/fr\/#\/schema\/logo\/image\/\"}},{\"@type\":\"WebSite\",\"@id\":\"https:\/\/energy-cities.eu\/fr\/#website\",\"url\":\"https:\/\/energy-cities.eu\/fr\/\",\"name\":\"Energy Cities\",\"description\":\" The European learning community for future-proof cities\",\"publisher\":{\"@id\":\"https:\/\/energy-cities.eu\/fr\/#organization\"},\"potentialAction\":[{\"@type\":\"SearchAction\",\"target\":{\"@type\":\"EntryPoint\",\"urlTemplate\":\"https:\/\/energy-cities.eu\/fr\/?s={search_term_string}\"},\"query-input\":\"required name=search_term_string\"}],\"inLanguage\":\"fr-FR\"},{\"@type\":\"ImageObject\",\"inLanguage\":\"fr-FR\",\"@id\":\"https:\/\/energy-cities.eu\/fr\/the-european-green-deal-how-close-to-deliver-genuine-societal-transformation\/#primaryimage\",\"url\":\"https:\/\/energy-cities.eu\/wp-content\/uploads\/2019\/12\/Bruxelles_-_Commission_Europ\u00e9enne_Berlaymont_23263673420.jpg\",\"contentUrl\":\"https:\/\/energy-cities.eu\/wp-content\/uploads\/2019\/12\/Bruxelles_-_Commission_Europ\u00e9enne_Berlaymont_23263673420.jpg\",\"width\":5184,\"height\":3456,\"caption\":\"Wikimedia Commons, the free media repository\"},{\"@type\":\"WebPage\",\"@id\":\"https:\/\/energy-cities.eu\/fr\/the-european-green-deal-how-close-to-deliver-genuine-societal-transformation\/#webpage\",\"url\":\"https:\/\/energy-cities.eu\/fr\/the-european-green-deal-how-close-to-deliver-genuine-societal-transformation\/\",\"name\":\"Le pacte vert pour l'Europe - Energy Cities\",\"isPartOf\":{\"@id\":\"https:\/\/energy-cities.eu\/fr\/#website\"},\"primaryImageOfPage\":{\"@id\":\"https:\/\/energy-cities.eu\/fr\/the-european-green-deal-how-close-to-deliver-genuine-societal-transformation\/#primaryimage\"},\"datePublished\":\"2019-12-13T14:57:49+00:00\",\"dateModified\":\"2020-06-11T12:26:08+00:00\",\"breadcrumb\":{\"@id\":\"https:\/\/energy-cities.eu\/fr\/the-european-green-deal-how-close-to-deliver-genuine-societal-transformation\/#breadcrumb\"},\"inLanguage\":\"fr-FR\",\"potentialAction\":[{\"@type\":\"ReadAction\",\"target\":[\"https:\/\/energy-cities.eu\/fr\/the-european-green-deal-how-close-to-deliver-genuine-societal-transformation\/\"]}]},{\"@type\":\"BreadcrumbList\",\"@id\":\"https:\/\/energy-cities.eu\/fr\/the-european-green-deal-how-close-to-deliver-genuine-societal-transformation\/#breadcrumb\",\"itemListElement\":[{\"@type\":\"ListItem\",\"position\":1,\"name\":\"Home\",\"item\":\"https:\/\/energy-cities.eu\/fr\/nous-sommes-un-reseau-europeen-blabla\/\"},{\"@type\":\"ListItem\",\"position\":2,\"name\":\"Le pacte vert pour l'Europe\"}]},{\"@type\":\"Article\",\"@id\":\"https:\/\/energy-cities.eu\/fr\/the-european-green-deal-how-close-to-deliver-genuine-societal-transformation\/#article\",\"isPartOf\":{\"@id\":\"https:\/\/energy-cities.eu\/fr\/the-european-green-deal-how-close-to-deliver-genuine-societal-transformation\/#webpage\"},\"author\":{\"@id\":\"https:\/\/energy-cities.eu\/fr\/#\/schema\/person\/539fc4eb5dc93bd9d774c71b93f22163\"},\"headline\":\"Le pacte vert pour l&rsquo;Europe\",\"datePublished\":\"2019-12-13T14:57:49+00:00\",\"dateModified\":\"2020-06-11T12:26:08+00:00\",\"mainEntityOfPage\":{\"@id\":\"https:\/\/energy-cities.eu\/fr\/the-european-green-deal-how-close-to-deliver-genuine-societal-transformation\/#webpage\"},\"wordCount\":378,\"commentCount\":0,\"publisher\":{\"@id\":\"https:\/\/energy-cities.eu\/fr\/#organization\"},\"image\":{\"@id\":\"https:\/\/energy-cities.eu\/fr\/the-european-green-deal-how-close-to-deliver-genuine-societal-transformation\/#primaryimage\"},\"thumbnailUrl\":\"https:\/\/energy-cities.eu\/wp-content\/uploads\/2019\/12\/Bruxelles_-_Commission_Europ\u00e9enne_Berlaymont_23263673420.jpg\",\"articleSection\":[\"Politique de l'Union Europ\u00e9enne\"],\"inLanguage\":\"fr-FR\",\"potentialAction\":[{\"@type\":\"CommentAction\",\"name\":\"Comment\",\"target\":[\"https:\/\/energy-cities.eu\/fr\/the-european-green-deal-how-close-to-deliver-genuine-societal-transformation\/#respond\"]}]},{\"@type\":\"Person\",\"@id\":\"https:\/\/energy-cities.eu\/fr\/#\/schema\/person\/539fc4eb5dc93bd9d774c71b93f22163\",\"name\":\"Alix Bolle\",\"image\":{\"@type\":\"ImageObject\",\"inLanguage\":\"fr-FR\",\"@id\":\"https:\/\/energy-cities.eu\/fr\/#\/schema\/person\/image\/\",\"url\":\"https:\/\/secure.gravatar.com\/avatar\/ac82c648bc514c4b7626ff56c37d6a27?s=96&d=mm&r=g\",\"contentUrl\":\"https:\/\/secure.gravatar.com\/avatar\/ac82c648bc514c4b7626ff56c37d6a27?s=96&d=mm&r=g\",\"caption\":\"Alix Bolle\"},\"sameAs\":[\"https:\/\/twitter.com\/b.karas\"],\"url\":\"https:\/\/energy-cities.eu\/fr\/staff\/a-bolle\/\"}]}<\/script>\n<!-- \/ Yoast SEO plugin. -->","yoast_head_json":{"title":"Le pacte vert pour l'Europe - Energy Cities","robots":{"index":"index","follow":"follow","max-snippet":"max-snippet:-1","max-image-preview":"max-image-preview:large","max-video-preview":"max-video-preview:-1"},"canonical":"https:\/\/energy-cities.eu\/fr\/the-european-green-deal-how-close-to-deliver-genuine-societal-transformation\/","og_locale":"fr_FR","og_type":"article","og_title":"Le pacte vert pour l'Europe - Energy Cities","og_description":"Les grandes mobilisations pour le climat de ces derni\u00e8res ann\u00e9es n\u2019auront pas \u00e9t\u00e9 vaines. La Commission europ\u00e9enne a finalement reconnu l\u2019ampleur \u2013 et l\u2019urgence \u2013 [\u2026]","og_url":"https:\/\/energy-cities.eu\/fr\/the-european-green-deal-how-close-to-deliver-genuine-societal-transformation\/","og_site_name":"Energy Cities","article_publisher":"https:\/\/www.facebook.com\/energycities.eu\/","article_published_time":"2019-12-13T14:57:49+00:00","article_modified_time":"2020-06-11T12:26:08+00:00","og_image":[{"width":1024,"height":683,"url":"https:\/\/energy-cities.eu\/wp-content\/uploads\/2019\/12\/Bruxelles_-_Commission_Europ\u00e9enne_Berlaymont_23263673420-1024x683.jpg","type":"image\/jpeg"}],"twitter_card":"summary_large_image","twitter_creator":"@b.karas","twitter_site":"@energycities","twitter_misc":{"\u00c9crit par":"Alix Bolle","Dur\u00e9e de lecture estim\u00e9e":"2 minutes"},"schema":{"@context":"https:\/\/schema.org","@graph":[{"@type":"Organization","@id":"https:\/\/energy-cities.eu\/fr\/#organization","name":"Energy Cities","url":"https:\/\/energy-cities.eu\/fr\/","sameAs":["https:\/\/www.facebook.com\/energycities.eu\/","https:\/\/www.youtube.com\/channel\/UChIHn2wF76JzuTbAjSMs0hQ","https:\/\/fr.wikipedia.org\/wiki\/Energy_Cities","https:\/\/twitter.com\/energycities"],"logo":{"@type":"ImageObject","inLanguage":"fr-FR","@id":"https:\/\/energy-cities.eu\/fr\/#\/schema\/logo\/image\/","url":"https:\/\/energy-cities.eu\/wp-content\/uploads\/2019\/07\/energy-cities-couleur.jpg","contentUrl":"https:\/\/energy-cities.eu\/wp-content\/uploads\/2019\/07\/energy-cities-couleur.jpg","width":3508,"height":2587,"caption":"Energy Cities"},"image":{"@id":"https:\/\/energy-cities.eu\/fr\/#\/schema\/logo\/image\/"}},{"@type":"WebSite","@id":"https:\/\/energy-cities.eu\/fr\/#website","url":"https:\/\/energy-cities.eu\/fr\/","name":"Energy Cities","description":" The European learning community for future-proof cities","publisher":{"@id":"https:\/\/energy-cities.eu\/fr\/#organization"},"potentialAction":[{"@type":"SearchAction","target":{"@type":"EntryPoint","urlTemplate":"https:\/\/energy-cities.eu\/fr\/?s={search_term_string}"},"query-input":"required name=search_term_string"}],"inLanguage":"fr-FR"},{"@type":"ImageObject","inLanguage":"fr-FR","@id":"https:\/\/energy-cities.eu\/fr\/the-european-green-deal-how-close-to-deliver-genuine-societal-transformation\/#primaryimage","url":"https:\/\/energy-cities.eu\/wp-content\/uploads\/2019\/12\/Bruxelles_-_Commission_Europ\u00e9enne_Berlaymont_23263673420.jpg","contentUrl":"https:\/\/energy-cities.eu\/wp-content\/uploads\/2019\/12\/Bruxelles_-_Commission_Europ\u00e9enne_Berlaymont_23263673420.jpg","width":5184,"height":3456,"caption":"Wikimedia Commons, the free media repository"},{"@type":"WebPage","@id":"https:\/\/energy-cities.eu\/fr\/the-european-green-deal-how-close-to-deliver-genuine-societal-transformation\/#webpage","url":"https:\/\/energy-cities.eu\/fr\/the-european-green-deal-how-close-to-deliver-genuine-societal-transformation\/","name":"Le pacte vert pour l'Europe - Energy Cities","isPartOf":{"@id":"https:\/\/energy-cities.eu\/fr\/#website"},"primaryImageOfPage":{"@id":"https:\/\/energy-cities.eu\/fr\/the-european-green-deal-how-close-to-deliver-genuine-societal-transformation\/#primaryimage"},"datePublished":"2019-12-13T14:57:49+00:00","dateModified":"2020-06-11T12:26:08+00:00","breadcrumb":{"@id":"https:\/\/energy-cities.eu\/fr\/the-european-green-deal-how-close-to-deliver-genuine-societal-transformation\/#breadcrumb"},"inLanguage":"fr-FR","potentialAction":[{"@type":"ReadAction","target":["https:\/\/energy-cities.eu\/fr\/the-european-green-deal-how-close-to-deliver-genuine-societal-transformation\/"]}]},{"@type":"BreadcrumbList","@id":"https:\/\/energy-cities.eu\/fr\/the-european-green-deal-how-close-to-deliver-genuine-societal-transformation\/#breadcrumb","itemListElement":[{"@type":"ListItem","position":1,"name":"Home","item":"https:\/\/energy-cities.eu\/fr\/nous-sommes-un-reseau-europeen-blabla\/"},{"@type":"ListItem","position":2,"name":"Le pacte vert pour l'Europe"}]},{"@type":"Article","@id":"https:\/\/energy-cities.eu\/fr\/the-european-green-deal-how-close-to-deliver-genuine-societal-transformation\/#article","isPartOf":{"@id":"https:\/\/energy-cities.eu\/fr\/the-european-green-deal-how-close-to-deliver-genuine-societal-transformation\/#webpage"},"author":{"@id":"https:\/\/energy-cities.eu\/fr\/#\/schema\/person\/539fc4eb5dc93bd9d774c71b93f22163"},"headline":"Le pacte vert pour l&rsquo;Europe","datePublished":"2019-12-13T14:57:49+00:00","dateModified":"2020-06-11T12:26:08+00:00","mainEntityOfPage":{"@id":"https:\/\/energy-cities.eu\/fr\/the-european-green-deal-how-close-to-deliver-genuine-societal-transformation\/#webpage"},"wordCount":378,"commentCount":0,"publisher":{"@id":"https:\/\/energy-cities.eu\/fr\/#organization"},"image":{"@id":"https:\/\/energy-cities.eu\/fr\/the-european-green-deal-how-close-to-deliver-genuine-societal-transformation\/#primaryimage"},"thumbnailUrl":"https:\/\/energy-cities.eu\/wp-content\/uploads\/2019\/12\/Bruxelles_-_Commission_Europ\u00e9enne_Berlaymont_23263673420.jpg","articleSection":["Politique de l'Union Europ\u00e9enne"],"inLanguage":"fr-FR","potentialAction":[{"@type":"CommentAction","name":"Comment","target":["https:\/\/energy-cities.eu\/fr\/the-european-green-deal-how-close-to-deliver-genuine-societal-transformation\/#respond"]}]},{"@type":"Person","@id":"https:\/\/energy-cities.eu\/fr\/#\/schema\/person\/539fc4eb5dc93bd9d774c71b93f22163","name":"Alix Bolle","image":{"@type":"ImageObject","inLanguage":"fr-FR","@id":"https:\/\/energy-cities.eu\/fr\/#\/schema\/person\/image\/","url":"https:\/\/secure.gravatar.com\/avatar\/ac82c648bc514c4b7626ff56c37d6a27?s=96&d=mm&r=g","contentUrl":"https:\/\/secure.gravatar.com\/avatar\/ac82c648bc514c4b7626ff56c37d6a27?s=96&d=mm&r=g","caption":"Alix Bolle"},"sameAs":["https:\/\/twitter.com\/b.karas"],"url":"https:\/\/energy-cities.eu\/fr\/staff\/a-bolle\/"}]}},"coauthors":[],"tax_additional":{"categories":{"linked":["<a href=\"https:\/\/energy-cities.eu\/fr\/category\/politique-de-lunion-europeenne\/\" class=\"advgb-post-tax-term\">Politique de l&#039;Union Europ\u00e9enne<\/a>"],"unlinked":["<span class=\"advgb-post-tax-term\">Politique de l&#039;Union Europ\u00e9enne<\/span>"]}},"comment_count":"0","relative_dates":{"created":"Publi\u00e9 6 ans il y a","modified":"Mis \u00e0 jour 6 ans il y a"},"absolute_dates":{"created":"Publi\u00e9 le 13 d\u00e9cembre 2019","modified":"Mise \u00e0 jour le 11 juin 2020"},"absolute_dates_time":{"created":"Publi\u00e9 le 13 d\u00e9cembre 2019 3:57  ","modified":"Mise \u00e0 jour le 11 juin 2020 2:26  "},"featured_img_caption":"Wikimedia Commons, the free media repository","_links":{"self":[{"href":"https:\/\/energy-cities.eu\/fr\/wp-json\/wp\/v2\/posts\/27623"}],"collection":[{"href":"https:\/\/energy-cities.eu\/fr\/wp-json\/wp\/v2\/posts"}],"about":[{"href":"https:\/\/energy-cities.eu\/fr\/wp-json\/wp\/v2\/types\/post"}],"author":[{"embeddable":true,"href":"https:\/\/energy-cities.eu\/fr\/wp-json\/wp\/v2\/users\/26"}],"replies":[{"embeddable":true,"href":"https:\/\/energy-cities.eu\/fr\/wp-json\/wp\/v2\/comments?post=27623"}],"version-history":[{"count":3,"href":"https:\/\/energy-cities.eu\/fr\/wp-json\/wp\/v2\/posts\/27623\/revisions"}],"predecessor-version":[{"id":29567,"href":"https:\/\/energy-cities.eu\/fr\/wp-json\/wp\/v2\/posts\/27623\/revisions\/29567"}],"wp:featuredmedia":[{"embeddable":true,"href":"https:\/\/energy-cities.eu\/fr\/wp-json\/wp\/v2\/media\/27332"}],"wp:attachment":[{"href":"https:\/\/energy-cities.eu\/fr\/wp-json\/wp\/v2\/media?parent=27623"}],"wp:term":[{"taxonomy":"category","embeddable":true,"href":"https:\/\/energy-cities.eu\/fr\/wp-json\/wp\/v2\/categories?post=27623"},{"taxonomy":"post_tag","embeddable":true,"href":"https:\/\/energy-cities.eu\/fr\/wp-json\/wp\/v2\/tags?post=27623"},{"taxonomy":"hub","embeddable":true,"href":"https:\/\/energy-cities.eu\/fr\/wp-json\/wp\/v2\/hub?post=27623"},{"taxonomy":"topic","embeddable":true,"href":"https:\/\/energy-cities.eu\/fr\/wp-json\/wp\/v2\/topic?post=27623"},{"taxonomy":"legislative_initiative","embeddable":true,"href":"https:\/\/energy-cities.eu\/fr\/wp-json\/wp\/v2\/legislative_initiative?post=27623"},{"taxonomy":"document_type","embeddable":true,"href":"https:\/\/energy-cities.eu\/fr\/wp-json\/wp\/v2\/document_type?post=27623"}],"curies":[{"name":"wp","href":"https:\/\/api.w.org\/{rel}","templated":true}]}}