{"id":38295,"date":"2021-04-13T10:04:21","date_gmt":"2021-04-13T08:04:21","guid":{"rendered":"https:\/\/energy-cities.eu\/?p=38295"},"modified":"2021-04-14T09:04:27","modified_gmt":"2021-04-14T07:04:27","slug":"baden-wurttemberg-sattele-a-la-decarbonisation-de-son-systeme-de-chauffage","status":"publish","type":"post","link":"https:\/\/energy-cities.eu\/fr\/baden-wurttemberg-sattele-a-la-decarbonisation-de-son-systeme-de-chauffage\/","title":{"rendered":"Baden W\u00fcrttemberg s\u2019att\u00e8le \u00e0 la d\u00e9carbonisation de son syst\u00e8me de chauffage"},"content":{"rendered":"\n<p>C\u2019est ce que la r\u00e9gion de Baden W\u00fcrttemberg est r\u00e9solue \u00e0 faire&nbsp;! Le L\u00e4nder a r\u00e9cemment somm\u00e9 toutes ses villes de plus de 20 000 habitant\u2027e\u2027s de d\u00e9velopper leur vision pour un approvisionnement de chaleur neutre en carbone d&rsquo;ici 2050. En vue de d\u00e9carboniser leur syst\u00e8me de chauffage et de refroidissement, il est crucial que les villes organisent leur planification \u00e9nerg\u00e9tique. En ayant acc\u00e8s aux donn\u00e9es de consommation de chauffage et aux soutiens financier et technique n\u00e9cessaires, les villes seront en mesure de mettre en place leurs feuilles de routes pour un syst\u00e8me de chauffage sans \u00e9nergies fossiles.<\/p>\n\n\n\n<p><strong>Lire <a href=\"https:\/\/decarbcitypipes2050.eu\/2021\/02\/10\/heat-planning-baden-wurttemberg-takes-the-bull-by-the-horns\/\" target=\"_blank\" rel=\"noreferrer noopener\" aria-label=\"l\u2019article en entier (opens in a new tab)\">l\u2019article en entier<\/a> (en anglais) sur le site de notre projet Decarb City Pipes 2050. <\/strong><\/p>\n","protected":false},"excerpt":{"rendered":"<p>C\u2019est ce que la r\u00e9gion de Baden W\u00fcrttemberg est r\u00e9solue \u00e0 faire&nbsp;! Le L\u00e4nder a r\u00e9cemment somm\u00e9 toutes ses villes de plus de 20 000 <a href=\"https:\/\/energy-cities.eu\/fr\/baden-wurttemberg-sattele-a-la-decarbonisation-de-son-systeme-de-chauffage\/\">[\u2026]<\/a><\/p>\n","protected":false},"author":53,"featured_media":38280,"comment_status":"open","ping_status":"open","sticky":false,"template":"","format":"standard","meta":{"advgb_blocks_editor_width":"","advgb_blocks_columns_visual_guide":"","ub_ctt_via":""},"categories":[4],"tags":[],"hub":[308],"topic":[22,110,112],"legislative_initiative":[],"document_type":[],"acf":[],"author_meta":{"display_name":"Marie Royer","author_link":"https:\/\/energy-cities.eu\/fr\/staff\/m-royer\/"},"featured_img":"https:\/\/energy-cities.eu\/wp-content\/uploads\/2021\/04\/Ruben-Hanssen-350x217.jpg","featured_image_src":"https:\/\/energy-cities.eu\/wp-content\/uploads\/2021\/04\/Ruben-Hanssen.jpg","author_info":{"display_name":"Marie Royer","author_link":"https:\/\/energy-cities.eu\/fr\/staff\/m-royer\/"},"yoast_head":"<!-- This site is optimized with the Yoast SEO plugin v18.8 - https:\/\/yoast.com\/wordpress\/plugins\/seo\/ -->\n<title>Baden W\u00fcrttemberg s\u2019att\u00e8le \u00e0 la d\u00e9carbonisation de son syst\u00e8me de chauffage - Energy Cities<\/title>\n<meta name=\"robots\" content=\"index, follow, max-snippet:-1, max-image-preview:large, max-video-preview:-1\" \/>\n<link rel=\"canonical\" href=\"https:\/\/energy-cities.eu\/fr\/baden-wurttemberg-sattele-a-la-decarbonisation-de-son-systeme-de-chauffage\/\" \/>\n<meta property=\"og:locale\" content=\"fr_FR\" \/>\n<meta property=\"og:type\" content=\"article\" \/>\n<meta property=\"og:title\" content=\"Baden W\u00fcrttemberg s\u2019att\u00e8le \u00e0 la d\u00e9carbonisation de son syst\u00e8me de chauffage - Energy Cities\" \/>\n<meta property=\"og:description\" content=\"C\u2019est ce que la r\u00e9gion de Baden W\u00fcrttemberg est r\u00e9solue \u00e0 faire&nbsp;! Le L\u00e4nder a r\u00e9cemment somm\u00e9 toutes ses villes de plus de 20 000 [\u2026]\" \/>\n<meta property=\"og:url\" content=\"https:\/\/energy-cities.eu\/fr\/baden-wurttemberg-sattele-a-la-decarbonisation-de-son-systeme-de-chauffage\/\" \/>\n<meta property=\"og:site_name\" content=\"Energy Cities\" \/>\n<meta property=\"article:publisher\" content=\"https:\/\/www.facebook.com\/energycities.eu\/\" \/>\n<meta property=\"article:published_time\" content=\"2021-04-13T08:04:21+00:00\" \/>\n<meta property=\"article:modified_time\" content=\"2021-04-14T07:04:27+00:00\" \/>\n<meta property=\"og:image\" content=\"https:\/\/energy-cities.eu\/wp-content\/uploads\/2021\/04\/Ruben-Hanssen-1024x635.jpg\" \/>\n\t<meta property=\"og:image:width\" content=\"1024\" \/>\n\t<meta property=\"og:image:height\" content=\"635\" \/>\n\t<meta property=\"og:image:type\" content=\"image\/jpeg\" \/>\n<meta name=\"twitter:card\" content=\"summary_large_image\" \/>\n<meta name=\"twitter:creator\" content=\"@https:\/\/twitter.com\/energycities\" \/>\n<meta name=\"twitter:site\" content=\"@energycities\" \/>\n<meta name=\"twitter:label1\" content=\"\u00c9crit par\" \/>\n\t<meta name=\"twitter:data1\" content=\"Marie Royer\" \/>\n\t<meta name=\"twitter:label2\" content=\"Dur\u00e9e de lecture estim\u00e9e\" \/>\n\t<meta name=\"twitter:data2\" content=\"1 minute\" \/>\n<script type=\"application\/ld+json\" class=\"yoast-schema-graph\">{\"@context\":\"https:\/\/schema.org\",\"@graph\":[{\"@type\":\"Organization\",\"@id\":\"https:\/\/energy-cities.eu\/fr\/#organization\",\"name\":\"Energy Cities\",\"url\":\"https:\/\/energy-cities.eu\/fr\/\",\"sameAs\":[\"https:\/\/www.facebook.com\/energycities.eu\/\",\"https:\/\/www.youtube.com\/channel\/UChIHn2wF76JzuTbAjSMs0hQ\",\"https:\/\/fr.wikipedia.org\/wiki\/Energy_Cities\",\"https:\/\/twitter.com\/energycities\"],\"logo\":{\"@type\":\"ImageObject\",\"inLanguage\":\"fr-FR\",\"@id\":\"https:\/\/energy-cities.eu\/fr\/#\/schema\/logo\/image\/\",\"url\":\"https:\/\/energy-cities.eu\/wp-content\/uploads\/2019\/07\/energy-cities-couleur.jpg\",\"contentUrl\":\"https:\/\/energy-cities.eu\/wp-content\/uploads\/2019\/07\/energy-cities-couleur.jpg\",\"width\":3508,\"height\":2587,\"caption\":\"Energy Cities\"},\"image\":{\"@id\":\"https:\/\/energy-cities.eu\/fr\/#\/schema\/logo\/image\/\"}},{\"@type\":\"WebSite\",\"@id\":\"https:\/\/energy-cities.eu\/fr\/#website\",\"url\":\"https:\/\/energy-cities.eu\/fr\/\",\"name\":\"Energy Cities\",\"description\":\" The European learning community for future-proof cities\",\"publisher\":{\"@id\":\"https:\/\/energy-cities.eu\/fr\/#organization\"},\"potentialAction\":[{\"@type\":\"SearchAction\",\"target\":{\"@type\":\"EntryPoint\",\"urlTemplate\":\"https:\/\/energy-cities.eu\/fr\/?s={search_term_string}\"},\"query-input\":\"required name=search_term_string\"}],\"inLanguage\":\"fr-FR\"},{\"@type\":\"ImageObject\",\"inLanguage\":\"fr-FR\",\"@id\":\"https:\/\/energy-cities.eu\/fr\/baden-wurttemberg-sattele-a-la-decarbonisation-de-son-systeme-de-chauffage\/#primaryimage\",\"url\":\"https:\/\/energy-cities.eu\/wp-content\/uploads\/2021\/04\/Ruben-Hanssen.jpg\",\"contentUrl\":\"https:\/\/energy-cities.eu\/wp-content\/uploads\/2021\/04\/Ruben-Hanssen.jpg\",\"width\":5957,\"height\":3694,\"caption\":\"Photo credits: Ruben Hanssen\"},{\"@type\":\"WebPage\",\"@id\":\"https:\/\/energy-cities.eu\/fr\/baden-wurttemberg-sattele-a-la-decarbonisation-de-son-systeme-de-chauffage\/#webpage\",\"url\":\"https:\/\/energy-cities.eu\/fr\/baden-wurttemberg-sattele-a-la-decarbonisation-de-son-systeme-de-chauffage\/\",\"name\":\"Baden W\u00fcrttemberg s\u2019att\u00e8le \u00e0 la d\u00e9carbonisation de son syst\u00e8me de chauffage - Energy Cities\",\"isPartOf\":{\"@id\":\"https:\/\/energy-cities.eu\/fr\/#website\"},\"primaryImageOfPage\":{\"@id\":\"https:\/\/energy-cities.eu\/fr\/baden-wurttemberg-sattele-a-la-decarbonisation-de-son-systeme-de-chauffage\/#primaryimage\"},\"datePublished\":\"2021-04-13T08:04:21+00:00\",\"dateModified\":\"2021-04-14T07:04:27+00:00\",\"breadcrumb\":{\"@id\":\"https:\/\/energy-cities.eu\/fr\/baden-wurttemberg-sattele-a-la-decarbonisation-de-son-systeme-de-chauffage\/#breadcrumb\"},\"inLanguage\":\"fr-FR\",\"potentialAction\":[{\"@type\":\"ReadAction\",\"target\":[\"https:\/\/energy-cities.eu\/fr\/baden-wurttemberg-sattele-a-la-decarbonisation-de-son-systeme-de-chauffage\/\"]}]},{\"@type\":\"BreadcrumbList\",\"@id\":\"https:\/\/energy-cities.eu\/fr\/baden-wurttemberg-sattele-a-la-decarbonisation-de-son-systeme-de-chauffage\/#breadcrumb\",\"itemListElement\":[{\"@type\":\"ListItem\",\"position\":1,\"name\":\"Home\",\"item\":\"https:\/\/energy-cities.eu\/fr\/nous-sommes-un-reseau-europeen-blabla\/\"},{\"@type\":\"ListItem\",\"position\":2,\"name\":\"Baden W\u00fcrttemberg s\u2019att\u00e8le \u00e0 la d\u00e9carbonisation de son syst\u00e8me de chauffage\"}]},{\"@type\":\"Article\",\"@id\":\"https:\/\/energy-cities.eu\/fr\/baden-wurttemberg-sattele-a-la-decarbonisation-de-son-systeme-de-chauffage\/#article\",\"isPartOf\":{\"@id\":\"https:\/\/energy-cities.eu\/fr\/baden-wurttemberg-sattele-a-la-decarbonisation-de-son-systeme-de-chauffage\/#webpage\"},\"author\":{\"@id\":\"https:\/\/energy-cities.eu\/fr\/#\/schema\/person\/ed4cca42dfe6d6c8b44b82394870a2fe\"},\"headline\":\"Baden W\u00fcrttemberg s\u2019att\u00e8le \u00e0 la d\u00e9carbonisation de son syst\u00e8me de chauffage\",\"datePublished\":\"2021-04-13T08:04:21+00:00\",\"dateModified\":\"2021-04-14T07:04:27+00:00\",\"mainEntityOfPage\":{\"@id\":\"https:\/\/energy-cities.eu\/fr\/baden-wurttemberg-sattele-a-la-decarbonisation-de-son-systeme-de-chauffage\/#webpage\"},\"wordCount\":142,\"commentCount\":0,\"publisher\":{\"@id\":\"https:\/\/energy-cities.eu\/fr\/#organization\"},\"image\":{\"@id\":\"https:\/\/energy-cities.eu\/fr\/baden-wurttemberg-sattele-a-la-decarbonisation-de-son-systeme-de-chauffage\/#primaryimage\"},\"thumbnailUrl\":\"https:\/\/energy-cities.eu\/wp-content\/uploads\/2021\/04\/Ruben-Hanssen.jpg\",\"articleSection\":[\"Actualit\u00e9s\"],\"inLanguage\":\"fr-FR\",\"potentialAction\":[{\"@type\":\"CommentAction\",\"name\":\"Comment\",\"target\":[\"https:\/\/energy-cities.eu\/fr\/baden-wurttemberg-sattele-a-la-decarbonisation-de-son-systeme-de-chauffage\/#respond\"]}]},{\"@type\":\"Person\",\"@id\":\"https:\/\/energy-cities.eu\/fr\/#\/schema\/person\/ed4cca42dfe6d6c8b44b82394870a2fe\",\"name\":\"Marie Royer\",\"image\":{\"@type\":\"ImageObject\",\"inLanguage\":\"fr-FR\",\"@id\":\"https:\/\/energy-cities.eu\/fr\/#\/schema\/person\/image\/\",\"url\":\"https:\/\/secure.gravatar.com\/avatar\/52ded87449e18212fa731513dae318a4?s=96&d=mm&r=g\",\"contentUrl\":\"https:\/\/secure.gravatar.com\/avatar\/52ded87449e18212fa731513dae318a4?s=96&d=mm&r=g\",\"caption\":\"Marie Royer\"},\"sameAs\":[\"https:\/\/twitter.com\/https:\/\/twitter.com\/energycities\"],\"url\":\"https:\/\/energy-cities.eu\/fr\/staff\/m-royer\/\"}]}<\/script>\n<!-- \/ Yoast SEO plugin. -->","yoast_head_json":{"title":"Baden W\u00fcrttemberg s\u2019att\u00e8le \u00e0 la d\u00e9carbonisation de son syst\u00e8me de chauffage - Energy Cities","robots":{"index":"index","follow":"follow","max-snippet":"max-snippet:-1","max-image-preview":"max-image-preview:large","max-video-preview":"max-video-preview:-1"},"canonical":"https:\/\/energy-cities.eu\/fr\/baden-wurttemberg-sattele-a-la-decarbonisation-de-son-systeme-de-chauffage\/","og_locale":"fr_FR","og_type":"article","og_title":"Baden W\u00fcrttemberg s\u2019att\u00e8le \u00e0 la d\u00e9carbonisation de son syst\u00e8me de chauffage - Energy Cities","og_description":"C\u2019est ce que la r\u00e9gion de Baden W\u00fcrttemberg est r\u00e9solue \u00e0 faire&nbsp;! Le L\u00e4nder a r\u00e9cemment somm\u00e9 toutes ses villes de plus de 20 000 [\u2026]","og_url":"https:\/\/energy-cities.eu\/fr\/baden-wurttemberg-sattele-a-la-decarbonisation-de-son-systeme-de-chauffage\/","og_site_name":"Energy Cities","article_publisher":"https:\/\/www.facebook.com\/energycities.eu\/","article_published_time":"2021-04-13T08:04:21+00:00","article_modified_time":"2021-04-14T07:04:27+00:00","og_image":[{"width":1024,"height":635,"url":"https:\/\/energy-cities.eu\/wp-content\/uploads\/2021\/04\/Ruben-Hanssen-1024x635.jpg","type":"image\/jpeg"}],"twitter_card":"summary_large_image","twitter_creator":"@https:\/\/twitter.com\/energycities","twitter_site":"@energycities","twitter_misc":{"\u00c9crit par":"Marie Royer","Dur\u00e9e de lecture estim\u00e9e":"1 minute"},"schema":{"@context":"https:\/\/schema.org","@graph":[{"@type":"Organization","@id":"https:\/\/energy-cities.eu\/fr\/#organization","name":"Energy Cities","url":"https:\/\/energy-cities.eu\/fr\/","sameAs":["https:\/\/www.facebook.com\/energycities.eu\/","https:\/\/www.youtube.com\/channel\/UChIHn2wF76JzuTbAjSMs0hQ","https:\/\/fr.wikipedia.org\/wiki\/Energy_Cities","https:\/\/twitter.com\/energycities"],"logo":{"@type":"ImageObject","inLanguage":"fr-FR","@id":"https:\/\/energy-cities.eu\/fr\/#\/schema\/logo\/image\/","url":"https:\/\/energy-cities.eu\/wp-content\/uploads\/2019\/07\/energy-cities-couleur.jpg","contentUrl":"https:\/\/energy-cities.eu\/wp-content\/uploads\/2019\/07\/energy-cities-couleur.jpg","width":3508,"height":2587,"caption":"Energy Cities"},"image":{"@id":"https:\/\/energy-cities.eu\/fr\/#\/schema\/logo\/image\/"}},{"@type":"WebSite","@id":"https:\/\/energy-cities.eu\/fr\/#website","url":"https:\/\/energy-cities.eu\/fr\/","name":"Energy Cities","description":" The European learning community for future-proof cities","publisher":{"@id":"https:\/\/energy-cities.eu\/fr\/#organization"},"potentialAction":[{"@type":"SearchAction","target":{"@type":"EntryPoint","urlTemplate":"https:\/\/energy-cities.eu\/fr\/?s={search_term_string}"},"query-input":"required name=search_term_string"}],"inLanguage":"fr-FR"},{"@type":"ImageObject","inLanguage":"fr-FR","@id":"https:\/\/energy-cities.eu\/fr\/baden-wurttemberg-sattele-a-la-decarbonisation-de-son-systeme-de-chauffage\/#primaryimage","url":"https:\/\/energy-cities.eu\/wp-content\/uploads\/2021\/04\/Ruben-Hanssen.jpg","contentUrl":"https:\/\/energy-cities.eu\/wp-content\/uploads\/2021\/04\/Ruben-Hanssen.jpg","width":5957,"height":3694,"caption":"Photo credits: Ruben Hanssen"},{"@type":"WebPage","@id":"https:\/\/energy-cities.eu\/fr\/baden-wurttemberg-sattele-a-la-decarbonisation-de-son-systeme-de-chauffage\/#webpage","url":"https:\/\/energy-cities.eu\/fr\/baden-wurttemberg-sattele-a-la-decarbonisation-de-son-systeme-de-chauffage\/","name":"Baden W\u00fcrttemberg s\u2019att\u00e8le \u00e0 la d\u00e9carbonisation de son syst\u00e8me de chauffage - Energy Cities","isPartOf":{"@id":"https:\/\/energy-cities.eu\/fr\/#website"},"primaryImageOfPage":{"@id":"https:\/\/energy-cities.eu\/fr\/baden-wurttemberg-sattele-a-la-decarbonisation-de-son-systeme-de-chauffage\/#primaryimage"},"datePublished":"2021-04-13T08:04:21+00:00","dateModified":"2021-04-14T07:04:27+00:00","breadcrumb":{"@id":"https:\/\/energy-cities.eu\/fr\/baden-wurttemberg-sattele-a-la-decarbonisation-de-son-systeme-de-chauffage\/#breadcrumb"},"inLanguage":"fr-FR","potentialAction":[{"@type":"ReadAction","target":["https:\/\/energy-cities.eu\/fr\/baden-wurttemberg-sattele-a-la-decarbonisation-de-son-systeme-de-chauffage\/"]}]},{"@type":"BreadcrumbList","@id":"https:\/\/energy-cities.eu\/fr\/baden-wurttemberg-sattele-a-la-decarbonisation-de-son-systeme-de-chauffage\/#breadcrumb","itemListElement":[{"@type":"ListItem","position":1,"name":"Home","item":"https:\/\/energy-cities.eu\/fr\/nous-sommes-un-reseau-europeen-blabla\/"},{"@type":"ListItem","position":2,"name":"Baden W\u00fcrttemberg s\u2019att\u00e8le \u00e0 la d\u00e9carbonisation de son syst\u00e8me de chauffage"}]},{"@type":"Article","@id":"https:\/\/energy-cities.eu\/fr\/baden-wurttemberg-sattele-a-la-decarbonisation-de-son-systeme-de-chauffage\/#article","isPartOf":{"@id":"https:\/\/energy-cities.eu\/fr\/baden-wurttemberg-sattele-a-la-decarbonisation-de-son-systeme-de-chauffage\/#webpage"},"author":{"@id":"https:\/\/energy-cities.eu\/fr\/#\/schema\/person\/ed4cca42dfe6d6c8b44b82394870a2fe"},"headline":"Baden W\u00fcrttemberg s\u2019att\u00e8le \u00e0 la d\u00e9carbonisation de son syst\u00e8me de chauffage","datePublished":"2021-04-13T08:04:21+00:00","dateModified":"2021-04-14T07:04:27+00:00","mainEntityOfPage":{"@id":"https:\/\/energy-cities.eu\/fr\/baden-wurttemberg-sattele-a-la-decarbonisation-de-son-systeme-de-chauffage\/#webpage"},"wordCount":142,"commentCount":0,"publisher":{"@id":"https:\/\/energy-cities.eu\/fr\/#organization"},"image":{"@id":"https:\/\/energy-cities.eu\/fr\/baden-wurttemberg-sattele-a-la-decarbonisation-de-son-systeme-de-chauffage\/#primaryimage"},"thumbnailUrl":"https:\/\/energy-cities.eu\/wp-content\/uploads\/2021\/04\/Ruben-Hanssen.jpg","articleSection":["Actualit\u00e9s"],"inLanguage":"fr-FR","potentialAction":[{"@type":"CommentAction","name":"Comment","target":["https:\/\/energy-cities.eu\/fr\/baden-wurttemberg-sattele-a-la-decarbonisation-de-son-systeme-de-chauffage\/#respond"]}]},{"@type":"Person","@id":"https:\/\/energy-cities.eu\/fr\/#\/schema\/person\/ed4cca42dfe6d6c8b44b82394870a2fe","name":"Marie Royer","image":{"@type":"ImageObject","inLanguage":"fr-FR","@id":"https:\/\/energy-cities.eu\/fr\/#\/schema\/person\/image\/","url":"https:\/\/secure.gravatar.com\/avatar\/52ded87449e18212fa731513dae318a4?s=96&d=mm&r=g","contentUrl":"https:\/\/secure.gravatar.com\/avatar\/52ded87449e18212fa731513dae318a4?s=96&d=mm&r=g","caption":"Marie Royer"},"sameAs":["https:\/\/twitter.com\/https:\/\/twitter.com\/energycities"],"url":"https:\/\/energy-cities.eu\/fr\/staff\/m-royer\/"}]}},"coauthors":[],"tax_additional":{"categories":{"linked":["<a href=\"https:\/\/energy-cities.eu\/fr\/category\/actualites\/\" class=\"advgb-post-tax-term\">Actualit\u00e9s<\/a>"],"unlinked":["<span class=\"advgb-post-tax-term\">Actualit\u00e9s<\/span>"]}},"comment_count":"0","relative_dates":{"created":"Publi\u00e9 5 ans il y a","modified":"Mis \u00e0 jour 5 ans il y a"},"absolute_dates":{"created":"Publi\u00e9 le 13 avril 2021","modified":"Mise \u00e0 jour le 14 avril 2021"},"absolute_dates_time":{"created":"Publi\u00e9 le 13 avril 2021 10:04  ","modified":"Mise \u00e0 jour le 14 avril 2021 9:04  "},"featured_img_caption":"Photo credits: Ruben Hanssen","_links":{"self":[{"href":"https:\/\/energy-cities.eu\/fr\/wp-json\/wp\/v2\/posts\/38295"}],"collection":[{"href":"https:\/\/energy-cities.eu\/fr\/wp-json\/wp\/v2\/posts"}],"about":[{"href":"https:\/\/energy-cities.eu\/fr\/wp-json\/wp\/v2\/types\/post"}],"author":[{"embeddable":true,"href":"https:\/\/energy-cities.eu\/fr\/wp-json\/wp\/v2\/users\/53"}],"replies":[{"embeddable":true,"href":"https:\/\/energy-cities.eu\/fr\/wp-json\/wp\/v2\/comments?post=38295"}],"version-history":[{"count":4,"href":"https:\/\/energy-cities.eu\/fr\/wp-json\/wp\/v2\/posts\/38295\/revisions"}],"predecessor-version":[{"id":38304,"href":"https:\/\/energy-cities.eu\/fr\/wp-json\/wp\/v2\/posts\/38295\/revisions\/38304"}],"wp:featuredmedia":[{"embeddable":true,"href":"https:\/\/energy-cities.eu\/fr\/wp-json\/wp\/v2\/media\/38280"}],"wp:attachment":[{"href":"https:\/\/energy-cities.eu\/fr\/wp-json\/wp\/v2\/media?parent=38295"}],"wp:term":[{"taxonomy":"category","embeddable":true,"href":"https:\/\/energy-cities.eu\/fr\/wp-json\/wp\/v2\/categories?post=38295"},{"taxonomy":"post_tag","embeddable":true,"href":"https:\/\/energy-cities.eu\/fr\/wp-json\/wp\/v2\/tags?post=38295"},{"taxonomy":"hub","embeddable":true,"href":"https:\/\/energy-cities.eu\/fr\/wp-json\/wp\/v2\/hub?post=38295"},{"taxonomy":"topic","embeddable":true,"href":"https:\/\/energy-cities.eu\/fr\/wp-json\/wp\/v2\/topic?post=38295"},{"taxonomy":"legislative_initiative","embeddable":true,"href":"https:\/\/energy-cities.eu\/fr\/wp-json\/wp\/v2\/legislative_initiative?post=38295"},{"taxonomy":"document_type","embeddable":true,"href":"https:\/\/energy-cities.eu\/fr\/wp-json\/wp\/v2\/document_type?post=38295"}],"curies":[{"name":"wp","href":"https:\/\/api.w.org\/{rel}","templated":true}]}}