{"id":38697,"date":"2021-04-23T10:41:06","date_gmt":"2021-04-23T08:41:06","guid":{"rendered":"https:\/\/energy-cities.eu\/?p=38697"},"modified":"2021-05-12T17:35:28","modified_gmt":"2021-05-12T15:35:28","slug":"notre-sommet","status":"publish","type":"post","link":"https:\/\/energy-cities.eu\/fr\/notre-sommet\/","title":{"rendered":"Notre sommet"},"content":{"rendered":"\n<p><strong>Le Pr\u00e9sident Biden n\u2019est\npas le seul \u00e0 avoir convoqu\u00e9 les leaders du climat cette semaine, Energy Cities\nl\u2019a fait aussi&nbsp;!<\/strong><\/p>\n\n\n\n<p>Je dirais m\u00eame que\nnous avons r\u00e9uni les <strong>vrais leaders<\/strong>,\nceux qui agissent au quotidien, \u00e0 savoir les maires et les \u00e9quipes municipales.\nPleinement conscients et convaincus qu&rsquo;il est de leur devoir de g\u00e9rer la pand\u00e9mie\nqui frappe les services sociaux et de sant\u00e9 de leur ville, ils savent \u00e9galement\nqu\u2019il est de leur devoir de construire de nouveaux lieux de vie, avec les\ncitoyens.<\/p>\n\n\n\n<p>Hier \u00e9tait un grand\njour pour la communaut\u00e9 de la&nbsp;<a href=\"https:\/\/www.covenantofmayors.eu\/\">Convention des Maires<\/a>. Une nouvelle phase a\n\u00e9t\u00e9 lanc\u00e9e, avec des engagements plus ambitieux, align\u00e9s sur la <a href=\"https:\/\/www.euractiv.com\/section\/climate-environment\/news\/breakthrough-as-eu-negotiators-clinch-deal-on-european-climate-law\/\">loi europ\u00e9enne sur le\nclimat<\/a> adopt\u00e9e la veille. Nous n&rsquo;avons qu&rsquo;un seul horizon possible : la\nneutralit\u00e9 climatique d&rsquo;ici 2050. Chaque territoire rel\u00e8vera ce d\u00e9fi collectif\nd&rsquo;une mani\u00e8re diff\u00e9rente, en tenant compte des forces et des faiblesses locales.<\/p>\n\n\n\n<p><strong>Pour se pr\u00e9parer \u00e0 cette \u00e8re post-2020, Energy Cities\na adopt\u00e9 un nouvel agenda<\/strong>. Notre mission reste la m\u00eame, nous voulons donner aux\nacteurs locaux les moyens de transformer les villes en des lieux \u00e0 l\u2019\u00e9preuve du\nfutur. Mais pour y parvenir, nous devons approfondir notre connaissance des\nressources potentielles, qui sont actuellement gaspill\u00e9es, trouver de nouvelles\nfa\u00e7ons de produire localement et cr\u00e9er de nouveaux liens entre les politiques,\nles secteurs&#8230; C&rsquo;est pr\u00e9cis\u00e9ment la raison pour laquelle nous avons \u00e9largi\nnotre champ d&rsquo;action, passant d&rsquo;une perspective \u00e9nerg\u00e9tique \u00e0 une approche\nsyst\u00e9mique.<\/p>\n\n\n\n<p>Les propos de&nbsp;<strong>Sandrine\nDixson, co-pr\u00e9sidente du&nbsp;<\/strong><a href=\"https:\/\/www.clubofrome.org\/\" target=\"_blank\" rel=\"noreferrer noopener\"><strong>Club de Rome<\/strong><\/a>, lors de notre d\u00e9bat de haut niveau, ont renforc\u00e9 notre conviction que\nnous sommes \u00e0 la confluence de nombreux points de basculement, et que tout un\nchacun est conscient qu&rsquo;il faut agir maintenant &#8211; seuls les dirigeants\nnationaux, europ\u00e9ens et mondiaux ne sont pas pr\u00eats ! C&rsquo;est pourquoi elle nous a\nincit\u00e9s \u00e0 porter encore plus haut et plus fort nos revendications. Les membres\nd&rsquo;Energy Cities lui sont reconnaissants de ses encouragements. Ceux-ci se\nbattent partout pour changer le statu quo et ne m\u00e9nagent pas leurs efforts pour\nprendre des engagements ambitieux. Ils appartiennent \u00e0 une communaut\u00e9 tr\u00e8s\nsp\u00e9ciale de leaders locaux d\u00e9vou\u00e9s, qui ne sont pas souvent sous la lumi\u00e8re des\nprojecteurs, mais qui transforment constamment notre monde, en instaurant la\nconfiance, jour apr\u00e8s jour, comme le font les vrais leaders.<\/p>\n\n\n\n<p><strong>Chers membres d&rsquo;Energy Cities, je vous remercie<\/strong>. Chaque fois que nous\nnous rencontrons, vous nous donnez la force de continuer et vous nous rappelez\n\u00e0 quel point notre travail collectif a du sens ! En ces temps de confinement,\nces moments, m\u00eame virtuels, sont pr\u00e9cieux.<\/p>\n\n\n\n<p>Nous reviendrons vers\nvous tr\u00e8s prochainement avec des informations pratiques sur les nouvelles\nactivit\u00e9s annonc\u00e9es et la mani\u00e8re d\u2019y participer, ainsi que sur les nouveaux\noutils d\u00e9velopp\u00e9s pour favoriser la participation, sur nos documents\nd\u2019information, et plus encore !<\/p>\n","protected":false},"excerpt":{"rendered":"<p>Le Pr\u00e9sident Biden n\u2019est pas le seul \u00e0 avoir convoqu\u00e9 les leaders du climat cette semaine, Energy Cities l\u2019a fait aussi&nbsp;! Je dirais m\u00eame que <a href=\"https:\/\/energy-cities.eu\/fr\/notre-sommet\/\">[\u2026]<\/a><\/p>\n","protected":false},"author":5,"featured_media":38685,"comment_status":"open","ping_status":"open","sticky":false,"template":"","format":"standard","meta":{"advgb_blocks_editor_width":"","advgb_blocks_columns_visual_guide":"","ub_ctt_via":""},"categories":[4],"tags":[],"hub":[310],"topic":[109,296,332,344,367],"legislative_initiative":[178],"document_type":[],"acf":[],"author_meta":{"display_name":"Claire Roumet","author_link":"https:\/\/energy-cities.eu\/fr\/staff\/c-roumet\/"},"featured_img":"https:\/\/energy-cities.eu\/wp-content\/uploads\/2021\/04\/nicholas-swanson-d19by2PLaPc-unsplash-350x233.jpg","featured_image_src":"https:\/\/energy-cities.eu\/wp-content\/uploads\/2021\/04\/nicholas-swanson-d19by2PLaPc-unsplash.jpg","author_info":{"display_name":"Claire Roumet","author_link":"https:\/\/energy-cities.eu\/fr\/staff\/c-roumet\/"},"yoast_head":"<!-- This site is optimized with the Yoast SEO plugin v18.8 - https:\/\/yoast.com\/wordpress\/plugins\/seo\/ -->\n<title>Notre sommet - Energy Cities<\/title>\n<meta name=\"robots\" content=\"index, follow, max-snippet:-1, max-image-preview:large, max-video-preview:-1\" \/>\n<link rel=\"canonical\" href=\"https:\/\/energy-cities.eu\/fr\/notre-sommet\/\" \/>\n<meta property=\"og:locale\" content=\"fr_FR\" \/>\n<meta property=\"og:type\" content=\"article\" \/>\n<meta property=\"og:title\" content=\"Notre sommet - Energy Cities\" \/>\n<meta property=\"og:description\" content=\"Le Pr\u00e9sident Biden n\u2019est pas le seul \u00e0 avoir convoqu\u00e9 les leaders du climat cette semaine, Energy Cities l\u2019a fait aussi&nbsp;! Je dirais m\u00eame que [\u2026]\" \/>\n<meta property=\"og:url\" content=\"https:\/\/energy-cities.eu\/fr\/notre-sommet\/\" \/>\n<meta property=\"og:site_name\" content=\"Energy Cities\" \/>\n<meta property=\"article:publisher\" content=\"https:\/\/www.facebook.com\/energycities.eu\/\" \/>\n<meta property=\"article:published_time\" content=\"2021-04-23T08:41:06+00:00\" \/>\n<meta property=\"article:modified_time\" content=\"2021-05-12T15:35:28+00:00\" \/>\n<meta property=\"og:image\" content=\"https:\/\/energy-cities.eu\/wp-content\/uploads\/2021\/04\/nicholas-swanson-d19by2PLaPc-unsplash.jpg\" \/>\n\t<meta property=\"og:image:width\" content=\"3264\" \/>\n\t<meta property=\"og:image:height\" content=\"2176\" \/>\n\t<meta property=\"og:image:type\" content=\"image\/jpeg\" \/>\n<meta name=\"twitter:card\" content=\"summary_large_image\" \/>\n<meta name=\"twitter:creator\" content=\"@b.karas\" \/>\n<meta name=\"twitter:site\" content=\"@energycities\" \/>\n<meta name=\"twitter:label1\" content=\"\u00c9crit par\" \/>\n\t<meta name=\"twitter:data1\" content=\"Claire Roumet\" \/>\n\t<meta name=\"twitter:label2\" content=\"Dur\u00e9e de lecture estim\u00e9e\" \/>\n\t<meta name=\"twitter:data2\" content=\"3 minutes\" \/>\n<script type=\"application\/ld+json\" class=\"yoast-schema-graph\">{\"@context\":\"https:\/\/schema.org\",\"@graph\":[{\"@type\":\"Organization\",\"@id\":\"https:\/\/energy-cities.eu\/fr\/#organization\",\"name\":\"Energy Cities\",\"url\":\"https:\/\/energy-cities.eu\/fr\/\",\"sameAs\":[\"https:\/\/www.facebook.com\/energycities.eu\/\",\"https:\/\/www.youtube.com\/channel\/UChIHn2wF76JzuTbAjSMs0hQ\",\"https:\/\/fr.wikipedia.org\/wiki\/Energy_Cities\",\"https:\/\/twitter.com\/energycities\"],\"logo\":{\"@type\":\"ImageObject\",\"inLanguage\":\"fr-FR\",\"@id\":\"https:\/\/energy-cities.eu\/fr\/#\/schema\/logo\/image\/\",\"url\":\"https:\/\/energy-cities.eu\/wp-content\/uploads\/2019\/07\/energy-cities-couleur.jpg\",\"contentUrl\":\"https:\/\/energy-cities.eu\/wp-content\/uploads\/2019\/07\/energy-cities-couleur.jpg\",\"width\":3508,\"height\":2587,\"caption\":\"Energy Cities\"},\"image\":{\"@id\":\"https:\/\/energy-cities.eu\/fr\/#\/schema\/logo\/image\/\"}},{\"@type\":\"WebSite\",\"@id\":\"https:\/\/energy-cities.eu\/fr\/#website\",\"url\":\"https:\/\/energy-cities.eu\/fr\/\",\"name\":\"Energy Cities\",\"description\":\" The European learning community for future-proof cities\",\"publisher\":{\"@id\":\"https:\/\/energy-cities.eu\/fr\/#organization\"},\"potentialAction\":[{\"@type\":\"SearchAction\",\"target\":{\"@type\":\"EntryPoint\",\"urlTemplate\":\"https:\/\/energy-cities.eu\/fr\/?s={search_term_string}\"},\"query-input\":\"required name=search_term_string\"}],\"inLanguage\":\"fr-FR\"},{\"@type\":\"ImageObject\",\"inLanguage\":\"fr-FR\",\"@id\":\"https:\/\/energy-cities.eu\/fr\/notre-sommet\/#primaryimage\",\"url\":\"https:\/\/energy-cities.eu\/wp-content\/uploads\/2021\/04\/nicholas-swanson-d19by2PLaPc-unsplash.jpg\",\"contentUrl\":\"https:\/\/energy-cities.eu\/wp-content\/uploads\/2021\/04\/nicholas-swanson-d19by2PLaPc-unsplash.jpg\",\"width\":3264,\"height\":2176,\"caption\":\"Photo by Nicholas Swanson on Unsplash\"},{\"@type\":\"WebPage\",\"@id\":\"https:\/\/energy-cities.eu\/fr\/notre-sommet\/#webpage\",\"url\":\"https:\/\/energy-cities.eu\/fr\/notre-sommet\/\",\"name\":\"Notre sommet - Energy Cities\",\"isPartOf\":{\"@id\":\"https:\/\/energy-cities.eu\/fr\/#website\"},\"primaryImageOfPage\":{\"@id\":\"https:\/\/energy-cities.eu\/fr\/notre-sommet\/#primaryimage\"},\"datePublished\":\"2021-04-23T08:41:06+00:00\",\"dateModified\":\"2021-05-12T15:35:28+00:00\",\"breadcrumb\":{\"@id\":\"https:\/\/energy-cities.eu\/fr\/notre-sommet\/#breadcrumb\"},\"inLanguage\":\"fr-FR\",\"potentialAction\":[{\"@type\":\"ReadAction\",\"target\":[\"https:\/\/energy-cities.eu\/fr\/notre-sommet\/\"]}]},{\"@type\":\"BreadcrumbList\",\"@id\":\"https:\/\/energy-cities.eu\/fr\/notre-sommet\/#breadcrumb\",\"itemListElement\":[{\"@type\":\"ListItem\",\"position\":1,\"name\":\"Home\",\"item\":\"https:\/\/energy-cities.eu\/fr\/nous-sommes-un-reseau-europeen-blabla\/\"},{\"@type\":\"ListItem\",\"position\":2,\"name\":\"Notre sommet\"}]},{\"@type\":\"Article\",\"@id\":\"https:\/\/energy-cities.eu\/fr\/notre-sommet\/#article\",\"isPartOf\":{\"@id\":\"https:\/\/energy-cities.eu\/fr\/notre-sommet\/#webpage\"},\"author\":{\"@id\":\"https:\/\/energy-cities.eu\/fr\/#\/schema\/person\/3de484cfc3a898dadb8e31bb7d07169a\"},\"headline\":\"Notre sommet\",\"datePublished\":\"2021-04-23T08:41:06+00:00\",\"dateModified\":\"2021-05-12T15:35:28+00:00\",\"mainEntityOfPage\":{\"@id\":\"https:\/\/energy-cities.eu\/fr\/notre-sommet\/#webpage\"},\"wordCount\":508,\"commentCount\":0,\"publisher\":{\"@id\":\"https:\/\/energy-cities.eu\/fr\/#organization\"},\"image\":{\"@id\":\"https:\/\/energy-cities.eu\/fr\/notre-sommet\/#primaryimage\"},\"thumbnailUrl\":\"https:\/\/energy-cities.eu\/wp-content\/uploads\/2021\/04\/nicholas-swanson-d19by2PLaPc-unsplash.jpg\",\"articleSection\":[\"Actualit\u00e9s\"],\"inLanguage\":\"fr-FR\",\"potentialAction\":[{\"@type\":\"CommentAction\",\"name\":\"Comment\",\"target\":[\"https:\/\/energy-cities.eu\/fr\/notre-sommet\/#respond\"]}]},{\"@type\":\"Person\",\"@id\":\"https:\/\/energy-cities.eu\/fr\/#\/schema\/person\/3de484cfc3a898dadb8e31bb7d07169a\",\"name\":\"Claire Roumet\",\"image\":{\"@type\":\"ImageObject\",\"inLanguage\":\"fr-FR\",\"@id\":\"https:\/\/energy-cities.eu\/fr\/#\/schema\/person\/image\/\",\"url\":\"https:\/\/secure.gravatar.com\/avatar\/db9d3a00940ba3c6552eb48c80ae75de?s=96&d=mm&r=g\",\"contentUrl\":\"https:\/\/secure.gravatar.com\/avatar\/db9d3a00940ba3c6552eb48c80ae75de?s=96&d=mm&r=g\",\"caption\":\"Claire Roumet\"},\"sameAs\":[\"https:\/\/twitter.com\/b.karas\"],\"url\":\"https:\/\/energy-cities.eu\/fr\/staff\/c-roumet\/\"}]}<\/script>\n<!-- \/ Yoast SEO plugin. -->","yoast_head_json":{"title":"Notre sommet - Energy Cities","robots":{"index":"index","follow":"follow","max-snippet":"max-snippet:-1","max-image-preview":"max-image-preview:large","max-video-preview":"max-video-preview:-1"},"canonical":"https:\/\/energy-cities.eu\/fr\/notre-sommet\/","og_locale":"fr_FR","og_type":"article","og_title":"Notre sommet - Energy Cities","og_description":"Le Pr\u00e9sident Biden n\u2019est pas le seul \u00e0 avoir convoqu\u00e9 les leaders du climat cette semaine, Energy Cities l\u2019a fait aussi&nbsp;! Je dirais m\u00eame que [\u2026]","og_url":"https:\/\/energy-cities.eu\/fr\/notre-sommet\/","og_site_name":"Energy Cities","article_publisher":"https:\/\/www.facebook.com\/energycities.eu\/","article_published_time":"2021-04-23T08:41:06+00:00","article_modified_time":"2021-05-12T15:35:28+00:00","og_image":[{"width":3264,"height":2176,"url":"https:\/\/energy-cities.eu\/wp-content\/uploads\/2021\/04\/nicholas-swanson-d19by2PLaPc-unsplash.jpg","type":"image\/jpeg"}],"twitter_card":"summary_large_image","twitter_creator":"@b.karas","twitter_site":"@energycities","twitter_misc":{"\u00c9crit par":"Claire Roumet","Dur\u00e9e de lecture estim\u00e9e":"3 minutes"},"schema":{"@context":"https:\/\/schema.org","@graph":[{"@type":"Organization","@id":"https:\/\/energy-cities.eu\/fr\/#organization","name":"Energy Cities","url":"https:\/\/energy-cities.eu\/fr\/","sameAs":["https:\/\/www.facebook.com\/energycities.eu\/","https:\/\/www.youtube.com\/channel\/UChIHn2wF76JzuTbAjSMs0hQ","https:\/\/fr.wikipedia.org\/wiki\/Energy_Cities","https:\/\/twitter.com\/energycities"],"logo":{"@type":"ImageObject","inLanguage":"fr-FR","@id":"https:\/\/energy-cities.eu\/fr\/#\/schema\/logo\/image\/","url":"https:\/\/energy-cities.eu\/wp-content\/uploads\/2019\/07\/energy-cities-couleur.jpg","contentUrl":"https:\/\/energy-cities.eu\/wp-content\/uploads\/2019\/07\/energy-cities-couleur.jpg","width":3508,"height":2587,"caption":"Energy Cities"},"image":{"@id":"https:\/\/energy-cities.eu\/fr\/#\/schema\/logo\/image\/"}},{"@type":"WebSite","@id":"https:\/\/energy-cities.eu\/fr\/#website","url":"https:\/\/energy-cities.eu\/fr\/","name":"Energy Cities","description":" The European learning community for future-proof cities","publisher":{"@id":"https:\/\/energy-cities.eu\/fr\/#organization"},"potentialAction":[{"@type":"SearchAction","target":{"@type":"EntryPoint","urlTemplate":"https:\/\/energy-cities.eu\/fr\/?s={search_term_string}"},"query-input":"required name=search_term_string"}],"inLanguage":"fr-FR"},{"@type":"ImageObject","inLanguage":"fr-FR","@id":"https:\/\/energy-cities.eu\/fr\/notre-sommet\/#primaryimage","url":"https:\/\/energy-cities.eu\/wp-content\/uploads\/2021\/04\/nicholas-swanson-d19by2PLaPc-unsplash.jpg","contentUrl":"https:\/\/energy-cities.eu\/wp-content\/uploads\/2021\/04\/nicholas-swanson-d19by2PLaPc-unsplash.jpg","width":3264,"height":2176,"caption":"Photo by Nicholas Swanson on Unsplash"},{"@type":"WebPage","@id":"https:\/\/energy-cities.eu\/fr\/notre-sommet\/#webpage","url":"https:\/\/energy-cities.eu\/fr\/notre-sommet\/","name":"Notre sommet - Energy Cities","isPartOf":{"@id":"https:\/\/energy-cities.eu\/fr\/#website"},"primaryImageOfPage":{"@id":"https:\/\/energy-cities.eu\/fr\/notre-sommet\/#primaryimage"},"datePublished":"2021-04-23T08:41:06+00:00","dateModified":"2021-05-12T15:35:28+00:00","breadcrumb":{"@id":"https:\/\/energy-cities.eu\/fr\/notre-sommet\/#breadcrumb"},"inLanguage":"fr-FR","potentialAction":[{"@type":"ReadAction","target":["https:\/\/energy-cities.eu\/fr\/notre-sommet\/"]}]},{"@type":"BreadcrumbList","@id":"https:\/\/energy-cities.eu\/fr\/notre-sommet\/#breadcrumb","itemListElement":[{"@type":"ListItem","position":1,"name":"Home","item":"https:\/\/energy-cities.eu\/fr\/nous-sommes-un-reseau-europeen-blabla\/"},{"@type":"ListItem","position":2,"name":"Notre sommet"}]},{"@type":"Article","@id":"https:\/\/energy-cities.eu\/fr\/notre-sommet\/#article","isPartOf":{"@id":"https:\/\/energy-cities.eu\/fr\/notre-sommet\/#webpage"},"author":{"@id":"https:\/\/energy-cities.eu\/fr\/#\/schema\/person\/3de484cfc3a898dadb8e31bb7d07169a"},"headline":"Notre sommet","datePublished":"2021-04-23T08:41:06+00:00","dateModified":"2021-05-12T15:35:28+00:00","mainEntityOfPage":{"@id":"https:\/\/energy-cities.eu\/fr\/notre-sommet\/#webpage"},"wordCount":508,"commentCount":0,"publisher":{"@id":"https:\/\/energy-cities.eu\/fr\/#organization"},"image":{"@id":"https:\/\/energy-cities.eu\/fr\/notre-sommet\/#primaryimage"},"thumbnailUrl":"https:\/\/energy-cities.eu\/wp-content\/uploads\/2021\/04\/nicholas-swanson-d19by2PLaPc-unsplash.jpg","articleSection":["Actualit\u00e9s"],"inLanguage":"fr-FR","potentialAction":[{"@type":"CommentAction","name":"Comment","target":["https:\/\/energy-cities.eu\/fr\/notre-sommet\/#respond"]}]},{"@type":"Person","@id":"https:\/\/energy-cities.eu\/fr\/#\/schema\/person\/3de484cfc3a898dadb8e31bb7d07169a","name":"Claire Roumet","image":{"@type":"ImageObject","inLanguage":"fr-FR","@id":"https:\/\/energy-cities.eu\/fr\/#\/schema\/person\/image\/","url":"https:\/\/secure.gravatar.com\/avatar\/db9d3a00940ba3c6552eb48c80ae75de?s=96&d=mm&r=g","contentUrl":"https:\/\/secure.gravatar.com\/avatar\/db9d3a00940ba3c6552eb48c80ae75de?s=96&d=mm&r=g","caption":"Claire Roumet"},"sameAs":["https:\/\/twitter.com\/b.karas"],"url":"https:\/\/energy-cities.eu\/fr\/staff\/c-roumet\/"}]}},"coauthors":[],"tax_additional":{"categories":{"linked":["<a href=\"https:\/\/energy-cities.eu\/fr\/category\/actualites\/\" class=\"advgb-post-tax-term\">Actualit\u00e9s<\/a>"],"unlinked":["<span class=\"advgb-post-tax-term\">Actualit\u00e9s<\/span>"]}},"comment_count":"0","relative_dates":{"created":"Publi\u00e9 5 ans il y a","modified":"Mis \u00e0 jour 5 ans il y a"},"absolute_dates":{"created":"Publi\u00e9 le 23 avril 2021","modified":"Mise \u00e0 jour le 12 mai 2021"},"absolute_dates_time":{"created":"Publi\u00e9 le 23 avril 2021 10:41  ","modified":"Mise \u00e0 jour le 12 mai 2021 5:35  "},"featured_img_caption":"Photo by Nicholas Swanson on Unsplash","_links":{"self":[{"href":"https:\/\/energy-cities.eu\/fr\/wp-json\/wp\/v2\/posts\/38697"}],"collection":[{"href":"https:\/\/energy-cities.eu\/fr\/wp-json\/wp\/v2\/posts"}],"about":[{"href":"https:\/\/energy-cities.eu\/fr\/wp-json\/wp\/v2\/types\/post"}],"author":[{"embeddable":true,"href":"https:\/\/energy-cities.eu\/fr\/wp-json\/wp\/v2\/users\/5"}],"replies":[{"embeddable":true,"href":"https:\/\/energy-cities.eu\/fr\/wp-json\/wp\/v2\/comments?post=38697"}],"version-history":[{"count":4,"href":"https:\/\/energy-cities.eu\/fr\/wp-json\/wp\/v2\/posts\/38697\/revisions"}],"predecessor-version":[{"id":39562,"href":"https:\/\/energy-cities.eu\/fr\/wp-json\/wp\/v2\/posts\/38697\/revisions\/39562"}],"wp:featuredmedia":[{"embeddable":true,"href":"https:\/\/energy-cities.eu\/fr\/wp-json\/wp\/v2\/media\/38685"}],"wp:attachment":[{"href":"https:\/\/energy-cities.eu\/fr\/wp-json\/wp\/v2\/media?parent=38697"}],"wp:term":[{"taxonomy":"category","embeddable":true,"href":"https:\/\/energy-cities.eu\/fr\/wp-json\/wp\/v2\/categories?post=38697"},{"taxonomy":"post_tag","embeddable":true,"href":"https:\/\/energy-cities.eu\/fr\/wp-json\/wp\/v2\/tags?post=38697"},{"taxonomy":"hub","embeddable":true,"href":"https:\/\/energy-cities.eu\/fr\/wp-json\/wp\/v2\/hub?post=38697"},{"taxonomy":"topic","embeddable":true,"href":"https:\/\/energy-cities.eu\/fr\/wp-json\/wp\/v2\/topic?post=38697"},{"taxonomy":"legislative_initiative","embeddable":true,"href":"https:\/\/energy-cities.eu\/fr\/wp-json\/wp\/v2\/legislative_initiative?post=38697"},{"taxonomy":"document_type","embeddable":true,"href":"https:\/\/energy-cities.eu\/fr\/wp-json\/wp\/v2\/document_type?post=38697"}],"curies":[{"name":"wp","href":"https:\/\/api.w.org\/{rel}","templated":true}]}}