{"id":38835,"date":"2021-04-30T11:37:24","date_gmt":"2021-04-30T09:37:24","guid":{"rendered":"https:\/\/energy-cities.eu\/?p=38835"},"modified":"2021-05-06T13:03:50","modified_gmt":"2021-05-06T11:03:50","slug":"villes-100-enr-5-ans-apres-laccord-de-paris-promesse-tenue","status":"publish","type":"post","link":"https:\/\/energy-cities.eu\/fr\/villes-100-enr-5-ans-apres-laccord-de-paris-promesse-tenue\/","title":{"rendered":"Villes 100% ENR : 5 ans apr\u00e8s l\u2019accord de Paris, promesse tenue ?"},"content":{"rendered":"\n<p>En 2015, l\u2019accord de Paris issu de la COP21, avec une mobilisation des\ncollectivit\u00e9s locales et de la soci\u00e9t\u00e9 civile et l\u2019adoption de la loi sur la\ntransition \u00e9nerg\u00e9tique, a motiv\u00e9 des centaines de villes \u00e0 s\u2019engager sur la\nvoie du 100% \u00e9nergies renouvelables.<\/p>\n\n\n\n<p>Le chemin emprunt\u00e9 pour atteindre cet objectif est diff\u00e9rent en\nfonction des ressources naturelles du territoire et des territoires voisins,\nmais aussi selon les priorit\u00e9s donn\u00e9es \u00e0 l\u2019efficacit\u00e9 \u00e9nerg\u00e9tique, aux vecteurs\n\u00e9nerg\u00e9tiques, aux usages, aux acteurs. <\/p>\n\n\n\n<p>5 ans apr\u00e8s, lors d\u2019un webinaire organis\u00e9 par Energy Cities, le <a rel=\"noreferrer noopener\" aria-label=\" (opens in a new tab)\" href=\"https:\/\/cler.org\/\" target=\"_blank\">CLER <\/a>et le <a rel=\"noreferrer noopener\" aria-label=\"RAC France (opens in a new tab)\" href=\"https:\/\/reseauactionclimat.org\/\" target=\"_blank\">RAC France<\/a>, dans le cadre de la <a rel=\"noreferrer noopener\" aria-label=\"biennale des villes en transition de Grenoble (opens in a new tab)\" href=\"https:\/\/www.grenoble.fr\/628-biennale-des-villes-en-transition-2021-grenoble.htm\" target=\"_blank\">biennale des villes en transition de Grenoble<\/a>, 4 de nos membres Gen\u00e8ve, Lorient, Paris et Strasbourg font un point sur leur d\u00e9marche et identifient les cl\u00e9s de r\u00e9ussite pour atteindre cet objectif ambitieux.<\/p>\n\n\n\n<h4 class=\"has-vivid-cyan-blue-color has-text-color\"><strong>100% renouvelable \u2013 1 objectif, plusieurs strat\u00e9gies<\/strong><\/h4>\n\n\n\n<p>Paris a, d\u00e8s 2016, int\u00e9gr\u00e9 l\u2019objectif du 100% \u00e9nergies renouvelables \u00e0 son Plan Climat ainsi que la neutralit\u00e9 carbone 2050, cela le place \u00e0 la crois\u00e9e de tous les enjeux et permet de toucher le plus de services et d\u2019acteurs du territoire. Le chemin est en bonne voie mais encore long pour atteindre l\u2019objectif 100%, en 2020 Paris atteint 21% d\u2019\u00e9nergies renouvelables au niveau de la consommation et 7% d\u2019\u00e9nergie renouvelable est produite localement.<\/p>\n\n\n\n<p>Lorient agglom\u00e9ration, qui a re\u00e7u le label Cit\u2019ergie Gold en 2020, pr\u00e9cise que l\u2019autonomie \u00e9nerg\u00e9tique souhait\u00e9e pour 2050 est aussi un moyen pour \u00e9quilibrer la consommation et la production locale. Aujourd\u2019hui, 7.5% d\u2019\u00e9lectricit\u00e9 renouvelable est produite sur le territoire pour atteindre 13% dans 2 ans. 33% d\u2019\u00e9nergie renouvelable est consomm\u00e9 en 2020 pour un objectif de 44% en 2022. Notons que la ville s\u2019engage parall\u00e8lement et fortement dans la r\u00e9duction de ses consommations d\u2019\u00e9nergie en les diminuant de 2010 \u00e0 2020 de 20% avec l\u2019objectif d\u2019atteindre &#8211; 40% en 2030.<\/p>\n\n\n\n<p>L\u2019Eurom\u00e9tropole de Strasbourg est elle aussi engag\u00e9e dans une d\u00e9marche d\u2019autonomie et de r\u00e9silience des territoires d\u2019ici \u00e0 2050. La production, la consommation et la ma\u00eetrise de l\u2019\u00e9nergie sont au c\u0153ur de cette strat\u00e9gie et un des objectif est de r\u00e9duire les consommations de moiti\u00e9 d\u2019ici 2050. Aujourd\u2019hui 17% des consommations est couvert par de l\u2019\u00e9nergie renouvelable.<\/p>\n\n\n\n<p>D\u00e8s 2006, le canton de Gen\u00e8ve a adopt\u00e9 une strat\u00e9gie municipale \u00ab 100% renouvelable en 2050 \u00bb pour les besoins en chauffage de ses b\u00e2timents communaux qui a clairement red\u00e9fini les orientations de sa politique \u00e9nerg\u00e9tique. Cette strat\u00e9gie s\u2019appuie dans un premier temps sur la volont\u00e9 de r\u00e9duire les \u00e9missions de gaz \u00e0 effet de serre et la transition vers le gaz a \u00e9t\u00e9 un succ\u00e8s puisque Gen\u00e8ve a pu baisser ses \u00e9missions de CO2 de pr\u00e8s de 30%. Le deuxi\u00e8me axe de cette strat\u00e9gie est la sobri\u00e9t\u00e9 notamment au niveau de la r\u00e9novation. Gen\u00e8ve s\u2019int\u00e9resse \u00e9galement \u00e0 la dimension sociale du renouvelable&nbsp;: \u00e0 quel co\u00fbt peut-on produire et distribuer cette \u00e9nergie&nbsp;!<\/p>\n\n\n\n<h4 class=\"has-vivid-cyan-blue-color has-text-color\"><strong>Mobilisez les services, les acteurs \u00e9conomiques, les citoyens \u2026 la cl\u00e9 de la r\u00e9ussite&nbsp;?<\/strong><\/h4>\n\n\n\n<blockquote class=\"wp-block-quote\"><p><em>\u00ab&nbsp;Les villes, seules, n\u2019y arriveront pas, nous devons embarquer tous les acteurs, citoyens, entreprises de nos territoires&nbsp;\u00bb<\/em><\/p><\/blockquote>\n\n\n\n<p>Les strat\u00e9gies sont ici encore diff\u00e9rentes, \u00e0 Strasbourg, l\u2019accent est mis sur une approche transversale pour construire une culture partag\u00e9e de l\u2019\u00e9nergie au sein de tous les services. Avec les citoyens, elle a r\u00e9cemment mise en place une mission d\u2019information et d\u2019\u00e9valuation sur le th\u00e8me de la g\u00e9othermie. Il faut partager et faire connaitre la strat\u00e9gie \u00e9nerg\u00e9tique pour une implication de la soci\u00e9t\u00e9 civile et des acteurs \u00e9conomiques.<\/p>\n\n\n\n<p>Paris cherche \u00e9galement \u00e0 construire une culture partag\u00e9e, l\u2019id\u00e9e \u00e9tant de relier tous les projets \u00e9mergents \u00e0 des projets d\u2019\u00e9nergie renouvelable et de notamment d\u00e9velopper des partenariats comme le partenariat urbain-rural pour acc\u00e9l\u00e9rer l\u2019\u00e9mergence de projets locaux.<\/p>\n\n\n\n<p>Lorient s\u2019appuie sur des structures, r\u00e9gie autonome, SEM et surtout sur l\u2019agence locale de l\u2019\u00e9nergie l\u2019ALOEN qui a lanc\u00e9 d\u00e9but 2021 l\u2019op\u00e9ration \u00ab&nbsp;<a href=\"https:\/\/mesvoisinssontformidables.fr\/\">Mes voisins sont formidables&nbsp;<\/a>\u00bb dont le but est de r\u00e9colter des t\u00e9moignages afin de mettre en r\u00e9cit et en illustration ce qui se fait de bien sur le territoire local.<\/p>\n\n\n\n<p>Gen\u00e8ve\nmise sur l\u2019accompagnement des habitants pour les sensibiliser et les interroger\nsur le mode de consommation. Le 21 mai prochain par exemple, elle lance \u00e0\nnouveau l\u2019initiative \u00ab&nbsp;<a href=\"https:\/\/www.lanuitestbelle.org\/\">La nuit\nest belle<\/a>&nbsp;\u00bb. Outre le fait de pouvoir observer de fa\u00e7on incroyable les\n\u00e9toiles, de pr\u00e9server la biodiversit\u00e9 nocturne, elle permet aux habitants de\nr\u00e9fl\u00e9chir sur l\u2019utilit\u00e9 d\u2019un \u00e9clairage public et priv\u00e9 (commerce, banque etc.)<\/p>\n\n\n\n<p class=\"has-background has-cyan-bluish-gray-background-color\">Pour en savoir plus sur les strat\u00e9gies et actions de ces 4 villes, visitez la page d\u00e9di\u00e9e au webinaire \u00ab\u00a0<a rel=\"noreferrer noopener\" aria-label=\"Villes 100% ENR : 5 ans apr\u00e8s l\u2019accord de Paris, promesse tenue ? (opens in a new tab)\" href=\"https:\/\/energy-cities.eu\/fr\/webinar\/villes-100-enr-5-ans-apres-laccord-de-paris-promesse-tenue\/\" target=\"_blank\"><strong>Villes 100% ENR : 5 ans apr\u00e8s l\u2019accord de Paris, promesse tenue ?<\/strong><\/a>\u00ab\u00a0.<\/p>\n\n\n\n<figure class=\"wp-block-image size-large\"><a href=\"https:\/\/youtu.be\/aPxsc2ytv8c\"><img loading=\"lazy\" width=\"1024\" height=\"601\" src=\"https:\/\/energy-cities.eu\/wp-content\/uploads\/2021\/04\/web100-1024x601.jpg\" alt=\"\" class=\"wp-image-38257\" srcset=\"https:\/\/energy-cities.eu\/wp-content\/uploads\/2021\/04\/web100-1024x601.jpg 1024w, https:\/\/energy-cities.eu\/wp-content\/uploads\/2021\/04\/web100-350x205.jpg 350w, https:\/\/energy-cities.eu\/wp-content\/uploads\/2021\/04\/web100-700x411.jpg 700w, https:\/\/energy-cities.eu\/wp-content\/uploads\/2021\/04\/web100-511x300.jpg 511w, https:\/\/energy-cities.eu\/wp-content\/uploads\/2021\/04\/web100.jpg 1060w\" sizes=\"(max-width: 1024px) 100vw, 1024px\" \/><\/a><\/figure>\n","protected":false},"excerpt":{"rendered":"<p>En 2015, l\u2019accord de Paris issu de la COP21, avec une mobilisation des collectivit\u00e9s locales et de la soci\u00e9t\u00e9 civile et l\u2019adoption de la loi <a href=\"https:\/\/energy-cities.eu\/fr\/villes-100-enr-5-ans-apres-laccord-de-paris-promesse-tenue\/\">[\u2026]<\/a><\/p>\n","protected":false},"author":30,"featured_media":18031,"comment_status":"open","ping_status":"open","sticky":false,"template":"","format":"standard","meta":{"advgb_blocks_editor_width":"","advgb_blocks_columns_visual_guide":"","ub_ctt_via":""},"categories":[4],"tags":[],"hub":[],"topic":[110],"legislative_initiative":[],"document_type":[],"acf":[],"author_meta":{"display_name":"Beatrice Karas","author_link":"https:\/\/energy-cities.eu\/fr\/staff\/b-karas\/"},"featured_img":"https:\/\/energy-cities.eu\/wp-content\/uploads\/2019\/06\/Paris_c_-Yann-Caradec-CC-BY-SA-2.0-225x300.jpg","featured_image_src":"https:\/\/energy-cities.eu\/wp-content\/uploads\/2019\/06\/Paris_c_-Yann-Caradec-CC-BY-SA-2.0.jpg","author_info":{"display_name":"Beatrice Karas","author_link":"https:\/\/energy-cities.eu\/fr\/staff\/b-karas\/"},"yoast_head":"<!-- This site is optimized with the Yoast SEO plugin v18.8 - https:\/\/yoast.com\/wordpress\/plugins\/seo\/ -->\n<title>Villes 100% ENR : 5 ans apr\u00e8s l\u2019accord de Paris, promesse tenue ? - Energy Cities<\/title>\n<meta name=\"robots\" content=\"index, follow, max-snippet:-1, max-image-preview:large, max-video-preview:-1\" \/>\n<link rel=\"canonical\" href=\"https:\/\/energy-cities.eu\/fr\/villes-100-enr-5-ans-apres-laccord-de-paris-promesse-tenue\/\" \/>\n<meta property=\"og:locale\" content=\"fr_FR\" \/>\n<meta property=\"og:type\" content=\"article\" \/>\n<meta property=\"og:title\" content=\"Villes 100% ENR : 5 ans apr\u00e8s l\u2019accord de Paris, promesse tenue ? - Energy Cities\" \/>\n<meta property=\"og:description\" content=\"En 2015, l\u2019accord de Paris issu de la COP21, avec une mobilisation des collectivit\u00e9s locales et de la soci\u00e9t\u00e9 civile et l\u2019adoption de la loi [\u2026]\" \/>\n<meta property=\"og:url\" content=\"https:\/\/energy-cities.eu\/fr\/villes-100-enr-5-ans-apres-laccord-de-paris-promesse-tenue\/\" \/>\n<meta property=\"og:site_name\" content=\"Energy Cities\" \/>\n<meta property=\"article:publisher\" content=\"https:\/\/www.facebook.com\/energycities.eu\/\" \/>\n<meta property=\"article:published_time\" content=\"2021-04-30T09:37:24+00:00\" \/>\n<meta property=\"article:modified_time\" content=\"2021-05-06T11:03:50+00:00\" \/>\n<meta property=\"og:image\" content=\"https:\/\/energy-cities.eu\/wp-content\/uploads\/2019\/06\/Paris_c_-Yann-Caradec-CC-BY-SA-2.0-769x1024.jpg\" \/>\n\t<meta property=\"og:image:width\" content=\"769\" \/>\n\t<meta property=\"og:image:height\" content=\"1024\" \/>\n\t<meta property=\"og:image:type\" content=\"image\/jpeg\" \/>\n<meta name=\"twitter:card\" content=\"summary_large_image\" \/>\n<meta name=\"twitter:creator\" content=\"@b.karas\" \/>\n<meta name=\"twitter:site\" content=\"@energycities\" \/>\n<meta name=\"twitter:label1\" content=\"\u00c9crit par\" \/>\n\t<meta name=\"twitter:data1\" content=\"Beatrice Karas\" \/>\n\t<meta name=\"twitter:label2\" content=\"Dur\u00e9e de lecture estim\u00e9e\" \/>\n\t<meta name=\"twitter:data2\" content=\"4 minutes\" \/>\n<script type=\"application\/ld+json\" class=\"yoast-schema-graph\">{\"@context\":\"https:\/\/schema.org\",\"@graph\":[{\"@type\":\"Organization\",\"@id\":\"https:\/\/energy-cities.eu\/fr\/#organization\",\"name\":\"Energy Cities\",\"url\":\"https:\/\/energy-cities.eu\/fr\/\",\"sameAs\":[\"https:\/\/www.facebook.com\/energycities.eu\/\",\"https:\/\/www.youtube.com\/channel\/UChIHn2wF76JzuTbAjSMs0hQ\",\"https:\/\/fr.wikipedia.org\/wiki\/Energy_Cities\",\"https:\/\/twitter.com\/energycities\"],\"logo\":{\"@type\":\"ImageObject\",\"inLanguage\":\"fr-FR\",\"@id\":\"https:\/\/energy-cities.eu\/fr\/#\/schema\/logo\/image\/\",\"url\":\"https:\/\/energy-cities.eu\/wp-content\/uploads\/2019\/07\/energy-cities-couleur.jpg\",\"contentUrl\":\"https:\/\/energy-cities.eu\/wp-content\/uploads\/2019\/07\/energy-cities-couleur.jpg\",\"width\":3508,\"height\":2587,\"caption\":\"Energy Cities\"},\"image\":{\"@id\":\"https:\/\/energy-cities.eu\/fr\/#\/schema\/logo\/image\/\"}},{\"@type\":\"WebSite\",\"@id\":\"https:\/\/energy-cities.eu\/fr\/#website\",\"url\":\"https:\/\/energy-cities.eu\/fr\/\",\"name\":\"Energy Cities\",\"description\":\" The European learning community for future-proof cities\",\"publisher\":{\"@id\":\"https:\/\/energy-cities.eu\/fr\/#organization\"},\"potentialAction\":[{\"@type\":\"SearchAction\",\"target\":{\"@type\":\"EntryPoint\",\"urlTemplate\":\"https:\/\/energy-cities.eu\/fr\/?s={search_term_string}\"},\"query-input\":\"required name=search_term_string\"}],\"inLanguage\":\"fr-FR\"},{\"@type\":\"ImageObject\",\"inLanguage\":\"fr-FR\",\"@id\":\"https:\/\/energy-cities.eu\/fr\/villes-100-enr-5-ans-apres-laccord-de-paris-promesse-tenue\/#primaryimage\",\"url\":\"https:\/\/energy-cities.eu\/wp-content\/uploads\/2019\/06\/Paris_c_-Yann-Caradec-CC-BY-SA-2.0.jpg\",\"contentUrl\":\"https:\/\/energy-cities.eu\/wp-content\/uploads\/2019\/06\/Paris_c_-Yann-Caradec-CC-BY-SA-2.0.jpg\",\"width\":3448,\"height\":4592,\"caption\":\"\u00a9 Yann Cadarec CC-BY-SA-2.0\"},{\"@type\":\"WebPage\",\"@id\":\"https:\/\/energy-cities.eu\/fr\/villes-100-enr-5-ans-apres-laccord-de-paris-promesse-tenue\/#webpage\",\"url\":\"https:\/\/energy-cities.eu\/fr\/villes-100-enr-5-ans-apres-laccord-de-paris-promesse-tenue\/\",\"name\":\"Villes 100% ENR : 5 ans apr\u00e8s l\u2019accord de Paris, promesse tenue ? - Energy Cities\",\"isPartOf\":{\"@id\":\"https:\/\/energy-cities.eu\/fr\/#website\"},\"primaryImageOfPage\":{\"@id\":\"https:\/\/energy-cities.eu\/fr\/villes-100-enr-5-ans-apres-laccord-de-paris-promesse-tenue\/#primaryimage\"},\"datePublished\":\"2021-04-30T09:37:24+00:00\",\"dateModified\":\"2021-05-06T11:03:50+00:00\",\"breadcrumb\":{\"@id\":\"https:\/\/energy-cities.eu\/fr\/villes-100-enr-5-ans-apres-laccord-de-paris-promesse-tenue\/#breadcrumb\"},\"inLanguage\":\"fr-FR\",\"potentialAction\":[{\"@type\":\"ReadAction\",\"target\":[\"https:\/\/energy-cities.eu\/fr\/villes-100-enr-5-ans-apres-laccord-de-paris-promesse-tenue\/\"]}]},{\"@type\":\"BreadcrumbList\",\"@id\":\"https:\/\/energy-cities.eu\/fr\/villes-100-enr-5-ans-apres-laccord-de-paris-promesse-tenue\/#breadcrumb\",\"itemListElement\":[{\"@type\":\"ListItem\",\"position\":1,\"name\":\"Home\",\"item\":\"https:\/\/energy-cities.eu\/fr\/nous-sommes-un-reseau-europeen-blabla\/\"},{\"@type\":\"ListItem\",\"position\":2,\"name\":\"Villes 100% ENR : 5 ans apr\u00e8s l\u2019accord de Paris, promesse tenue ?\"}]},{\"@type\":\"Article\",\"@id\":\"https:\/\/energy-cities.eu\/fr\/villes-100-enr-5-ans-apres-laccord-de-paris-promesse-tenue\/#article\",\"isPartOf\":{\"@id\":\"https:\/\/energy-cities.eu\/fr\/villes-100-enr-5-ans-apres-laccord-de-paris-promesse-tenue\/#webpage\"},\"author\":{\"@id\":\"https:\/\/energy-cities.eu\/fr\/#\/schema\/person\/8968fb15cc7b4751ee69937e23e9d0b0\"},\"headline\":\"Villes 100% ENR : 5 ans apr\u00e8s l\u2019accord de Paris, promesse tenue ?\",\"datePublished\":\"2021-04-30T09:37:24+00:00\",\"dateModified\":\"2021-05-06T11:03:50+00:00\",\"mainEntityOfPage\":{\"@id\":\"https:\/\/energy-cities.eu\/fr\/villes-100-enr-5-ans-apres-laccord-de-paris-promesse-tenue\/#webpage\"},\"wordCount\":846,\"commentCount\":0,\"publisher\":{\"@id\":\"https:\/\/energy-cities.eu\/fr\/#organization\"},\"image\":{\"@id\":\"https:\/\/energy-cities.eu\/fr\/villes-100-enr-5-ans-apres-laccord-de-paris-promesse-tenue\/#primaryimage\"},\"thumbnailUrl\":\"https:\/\/energy-cities.eu\/wp-content\/uploads\/2019\/06\/Paris_c_-Yann-Caradec-CC-BY-SA-2.0.jpg\",\"articleSection\":[\"Actualit\u00e9s\"],\"inLanguage\":\"fr-FR\",\"potentialAction\":[{\"@type\":\"CommentAction\",\"name\":\"Comment\",\"target\":[\"https:\/\/energy-cities.eu\/fr\/villes-100-enr-5-ans-apres-laccord-de-paris-promesse-tenue\/#respond\"]}]},{\"@type\":\"Person\",\"@id\":\"https:\/\/energy-cities.eu\/fr\/#\/schema\/person\/8968fb15cc7b4751ee69937e23e9d0b0\",\"name\":\"Beatrice Karas\",\"image\":{\"@type\":\"ImageObject\",\"inLanguage\":\"fr-FR\",\"@id\":\"https:\/\/energy-cities.eu\/fr\/#\/schema\/person\/image\/\",\"url\":\"https:\/\/secure.gravatar.com\/avatar\/637b867ece31ac4feb3faf277016c008?s=96&d=mm&r=g\",\"contentUrl\":\"https:\/\/secure.gravatar.com\/avatar\/637b867ece31ac4feb3faf277016c008?s=96&d=mm&r=g\",\"caption\":\"Beatrice Karas\"},\"sameAs\":[\"https:\/\/twitter.com\/b.karas\"],\"url\":\"https:\/\/energy-cities.eu\/fr\/staff\/b-karas\/\"}]}<\/script>\n<!-- \/ Yoast SEO plugin. -->","yoast_head_json":{"title":"Villes 100% ENR : 5 ans apr\u00e8s l\u2019accord de Paris, promesse tenue ? - Energy Cities","robots":{"index":"index","follow":"follow","max-snippet":"max-snippet:-1","max-image-preview":"max-image-preview:large","max-video-preview":"max-video-preview:-1"},"canonical":"https:\/\/energy-cities.eu\/fr\/villes-100-enr-5-ans-apres-laccord-de-paris-promesse-tenue\/","og_locale":"fr_FR","og_type":"article","og_title":"Villes 100% ENR : 5 ans apr\u00e8s l\u2019accord de Paris, promesse tenue ? - Energy Cities","og_description":"En 2015, l\u2019accord de Paris issu de la COP21, avec une mobilisation des collectivit\u00e9s locales et de la soci\u00e9t\u00e9 civile et l\u2019adoption de la loi [\u2026]","og_url":"https:\/\/energy-cities.eu\/fr\/villes-100-enr-5-ans-apres-laccord-de-paris-promesse-tenue\/","og_site_name":"Energy Cities","article_publisher":"https:\/\/www.facebook.com\/energycities.eu\/","article_published_time":"2021-04-30T09:37:24+00:00","article_modified_time":"2021-05-06T11:03:50+00:00","og_image":[{"width":769,"height":1024,"url":"https:\/\/energy-cities.eu\/wp-content\/uploads\/2019\/06\/Paris_c_-Yann-Caradec-CC-BY-SA-2.0-769x1024.jpg","type":"image\/jpeg"}],"twitter_card":"summary_large_image","twitter_creator":"@b.karas","twitter_site":"@energycities","twitter_misc":{"\u00c9crit par":"Beatrice Karas","Dur\u00e9e de lecture estim\u00e9e":"4 minutes"},"schema":{"@context":"https:\/\/schema.org","@graph":[{"@type":"Organization","@id":"https:\/\/energy-cities.eu\/fr\/#organization","name":"Energy Cities","url":"https:\/\/energy-cities.eu\/fr\/","sameAs":["https:\/\/www.facebook.com\/energycities.eu\/","https:\/\/www.youtube.com\/channel\/UChIHn2wF76JzuTbAjSMs0hQ","https:\/\/fr.wikipedia.org\/wiki\/Energy_Cities","https:\/\/twitter.com\/energycities"],"logo":{"@type":"ImageObject","inLanguage":"fr-FR","@id":"https:\/\/energy-cities.eu\/fr\/#\/schema\/logo\/image\/","url":"https:\/\/energy-cities.eu\/wp-content\/uploads\/2019\/07\/energy-cities-couleur.jpg","contentUrl":"https:\/\/energy-cities.eu\/wp-content\/uploads\/2019\/07\/energy-cities-couleur.jpg","width":3508,"height":2587,"caption":"Energy Cities"},"image":{"@id":"https:\/\/energy-cities.eu\/fr\/#\/schema\/logo\/image\/"}},{"@type":"WebSite","@id":"https:\/\/energy-cities.eu\/fr\/#website","url":"https:\/\/energy-cities.eu\/fr\/","name":"Energy Cities","description":" The European learning community for future-proof cities","publisher":{"@id":"https:\/\/energy-cities.eu\/fr\/#organization"},"potentialAction":[{"@type":"SearchAction","target":{"@type":"EntryPoint","urlTemplate":"https:\/\/energy-cities.eu\/fr\/?s={search_term_string}"},"query-input":"required name=search_term_string"}],"inLanguage":"fr-FR"},{"@type":"ImageObject","inLanguage":"fr-FR","@id":"https:\/\/energy-cities.eu\/fr\/villes-100-enr-5-ans-apres-laccord-de-paris-promesse-tenue\/#primaryimage","url":"https:\/\/energy-cities.eu\/wp-content\/uploads\/2019\/06\/Paris_c_-Yann-Caradec-CC-BY-SA-2.0.jpg","contentUrl":"https:\/\/energy-cities.eu\/wp-content\/uploads\/2019\/06\/Paris_c_-Yann-Caradec-CC-BY-SA-2.0.jpg","width":3448,"height":4592,"caption":"\u00a9 Yann Cadarec CC-BY-SA-2.0"},{"@type":"WebPage","@id":"https:\/\/energy-cities.eu\/fr\/villes-100-enr-5-ans-apres-laccord-de-paris-promesse-tenue\/#webpage","url":"https:\/\/energy-cities.eu\/fr\/villes-100-enr-5-ans-apres-laccord-de-paris-promesse-tenue\/","name":"Villes 100% ENR : 5 ans apr\u00e8s l\u2019accord de Paris, promesse tenue ? - Energy Cities","isPartOf":{"@id":"https:\/\/energy-cities.eu\/fr\/#website"},"primaryImageOfPage":{"@id":"https:\/\/energy-cities.eu\/fr\/villes-100-enr-5-ans-apres-laccord-de-paris-promesse-tenue\/#primaryimage"},"datePublished":"2021-04-30T09:37:24+00:00","dateModified":"2021-05-06T11:03:50+00:00","breadcrumb":{"@id":"https:\/\/energy-cities.eu\/fr\/villes-100-enr-5-ans-apres-laccord-de-paris-promesse-tenue\/#breadcrumb"},"inLanguage":"fr-FR","potentialAction":[{"@type":"ReadAction","target":["https:\/\/energy-cities.eu\/fr\/villes-100-enr-5-ans-apres-laccord-de-paris-promesse-tenue\/"]}]},{"@type":"BreadcrumbList","@id":"https:\/\/energy-cities.eu\/fr\/villes-100-enr-5-ans-apres-laccord-de-paris-promesse-tenue\/#breadcrumb","itemListElement":[{"@type":"ListItem","position":1,"name":"Home","item":"https:\/\/energy-cities.eu\/fr\/nous-sommes-un-reseau-europeen-blabla\/"},{"@type":"ListItem","position":2,"name":"Villes 100% ENR : 5 ans apr\u00e8s l\u2019accord de Paris, promesse tenue ?"}]},{"@type":"Article","@id":"https:\/\/energy-cities.eu\/fr\/villes-100-enr-5-ans-apres-laccord-de-paris-promesse-tenue\/#article","isPartOf":{"@id":"https:\/\/energy-cities.eu\/fr\/villes-100-enr-5-ans-apres-laccord-de-paris-promesse-tenue\/#webpage"},"author":{"@id":"https:\/\/energy-cities.eu\/fr\/#\/schema\/person\/8968fb15cc7b4751ee69937e23e9d0b0"},"headline":"Villes 100% ENR : 5 ans apr\u00e8s l\u2019accord de Paris, promesse tenue ?","datePublished":"2021-04-30T09:37:24+00:00","dateModified":"2021-05-06T11:03:50+00:00","mainEntityOfPage":{"@id":"https:\/\/energy-cities.eu\/fr\/villes-100-enr-5-ans-apres-laccord-de-paris-promesse-tenue\/#webpage"},"wordCount":846,"commentCount":0,"publisher":{"@id":"https:\/\/energy-cities.eu\/fr\/#organization"},"image":{"@id":"https:\/\/energy-cities.eu\/fr\/villes-100-enr-5-ans-apres-laccord-de-paris-promesse-tenue\/#primaryimage"},"thumbnailUrl":"https:\/\/energy-cities.eu\/wp-content\/uploads\/2019\/06\/Paris_c_-Yann-Caradec-CC-BY-SA-2.0.jpg","articleSection":["Actualit\u00e9s"],"inLanguage":"fr-FR","potentialAction":[{"@type":"CommentAction","name":"Comment","target":["https:\/\/energy-cities.eu\/fr\/villes-100-enr-5-ans-apres-laccord-de-paris-promesse-tenue\/#respond"]}]},{"@type":"Person","@id":"https:\/\/energy-cities.eu\/fr\/#\/schema\/person\/8968fb15cc7b4751ee69937e23e9d0b0","name":"Beatrice Karas","image":{"@type":"ImageObject","inLanguage":"fr-FR","@id":"https:\/\/energy-cities.eu\/fr\/#\/schema\/person\/image\/","url":"https:\/\/secure.gravatar.com\/avatar\/637b867ece31ac4feb3faf277016c008?s=96&d=mm&r=g","contentUrl":"https:\/\/secure.gravatar.com\/avatar\/637b867ece31ac4feb3faf277016c008?s=96&d=mm&r=g","caption":"Beatrice Karas"},"sameAs":["https:\/\/twitter.com\/b.karas"],"url":"https:\/\/energy-cities.eu\/fr\/staff\/b-karas\/"}]}},"coauthors":[],"tax_additional":{"categories":{"linked":["<a href=\"https:\/\/energy-cities.eu\/fr\/category\/actualites\/\" class=\"advgb-post-tax-term\">Actualit\u00e9s<\/a>"],"unlinked":["<span class=\"advgb-post-tax-term\">Actualit\u00e9s<\/span>"]}},"comment_count":"0","relative_dates":{"created":"Publi\u00e9 5 ans il y a","modified":"Mis \u00e0 jour 5 ans il y a"},"absolute_dates":{"created":"Publi\u00e9 le 30 avril 2021","modified":"Mise \u00e0 jour le 06 mai 2021"},"absolute_dates_time":{"created":"Publi\u00e9 le 30 avril 2021 11:37  ","modified":"Mise \u00e0 jour le 06 mai 2021 1:03  "},"featured_img_caption":"\u00a9 Yann Cadarec CC-BY-SA-2.0","_links":{"self":[{"href":"https:\/\/energy-cities.eu\/fr\/wp-json\/wp\/v2\/posts\/38835"}],"collection":[{"href":"https:\/\/energy-cities.eu\/fr\/wp-json\/wp\/v2\/posts"}],"about":[{"href":"https:\/\/energy-cities.eu\/fr\/wp-json\/wp\/v2\/types\/post"}],"author":[{"embeddable":true,"href":"https:\/\/energy-cities.eu\/fr\/wp-json\/wp\/v2\/users\/30"}],"replies":[{"embeddable":true,"href":"https:\/\/energy-cities.eu\/fr\/wp-json\/wp\/v2\/comments?post=38835"}],"version-history":[{"count":11,"href":"https:\/\/energy-cities.eu\/fr\/wp-json\/wp\/v2\/posts\/38835\/revisions"}],"predecessor-version":[{"id":38999,"href":"https:\/\/energy-cities.eu\/fr\/wp-json\/wp\/v2\/posts\/38835\/revisions\/38999"}],"wp:featuredmedia":[{"embeddable":true,"href":"https:\/\/energy-cities.eu\/fr\/wp-json\/wp\/v2\/media\/18031"}],"wp:attachment":[{"href":"https:\/\/energy-cities.eu\/fr\/wp-json\/wp\/v2\/media?parent=38835"}],"wp:term":[{"taxonomy":"category","embeddable":true,"href":"https:\/\/energy-cities.eu\/fr\/wp-json\/wp\/v2\/categories?post=38835"},{"taxonomy":"post_tag","embeddable":true,"href":"https:\/\/energy-cities.eu\/fr\/wp-json\/wp\/v2\/tags?post=38835"},{"taxonomy":"hub","embeddable":true,"href":"https:\/\/energy-cities.eu\/fr\/wp-json\/wp\/v2\/hub?post=38835"},{"taxonomy":"topic","embeddable":true,"href":"https:\/\/energy-cities.eu\/fr\/wp-json\/wp\/v2\/topic?post=38835"},{"taxonomy":"legislative_initiative","embeddable":true,"href":"https:\/\/energy-cities.eu\/fr\/wp-json\/wp\/v2\/legislative_initiative?post=38835"},{"taxonomy":"document_type","embeddable":true,"href":"https:\/\/energy-cities.eu\/fr\/wp-json\/wp\/v2\/document_type?post=38835"}],"curies":[{"name":"wp","href":"https:\/\/api.w.org\/{rel}","templated":true}]}}