{"id":43060,"date":"2021-10-11T10:24:10","date_gmt":"2021-10-11T08:24:10","guid":{"rendered":"https:\/\/energy-cities.eu\/?p=43060"},"modified":"2021-10-29T15:49:59","modified_gmt":"2021-10-29T13:49:59","slug":"les-villes-agissent-contre-la-precarite-energetique","status":"publish","type":"post","link":"https:\/\/energy-cities.eu\/fr\/les-villes-agissent-contre-la-precarite-energetique\/","title":{"rendered":"Les villes agissent contre la pr\u00e9carit\u00e9 \u00e9nerg\u00e9tique"},"content":{"rendered":"\n<p>Ce mois-ci, vous avez peut-\u00eatre lu notre article sur les \u00e9l\u00e9ments cl\u00e9s d&rsquo;une strat\u00e9gie locale de lutte contre la pr\u00e9carit\u00e9 \u00e9nerg\u00e9tique (dans le cas contraire, <a href=\"https:\/\/energy-cities.eu\/fr\/briser-lengrenage-de-la-precarite\/\" target=\"_blank\" rel=\"noreferrer noopener\">retrouvez-le ici<\/a> !). Dans le pr\u00e9sent article, nous voulons vous inspirer avec d&rsquo;autres exemples r\u00e9ussis d&rsquo;actions op\u00e9r\u00e9es par les autorit\u00e9s locales pour sortir de la pr\u00e9carit\u00e9 \u00e9nerg\u00e9tique, apport\u00e9s par nos membres.<\/p>\n\n\n\n<h2>Barcelone d\u00e9fend les droits en mati\u00e8re d\u2019\u00e9nergie de ses habitants<\/h2>\n\n\n\n<p>La ville de Barcelone s&rsquo;engage \u00e0 d\u00e9fendre les droits en mati\u00e8re d\u2019\u00e9nergie de ses habitants. Depuis 2015, une loi interdit aux services publics de couper l&rsquo;approvisionnement des clients vuln\u00e9rables. En 2017, pour soutenir les m\u00e9nages dans le besoin, le conseil municipal a mis en place des \u00ab&nbsp;points conseil en \u00e9nergie&nbsp;\u00bb dans 11&nbsp;quartiers, pour d\u00e9fendre les droits des habitants. Chaque point fournit des informations et une aide pour :<\/p>\n\n\n\n<ul><li>\u00e9valuer les rappels pour non-paiement des factures et \u00e9viter les coupures pour les familles vuln\u00e9rables&nbsp;;<\/li><li>estimer les co\u00fbts \u00e9nerg\u00e9tiques et r\u00e9duire la consommation d&rsquo;\u00e9nergie chez les particuliers ;<\/li><li>changer de distributeur ou passer \u00e0 des tarifs variables&nbsp;;<\/li><li>demander les tarifs sociaux et l&rsquo;exemption de la taxe sur les \u00e9gouts&nbsp;;<\/li><li>produire de l&rsquo;\u00e9nergie solaire \u00e0 domicile et d\u00e9velopper des projets d&rsquo;\u00e9nergie renouvelable.<\/li><\/ul>\n\n\n\n<p>De nombreuses personnes ont eu recours \u00e0 ce service, lequel a permis d&rsquo;\u00e9viter la coupure d&rsquo;eau, de gaz et d&rsquo;\u00e9lectricit\u00e9 dans 27&nbsp;598&nbsp;cas et d&rsquo;\u00e9conomiser 81&nbsp;692&nbsp;euros en 2020&nbsp;! En outre, un tiers du personnel employ\u00e9 par la mairie pour les points de conseil en \u00e9nergie est compos\u00e9 de personnes elles-m\u00eames en risque d&rsquo;exclusion (pr\u00e9c\u00e9demment sans emploi, majoritairement des femmes et \u00e2g\u00e9es de plus de 45&nbsp;ans) et b\u00e9n\u00e9ficiaires potentiels de ces services.<\/p>\n\n\n\n<h2>Le service conseil de Wien Energie<\/h2>\n\n\n\n<p>\u00c0 Vienne, c&rsquo;est le fournisseur d&rsquo;\u00e9nergie Wien Energie (filiale de la soci\u00e9t\u00e9 municipale de services publics Wiener Stadtwerke) qui s&rsquo;engage directement contre la pr\u00e9carit\u00e9 \u00e9nerg\u00e9tique, qui touche 6&nbsp;% des m\u00e9nages de la capitale autrichienne. Depuis 2011, les clients de Wien Energie peuvent b\u00e9n\u00e9ficier de conseils individualis\u00e9s gr\u00e2ce au service du m\u00e9diateur de l&rsquo;\u00e9nergie. Cet accompagnement s\u2019\u00e9tend de contr\u00f4les de consommation \u00e0 des visites \u00e0 domicile, en vue de proposer des solutions cibl\u00e9es, pour \u00e9viter les interruptions de service et les poursuites judiciaires.&nbsp; Le m\u00e9diateur coop\u00e8re \u00e9galement avec les services sociaux et propose des conseils et des formations aux d\u00e9cideurs. Selon les donn\u00e9es de 2020, le m\u00e9diateur de Wien Energie a re\u00e7u plus de 21&nbsp;000&nbsp;demandes de la part d&rsquo;institutions sociales et a aid\u00e9 avec succ\u00e8s environ 14&nbsp;500&nbsp;m\u00e9nages !<\/p>\n\n\n\n<h2>\u00c0 Dublin, des kits d\u2019\u00e9conomie d\u2019\u00e9nergie \u00e0 domicile<\/h2>\n\n\n\n<p>Comment permettre aux particuliers d\u2019\u00e9valuer leur consommation d&rsquo;\u00e9nergie, d&rsquo;identifier les interventions possibles et de r\u00e9duire leurs factures&nbsp;? La Codema, l&rsquo;agence de l&rsquo;\u00e9nergie de Dublin, a d\u00e9velopp\u00e9 des \u00ab&nbsp;kits d&rsquo;\u00e9conomie d&rsquo;\u00e9nergie \u00e0 domicile&nbsp;\u00bb disponibles gratuitement pour tous les r\u00e9sidents dans diff\u00e9rentes biblioth\u00e8ques de la ville. Chaque kit comprend un ensemble d&rsquo;outils faciles \u00e0 utiliser (un thermom\u00e8tre de r\u00e9frig\u00e9rateur, un thermom\u00e8tre et un hygrom\u00e8tre, une cl\u00e9 de radiateur, un d\u00e9tecteur de fuites thermiques, un compteur d&rsquo;\u00e9nergie enfichable, ainsi qu\u2019un chronom\u00e8tre) et peut \u00eatre int\u00e9gr\u00e9 \u00e0 un guide sur les mesures d&rsquo;efficacit\u00e9 \u00e9nerg\u00e9tique. L&rsquo;initiative a connu un tel succ\u00e8s que les kits sont d\u00e9sormais disponibles dans de nombreuses biblioth\u00e8ques en Irlande !<\/p>\n\n\n\n<p>Regardez la vid\u00e9o ci-dessous pour en savoir plus <\/p>\n\n\n\n<figure class=\"wp-block-embed is-type-video is-provider-youtube wp-block-embed-youtube wp-embed-aspect-16-9 wp-has-aspect-ratio\"><div class=\"wp-block-embed__wrapper\">\n<iframe loading=\"lazy\" title=\"What is the Home Energy Saving Kit?\" width=\"500\" height=\"281\" src=\"https:\/\/www.youtube.com\/embed\/6EWfMMRmpko?feature=oembed\" frameborder=\"0\" allow=\"accelerometer; autoplay; clipboard-write; encrypted-media; gyroscope; picture-in-picture\" allowfullscreen><\/iframe>\n<\/div><\/figure>\n\n\n\n<h2>Envie de d\u00e9couvrir des solutions innovantes \u00e0 la pr\u00e9carit\u00e9 \u00e9nerg\u00e9tique&nbsp;?<\/h2>\n\n\n\n<p>Energy Cities accompagne actuellement les projets <a href=\"https:\/\/wellbased.eu\/\">Wellbased<\/a> et <a href=\"https:\/\/energy-cities.eu\/project\/power-up\/\" target=\"_blank\" rel=\"noreferrer noopener\">Power Up<\/a> pour tester de nouvelles solutions locales \u00e0 la pr\u00e9carit\u00e9 \u00e9nerg\u00e9tique. Dans le cadre de Wellbased, 6&nbsp;villes vont d\u00e9velopper et tester des programmes visant \u00e0 am\u00e9liorer la sant\u00e9, le bien-\u00eatre et l&rsquo;\u00e9galit\u00e9 des personnes touch\u00e9es par la pr\u00e9carit\u00e9 \u00e9nerg\u00e9tique. Et gr\u00e2ce \u00e0 Power Up, nous aiderons les gouvernements locaux \u00e0 d\u00e9velopper des mod\u00e8les commerciaux innovants pour les acteurs du march\u00e9 de l&rsquo;\u00e9nergie \u00e0 vocation sociale, en collaboration avec les m\u00e9nages touch\u00e9s par la pr\u00e9carit\u00e9 \u00e9nerg\u00e9tique. Ne passez pas \u00e0 c\u00f4t\u00e9 de ces projets !<\/p>\n","protected":false},"excerpt":{"rendered":"<p>Ce mois-ci, vous avez peut-\u00eatre lu notre article sur les \u00e9l\u00e9ments cl\u00e9s d&rsquo;une strat\u00e9gie locale de lutte contre la pr\u00e9carit\u00e9 \u00e9nerg\u00e9tique (dans le cas contraire, <a href=\"https:\/\/energy-cities.eu\/fr\/les-villes-agissent-contre-la-precarite-energetique\/\">[\u2026]<\/a><\/p>\n","protected":false},"author":29,"featured_media":42964,"comment_status":"open","ping_status":"open","sticky":false,"template":"","format":"standard","meta":{"advgb_blocks_editor_width":"","advgb_blocks_columns_visual_guide":"","ub_ctt_via":""},"categories":[4],"tags":[],"hub":[306,309],"topic":[22,102,113],"legislative_initiative":[],"document_type":[],"acf":[],"author_meta":{"display_name":"Sara Giovannini","author_link":"https:\/\/energy-cities.eu\/fr\/staff\/s-giovannini\/"},"featured_img":"https:\/\/energy-cities.eu\/wp-content\/uploads\/2021\/10\/photo5778581577545133608-760x428-Barcelona-City-Council-350x197.jpg","featured_image_src":"https:\/\/energy-cities.eu\/wp-content\/uploads\/2021\/10\/photo5778581577545133608-760x428-Barcelona-City-Council.jpg","author_info":{"display_name":"Sara Giovannini","author_link":"https:\/\/energy-cities.eu\/fr\/staff\/s-giovannini\/"},"yoast_head":"<!-- This site is optimized with the Yoast SEO plugin v18.8 - https:\/\/yoast.com\/wordpress\/plugins\/seo\/ -->\n<title>Les villes agissent contre la pr\u00e9carit\u00e9 \u00e9nerg\u00e9tique - Energy Cities<\/title>\n<meta name=\"robots\" content=\"index, follow, max-snippet:-1, max-image-preview:large, max-video-preview:-1\" \/>\n<link rel=\"canonical\" href=\"https:\/\/energy-cities.eu\/fr\/les-villes-agissent-contre-la-precarite-energetique\/\" \/>\n<meta property=\"og:locale\" content=\"fr_FR\" \/>\n<meta property=\"og:type\" content=\"article\" \/>\n<meta property=\"og:title\" content=\"Les villes agissent contre la pr\u00e9carit\u00e9 \u00e9nerg\u00e9tique - Energy Cities\" \/>\n<meta property=\"og:description\" content=\"Ce mois-ci, vous avez peut-\u00eatre lu notre article sur les \u00e9l\u00e9ments cl\u00e9s d&rsquo;une strat\u00e9gie locale de lutte contre la pr\u00e9carit\u00e9 \u00e9nerg\u00e9tique (dans le cas contraire, [\u2026]\" \/>\n<meta property=\"og:url\" content=\"https:\/\/energy-cities.eu\/fr\/les-villes-agissent-contre-la-precarite-energetique\/\" \/>\n<meta property=\"og:site_name\" content=\"Energy Cities\" \/>\n<meta property=\"article:publisher\" content=\"https:\/\/www.facebook.com\/energycities.eu\/\" \/>\n<meta property=\"article:published_time\" content=\"2021-10-11T08:24:10+00:00\" \/>\n<meta property=\"article:modified_time\" content=\"2021-10-29T13:49:59+00:00\" \/>\n<meta property=\"og:image\" content=\"https:\/\/energy-cities.eu\/wp-content\/uploads\/2021\/10\/photo5778581577545133608-760x428-Barcelona-City-Council.jpg\" \/>\n\t<meta property=\"og:image:width\" content=\"760\" \/>\n\t<meta property=\"og:image:height\" content=\"428\" \/>\n\t<meta property=\"og:image:type\" content=\"image\/jpeg\" \/>\n<meta name=\"twitter:card\" content=\"summary_large_image\" \/>\n<meta name=\"twitter:creator\" content=\"@Giovannini_S\" \/>\n<meta name=\"twitter:site\" content=\"@energycities\" \/>\n<meta name=\"twitter:label1\" content=\"\u00c9crit par\" \/>\n\t<meta name=\"twitter:data1\" content=\"Sara Giovannini\" \/>\n\t<meta name=\"twitter:label2\" content=\"Dur\u00e9e de lecture estim\u00e9e\" \/>\n\t<meta name=\"twitter:data2\" content=\"3 minutes\" \/>\n<script type=\"application\/ld+json\" class=\"yoast-schema-graph\">{\"@context\":\"https:\/\/schema.org\",\"@graph\":[{\"@type\":\"Organization\",\"@id\":\"https:\/\/energy-cities.eu\/fr\/#organization\",\"name\":\"Energy Cities\",\"url\":\"https:\/\/energy-cities.eu\/fr\/\",\"sameAs\":[\"https:\/\/www.facebook.com\/energycities.eu\/\",\"https:\/\/www.youtube.com\/channel\/UChIHn2wF76JzuTbAjSMs0hQ\",\"https:\/\/fr.wikipedia.org\/wiki\/Energy_Cities\",\"https:\/\/twitter.com\/energycities\"],\"logo\":{\"@type\":\"ImageObject\",\"inLanguage\":\"fr-FR\",\"@id\":\"https:\/\/energy-cities.eu\/fr\/#\/schema\/logo\/image\/\",\"url\":\"https:\/\/energy-cities.eu\/wp-content\/uploads\/2019\/07\/energy-cities-couleur.jpg\",\"contentUrl\":\"https:\/\/energy-cities.eu\/wp-content\/uploads\/2019\/07\/energy-cities-couleur.jpg\",\"width\":3508,\"height\":2587,\"caption\":\"Energy Cities\"},\"image\":{\"@id\":\"https:\/\/energy-cities.eu\/fr\/#\/schema\/logo\/image\/\"}},{\"@type\":\"WebSite\",\"@id\":\"https:\/\/energy-cities.eu\/fr\/#website\",\"url\":\"https:\/\/energy-cities.eu\/fr\/\",\"name\":\"Energy Cities\",\"description\":\" The European learning community for future-proof cities\",\"publisher\":{\"@id\":\"https:\/\/energy-cities.eu\/fr\/#organization\"},\"potentialAction\":[{\"@type\":\"SearchAction\",\"target\":{\"@type\":\"EntryPoint\",\"urlTemplate\":\"https:\/\/energy-cities.eu\/fr\/?s={search_term_string}\"},\"query-input\":\"required name=search_term_string\"}],\"inLanguage\":\"fr-FR\"},{\"@type\":\"ImageObject\",\"inLanguage\":\"fr-FR\",\"@id\":\"https:\/\/energy-cities.eu\/fr\/les-villes-agissent-contre-la-precarite-energetique\/#primaryimage\",\"url\":\"https:\/\/energy-cities.eu\/wp-content\/uploads\/2021\/10\/photo5778581577545133608-760x428-Barcelona-City-Council.jpg\",\"contentUrl\":\"https:\/\/energy-cities.eu\/wp-content\/uploads\/2021\/10\/photo5778581577545133608-760x428-Barcelona-City-Council.jpg\",\"width\":760,\"height\":428,\"caption\":\"Credits: Barcelona City Council\"},{\"@type\":\"WebPage\",\"@id\":\"https:\/\/energy-cities.eu\/fr\/les-villes-agissent-contre-la-precarite-energetique\/#webpage\",\"url\":\"https:\/\/energy-cities.eu\/fr\/les-villes-agissent-contre-la-precarite-energetique\/\",\"name\":\"Les villes agissent contre la pr\u00e9carit\u00e9 \u00e9nerg\u00e9tique - Energy Cities\",\"isPartOf\":{\"@id\":\"https:\/\/energy-cities.eu\/fr\/#website\"},\"primaryImageOfPage\":{\"@id\":\"https:\/\/energy-cities.eu\/fr\/les-villes-agissent-contre-la-precarite-energetique\/#primaryimage\"},\"datePublished\":\"2021-10-11T08:24:10+00:00\",\"dateModified\":\"2021-10-29T13:49:59+00:00\",\"breadcrumb\":{\"@id\":\"https:\/\/energy-cities.eu\/fr\/les-villes-agissent-contre-la-precarite-energetique\/#breadcrumb\"},\"inLanguage\":\"fr-FR\",\"potentialAction\":[{\"@type\":\"ReadAction\",\"target\":[\"https:\/\/energy-cities.eu\/fr\/les-villes-agissent-contre-la-precarite-energetique\/\"]}]},{\"@type\":\"BreadcrumbList\",\"@id\":\"https:\/\/energy-cities.eu\/fr\/les-villes-agissent-contre-la-precarite-energetique\/#breadcrumb\",\"itemListElement\":[{\"@type\":\"ListItem\",\"position\":1,\"name\":\"Home\",\"item\":\"https:\/\/energy-cities.eu\/fr\/nous-sommes-un-reseau-europeen-blabla\/\"},{\"@type\":\"ListItem\",\"position\":2,\"name\":\"Les villes agissent contre la pr\u00e9carit\u00e9 \u00e9nerg\u00e9tique\"}]},{\"@type\":\"Article\",\"@id\":\"https:\/\/energy-cities.eu\/fr\/les-villes-agissent-contre-la-precarite-energetique\/#article\",\"isPartOf\":{\"@id\":\"https:\/\/energy-cities.eu\/fr\/les-villes-agissent-contre-la-precarite-energetique\/#webpage\"},\"author\":{\"@id\":\"https:\/\/energy-cities.eu\/fr\/#\/schema\/person\/73f112310a36882313788a50db45fe68\"},\"headline\":\"Les villes agissent contre la pr\u00e9carit\u00e9 \u00e9nerg\u00e9tique\",\"datePublished\":\"2021-10-11T08:24:10+00:00\",\"dateModified\":\"2021-10-29T13:49:59+00:00\",\"mainEntityOfPage\":{\"@id\":\"https:\/\/energy-cities.eu\/fr\/les-villes-agissent-contre-la-precarite-energetique\/#webpage\"},\"wordCount\":741,\"commentCount\":0,\"publisher\":{\"@id\":\"https:\/\/energy-cities.eu\/fr\/#organization\"},\"image\":{\"@id\":\"https:\/\/energy-cities.eu\/fr\/les-villes-agissent-contre-la-precarite-energetique\/#primaryimage\"},\"thumbnailUrl\":\"https:\/\/energy-cities.eu\/wp-content\/uploads\/2021\/10\/photo5778581577545133608-760x428-Barcelona-City-Council.jpg\",\"articleSection\":[\"Actualit\u00e9s\"],\"inLanguage\":\"fr-FR\",\"potentialAction\":[{\"@type\":\"CommentAction\",\"name\":\"Comment\",\"target\":[\"https:\/\/energy-cities.eu\/fr\/les-villes-agissent-contre-la-precarite-energetique\/#respond\"]}]},{\"@type\":\"Person\",\"@id\":\"https:\/\/energy-cities.eu\/fr\/#\/schema\/person\/73f112310a36882313788a50db45fe68\",\"name\":\"Sara Giovannini\",\"image\":{\"@type\":\"ImageObject\",\"inLanguage\":\"fr-FR\",\"@id\":\"https:\/\/energy-cities.eu\/fr\/#\/schema\/person\/image\/\",\"url\":\"https:\/\/secure.gravatar.com\/avatar\/ed06f04ad82b63908c4b0461665a3717?s=96&d=mm&r=g\",\"contentUrl\":\"https:\/\/secure.gravatar.com\/avatar\/ed06f04ad82b63908c4b0461665a3717?s=96&d=mm&r=g\",\"caption\":\"Sara Giovannini\"},\"sameAs\":[\"https:\/\/twitter.com\/Giovannini_S\"],\"url\":\"https:\/\/energy-cities.eu\/fr\/staff\/s-giovannini\/\"}]}<\/script>\n<!-- \/ Yoast SEO plugin. -->","yoast_head_json":{"title":"Les villes agissent contre la pr\u00e9carit\u00e9 \u00e9nerg\u00e9tique - Energy Cities","robots":{"index":"index","follow":"follow","max-snippet":"max-snippet:-1","max-image-preview":"max-image-preview:large","max-video-preview":"max-video-preview:-1"},"canonical":"https:\/\/energy-cities.eu\/fr\/les-villes-agissent-contre-la-precarite-energetique\/","og_locale":"fr_FR","og_type":"article","og_title":"Les villes agissent contre la pr\u00e9carit\u00e9 \u00e9nerg\u00e9tique - Energy Cities","og_description":"Ce mois-ci, vous avez peut-\u00eatre lu notre article sur les \u00e9l\u00e9ments cl\u00e9s d&rsquo;une strat\u00e9gie locale de lutte contre la pr\u00e9carit\u00e9 \u00e9nerg\u00e9tique (dans le cas contraire, [\u2026]","og_url":"https:\/\/energy-cities.eu\/fr\/les-villes-agissent-contre-la-precarite-energetique\/","og_site_name":"Energy Cities","article_publisher":"https:\/\/www.facebook.com\/energycities.eu\/","article_published_time":"2021-10-11T08:24:10+00:00","article_modified_time":"2021-10-29T13:49:59+00:00","og_image":[{"width":760,"height":428,"url":"https:\/\/energy-cities.eu\/wp-content\/uploads\/2021\/10\/photo5778581577545133608-760x428-Barcelona-City-Council.jpg","type":"image\/jpeg"}],"twitter_card":"summary_large_image","twitter_creator":"@Giovannini_S","twitter_site":"@energycities","twitter_misc":{"\u00c9crit par":"Sara Giovannini","Dur\u00e9e de lecture estim\u00e9e":"3 minutes"},"schema":{"@context":"https:\/\/schema.org","@graph":[{"@type":"Organization","@id":"https:\/\/energy-cities.eu\/fr\/#organization","name":"Energy Cities","url":"https:\/\/energy-cities.eu\/fr\/","sameAs":["https:\/\/www.facebook.com\/energycities.eu\/","https:\/\/www.youtube.com\/channel\/UChIHn2wF76JzuTbAjSMs0hQ","https:\/\/fr.wikipedia.org\/wiki\/Energy_Cities","https:\/\/twitter.com\/energycities"],"logo":{"@type":"ImageObject","inLanguage":"fr-FR","@id":"https:\/\/energy-cities.eu\/fr\/#\/schema\/logo\/image\/","url":"https:\/\/energy-cities.eu\/wp-content\/uploads\/2019\/07\/energy-cities-couleur.jpg","contentUrl":"https:\/\/energy-cities.eu\/wp-content\/uploads\/2019\/07\/energy-cities-couleur.jpg","width":3508,"height":2587,"caption":"Energy Cities"},"image":{"@id":"https:\/\/energy-cities.eu\/fr\/#\/schema\/logo\/image\/"}},{"@type":"WebSite","@id":"https:\/\/energy-cities.eu\/fr\/#website","url":"https:\/\/energy-cities.eu\/fr\/","name":"Energy Cities","description":" The European learning community for future-proof cities","publisher":{"@id":"https:\/\/energy-cities.eu\/fr\/#organization"},"potentialAction":[{"@type":"SearchAction","target":{"@type":"EntryPoint","urlTemplate":"https:\/\/energy-cities.eu\/fr\/?s={search_term_string}"},"query-input":"required name=search_term_string"}],"inLanguage":"fr-FR"},{"@type":"ImageObject","inLanguage":"fr-FR","@id":"https:\/\/energy-cities.eu\/fr\/les-villes-agissent-contre-la-precarite-energetique\/#primaryimage","url":"https:\/\/energy-cities.eu\/wp-content\/uploads\/2021\/10\/photo5778581577545133608-760x428-Barcelona-City-Council.jpg","contentUrl":"https:\/\/energy-cities.eu\/wp-content\/uploads\/2021\/10\/photo5778581577545133608-760x428-Barcelona-City-Council.jpg","width":760,"height":428,"caption":"Credits: Barcelona City Council"},{"@type":"WebPage","@id":"https:\/\/energy-cities.eu\/fr\/les-villes-agissent-contre-la-precarite-energetique\/#webpage","url":"https:\/\/energy-cities.eu\/fr\/les-villes-agissent-contre-la-precarite-energetique\/","name":"Les villes agissent contre la pr\u00e9carit\u00e9 \u00e9nerg\u00e9tique - Energy Cities","isPartOf":{"@id":"https:\/\/energy-cities.eu\/fr\/#website"},"primaryImageOfPage":{"@id":"https:\/\/energy-cities.eu\/fr\/les-villes-agissent-contre-la-precarite-energetique\/#primaryimage"},"datePublished":"2021-10-11T08:24:10+00:00","dateModified":"2021-10-29T13:49:59+00:00","breadcrumb":{"@id":"https:\/\/energy-cities.eu\/fr\/les-villes-agissent-contre-la-precarite-energetique\/#breadcrumb"},"inLanguage":"fr-FR","potentialAction":[{"@type":"ReadAction","target":["https:\/\/energy-cities.eu\/fr\/les-villes-agissent-contre-la-precarite-energetique\/"]}]},{"@type":"BreadcrumbList","@id":"https:\/\/energy-cities.eu\/fr\/les-villes-agissent-contre-la-precarite-energetique\/#breadcrumb","itemListElement":[{"@type":"ListItem","position":1,"name":"Home","item":"https:\/\/energy-cities.eu\/fr\/nous-sommes-un-reseau-europeen-blabla\/"},{"@type":"ListItem","position":2,"name":"Les villes agissent contre la pr\u00e9carit\u00e9 \u00e9nerg\u00e9tique"}]},{"@type":"Article","@id":"https:\/\/energy-cities.eu\/fr\/les-villes-agissent-contre-la-precarite-energetique\/#article","isPartOf":{"@id":"https:\/\/energy-cities.eu\/fr\/les-villes-agissent-contre-la-precarite-energetique\/#webpage"},"author":{"@id":"https:\/\/energy-cities.eu\/fr\/#\/schema\/person\/73f112310a36882313788a50db45fe68"},"headline":"Les villes agissent contre la pr\u00e9carit\u00e9 \u00e9nerg\u00e9tique","datePublished":"2021-10-11T08:24:10+00:00","dateModified":"2021-10-29T13:49:59+00:00","mainEntityOfPage":{"@id":"https:\/\/energy-cities.eu\/fr\/les-villes-agissent-contre-la-precarite-energetique\/#webpage"},"wordCount":741,"commentCount":0,"publisher":{"@id":"https:\/\/energy-cities.eu\/fr\/#organization"},"image":{"@id":"https:\/\/energy-cities.eu\/fr\/les-villes-agissent-contre-la-precarite-energetique\/#primaryimage"},"thumbnailUrl":"https:\/\/energy-cities.eu\/wp-content\/uploads\/2021\/10\/photo5778581577545133608-760x428-Barcelona-City-Council.jpg","articleSection":["Actualit\u00e9s"],"inLanguage":"fr-FR","potentialAction":[{"@type":"CommentAction","name":"Comment","target":["https:\/\/energy-cities.eu\/fr\/les-villes-agissent-contre-la-precarite-energetique\/#respond"]}]},{"@type":"Person","@id":"https:\/\/energy-cities.eu\/fr\/#\/schema\/person\/73f112310a36882313788a50db45fe68","name":"Sara Giovannini","image":{"@type":"ImageObject","inLanguage":"fr-FR","@id":"https:\/\/energy-cities.eu\/fr\/#\/schema\/person\/image\/","url":"https:\/\/secure.gravatar.com\/avatar\/ed06f04ad82b63908c4b0461665a3717?s=96&d=mm&r=g","contentUrl":"https:\/\/secure.gravatar.com\/avatar\/ed06f04ad82b63908c4b0461665a3717?s=96&d=mm&r=g","caption":"Sara Giovannini"},"sameAs":["https:\/\/twitter.com\/Giovannini_S"],"url":"https:\/\/energy-cities.eu\/fr\/staff\/s-giovannini\/"}]}},"coauthors":[],"tax_additional":{"categories":{"linked":["<a href=\"https:\/\/energy-cities.eu\/fr\/category\/actualites\/\" class=\"advgb-post-tax-term\">Actualit\u00e9s<\/a>"],"unlinked":["<span class=\"advgb-post-tax-term\">Actualit\u00e9s<\/span>"]}},"comment_count":"0","relative_dates":{"created":"Publi\u00e9 5 ans il y a","modified":"Mis \u00e0 jour 5 ans il y a"},"absolute_dates":{"created":"Publi\u00e9 le 11 octobre 2021","modified":"Mise \u00e0 jour le 29 octobre 2021"},"absolute_dates_time":{"created":"Publi\u00e9 le 11 octobre 2021 10:24  ","modified":"Mise \u00e0 jour le 29 octobre 2021 3:49  "},"featured_img_caption":"Credits: Barcelona City Council","_links":{"self":[{"href":"https:\/\/energy-cities.eu\/fr\/wp-json\/wp\/v2\/posts\/43060"}],"collection":[{"href":"https:\/\/energy-cities.eu\/fr\/wp-json\/wp\/v2\/posts"}],"about":[{"href":"https:\/\/energy-cities.eu\/fr\/wp-json\/wp\/v2\/types\/post"}],"author":[{"embeddable":true,"href":"https:\/\/energy-cities.eu\/fr\/wp-json\/wp\/v2\/users\/29"}],"replies":[{"embeddable":true,"href":"https:\/\/energy-cities.eu\/fr\/wp-json\/wp\/v2\/comments?post=43060"}],"version-history":[{"count":5,"href":"https:\/\/energy-cities.eu\/fr\/wp-json\/wp\/v2\/posts\/43060\/revisions"}],"predecessor-version":[{"id":43066,"href":"https:\/\/energy-cities.eu\/fr\/wp-json\/wp\/v2\/posts\/43060\/revisions\/43066"}],"wp:featuredmedia":[{"embeddable":true,"href":"https:\/\/energy-cities.eu\/fr\/wp-json\/wp\/v2\/media\/42964"}],"wp:attachment":[{"href":"https:\/\/energy-cities.eu\/fr\/wp-json\/wp\/v2\/media?parent=43060"}],"wp:term":[{"taxonomy":"category","embeddable":true,"href":"https:\/\/energy-cities.eu\/fr\/wp-json\/wp\/v2\/categories?post=43060"},{"taxonomy":"post_tag","embeddable":true,"href":"https:\/\/energy-cities.eu\/fr\/wp-json\/wp\/v2\/tags?post=43060"},{"taxonomy":"hub","embeddable":true,"href":"https:\/\/energy-cities.eu\/fr\/wp-json\/wp\/v2\/hub?post=43060"},{"taxonomy":"topic","embeddable":true,"href":"https:\/\/energy-cities.eu\/fr\/wp-json\/wp\/v2\/topic?post=43060"},{"taxonomy":"legislative_initiative","embeddable":true,"href":"https:\/\/energy-cities.eu\/fr\/wp-json\/wp\/v2\/legislative_initiative?post=43060"},{"taxonomy":"document_type","embeddable":true,"href":"https:\/\/energy-cities.eu\/fr\/wp-json\/wp\/v2\/document_type?post=43060"}],"curies":[{"name":"wp","href":"https:\/\/api.w.org\/{rel}","templated":true}]}}