{"id":48670,"date":"2022-04-29T10:18:50","date_gmt":"2022-04-29T08:18:50","guid":{"rendered":"https:\/\/energy-cities.eu\/?p=48670"},"modified":"2022-04-29T10:18:51","modified_gmt":"2022-04-29T08:18:51","slug":"pour-des-systemes-alimentaires-durables-et-resilients%ef%bf%bc","status":"publish","type":"post","link":"https:\/\/energy-cities.eu\/fr\/pour-des-systemes-alimentaires-durables-et-resilients%ef%bf%bc\/","title":{"rendered":"Pour des syst\u00e8mes alimentaires durables et r\u00e9silients\ufffc"},"content":{"rendered":"\n<p>Renforcer le pouvoir des acteur\u00b7rices locaux\u00b7ales, faire un usage raisonn\u00e9 de nos ressources et vivre dans les limites de notre plan\u00e8te, tout cela requi\u00e8re des processus d\u00e9cisionnels robustes et d\u00e9mocratiques.&nbsp;<\/p>\n\n\n\n<p>A Energy Cities, nous sommes anim\u00e9\u00b7es par la volont\u00e9 de renforcer le r\u00f4le et les comp\u00e9tences des collectivit\u00e9s locales afin d\u2019assurer le bien-\u00eatre des communaut\u00e9s locales et acc\u00e9l\u00e9rer la transition vers la neutralit\u00e9 climatique. Les Hubs d&rsquo;Energy Cities sont des espaces communautaires, d\u00e9di\u00e9s \u00e0 nos membres, qui ont vocation \u00e0 :&nbsp;&nbsp; &nbsp;<\/p>\n\n\n\n<ul><li><strong>encourager<\/strong> les responsables locaux\u00b7ales \u00e0 cr\u00e9er des espaces de vie accessibles \u00e0 tous\u00b7tes&nbsp;&nbsp;<\/li><li><strong>donner<\/strong> aux communaut\u00e9s locales les moyens de d\u00e9cider de leur propre avenir&nbsp;&nbsp;<\/li><li><strong>inspirer<\/strong> une communaut\u00e9 d&rsquo;apprentissage de villes engag\u00e9es dans la transformation de leur \u00e9conomie en une \u00e9conomie tourn\u00e9e vers l\u2019avenir&nbsp;&nbsp;<\/li><\/ul>\n\n\n\n<p>Nos 5 Hubs, lanc\u00e9s en avril, sont une nouvelle fa\u00e7on de structurer les activit\u00e9s de notre r\u00e9seau. De plus amples informations seront disponibles dans les semaines \u00e0 venir, restez \u00e0 l\u2019\u00e9coute !<\/p>\n\n\n\n<p>Aujourd\u2019hui, nous vous pr\u00e9sentons le Hub \u00ab&nbsp;Syst\u00e8mes alimentaires r\u00e9silients&nbsp;\u00bb.<\/p>\n\n\n\n<p><strong>Pourquoi un Hub sur les syst\u00e8mes alimentaires r\u00e9silients\u00a0?\u00a0\u00a0<\/strong>\u00a0\u00a0<\/p>\n\n\n\n<p>Les syst\u00e8mes alimentaires repr\u00e9sentent pr\u00e8s d&rsquo;un tiers des \u00e9missions mondiales de gaz \u00e0 effet de serre et ont un impact consid\u00e9rable sur les ressources naturelles, la biodiversit\u00e9 et la sant\u00e9. La transition vers des syst\u00e8mes alimentaires ancr\u00e9s localement rev\u00eat donc une importance capitale si nous voulons rester dans les limites plan\u00e9taires. Mais l\u2019alimentation repr\u00e9sente \u00e9galement un lien fondamental entre les diff\u00e9rentes cultures et au sein de chacune d\u2019entre elles : \u00e9l\u00e9ment central de notre existence, l\u2019alimentation est un pilier culturel, social et \u00e9conomique de notre soci\u00e9t\u00e9. Les r\u00e9centes tendances observ\u00e9es, telles que les jardins communautaires ou les fermes municipales, t\u00e9moignent par ailleurs d&rsquo;un int\u00e9r\u00eat g\u00e9n\u00e9ral pour les alternatives aux syst\u00e8mes alimentaires dominants.&nbsp;<\/p>\n\n\n\n<p>Vous vous demandez comment acc\u00e9l\u00e9rer la transition vers des syst\u00e8mes alimentaires durables et r\u00e9silients au niveau local ? Ou dans quelle mesure une gouvernance alimentaire urbaine int\u00e9gr\u00e9e et efficace peut acc\u00e9l\u00e9rer les transitions des syst\u00e8mes alimentaires ? Vous \u00eates curieux de savoir quels instruments les villes peuvent utiliser pour soutenir les initiatives alimentaires alternatives et promouvoir la sant\u00e9 des sols et la r\u00e9g\u00e9n\u00e9ration des terres ? Alors ce Hub est fait pour vous !&nbsp;<\/p>\n\n\n\n<p>\u202f&nbsp;<\/p>\n\n\n\n<p>Avec ce Hub, nous offrons \u00e0 votre ville la possibilit\u00e9 d\u2019\u00e9changer et de trouver des sources d\u2019inspiration, dans un climat qui favorise l\u2019apprentissage transsectoriel et la fertilisation crois\u00e9e des divers secteurs de l\u2019action politique,\u00a0 <strong>tout en explorant les moyens et les strat\u00e9gies pour acc\u00e9l\u00e9rer la transition vers des syst\u00e8mes alimentaires durables et r\u00e9silients.<\/strong><\/p>\n\n\n\n<p><strong>Concr\u00e8tement, qu\u2019est-ce que cela signifie ?<\/strong><strong>&nbsp;<\/strong><strong><\/strong><\/p>\n\n\n\n<p>Gr\u00e2ce aux activit\u00e9s propos\u00e9es au sein de ce Hub, nous allons :&nbsp;<\/p>\n\n\n\n<ul><li>nous assurer que nos membres sont r\u00e9guli\u00e8rement tenu\u00b7es inform\u00e9\u00b7es des derni\u00e8res nouveaut\u00e9s en mati\u00e8re de politiques europ\u00e9ennes gr\u00e2ce \u00e0 des notes de synth\u00e8se destin\u00e9es aux responsables politiques locaux\u00b7ales et \u00e0 la mise \u00e0 jour de dossiers ayant trait aux principales politiques de l\u2019UE.&nbsp; &nbsp;&nbsp;<\/li><li>organiser des discussions entre responsables politiques locaux\u00b7ales et responsables politiques europ\u00e9en\u00b7nes sur des propositions concr\u00e8tes en faveur de la transition climatique des villes.<\/li><li>aider nos membres \u00e0 renforcer leurs capacit\u00e9s afin de faciliter leur parcours de transition ; nous y parviendrons gr\u00e2ce \u00e0 des formations, du coaching, des outils et des \u00e9changes entre pairs.&nbsp;<\/li><li>faciliter l&rsquo;acc\u00e8s de nos membres aux financements europ\u00e9ens gr\u00e2ce \u00e0 des r\u00e9unions d&rsquo;information, des sessions de mise en relation et des laboratoires d&rsquo;id\u00e9es de projets. Nous lancerons \u00e9galement des appels d\u2019offres de financement sur des sujets sp\u00e9cifiques.<\/li><\/ul>\n\n\n\n<p><strong>Pr\u00eat\u00b7es \u00e0 rejoindre le Hub \u00ab&nbsp;Syst\u00e8mes alimentaires r\u00e9silients&nbsp;\u00bb ?<\/strong><strong>&nbsp;<\/strong><strong><\/strong><\/p>\n\n\n\n<p>En tant que membre, vous pouvez rejoindre ces cinq Hubs et b\u00e9n\u00e9ficier, gratuitement, de toutes les activit\u00e9s propos\u00e9es, align\u00e9es sur nos <a href=\"https:\/\/energy-cities.eu\/publication\/agenda-for-a-transformative-decade\/\" target=\"_blank\" rel=\"noreferrer noopener\">syst\u00e8mes d\u2019intervention et nos objectifs d\u2019impact<\/a>. En rejoignant nos hubs, vous ferez partie de notre communaut\u00e9 d&rsquo;apprentissage compos\u00e9e de praticien\u00b7nes locaux\u00b7ales issu\u00b7es de diff\u00e9rents milieux et domaines d&rsquo;expertise : \u00e9lu\u00b7es locaux\u00b7ales, technicien\u00b7nes et responsables municipaux\u00b7ales, tous\u00b7tes partageant la m\u00eame vision : atteindre la neutralit\u00e9 climatique d&rsquo;ici 2050.<\/p>\n\n\n\n<p>Vous souhaitez rejoindre le Hub \u00ab&nbsp;Syst\u00e8mes alimentaires r\u00e9silients&nbsp;\u00bb ? Faites nous part de votre int\u00e9r\u00eat en vous pr\u00e9inscrivant ici.&nbsp;&nbsp;<\/p>\n\n\n\n<p>Nous avons lanc\u00e9 nos Hubs lors de <a href=\"https:\/\/energy-cities.eu\/project\/brussels-2022\/\">notre Forum<\/a> annuel en avril et nous vous tiendrons inform\u00e9\u00b7es de leur actualit\u00e9 dans les semaines \u00e0 venir.&nbsp;<\/p>\n\n\n\n<p><\/p>\n","protected":false},"excerpt":{"rendered":"<p>Renforcer le pouvoir des acteur\u00b7rices locaux\u00b7ales, faire un usage raisonn\u00e9 de nos ressources et vivre dans les limites de notre plan\u00e8te, tout cela requi\u00e8re des <a href=\"https:\/\/energy-cities.eu\/fr\/pour-des-systemes-alimentaires-durables-et-resilients%ef%bf%bc\/\">[\u2026]<\/a><\/p>\n","protected":false},"author":53,"featured_media":48667,"comment_status":"open","ping_status":"open","sticky":false,"template":"","format":"standard","meta":{"advgb_blocks_editor_width":"","advgb_blocks_columns_visual_guide":"","ub_ctt_via":""},"categories":[4],"tags":[],"hub":[307],"topic":[102,319],"legislative_initiative":[],"document_type":[],"acf":[],"author_meta":{"display_name":"Marie Royer","author_link":"https:\/\/energy-cities.eu\/fr\/staff\/m-royer\/"},"featured_img":"https:\/\/energy-cities.eu\/wp-content\/uploads\/2022\/04\/nrd-D6Tu_L3chLE-unsplash-333x250.jpg","featured_image_src":"https:\/\/energy-cities.eu\/wp-content\/uploads\/2022\/04\/nrd-D6Tu_L3chLE-unsplash-scaled.jpg","author_info":{"display_name":"Marie Royer","author_link":"https:\/\/energy-cities.eu\/fr\/staff\/m-royer\/"},"yoast_head":"<!-- This site is optimized with the Yoast SEO plugin v18.8 - https:\/\/yoast.com\/wordpress\/plugins\/seo\/ -->\n<title>Pour des syst\u00e8mes alimentaires durables et r\u00e9silients\ufffc - Energy Cities<\/title>\n<meta name=\"robots\" content=\"index, follow, max-snippet:-1, max-image-preview:large, max-video-preview:-1\" \/>\n<link rel=\"canonical\" href=\"https:\/\/energy-cities.eu\/fr\/pour-des-systemes-alimentaires-durables-et-resilients%ef%bf%bc\/\" \/>\n<meta property=\"og:locale\" content=\"fr_FR\" \/>\n<meta property=\"og:type\" content=\"article\" \/>\n<meta property=\"og:title\" content=\"Pour des syst\u00e8mes alimentaires durables et r\u00e9silients\ufffc - Energy Cities\" \/>\n<meta property=\"og:description\" content=\"Renforcer le pouvoir des acteur\u00b7rices locaux\u00b7ales, faire un usage raisonn\u00e9 de nos ressources et vivre dans les limites de notre plan\u00e8te, tout cela requi\u00e8re des [\u2026]\" \/>\n<meta property=\"og:url\" content=\"https:\/\/energy-cities.eu\/fr\/pour-des-systemes-alimentaires-durables-et-resilients%ef%bf%bc\/\" \/>\n<meta property=\"og:site_name\" content=\"Energy Cities\" \/>\n<meta property=\"article:publisher\" content=\"https:\/\/www.facebook.com\/energycities.eu\/\" \/>\n<meta property=\"article:published_time\" content=\"2022-04-29T08:18:50+00:00\" \/>\n<meta property=\"article:modified_time\" content=\"2022-04-29T08:18:51+00:00\" \/>\n<meta property=\"og:image\" content=\"https:\/\/energy-cities.eu\/wp-content\/uploads\/2022\/04\/nrd-D6Tu_L3chLE-unsplash-scaled.jpg\" \/>\n\t<meta property=\"og:image:width\" content=\"2560\" \/>\n\t<meta property=\"og:image:height\" content=\"1920\" \/>\n\t<meta property=\"og:image:type\" content=\"image\/jpeg\" \/>\n<meta name=\"twitter:card\" content=\"summary_large_image\" \/>\n<meta name=\"twitter:creator\" content=\"@https:\/\/twitter.com\/energycities\" \/>\n<meta name=\"twitter:site\" content=\"@energycities\" \/>\n<meta name=\"twitter:label1\" content=\"\u00c9crit par\" \/>\n\t<meta name=\"twitter:data1\" content=\"Marie Royer\" \/>\n\t<meta name=\"twitter:label2\" content=\"Dur\u00e9e de lecture estim\u00e9e\" \/>\n\t<meta name=\"twitter:data2\" content=\"3 minutes\" \/>\n<script type=\"application\/ld+json\" class=\"yoast-schema-graph\">{\"@context\":\"https:\/\/schema.org\",\"@graph\":[{\"@type\":\"Organization\",\"@id\":\"https:\/\/energy-cities.eu\/fr\/#organization\",\"name\":\"Energy Cities\",\"url\":\"https:\/\/energy-cities.eu\/fr\/\",\"sameAs\":[\"https:\/\/www.facebook.com\/energycities.eu\/\",\"https:\/\/www.youtube.com\/channel\/UChIHn2wF76JzuTbAjSMs0hQ\",\"https:\/\/fr.wikipedia.org\/wiki\/Energy_Cities\",\"https:\/\/twitter.com\/energycities\"],\"logo\":{\"@type\":\"ImageObject\",\"inLanguage\":\"fr-FR\",\"@id\":\"https:\/\/energy-cities.eu\/fr\/#\/schema\/logo\/image\/\",\"url\":\"https:\/\/energy-cities.eu\/wp-content\/uploads\/2019\/07\/energy-cities-couleur.jpg\",\"contentUrl\":\"https:\/\/energy-cities.eu\/wp-content\/uploads\/2019\/07\/energy-cities-couleur.jpg\",\"width\":3508,\"height\":2587,\"caption\":\"Energy Cities\"},\"image\":{\"@id\":\"https:\/\/energy-cities.eu\/fr\/#\/schema\/logo\/image\/\"}},{\"@type\":\"WebSite\",\"@id\":\"https:\/\/energy-cities.eu\/fr\/#website\",\"url\":\"https:\/\/energy-cities.eu\/fr\/\",\"name\":\"Energy Cities\",\"description\":\" The European learning community for future-proof cities\",\"publisher\":{\"@id\":\"https:\/\/energy-cities.eu\/fr\/#organization\"},\"potentialAction\":[{\"@type\":\"SearchAction\",\"target\":{\"@type\":\"EntryPoint\",\"urlTemplate\":\"https:\/\/energy-cities.eu\/fr\/?s={search_term_string}\"},\"query-input\":\"required name=search_term_string\"}],\"inLanguage\":\"fr-FR\"},{\"@type\":\"ImageObject\",\"inLanguage\":\"fr-FR\",\"@id\":\"https:\/\/energy-cities.eu\/fr\/pour-des-systemes-alimentaires-durables-et-resilients%ef%bf%bc\/#primaryimage\",\"url\":\"https:\/\/energy-cities.eu\/wp-content\/uploads\/2022\/04\/nrd-D6Tu_L3chLE-unsplash-scaled.jpg\",\"contentUrl\":\"https:\/\/energy-cities.eu\/wp-content\/uploads\/2022\/04\/nrd-D6Tu_L3chLE-unsplash-scaled.jpg\",\"width\":2560,\"height\":1920},{\"@type\":\"WebPage\",\"@id\":\"https:\/\/energy-cities.eu\/fr\/pour-des-systemes-alimentaires-durables-et-resilients%ef%bf%bc\/#webpage\",\"url\":\"https:\/\/energy-cities.eu\/fr\/pour-des-systemes-alimentaires-durables-et-resilients%ef%bf%bc\/\",\"name\":\"Pour des syst\u00e8mes alimentaires durables et r\u00e9silients\ufffc - Energy Cities\",\"isPartOf\":{\"@id\":\"https:\/\/energy-cities.eu\/fr\/#website\"},\"primaryImageOfPage\":{\"@id\":\"https:\/\/energy-cities.eu\/fr\/pour-des-systemes-alimentaires-durables-et-resilients%ef%bf%bc\/#primaryimage\"},\"datePublished\":\"2022-04-29T08:18:50+00:00\",\"dateModified\":\"2022-04-29T08:18:51+00:00\",\"breadcrumb\":{\"@id\":\"https:\/\/energy-cities.eu\/fr\/pour-des-systemes-alimentaires-durables-et-resilients%ef%bf%bc\/#breadcrumb\"},\"inLanguage\":\"fr-FR\",\"potentialAction\":[{\"@type\":\"ReadAction\",\"target\":[\"https:\/\/energy-cities.eu\/fr\/pour-des-systemes-alimentaires-durables-et-resilients%ef%bf%bc\/\"]}]},{\"@type\":\"BreadcrumbList\",\"@id\":\"https:\/\/energy-cities.eu\/fr\/pour-des-systemes-alimentaires-durables-et-resilients%ef%bf%bc\/#breadcrumb\",\"itemListElement\":[{\"@type\":\"ListItem\",\"position\":1,\"name\":\"Home\",\"item\":\"https:\/\/energy-cities.eu\/fr\/nous-sommes-un-reseau-europeen-blabla\/\"},{\"@type\":\"ListItem\",\"position\":2,\"name\":\"Pour des syst\u00e8mes alimentaires durables et r\u00e9silients\ufffc\"}]},{\"@type\":\"Article\",\"@id\":\"https:\/\/energy-cities.eu\/fr\/pour-des-systemes-alimentaires-durables-et-resilients%ef%bf%bc\/#article\",\"isPartOf\":{\"@id\":\"https:\/\/energy-cities.eu\/fr\/pour-des-systemes-alimentaires-durables-et-resilients%ef%bf%bc\/#webpage\"},\"author\":{\"@id\":\"https:\/\/energy-cities.eu\/fr\/#\/schema\/person\/ed4cca42dfe6d6c8b44b82394870a2fe\"},\"headline\":\"Pour des syst\u00e8mes alimentaires durables et r\u00e9silients\ufffc\",\"datePublished\":\"2022-04-29T08:18:50+00:00\",\"dateModified\":\"2022-04-29T08:18:51+00:00\",\"mainEntityOfPage\":{\"@id\":\"https:\/\/energy-cities.eu\/fr\/pour-des-systemes-alimentaires-durables-et-resilients%ef%bf%bc\/#webpage\"},\"wordCount\":833,\"commentCount\":0,\"publisher\":{\"@id\":\"https:\/\/energy-cities.eu\/fr\/#organization\"},\"image\":{\"@id\":\"https:\/\/energy-cities.eu\/fr\/pour-des-systemes-alimentaires-durables-et-resilients%ef%bf%bc\/#primaryimage\"},\"thumbnailUrl\":\"https:\/\/energy-cities.eu\/wp-content\/uploads\/2022\/04\/nrd-D6Tu_L3chLE-unsplash-scaled.jpg\",\"articleSection\":[\"Actualit\u00e9s\"],\"inLanguage\":\"fr-FR\",\"potentialAction\":[{\"@type\":\"CommentAction\",\"name\":\"Comment\",\"target\":[\"https:\/\/energy-cities.eu\/fr\/pour-des-systemes-alimentaires-durables-et-resilients%ef%bf%bc\/#respond\"]}]},{\"@type\":\"Person\",\"@id\":\"https:\/\/energy-cities.eu\/fr\/#\/schema\/person\/ed4cca42dfe6d6c8b44b82394870a2fe\",\"name\":\"Marie Royer\",\"image\":{\"@type\":\"ImageObject\",\"inLanguage\":\"fr-FR\",\"@id\":\"https:\/\/energy-cities.eu\/fr\/#\/schema\/person\/image\/\",\"url\":\"https:\/\/secure.gravatar.com\/avatar\/52ded87449e18212fa731513dae318a4?s=96&d=mm&r=g\",\"contentUrl\":\"https:\/\/secure.gravatar.com\/avatar\/52ded87449e18212fa731513dae318a4?s=96&d=mm&r=g\",\"caption\":\"Marie Royer\"},\"sameAs\":[\"https:\/\/twitter.com\/https:\/\/twitter.com\/energycities\"],\"url\":\"https:\/\/energy-cities.eu\/fr\/staff\/m-royer\/\"}]}<\/script>\n<!-- \/ Yoast SEO plugin. -->","yoast_head_json":{"title":"Pour des syst\u00e8mes alimentaires durables et r\u00e9silients\ufffc - Energy Cities","robots":{"index":"index","follow":"follow","max-snippet":"max-snippet:-1","max-image-preview":"max-image-preview:large","max-video-preview":"max-video-preview:-1"},"canonical":"https:\/\/energy-cities.eu\/fr\/pour-des-systemes-alimentaires-durables-et-resilients%ef%bf%bc\/","og_locale":"fr_FR","og_type":"article","og_title":"Pour des syst\u00e8mes alimentaires durables et r\u00e9silients\ufffc - Energy Cities","og_description":"Renforcer le pouvoir des acteur\u00b7rices locaux\u00b7ales, faire un usage raisonn\u00e9 de nos ressources et vivre dans les limites de notre plan\u00e8te, tout cela requi\u00e8re des [\u2026]","og_url":"https:\/\/energy-cities.eu\/fr\/pour-des-systemes-alimentaires-durables-et-resilients%ef%bf%bc\/","og_site_name":"Energy Cities","article_publisher":"https:\/\/www.facebook.com\/energycities.eu\/","article_published_time":"2022-04-29T08:18:50+00:00","article_modified_time":"2022-04-29T08:18:51+00:00","og_image":[{"width":2560,"height":1920,"url":"https:\/\/energy-cities.eu\/wp-content\/uploads\/2022\/04\/nrd-D6Tu_L3chLE-unsplash-scaled.jpg","type":"image\/jpeg"}],"twitter_card":"summary_large_image","twitter_creator":"@https:\/\/twitter.com\/energycities","twitter_site":"@energycities","twitter_misc":{"\u00c9crit par":"Marie Royer","Dur\u00e9e de lecture estim\u00e9e":"3 minutes"},"schema":{"@context":"https:\/\/schema.org","@graph":[{"@type":"Organization","@id":"https:\/\/energy-cities.eu\/fr\/#organization","name":"Energy Cities","url":"https:\/\/energy-cities.eu\/fr\/","sameAs":["https:\/\/www.facebook.com\/energycities.eu\/","https:\/\/www.youtube.com\/channel\/UChIHn2wF76JzuTbAjSMs0hQ","https:\/\/fr.wikipedia.org\/wiki\/Energy_Cities","https:\/\/twitter.com\/energycities"],"logo":{"@type":"ImageObject","inLanguage":"fr-FR","@id":"https:\/\/energy-cities.eu\/fr\/#\/schema\/logo\/image\/","url":"https:\/\/energy-cities.eu\/wp-content\/uploads\/2019\/07\/energy-cities-couleur.jpg","contentUrl":"https:\/\/energy-cities.eu\/wp-content\/uploads\/2019\/07\/energy-cities-couleur.jpg","width":3508,"height":2587,"caption":"Energy Cities"},"image":{"@id":"https:\/\/energy-cities.eu\/fr\/#\/schema\/logo\/image\/"}},{"@type":"WebSite","@id":"https:\/\/energy-cities.eu\/fr\/#website","url":"https:\/\/energy-cities.eu\/fr\/","name":"Energy Cities","description":" The European learning community for future-proof cities","publisher":{"@id":"https:\/\/energy-cities.eu\/fr\/#organization"},"potentialAction":[{"@type":"SearchAction","target":{"@type":"EntryPoint","urlTemplate":"https:\/\/energy-cities.eu\/fr\/?s={search_term_string}"},"query-input":"required name=search_term_string"}],"inLanguage":"fr-FR"},{"@type":"ImageObject","inLanguage":"fr-FR","@id":"https:\/\/energy-cities.eu\/fr\/pour-des-systemes-alimentaires-durables-et-resilients%ef%bf%bc\/#primaryimage","url":"https:\/\/energy-cities.eu\/wp-content\/uploads\/2022\/04\/nrd-D6Tu_L3chLE-unsplash-scaled.jpg","contentUrl":"https:\/\/energy-cities.eu\/wp-content\/uploads\/2022\/04\/nrd-D6Tu_L3chLE-unsplash-scaled.jpg","width":2560,"height":1920},{"@type":"WebPage","@id":"https:\/\/energy-cities.eu\/fr\/pour-des-systemes-alimentaires-durables-et-resilients%ef%bf%bc\/#webpage","url":"https:\/\/energy-cities.eu\/fr\/pour-des-systemes-alimentaires-durables-et-resilients%ef%bf%bc\/","name":"Pour des syst\u00e8mes alimentaires durables et r\u00e9silients\ufffc - Energy Cities","isPartOf":{"@id":"https:\/\/energy-cities.eu\/fr\/#website"},"primaryImageOfPage":{"@id":"https:\/\/energy-cities.eu\/fr\/pour-des-systemes-alimentaires-durables-et-resilients%ef%bf%bc\/#primaryimage"},"datePublished":"2022-04-29T08:18:50+00:00","dateModified":"2022-04-29T08:18:51+00:00","breadcrumb":{"@id":"https:\/\/energy-cities.eu\/fr\/pour-des-systemes-alimentaires-durables-et-resilients%ef%bf%bc\/#breadcrumb"},"inLanguage":"fr-FR","potentialAction":[{"@type":"ReadAction","target":["https:\/\/energy-cities.eu\/fr\/pour-des-systemes-alimentaires-durables-et-resilients%ef%bf%bc\/"]}]},{"@type":"BreadcrumbList","@id":"https:\/\/energy-cities.eu\/fr\/pour-des-systemes-alimentaires-durables-et-resilients%ef%bf%bc\/#breadcrumb","itemListElement":[{"@type":"ListItem","position":1,"name":"Home","item":"https:\/\/energy-cities.eu\/fr\/nous-sommes-un-reseau-europeen-blabla\/"},{"@type":"ListItem","position":2,"name":"Pour des syst\u00e8mes alimentaires durables et r\u00e9silients\ufffc"}]},{"@type":"Article","@id":"https:\/\/energy-cities.eu\/fr\/pour-des-systemes-alimentaires-durables-et-resilients%ef%bf%bc\/#article","isPartOf":{"@id":"https:\/\/energy-cities.eu\/fr\/pour-des-systemes-alimentaires-durables-et-resilients%ef%bf%bc\/#webpage"},"author":{"@id":"https:\/\/energy-cities.eu\/fr\/#\/schema\/person\/ed4cca42dfe6d6c8b44b82394870a2fe"},"headline":"Pour des syst\u00e8mes alimentaires durables et r\u00e9silients\ufffc","datePublished":"2022-04-29T08:18:50+00:00","dateModified":"2022-04-29T08:18:51+00:00","mainEntityOfPage":{"@id":"https:\/\/energy-cities.eu\/fr\/pour-des-systemes-alimentaires-durables-et-resilients%ef%bf%bc\/#webpage"},"wordCount":833,"commentCount":0,"publisher":{"@id":"https:\/\/energy-cities.eu\/fr\/#organization"},"image":{"@id":"https:\/\/energy-cities.eu\/fr\/pour-des-systemes-alimentaires-durables-et-resilients%ef%bf%bc\/#primaryimage"},"thumbnailUrl":"https:\/\/energy-cities.eu\/wp-content\/uploads\/2022\/04\/nrd-D6Tu_L3chLE-unsplash-scaled.jpg","articleSection":["Actualit\u00e9s"],"inLanguage":"fr-FR","potentialAction":[{"@type":"CommentAction","name":"Comment","target":["https:\/\/energy-cities.eu\/fr\/pour-des-systemes-alimentaires-durables-et-resilients%ef%bf%bc\/#respond"]}]},{"@type":"Person","@id":"https:\/\/energy-cities.eu\/fr\/#\/schema\/person\/ed4cca42dfe6d6c8b44b82394870a2fe","name":"Marie Royer","image":{"@type":"ImageObject","inLanguage":"fr-FR","@id":"https:\/\/energy-cities.eu\/fr\/#\/schema\/person\/image\/","url":"https:\/\/secure.gravatar.com\/avatar\/52ded87449e18212fa731513dae318a4?s=96&d=mm&r=g","contentUrl":"https:\/\/secure.gravatar.com\/avatar\/52ded87449e18212fa731513dae318a4?s=96&d=mm&r=g","caption":"Marie Royer"},"sameAs":["https:\/\/twitter.com\/https:\/\/twitter.com\/energycities"],"url":"https:\/\/energy-cities.eu\/fr\/staff\/m-royer\/"}]}},"coauthors":[],"tax_additional":{"categories":{"linked":["<a href=\"https:\/\/energy-cities.eu\/fr\/category\/actualites\/\" class=\"advgb-post-tax-term\">Actualit\u00e9s<\/a>"],"unlinked":["<span class=\"advgb-post-tax-term\">Actualit\u00e9s<\/span>"]}},"comment_count":"0","relative_dates":{"created":"Publi\u00e9 4 ans il y a","modified":"Mis \u00e0 jour 4 ans il y a"},"absolute_dates":{"created":"Publi\u00e9 le 29 avril 2022","modified":"Mise \u00e0 jour le 29 avril 2022"},"absolute_dates_time":{"created":"Publi\u00e9 le 29 avril 2022 10:18  ","modified":"Mise \u00e0 jour le 29 avril 2022 10:18  "},"featured_img_caption":"","_links":{"self":[{"href":"https:\/\/energy-cities.eu\/fr\/wp-json\/wp\/v2\/posts\/48670"}],"collection":[{"href":"https:\/\/energy-cities.eu\/fr\/wp-json\/wp\/v2\/posts"}],"about":[{"href":"https:\/\/energy-cities.eu\/fr\/wp-json\/wp\/v2\/types\/post"}],"author":[{"embeddable":true,"href":"https:\/\/energy-cities.eu\/fr\/wp-json\/wp\/v2\/users\/53"}],"replies":[{"embeddable":true,"href":"https:\/\/energy-cities.eu\/fr\/wp-json\/wp\/v2\/comments?post=48670"}],"version-history":[{"count":2,"href":"https:\/\/energy-cities.eu\/fr\/wp-json\/wp\/v2\/posts\/48670\/revisions"}],"predecessor-version":[{"id":48672,"href":"https:\/\/energy-cities.eu\/fr\/wp-json\/wp\/v2\/posts\/48670\/revisions\/48672"}],"wp:featuredmedia":[{"embeddable":true,"href":"https:\/\/energy-cities.eu\/fr\/wp-json\/wp\/v2\/media\/48667"}],"wp:attachment":[{"href":"https:\/\/energy-cities.eu\/fr\/wp-json\/wp\/v2\/media?parent=48670"}],"wp:term":[{"taxonomy":"category","embeddable":true,"href":"https:\/\/energy-cities.eu\/fr\/wp-json\/wp\/v2\/categories?post=48670"},{"taxonomy":"post_tag","embeddable":true,"href":"https:\/\/energy-cities.eu\/fr\/wp-json\/wp\/v2\/tags?post=48670"},{"taxonomy":"hub","embeddable":true,"href":"https:\/\/energy-cities.eu\/fr\/wp-json\/wp\/v2\/hub?post=48670"},{"taxonomy":"topic","embeddable":true,"href":"https:\/\/energy-cities.eu\/fr\/wp-json\/wp\/v2\/topic?post=48670"},{"taxonomy":"legislative_initiative","embeddable":true,"href":"https:\/\/energy-cities.eu\/fr\/wp-json\/wp\/v2\/legislative_initiative?post=48670"},{"taxonomy":"document_type","embeddable":true,"href":"https:\/\/energy-cities.eu\/fr\/wp-json\/wp\/v2\/document_type?post=48670"}],"curies":[{"name":"wp","href":"https:\/\/api.w.org\/{rel}","templated":true}]}}