{"id":49439,"date":"2022-05-17T04:49:00","date_gmt":"2022-05-17T02:49:00","guid":{"rendered":"https:\/\/energy-cities.eu\/?p=49439"},"modified":"2022-05-17T11:40:30","modified_gmt":"2022-05-17T09:40:30","slug":"getting-to-the-local-zero-eradicating-energy-poverty-at-city-level","status":"publish","type":"post","link":"https:\/\/energy-cities.eu\/fr\/getting-to-the-local-zero-eradicating-energy-poverty-at-city-level\/","title":{"rendered":"Viser le \u00ab\u00a0z\u00e9ro\u00a0\u00bb: comment \u00e9radiquer la pr\u00e9carit\u00e9 \u00e9nerg\u00e9tique \u00e0 niveau local"},"content":{"rendered":"\n<p><strong>Voir grand, commencer petit, apprendre vite : C&rsquo;est probablement la meilleure fa\u00e7on de d\u00e9crire l&rsquo;approche du gouvernement local de Barcelone pour s&rsquo;attaquer \u00e0 l&rsquo;immense probl\u00e8me croissant de la pr\u00e9carit\u00e9 \u00e9nerg\u00e9tique. Pouss\u00e9e par l&rsquo;objectif ambitieux de parvenir \u00e0 0% (oui, z\u00e9ro!) de pr\u00e9carit\u00e9 \u00e9nerg\u00e9tique d&rsquo;ici 2030, la ville a mis en place un service citoyen d\u00e9di\u00e9 \u00e0 ce ph\u00e9nom\u00e8ne. Comment r\u00e9pliquer rapidement ce que Barcelone \u00e0 su mettre en place ces derni\u00e8res ann\u00e9es? <\/strong><\/p>\n\n\n\n<p><\/p>\n\n\n\n<p>Chaque habitant de la ville peut obtenir un soutien et des conseils aupr\u00e8s du bureau, un guichet unique pour les personnes vuln\u00e9rables. Comme l&rsquo;explique Julia Linares du conseil municipal de Barcelone, ce point-info est \u00e0 la fois un centre d&rsquo;aide (sociale, juridique, \u00e9conomique), une opportunit\u00e9 d&#8217;emploi (beaucoup des conseillers ont \u00e9t\u00e9 form\u00e9s apr\u00e8s un ch\u00f4mage longue dur\u00e9e) et le point de d\u00e9part d&rsquo;un travail dans les quartiers pour d\u00e9tecter et r\u00e9duire la pr\u00e9carit\u00e9. <\/p>\n\n\n\n<p>Pour aider d&rsquo;autres villes \u00e0 se pr\u00e9parer \u00e0 la mise en place de m\u00e9canismes de soutien similaires, la Convention europ\u00e9enne des maires vient de lancer son pilier sur la pauvret\u00e9 \u00e9nerg\u00e9tique. En compl\u00e9ment \u00e0 l&rsquo;att\u00e9nuation et l&rsquo;adaptation, ce troisi\u00e8me pilier devrait aider les signataires \u00e0 d\u00e9finir des objectifs et des mesures li\u00e9s aux impacts sociaux n\u00e9gatifs de la hausse des prix de l&rsquo;\u00e9nergie, aux mauvaises conditions de logement ou m\u00eame \u00e0 la d\u00e9carbonisation de nos modes de production et de consommation.<\/p>\n\n\n\n<p>La <a href=\"http:\/\/www.eumayors.eu\">Convention des Maires <\/a>et l&rsquo;Energy Poverty Advisory Hub (EPAH) ont uni leurs forces et d\u00e9velopp\u00e9 une m\u00e9thodologie pour<\/p>\n\n\n\n<p>1) diagnostiquer<\/p>\n\n\n\n<p>2) planifier, et<\/p>\n\n\n\n<p>3) mettre en oeuvre des actions contre la pr\u00e9carit\u00e9 \u00e9nerg\u00e9tique.&nbsp;<\/p>\n\n\n\n<p><\/p>\n\n\n\n<p>Energy Cities apporte un soutien tr\u00e8s concret aux villes \u00e0 travers deux de ses projets phares sociaux :<\/p>\n\n\n\n<p><strong>La pr\u00e9carit\u00e9 \u00e9nerg\u00e9tique nous rend malade<\/strong><\/p>\n\n\n\n<p>La sant\u00e9 est une dimension souvent n\u00e9glig\u00e9e quand on parle de pr\u00e9carit\u00e9 \u00e9nerg\u00e9tique. <a href=\"http:\/\/www.wellbased.eu\" target=\"_blank\" rel=\"noreferrer noopener\">WELLBASED<\/a>, un projet de recherche (Horizon 2020), s&rsquo;int\u00e9resse \u00e0 la d\u00e9tresse physique et psychologique dont souffrent les personnes touch\u00e9es. Les six villes pilotes Valence (Espagne), Heerlen (Pays-Bas), Leeds (Royaume-Uni), Edirne (Turquie), Obuda (Hongrie) et Jelgava (Lettonie) con\u00e7oivent et mettent actuellement en \u0153uvre six programmes pilotes visant particuli\u00e8rement \u00e0 am\u00e9liorer la sant\u00e9, le bien-\u00eatre et l&rsquo;\u00e9galit\u00e9 des personnes touch\u00e9es par la pauvret\u00e9 \u00e9nerg\u00e9tique. Sur la base de ces exp\u00e9riences, les pilotes et leurs partenaires universitaires et \u00e0 but non lucratif proposeront aux d\u00e9cideurs politiques et aux praticiens des villes des solutions reproductibles \u00e0 l&rsquo;\u00e9chelle europ\u00e9enne.<\/p>\n\n\n\n<p><\/p>\n\n\n\n<p><strong>Des mod\u00e8les commerciaux cr\u00e9\u00e9s avec et pour des clients vuln\u00e9rables<\/strong><\/p>\n\n\n\n<p>Les services \u00e9nerg\u00e9tiques sont rarement con\u00e7us avec le consommateur et rarement pour les personnes qui ont du mal \u00e0 payer leur facture. Les six projets pilotes du projet <a href=\"http:\/\/www.socialenergyplayers.eu\" target=\"_blank\" rel=\"noreferrer noopener\">POWER UP<\/a> serviront de \u00ab\u00a0laboratoires vivants\u00a0\u00bb car ils exploreront, avec les m\u00e9nages touch\u00e9s par la pauvret\u00e9 \u00e9nerg\u00e9tique, les mod\u00e8les commerciaux qui peuvent \u00eatre financi\u00e8rement et socialement viables. Les professionnels les plus en contacts avec les personnes en situation pr\u00e9caire, notamment le personnel du care ou dans le d\u00e9partement social de la ville, serviront d&rsquo;interm\u00e9diaire pour ces activit\u00e9s de co-conception.<\/p>\n","protected":false},"excerpt":{"rendered":"<p>Chaque habitant de la ville de Barcelone peut obtenir un soutien et des conseils aupr\u00e8s d&rsquo;un guichet unique pour les personnes vuln\u00e9rables. Comme l&rsquo;explique Julia Linares du conseil municipal de Barcelone, ce point-info est \u00e0 la fois un centre d&rsquo;aide (sociale, juridique, \u00e9conomique), une opportunit\u00e9 d&#8217;emploi (beaucoup des conseillers ont \u00e9t\u00e9 form\u00e9s apr\u00e8s un ch\u00f4mage longue dur\u00e9e) et le point de d\u00e9part d&rsquo;un travail dans les quartiers pour d\u00e9tecter et r\u00e9duire la pr\u00e9carit\u00e9. Comment r\u00e9pliquer rapidement ce que Barcelone \u00e0 su mettre en place ces derni\u00e8res ann\u00e9es?<\/p>\n","protected":false},"author":25,"featured_media":49434,"comment_status":"open","ping_status":"open","sticky":true,"template":"","format":"standard","meta":{"advgb_blocks_editor_width":"","advgb_blocks_columns_visual_guide":"","ub_ctt_via":""},"categories":[4],"tags":[],"hub":[309],"topic":[22,108,110],"legislative_initiative":[],"document_type":[],"acf":[],"author_meta":{"display_name":"Miriam Eisermann","author_link":"https:\/\/energy-cities.eu\/fr\/staff\/m-eisermann\/"},"featured_img":"https:\/\/energy-cities.eu\/wp-content\/uploads\/2022\/05\/jeremy-perkins-1XgFFEG_RGA-unsplash-350x217.jpg","featured_image_src":"https:\/\/energy-cities.eu\/wp-content\/uploads\/2022\/05\/jeremy-perkins-1XgFFEG_RGA-unsplash-scaled.jpg","author_info":{"display_name":"Miriam Eisermann","author_link":"https:\/\/energy-cities.eu\/fr\/staff\/m-eisermann\/"},"yoast_head":"<!-- This site is optimized with the Yoast SEO plugin v18.8 - https:\/\/yoast.com\/wordpress\/plugins\/seo\/ -->\n<title>Viser le &quot;z\u00e9ro&quot;: comment \u00e9radiquer la pr\u00e9carit\u00e9 \u00e9nerg\u00e9tique \u00e0 niveau local - Energy Cities<\/title>\n<meta name=\"robots\" content=\"index, follow, max-snippet:-1, max-image-preview:large, max-video-preview:-1\" \/>\n<link rel=\"canonical\" href=\"https:\/\/energy-cities.eu\/fr\/getting-to-the-local-zero-eradicating-energy-poverty-at-city-level\/\" \/>\n<meta property=\"og:locale\" content=\"fr_FR\" \/>\n<meta property=\"og:type\" content=\"article\" \/>\n<meta property=\"og:title\" content=\"Viser le &quot;z\u00e9ro&quot;: comment \u00e9radiquer la pr\u00e9carit\u00e9 \u00e9nerg\u00e9tique \u00e0 niveau local - Energy Cities\" \/>\n<meta property=\"og:description\" content=\"Chaque habitant de la ville de Barcelone peut obtenir un soutien et des conseils aupr\u00e8s d&#039;un guichet unique pour les personnes vuln\u00e9rables. Comme l&#039;explique Julia Linares du conseil municipal de Barcelone, ce point-info est \u00e0 la fois un centre d&#039;aide (sociale, juridique, \u00e9conomique), une opportunit\u00e9 d&#039;emploi (beaucoup des conseillers ont \u00e9t\u00e9 form\u00e9s apr\u00e8s un ch\u00f4mage longue dur\u00e9e) et le point de d\u00e9part d&#039;un travail dans les quartiers pour d\u00e9tecter et r\u00e9duire la pr\u00e9carit\u00e9. Comment r\u00e9pliquer rapidement ce que Barcelone \u00e0 su mettre en place ces derni\u00e8res ann\u00e9es?\" \/>\n<meta property=\"og:url\" content=\"https:\/\/energy-cities.eu\/fr\/getting-to-the-local-zero-eradicating-energy-poverty-at-city-level\/\" \/>\n<meta property=\"og:site_name\" content=\"Energy Cities\" \/>\n<meta property=\"article:publisher\" content=\"https:\/\/www.facebook.com\/energycities.eu\/\" \/>\n<meta property=\"article:published_time\" content=\"2022-05-17T02:49:00+00:00\" \/>\n<meta property=\"article:modified_time\" content=\"2022-05-17T09:40:30+00:00\" \/>\n<meta property=\"og:image\" content=\"https:\/\/energy-cities.eu\/wp-content\/uploads\/2022\/05\/jeremy-perkins-1XgFFEG_RGA-unsplash-scaled.jpg\" \/>\n\t<meta property=\"og:image:width\" content=\"2560\" \/>\n\t<meta property=\"og:image:height\" content=\"1587\" \/>\n\t<meta property=\"og:image:type\" content=\"image\/jpeg\" \/>\n<meta name=\"twitter:card\" content=\"summary_large_image\" \/>\n<meta name=\"twitter:creator\" content=\"@atonofnews\" \/>\n<meta name=\"twitter:site\" content=\"@energycities\" \/>\n<meta name=\"twitter:label1\" content=\"\u00c9crit par\" \/>\n\t<meta name=\"twitter:data1\" content=\"Miriam Eisermann\" \/>\n\t<meta name=\"twitter:label2\" content=\"Dur\u00e9e de lecture estim\u00e9e\" \/>\n\t<meta name=\"twitter:data2\" content=\"3 minutes\" \/>\n<script type=\"application\/ld+json\" class=\"yoast-schema-graph\">{\"@context\":\"https:\/\/schema.org\",\"@graph\":[{\"@type\":\"Organization\",\"@id\":\"https:\/\/energy-cities.eu\/fr\/#organization\",\"name\":\"Energy Cities\",\"url\":\"https:\/\/energy-cities.eu\/fr\/\",\"sameAs\":[\"https:\/\/www.facebook.com\/energycities.eu\/\",\"https:\/\/www.youtube.com\/channel\/UChIHn2wF76JzuTbAjSMs0hQ\",\"https:\/\/fr.wikipedia.org\/wiki\/Energy_Cities\",\"https:\/\/twitter.com\/energycities\"],\"logo\":{\"@type\":\"ImageObject\",\"inLanguage\":\"fr-FR\",\"@id\":\"https:\/\/energy-cities.eu\/fr\/#\/schema\/logo\/image\/\",\"url\":\"https:\/\/energy-cities.eu\/wp-content\/uploads\/2019\/07\/energy-cities-couleur.jpg\",\"contentUrl\":\"https:\/\/energy-cities.eu\/wp-content\/uploads\/2019\/07\/energy-cities-couleur.jpg\",\"width\":3508,\"height\":2587,\"caption\":\"Energy Cities\"},\"image\":{\"@id\":\"https:\/\/energy-cities.eu\/fr\/#\/schema\/logo\/image\/\"}},{\"@type\":\"WebSite\",\"@id\":\"https:\/\/energy-cities.eu\/fr\/#website\",\"url\":\"https:\/\/energy-cities.eu\/fr\/\",\"name\":\"Energy Cities\",\"description\":\" The European learning community for future-proof cities\",\"publisher\":{\"@id\":\"https:\/\/energy-cities.eu\/fr\/#organization\"},\"potentialAction\":[{\"@type\":\"SearchAction\",\"target\":{\"@type\":\"EntryPoint\",\"urlTemplate\":\"https:\/\/energy-cities.eu\/fr\/?s={search_term_string}\"},\"query-input\":\"required name=search_term_string\"}],\"inLanguage\":\"fr-FR\"},{\"@type\":\"ImageObject\",\"inLanguage\":\"fr-FR\",\"@id\":\"https:\/\/energy-cities.eu\/fr\/getting-to-the-local-zero-eradicating-energy-poverty-at-city-level\/#primaryimage\",\"url\":\"https:\/\/energy-cities.eu\/wp-content\/uploads\/2022\/05\/jeremy-perkins-1XgFFEG_RGA-unsplash-scaled.jpg\",\"contentUrl\":\"https:\/\/energy-cities.eu\/wp-content\/uploads\/2022\/05\/jeremy-perkins-1XgFFEG_RGA-unsplash-scaled.jpg\",\"width\":2560,\"height\":1587,\"caption\":\"Jeremy Perkins on Unsplash\"},{\"@type\":\"WebPage\",\"@id\":\"https:\/\/energy-cities.eu\/fr\/getting-to-the-local-zero-eradicating-energy-poverty-at-city-level\/#webpage\",\"url\":\"https:\/\/energy-cities.eu\/fr\/getting-to-the-local-zero-eradicating-energy-poverty-at-city-level\/\",\"name\":\"Viser le \\\"z\u00e9ro\\\": comment \u00e9radiquer la pr\u00e9carit\u00e9 \u00e9nerg\u00e9tique \u00e0 niveau local - Energy Cities\",\"isPartOf\":{\"@id\":\"https:\/\/energy-cities.eu\/fr\/#website\"},\"primaryImageOfPage\":{\"@id\":\"https:\/\/energy-cities.eu\/fr\/getting-to-the-local-zero-eradicating-energy-poverty-at-city-level\/#primaryimage\"},\"datePublished\":\"2022-05-17T02:49:00+00:00\",\"dateModified\":\"2022-05-17T09:40:30+00:00\",\"breadcrumb\":{\"@id\":\"https:\/\/energy-cities.eu\/fr\/getting-to-the-local-zero-eradicating-energy-poverty-at-city-level\/#breadcrumb\"},\"inLanguage\":\"fr-FR\",\"potentialAction\":[{\"@type\":\"ReadAction\",\"target\":[\"https:\/\/energy-cities.eu\/fr\/getting-to-the-local-zero-eradicating-energy-poverty-at-city-level\/\"]}]},{\"@type\":\"BreadcrumbList\",\"@id\":\"https:\/\/energy-cities.eu\/fr\/getting-to-the-local-zero-eradicating-energy-poverty-at-city-level\/#breadcrumb\",\"itemListElement\":[{\"@type\":\"ListItem\",\"position\":1,\"name\":\"Home\",\"item\":\"https:\/\/energy-cities.eu\/fr\/nous-sommes-un-reseau-europeen-blabla\/\"},{\"@type\":\"ListItem\",\"position\":2,\"name\":\"Viser le &#8220;z\u00e9ro&#8221;: comment \u00e9radiquer la pr\u00e9carit\u00e9 \u00e9nerg\u00e9tique \u00e0 niveau local\"}]},{\"@type\":\"Article\",\"@id\":\"https:\/\/energy-cities.eu\/fr\/getting-to-the-local-zero-eradicating-energy-poverty-at-city-level\/#article\",\"isPartOf\":{\"@id\":\"https:\/\/energy-cities.eu\/fr\/getting-to-the-local-zero-eradicating-energy-poverty-at-city-level\/#webpage\"},\"author\":{\"@id\":\"https:\/\/energy-cities.eu\/fr\/#\/schema\/person\/3340a219cf35746901977e3cb1dc791a\"},\"headline\":\"Viser le \u00ab\u00a0z\u00e9ro\u00a0\u00bb: comment \u00e9radiquer la pr\u00e9carit\u00e9 \u00e9nerg\u00e9tique \u00e0 niveau local\",\"datePublished\":\"2022-05-17T02:49:00+00:00\",\"dateModified\":\"2022-05-17T09:40:30+00:00\",\"mainEntityOfPage\":{\"@id\":\"https:\/\/energy-cities.eu\/fr\/getting-to-the-local-zero-eradicating-energy-poverty-at-city-level\/#webpage\"},\"wordCount\":555,\"commentCount\":0,\"publisher\":{\"@id\":\"https:\/\/energy-cities.eu\/fr\/#organization\"},\"image\":{\"@id\":\"https:\/\/energy-cities.eu\/fr\/getting-to-the-local-zero-eradicating-energy-poverty-at-city-level\/#primaryimage\"},\"thumbnailUrl\":\"https:\/\/energy-cities.eu\/wp-content\/uploads\/2022\/05\/jeremy-perkins-1XgFFEG_RGA-unsplash-scaled.jpg\",\"articleSection\":[\"Actualit\u00e9s\"],\"inLanguage\":\"fr-FR\",\"potentialAction\":[{\"@type\":\"CommentAction\",\"name\":\"Comment\",\"target\":[\"https:\/\/energy-cities.eu\/fr\/getting-to-the-local-zero-eradicating-energy-poverty-at-city-level\/#respond\"]}]},{\"@type\":\"Person\",\"@id\":\"https:\/\/energy-cities.eu\/fr\/#\/schema\/person\/3340a219cf35746901977e3cb1dc791a\",\"name\":\"Miriam Eisermann\",\"image\":{\"@type\":\"ImageObject\",\"inLanguage\":\"fr-FR\",\"@id\":\"https:\/\/energy-cities.eu\/fr\/#\/schema\/person\/image\/\",\"url\":\"https:\/\/secure.gravatar.com\/avatar\/f1d254f33ec08630330aef416f9899c3?s=96&d=mm&r=g\",\"contentUrl\":\"https:\/\/secure.gravatar.com\/avatar\/f1d254f33ec08630330aef416f9899c3?s=96&d=mm&r=g\",\"caption\":\"Miriam Eisermann\"},\"sameAs\":[\"https:\/\/www.linkedin.com\/in\/miriam-eisermann-82507377\/\",\"https:\/\/twitter.com\/atonofnews\"],\"url\":\"https:\/\/energy-cities.eu\/fr\/staff\/m-eisermann\/\"}]}<\/script>\n<!-- \/ Yoast SEO plugin. -->","yoast_head_json":{"title":"Viser le \"z\u00e9ro\": comment \u00e9radiquer la pr\u00e9carit\u00e9 \u00e9nerg\u00e9tique \u00e0 niveau local - Energy Cities","robots":{"index":"index","follow":"follow","max-snippet":"max-snippet:-1","max-image-preview":"max-image-preview:large","max-video-preview":"max-video-preview:-1"},"canonical":"https:\/\/energy-cities.eu\/fr\/getting-to-the-local-zero-eradicating-energy-poverty-at-city-level\/","og_locale":"fr_FR","og_type":"article","og_title":"Viser le \"z\u00e9ro\": comment \u00e9radiquer la pr\u00e9carit\u00e9 \u00e9nerg\u00e9tique \u00e0 niveau local - Energy Cities","og_description":"Chaque habitant de la ville de Barcelone peut obtenir un soutien et des conseils aupr\u00e8s d'un guichet unique pour les personnes vuln\u00e9rables. Comme l'explique Julia Linares du conseil municipal de Barcelone, ce point-info est \u00e0 la fois un centre d'aide (sociale, juridique, \u00e9conomique), une opportunit\u00e9 d'emploi (beaucoup des conseillers ont \u00e9t\u00e9 form\u00e9s apr\u00e8s un ch\u00f4mage longue dur\u00e9e) et le point de d\u00e9part d'un travail dans les quartiers pour d\u00e9tecter et r\u00e9duire la pr\u00e9carit\u00e9. Comment r\u00e9pliquer rapidement ce que Barcelone \u00e0 su mettre en place ces derni\u00e8res ann\u00e9es?","og_url":"https:\/\/energy-cities.eu\/fr\/getting-to-the-local-zero-eradicating-energy-poverty-at-city-level\/","og_site_name":"Energy Cities","article_publisher":"https:\/\/www.facebook.com\/energycities.eu\/","article_published_time":"2022-05-17T02:49:00+00:00","article_modified_time":"2022-05-17T09:40:30+00:00","og_image":[{"width":2560,"height":1587,"url":"https:\/\/energy-cities.eu\/wp-content\/uploads\/2022\/05\/jeremy-perkins-1XgFFEG_RGA-unsplash-scaled.jpg","type":"image\/jpeg"}],"twitter_card":"summary_large_image","twitter_creator":"@atonofnews","twitter_site":"@energycities","twitter_misc":{"\u00c9crit par":"Miriam Eisermann","Dur\u00e9e de lecture estim\u00e9e":"3 minutes"},"schema":{"@context":"https:\/\/schema.org","@graph":[{"@type":"Organization","@id":"https:\/\/energy-cities.eu\/fr\/#organization","name":"Energy Cities","url":"https:\/\/energy-cities.eu\/fr\/","sameAs":["https:\/\/www.facebook.com\/energycities.eu\/","https:\/\/www.youtube.com\/channel\/UChIHn2wF76JzuTbAjSMs0hQ","https:\/\/fr.wikipedia.org\/wiki\/Energy_Cities","https:\/\/twitter.com\/energycities"],"logo":{"@type":"ImageObject","inLanguage":"fr-FR","@id":"https:\/\/energy-cities.eu\/fr\/#\/schema\/logo\/image\/","url":"https:\/\/energy-cities.eu\/wp-content\/uploads\/2019\/07\/energy-cities-couleur.jpg","contentUrl":"https:\/\/energy-cities.eu\/wp-content\/uploads\/2019\/07\/energy-cities-couleur.jpg","width":3508,"height":2587,"caption":"Energy Cities"},"image":{"@id":"https:\/\/energy-cities.eu\/fr\/#\/schema\/logo\/image\/"}},{"@type":"WebSite","@id":"https:\/\/energy-cities.eu\/fr\/#website","url":"https:\/\/energy-cities.eu\/fr\/","name":"Energy Cities","description":" The European learning community for future-proof cities","publisher":{"@id":"https:\/\/energy-cities.eu\/fr\/#organization"},"potentialAction":[{"@type":"SearchAction","target":{"@type":"EntryPoint","urlTemplate":"https:\/\/energy-cities.eu\/fr\/?s={search_term_string}"},"query-input":"required name=search_term_string"}],"inLanguage":"fr-FR"},{"@type":"ImageObject","inLanguage":"fr-FR","@id":"https:\/\/energy-cities.eu\/fr\/getting-to-the-local-zero-eradicating-energy-poverty-at-city-level\/#primaryimage","url":"https:\/\/energy-cities.eu\/wp-content\/uploads\/2022\/05\/jeremy-perkins-1XgFFEG_RGA-unsplash-scaled.jpg","contentUrl":"https:\/\/energy-cities.eu\/wp-content\/uploads\/2022\/05\/jeremy-perkins-1XgFFEG_RGA-unsplash-scaled.jpg","width":2560,"height":1587,"caption":"Jeremy Perkins on Unsplash"},{"@type":"WebPage","@id":"https:\/\/energy-cities.eu\/fr\/getting-to-the-local-zero-eradicating-energy-poverty-at-city-level\/#webpage","url":"https:\/\/energy-cities.eu\/fr\/getting-to-the-local-zero-eradicating-energy-poverty-at-city-level\/","name":"Viser le \"z\u00e9ro\": comment \u00e9radiquer la pr\u00e9carit\u00e9 \u00e9nerg\u00e9tique \u00e0 niveau local - Energy Cities","isPartOf":{"@id":"https:\/\/energy-cities.eu\/fr\/#website"},"primaryImageOfPage":{"@id":"https:\/\/energy-cities.eu\/fr\/getting-to-the-local-zero-eradicating-energy-poverty-at-city-level\/#primaryimage"},"datePublished":"2022-05-17T02:49:00+00:00","dateModified":"2022-05-17T09:40:30+00:00","breadcrumb":{"@id":"https:\/\/energy-cities.eu\/fr\/getting-to-the-local-zero-eradicating-energy-poverty-at-city-level\/#breadcrumb"},"inLanguage":"fr-FR","potentialAction":[{"@type":"ReadAction","target":["https:\/\/energy-cities.eu\/fr\/getting-to-the-local-zero-eradicating-energy-poverty-at-city-level\/"]}]},{"@type":"BreadcrumbList","@id":"https:\/\/energy-cities.eu\/fr\/getting-to-the-local-zero-eradicating-energy-poverty-at-city-level\/#breadcrumb","itemListElement":[{"@type":"ListItem","position":1,"name":"Home","item":"https:\/\/energy-cities.eu\/fr\/nous-sommes-un-reseau-europeen-blabla\/"},{"@type":"ListItem","position":2,"name":"Viser le &#8220;z\u00e9ro&#8221;: comment \u00e9radiquer la pr\u00e9carit\u00e9 \u00e9nerg\u00e9tique \u00e0 niveau local"}]},{"@type":"Article","@id":"https:\/\/energy-cities.eu\/fr\/getting-to-the-local-zero-eradicating-energy-poverty-at-city-level\/#article","isPartOf":{"@id":"https:\/\/energy-cities.eu\/fr\/getting-to-the-local-zero-eradicating-energy-poverty-at-city-level\/#webpage"},"author":{"@id":"https:\/\/energy-cities.eu\/fr\/#\/schema\/person\/3340a219cf35746901977e3cb1dc791a"},"headline":"Viser le \u00ab\u00a0z\u00e9ro\u00a0\u00bb: comment \u00e9radiquer la pr\u00e9carit\u00e9 \u00e9nerg\u00e9tique \u00e0 niveau local","datePublished":"2022-05-17T02:49:00+00:00","dateModified":"2022-05-17T09:40:30+00:00","mainEntityOfPage":{"@id":"https:\/\/energy-cities.eu\/fr\/getting-to-the-local-zero-eradicating-energy-poverty-at-city-level\/#webpage"},"wordCount":555,"commentCount":0,"publisher":{"@id":"https:\/\/energy-cities.eu\/fr\/#organization"},"image":{"@id":"https:\/\/energy-cities.eu\/fr\/getting-to-the-local-zero-eradicating-energy-poverty-at-city-level\/#primaryimage"},"thumbnailUrl":"https:\/\/energy-cities.eu\/wp-content\/uploads\/2022\/05\/jeremy-perkins-1XgFFEG_RGA-unsplash-scaled.jpg","articleSection":["Actualit\u00e9s"],"inLanguage":"fr-FR","potentialAction":[{"@type":"CommentAction","name":"Comment","target":["https:\/\/energy-cities.eu\/fr\/getting-to-the-local-zero-eradicating-energy-poverty-at-city-level\/#respond"]}]},{"@type":"Person","@id":"https:\/\/energy-cities.eu\/fr\/#\/schema\/person\/3340a219cf35746901977e3cb1dc791a","name":"Miriam Eisermann","image":{"@type":"ImageObject","inLanguage":"fr-FR","@id":"https:\/\/energy-cities.eu\/fr\/#\/schema\/person\/image\/","url":"https:\/\/secure.gravatar.com\/avatar\/f1d254f33ec08630330aef416f9899c3?s=96&d=mm&r=g","contentUrl":"https:\/\/secure.gravatar.com\/avatar\/f1d254f33ec08630330aef416f9899c3?s=96&d=mm&r=g","caption":"Miriam Eisermann"},"sameAs":["https:\/\/www.linkedin.com\/in\/miriam-eisermann-82507377\/","https:\/\/twitter.com\/atonofnews"],"url":"https:\/\/energy-cities.eu\/fr\/staff\/m-eisermann\/"}]}},"coauthors":[],"tax_additional":{"categories":{"linked":["<a href=\"https:\/\/energy-cities.eu\/fr\/category\/actualites\/\" class=\"advgb-post-tax-term\">Actualit\u00e9s<\/a>"],"unlinked":["<span class=\"advgb-post-tax-term\">Actualit\u00e9s<\/span>"]}},"comment_count":"0","relative_dates":{"created":"Publi\u00e9 4 ans il y a","modified":"Mis \u00e0 jour 4 ans il y a"},"absolute_dates":{"created":"Publi\u00e9 le 17 mai 2022","modified":"Mise \u00e0 jour le 17 mai 2022"},"absolute_dates_time":{"created":"Publi\u00e9 le 17 mai 2022 4:49  ","modified":"Mise \u00e0 jour le 17 mai 2022 11:40  "},"featured_img_caption":"Jeremy Perkins on Unsplash","_links":{"self":[{"href":"https:\/\/energy-cities.eu\/fr\/wp-json\/wp\/v2\/posts\/49439"}],"collection":[{"href":"https:\/\/energy-cities.eu\/fr\/wp-json\/wp\/v2\/posts"}],"about":[{"href":"https:\/\/energy-cities.eu\/fr\/wp-json\/wp\/v2\/types\/post"}],"author":[{"embeddable":true,"href":"https:\/\/energy-cities.eu\/fr\/wp-json\/wp\/v2\/users\/25"}],"replies":[{"embeddable":true,"href":"https:\/\/energy-cities.eu\/fr\/wp-json\/wp\/v2\/comments?post=49439"}],"version-history":[{"count":10,"href":"https:\/\/energy-cities.eu\/fr\/wp-json\/wp\/v2\/posts\/49439\/revisions"}],"predecessor-version":[{"id":49520,"href":"https:\/\/energy-cities.eu\/fr\/wp-json\/wp\/v2\/posts\/49439\/revisions\/49520"}],"wp:featuredmedia":[{"embeddable":true,"href":"https:\/\/energy-cities.eu\/fr\/wp-json\/wp\/v2\/media\/49434"}],"wp:attachment":[{"href":"https:\/\/energy-cities.eu\/fr\/wp-json\/wp\/v2\/media?parent=49439"}],"wp:term":[{"taxonomy":"category","embeddable":true,"href":"https:\/\/energy-cities.eu\/fr\/wp-json\/wp\/v2\/categories?post=49439"},{"taxonomy":"post_tag","embeddable":true,"href":"https:\/\/energy-cities.eu\/fr\/wp-json\/wp\/v2\/tags?post=49439"},{"taxonomy":"hub","embeddable":true,"href":"https:\/\/energy-cities.eu\/fr\/wp-json\/wp\/v2\/hub?post=49439"},{"taxonomy":"topic","embeddable":true,"href":"https:\/\/energy-cities.eu\/fr\/wp-json\/wp\/v2\/topic?post=49439"},{"taxonomy":"legislative_initiative","embeddable":true,"href":"https:\/\/energy-cities.eu\/fr\/wp-json\/wp\/v2\/legislative_initiative?post=49439"},{"taxonomy":"document_type","embeddable":true,"href":"https:\/\/energy-cities.eu\/fr\/wp-json\/wp\/v2\/document_type?post=49439"}],"curies":[{"name":"wp","href":"https:\/\/api.w.org\/{rel}","templated":true}]}}