{"id":51098,"date":"2022-06-17T08:47:56","date_gmt":"2022-06-17T06:47:56","guid":{"rendered":"https:\/\/energy-cities.eu\/?p=51098"},"modified":"2022-06-17T13:17:40","modified_gmt":"2022-06-17T11:17:40","slug":"honnetete-radicale","status":"publish","type":"post","link":"https:\/\/energy-cities.eu\/fr\/honnetete-radicale\/","title":{"rendered":"Honn\u00eatet\u00e9 radicale"},"content":{"rendered":"\n<p>C\u2019est le dernier des instruments \u00ab\u00a0soft\u00a0\u00bb propos\u00e9s par Donella et Denis Meadows dans la version r\u00e9vis\u00e9e de leur rapport \u00ab\u00a0<strong>Les limites de la croissance<\/strong>\u00a0\u00bb, en 2004. Apr\u00e8s avoir explor\u00e9, dans mes pr\u00e9c\u00e9dents \u00e9ditos, <a href=\"https:\/\/energy-cities.eu\/fr\/determine-es\/\">l\u2019<strong><em>inspiration<\/em><\/strong> (mai),<\/a> <a href=\"https:\/\/energy-cities.eu\/fr\/apprendre-a-prendre-notre-destin-en-main\/\">l\u2019<strong><em>apprentissage<\/em><\/strong> (avril),<\/a> <a href=\"https:\/\/energy-cities.eu\/fr\/les-liens-qui-liberent\/\">la <strong><em>mise en r\u00e9seau<\/em><\/strong> (mars)<\/a> et <a href=\"https:\/\/energy-cities.eu\/fr\/from-brussels-with-love\/\">l\u2019<strong><em>amour<\/em><\/strong> (f\u00e9vrier)<\/a>, il nous reste cette \u00e9vidence\u00a0: il nous faudra un maximum d\u2019honn\u00eatet\u00e9 pour faire la transition. Et ce n\u2019est pas un hasard si cette question a \u00e9t\u00e9 d\u00e9battue par les villes de la Mission europ\u00e9enne \u201cClimate neutral Cities in 2030\u201d lors du <a href=\"https:\/\/netzerocities.eu\/\">lancement de l&rsquo;initiative le 13 juin, \u00e0 Bruxelles<\/a>.<\/p>\n\n\n\n<p>Finalement, c\u2019est peut-\u00eatre ce qui s\u2019est pass\u00e9 au Parlement europ\u00e9en la semaine derni\u00e8re, lors du vote tant attendu du paquet climat, le fameux \u00ab&nbsp;Fit for 55&nbsp;\u00bb (d\u00e9j\u00e0 obsol\u00e8te puisque la Commission a publi\u00e9 le 18 mai dans son plan \u00ab&nbsp;<a href=\"https:\/\/ec.europa.eu\/commission\/presscorner\/detail\/fr\/IP_22_3131\">REPower EU<\/a>&nbsp;\u00bb un rehaussement des objectifs de ce paquet&nbsp;!). Pas assez ambitieux, beaucoup trop loin du minimum vital\u2026 Les parlementaires veulent une feuille de route plus climato-r\u00e9aliste pour l\u2019industrie europ\u00e9enne. Et pourtant, m\u00eame en revoyant sa copie, celle-ci restera tr\u00e8s, tr\u00e8s en de\u00e7\u00e0 d\u2019une position honn\u00eate. Car ce qui serait \u00ab&nbsp;honn\u00eate&nbsp;\u00bb, c\u2019est de nous fixer des objectifs coh\u00e9rents au regard des enjeux.<\/p>\n\n\n\n<p>Ce mois-ci, le <a href=\"https:\/\/www.eumayors.eu\/about\/support-the-community\/political-board.html\">conseil politique de la Convention des Maires en Europe<\/a> a rencontr\u00e9 le premier Vice-Pr\u00e9sident de la Commission europ\u00e9enne, Frans Timmermans, et la Commissaire europ\u00e9enne \u00e0 l\u2019\u00e9nergie, Kadri Simson, pour discuter de la mobilisation des territoires pour r\u00e9duire nos besoins en \u00e9nergie, la contribution des villes au plan \u00ab<em>&nbsp;EU Save Energy&nbsp;<\/em>\u00bb.&nbsp; La Commission propose aux \u00c9tats membres d\u2019ajouter un chapitre \u00ab&nbsp;<em>Repower EU<\/em>&nbsp;\u00bb \u00e0 leur plan de relance, ce chapitre pourra \u00eatre financ\u00e9 par une r\u00e9allocation des Fonds de coh\u00e9sion vers la strat\u00e9gie \u00e9nerg\u00e9tique nationale.&nbsp;Est-ce une bonne nouvelle&nbsp;?<\/p>\n\n\n\n<p>Il faut \u00eatre honn\u00eate&nbsp;: la renationalisation d\u2019une partie de la politique de la coh\u00e9sion, apr\u00e8s celle de la Politique agricole commune, (qui peut \u00e9galement \u00eatre utilis\u00e9e pour la strat\u00e9gie RePower EU), ne pourrait \u00eatre une bonne nouvelle que si (et seulement si&nbsp;!) les plans de relance sont ancr\u00e9s r\u00e9ellement dans les territoires&nbsp;: con\u00e7us, d\u00e9cid\u00e9s, mis en \u0153uvre avec eux.<\/p>\n\n\n\n<p>Si les investissements dans de nouveaux syst\u00e8mes socio-\u00e9conomiques locaux permettent \u00e0 tous les territoires de r\u00e9pondre aux besoins (r\u00e9duits), favorisent les \u00e9changes avec leurs voisins, tissent une toile de micro-interd\u00e9pendances, c\u2019est une prosp\u00e9rit\u00e9 partag\u00e9e qui sera construite. Ce sont les territoires qui ont les clefs d\u2019un syst\u00e8me \u00e9nerg\u00e9tique r\u00e9silient, renouvelable, ind\u00e9pendant, au plus pr\u00e8s des ressources et r\u00e9pondant aux besoins.<\/p>\n\n\n\n<p>Ce nouveau chapitre des plans de relance, qui doit permettre de s\u2019affranchir de nos d\u00e9pendances, doit \u00eatre une feuille de route claire et concise de nos \u00ab phasing-out \u00bb. C\u2019est d\u2019une \u00ab <em>exit strategy <\/em>\u00bb, une strat\u00e9gie de sortie, dont nous avons besoin aujourd\u2019hui. Et il faut nommer les choses, \u00eatre radicalement honn\u00eate, pour sortir de l\u2019illusion de substitution d\u2019une \u00e9nergie par une autre. Cette <em>exit strategy,<\/em> enfin, ne peut faire l\u2019impasse sur nos modes de consommation.<\/p>\n\n\n\n<p>Toute strat\u00e9gie pour assurer un approvisionnement \u00e9nerg\u00e9tique doit commencer par les territoires et s\u2019appuyer sur leur diversit\u00e9.<\/p>\n\n\n\n<p>Pour \u00eatre honn\u00eate, je ne suis pas s\u00fbre que ce soit exactement compris ainsi par nos leaders europ\u00e9en\u00b7nes. Je ne crois pas non plus que laisser les \u00c9tats d\u00e9finir seuls le chapitre \u00ab&nbsp;<em>Repower<\/em>&nbsp;\u00bb des plans d\u2019investissement puisse nous sortir de la logique nationale.<\/p>\n\n\n\n<p>D\u00e9crypter les enjeux, les rapports de force qui r\u00e9sulteront des propositions, est une n\u00e9cessit\u00e9. Il ne peut y avoir de n\u00e9gociation politique sans confiance. Et pour cela, nous avons besoin, plus que jamais, d\u2019honn\u00eatet\u00e9 intellectuelle et morale.<\/p>\n","protected":false},"excerpt":{"rendered":"<p>C\u2019est le dernier des instruments \u00ab\u00a0soft\u00a0\u00bb propos\u00e9s par Donella et Denis Meadows dans la version r\u00e9vis\u00e9e de leur rapport \u00ab\u00a0Les limites de la croissance\u00a0\u00bb, en <a href=\"https:\/\/energy-cities.eu\/fr\/honnetete-radicale\/\">[\u2026]<\/a><\/p>\n","protected":false},"author":5,"featured_media":51099,"comment_status":"open","ping_status":"open","sticky":false,"template":"","format":"standard","meta":{"advgb_blocks_editor_width":"","advgb_blocks_columns_visual_guide":"","ub_ctt_via":""},"categories":[4],"tags":[],"hub":[310,308],"topic":[],"legislative_initiative":[],"document_type":[],"acf":[],"author_meta":{"display_name":"Claire Roumet","author_link":"https:\/\/energy-cities.eu\/fr\/staff\/c-roumet\/"},"featured_img":"https:\/\/energy-cities.eu\/wp-content\/uploads\/2022\/06\/andrii-lytvynko-gp8o-z5zl5o-unsplash_resize-350x183.jpg","featured_image_src":"https:\/\/energy-cities.eu\/wp-content\/uploads\/2022\/06\/andrii-lytvynko-gp8o-z5zl5o-unsplash_resize.jpg","author_info":{"display_name":"Claire Roumet","author_link":"https:\/\/energy-cities.eu\/fr\/staff\/c-roumet\/"},"yoast_head":"<!-- This site is optimized with the Yoast SEO plugin v18.8 - https:\/\/yoast.com\/wordpress\/plugins\/seo\/ -->\n<title>Honn\u00eatet\u00e9 radicale - Energy Cities<\/title>\n<meta name=\"robots\" content=\"index, follow, max-snippet:-1, max-image-preview:large, max-video-preview:-1\" \/>\n<link rel=\"canonical\" href=\"https:\/\/energy-cities.eu\/fr\/honnetete-radicale\/\" \/>\n<meta property=\"og:locale\" content=\"fr_FR\" \/>\n<meta property=\"og:type\" content=\"article\" \/>\n<meta property=\"og:title\" content=\"Honn\u00eatet\u00e9 radicale - Energy Cities\" \/>\n<meta property=\"og:description\" content=\"C\u2019est le dernier des instruments \u00ab\u00a0soft\u00a0\u00bb propos\u00e9s par Donella et Denis Meadows dans la version r\u00e9vis\u00e9e de leur rapport \u00ab\u00a0Les limites de la croissance\u00a0\u00bb, en [\u2026]\" \/>\n<meta property=\"og:url\" content=\"https:\/\/energy-cities.eu\/fr\/honnetete-radicale\/\" \/>\n<meta property=\"og:site_name\" content=\"Energy Cities\" \/>\n<meta property=\"article:publisher\" content=\"https:\/\/www.facebook.com\/energycities.eu\/\" \/>\n<meta property=\"article:published_time\" content=\"2022-06-17T06:47:56+00:00\" \/>\n<meta property=\"article:modified_time\" content=\"2022-06-17T11:17:40+00:00\" \/>\n<meta property=\"og:image\" content=\"https:\/\/energy-cities.eu\/wp-content\/uploads\/2022\/06\/andrii-lytvynko-gp8o-z5zl5o-unsplash_resize.jpg\" \/>\n\t<meta property=\"og:image:width\" content=\"2323\" \/>\n\t<meta property=\"og:image:height\" content=\"1212\" \/>\n\t<meta property=\"og:image:type\" content=\"image\/jpeg\" \/>\n<meta name=\"twitter:card\" content=\"summary_large_image\" \/>\n<meta name=\"twitter:creator\" content=\"@b.karas\" \/>\n<meta name=\"twitter:site\" content=\"@energycities\" \/>\n<meta name=\"twitter:label1\" content=\"\u00c9crit par\" \/>\n\t<meta name=\"twitter:data1\" content=\"Claire Roumet\" \/>\n\t<meta name=\"twitter:label2\" content=\"Dur\u00e9e de lecture estim\u00e9e\" \/>\n\t<meta name=\"twitter:data2\" content=\"3 minutes\" \/>\n<script type=\"application\/ld+json\" class=\"yoast-schema-graph\">{\"@context\":\"https:\/\/schema.org\",\"@graph\":[{\"@type\":\"Organization\",\"@id\":\"https:\/\/energy-cities.eu\/fr\/#organization\",\"name\":\"Energy Cities\",\"url\":\"https:\/\/energy-cities.eu\/fr\/\",\"sameAs\":[\"https:\/\/www.facebook.com\/energycities.eu\/\",\"https:\/\/www.youtube.com\/channel\/UChIHn2wF76JzuTbAjSMs0hQ\",\"https:\/\/fr.wikipedia.org\/wiki\/Energy_Cities\",\"https:\/\/twitter.com\/energycities\"],\"logo\":{\"@type\":\"ImageObject\",\"inLanguage\":\"fr-FR\",\"@id\":\"https:\/\/energy-cities.eu\/fr\/#\/schema\/logo\/image\/\",\"url\":\"https:\/\/energy-cities.eu\/wp-content\/uploads\/2019\/07\/energy-cities-couleur.jpg\",\"contentUrl\":\"https:\/\/energy-cities.eu\/wp-content\/uploads\/2019\/07\/energy-cities-couleur.jpg\",\"width\":3508,\"height\":2587,\"caption\":\"Energy Cities\"},\"image\":{\"@id\":\"https:\/\/energy-cities.eu\/fr\/#\/schema\/logo\/image\/\"}},{\"@type\":\"WebSite\",\"@id\":\"https:\/\/energy-cities.eu\/fr\/#website\",\"url\":\"https:\/\/energy-cities.eu\/fr\/\",\"name\":\"Energy Cities\",\"description\":\" The European learning community for future-proof cities\",\"publisher\":{\"@id\":\"https:\/\/energy-cities.eu\/fr\/#organization\"},\"potentialAction\":[{\"@type\":\"SearchAction\",\"target\":{\"@type\":\"EntryPoint\",\"urlTemplate\":\"https:\/\/energy-cities.eu\/fr\/?s={search_term_string}\"},\"query-input\":\"required name=search_term_string\"}],\"inLanguage\":\"fr-FR\"},{\"@type\":\"ImageObject\",\"inLanguage\":\"fr-FR\",\"@id\":\"https:\/\/energy-cities.eu\/fr\/honnetete-radicale\/#primaryimage\",\"url\":\"https:\/\/energy-cities.eu\/wp-content\/uploads\/2022\/06\/andrii-lytvynko-gp8o-z5zl5o-unsplash_resize.jpg\",\"contentUrl\":\"https:\/\/energy-cities.eu\/wp-content\/uploads\/2022\/06\/andrii-lytvynko-gp8o-z5zl5o-unsplash_resize.jpg\",\"width\":2323,\"height\":1212,\"caption\":\"\u00a9 Andrii Lytvynko on unsplash\"},{\"@type\":\"WebPage\",\"@id\":\"https:\/\/energy-cities.eu\/fr\/honnetete-radicale\/#webpage\",\"url\":\"https:\/\/energy-cities.eu\/fr\/honnetete-radicale\/\",\"name\":\"Honn\u00eatet\u00e9 radicale - Energy Cities\",\"isPartOf\":{\"@id\":\"https:\/\/energy-cities.eu\/fr\/#website\"},\"primaryImageOfPage\":{\"@id\":\"https:\/\/energy-cities.eu\/fr\/honnetete-radicale\/#primaryimage\"},\"datePublished\":\"2022-06-17T06:47:56+00:00\",\"dateModified\":\"2022-06-17T11:17:40+00:00\",\"breadcrumb\":{\"@id\":\"https:\/\/energy-cities.eu\/fr\/honnetete-radicale\/#breadcrumb\"},\"inLanguage\":\"fr-FR\",\"potentialAction\":[{\"@type\":\"ReadAction\",\"target\":[\"https:\/\/energy-cities.eu\/fr\/honnetete-radicale\/\"]}]},{\"@type\":\"BreadcrumbList\",\"@id\":\"https:\/\/energy-cities.eu\/fr\/honnetete-radicale\/#breadcrumb\",\"itemListElement\":[{\"@type\":\"ListItem\",\"position\":1,\"name\":\"Home\",\"item\":\"https:\/\/energy-cities.eu\/fr\/nous-sommes-un-reseau-europeen-blabla\/\"},{\"@type\":\"ListItem\",\"position\":2,\"name\":\"Honn\u00eatet\u00e9 radicale\"}]},{\"@type\":\"Article\",\"@id\":\"https:\/\/energy-cities.eu\/fr\/honnetete-radicale\/#article\",\"isPartOf\":{\"@id\":\"https:\/\/energy-cities.eu\/fr\/honnetete-radicale\/#webpage\"},\"author\":{\"@id\":\"https:\/\/energy-cities.eu\/fr\/#\/schema\/person\/3de484cfc3a898dadb8e31bb7d07169a\"},\"headline\":\"Honn\u00eatet\u00e9 radicale\",\"datePublished\":\"2022-06-17T06:47:56+00:00\",\"dateModified\":\"2022-06-17T11:17:40+00:00\",\"mainEntityOfPage\":{\"@id\":\"https:\/\/energy-cities.eu\/fr\/honnetete-radicale\/#webpage\"},\"wordCount\":683,\"commentCount\":0,\"publisher\":{\"@id\":\"https:\/\/energy-cities.eu\/fr\/#organization\"},\"image\":{\"@id\":\"https:\/\/energy-cities.eu\/fr\/honnetete-radicale\/#primaryimage\"},\"thumbnailUrl\":\"https:\/\/energy-cities.eu\/wp-content\/uploads\/2022\/06\/andrii-lytvynko-gp8o-z5zl5o-unsplash_resize.jpg\",\"articleSection\":[\"Actualit\u00e9s\"],\"inLanguage\":\"fr-FR\",\"potentialAction\":[{\"@type\":\"CommentAction\",\"name\":\"Comment\",\"target\":[\"https:\/\/energy-cities.eu\/fr\/honnetete-radicale\/#respond\"]}]},{\"@type\":\"Person\",\"@id\":\"https:\/\/energy-cities.eu\/fr\/#\/schema\/person\/3de484cfc3a898dadb8e31bb7d07169a\",\"name\":\"Claire Roumet\",\"image\":{\"@type\":\"ImageObject\",\"inLanguage\":\"fr-FR\",\"@id\":\"https:\/\/energy-cities.eu\/fr\/#\/schema\/person\/image\/\",\"url\":\"https:\/\/secure.gravatar.com\/avatar\/db9d3a00940ba3c6552eb48c80ae75de?s=96&d=mm&r=g\",\"contentUrl\":\"https:\/\/secure.gravatar.com\/avatar\/db9d3a00940ba3c6552eb48c80ae75de?s=96&d=mm&r=g\",\"caption\":\"Claire Roumet\"},\"sameAs\":[\"https:\/\/twitter.com\/b.karas\"],\"url\":\"https:\/\/energy-cities.eu\/fr\/staff\/c-roumet\/\"}]}<\/script>\n<!-- \/ Yoast SEO plugin. -->","yoast_head_json":{"title":"Honn\u00eatet\u00e9 radicale - Energy Cities","robots":{"index":"index","follow":"follow","max-snippet":"max-snippet:-1","max-image-preview":"max-image-preview:large","max-video-preview":"max-video-preview:-1"},"canonical":"https:\/\/energy-cities.eu\/fr\/honnetete-radicale\/","og_locale":"fr_FR","og_type":"article","og_title":"Honn\u00eatet\u00e9 radicale - Energy Cities","og_description":"C\u2019est le dernier des instruments \u00ab\u00a0soft\u00a0\u00bb propos\u00e9s par Donella et Denis Meadows dans la version r\u00e9vis\u00e9e de leur rapport \u00ab\u00a0Les limites de la croissance\u00a0\u00bb, en [\u2026]","og_url":"https:\/\/energy-cities.eu\/fr\/honnetete-radicale\/","og_site_name":"Energy Cities","article_publisher":"https:\/\/www.facebook.com\/energycities.eu\/","article_published_time":"2022-06-17T06:47:56+00:00","article_modified_time":"2022-06-17T11:17:40+00:00","og_image":[{"width":2323,"height":1212,"url":"https:\/\/energy-cities.eu\/wp-content\/uploads\/2022\/06\/andrii-lytvynko-gp8o-z5zl5o-unsplash_resize.jpg","type":"image\/jpeg"}],"twitter_card":"summary_large_image","twitter_creator":"@b.karas","twitter_site":"@energycities","twitter_misc":{"\u00c9crit par":"Claire Roumet","Dur\u00e9e de lecture estim\u00e9e":"3 minutes"},"schema":{"@context":"https:\/\/schema.org","@graph":[{"@type":"Organization","@id":"https:\/\/energy-cities.eu\/fr\/#organization","name":"Energy Cities","url":"https:\/\/energy-cities.eu\/fr\/","sameAs":["https:\/\/www.facebook.com\/energycities.eu\/","https:\/\/www.youtube.com\/channel\/UChIHn2wF76JzuTbAjSMs0hQ","https:\/\/fr.wikipedia.org\/wiki\/Energy_Cities","https:\/\/twitter.com\/energycities"],"logo":{"@type":"ImageObject","inLanguage":"fr-FR","@id":"https:\/\/energy-cities.eu\/fr\/#\/schema\/logo\/image\/","url":"https:\/\/energy-cities.eu\/wp-content\/uploads\/2019\/07\/energy-cities-couleur.jpg","contentUrl":"https:\/\/energy-cities.eu\/wp-content\/uploads\/2019\/07\/energy-cities-couleur.jpg","width":3508,"height":2587,"caption":"Energy Cities"},"image":{"@id":"https:\/\/energy-cities.eu\/fr\/#\/schema\/logo\/image\/"}},{"@type":"WebSite","@id":"https:\/\/energy-cities.eu\/fr\/#website","url":"https:\/\/energy-cities.eu\/fr\/","name":"Energy Cities","description":" The European learning community for future-proof cities","publisher":{"@id":"https:\/\/energy-cities.eu\/fr\/#organization"},"potentialAction":[{"@type":"SearchAction","target":{"@type":"EntryPoint","urlTemplate":"https:\/\/energy-cities.eu\/fr\/?s={search_term_string}"},"query-input":"required name=search_term_string"}],"inLanguage":"fr-FR"},{"@type":"ImageObject","inLanguage":"fr-FR","@id":"https:\/\/energy-cities.eu\/fr\/honnetete-radicale\/#primaryimage","url":"https:\/\/energy-cities.eu\/wp-content\/uploads\/2022\/06\/andrii-lytvynko-gp8o-z5zl5o-unsplash_resize.jpg","contentUrl":"https:\/\/energy-cities.eu\/wp-content\/uploads\/2022\/06\/andrii-lytvynko-gp8o-z5zl5o-unsplash_resize.jpg","width":2323,"height":1212,"caption":"\u00a9 Andrii Lytvynko on unsplash"},{"@type":"WebPage","@id":"https:\/\/energy-cities.eu\/fr\/honnetete-radicale\/#webpage","url":"https:\/\/energy-cities.eu\/fr\/honnetete-radicale\/","name":"Honn\u00eatet\u00e9 radicale - Energy Cities","isPartOf":{"@id":"https:\/\/energy-cities.eu\/fr\/#website"},"primaryImageOfPage":{"@id":"https:\/\/energy-cities.eu\/fr\/honnetete-radicale\/#primaryimage"},"datePublished":"2022-06-17T06:47:56+00:00","dateModified":"2022-06-17T11:17:40+00:00","breadcrumb":{"@id":"https:\/\/energy-cities.eu\/fr\/honnetete-radicale\/#breadcrumb"},"inLanguage":"fr-FR","potentialAction":[{"@type":"ReadAction","target":["https:\/\/energy-cities.eu\/fr\/honnetete-radicale\/"]}]},{"@type":"BreadcrumbList","@id":"https:\/\/energy-cities.eu\/fr\/honnetete-radicale\/#breadcrumb","itemListElement":[{"@type":"ListItem","position":1,"name":"Home","item":"https:\/\/energy-cities.eu\/fr\/nous-sommes-un-reseau-europeen-blabla\/"},{"@type":"ListItem","position":2,"name":"Honn\u00eatet\u00e9 radicale"}]},{"@type":"Article","@id":"https:\/\/energy-cities.eu\/fr\/honnetete-radicale\/#article","isPartOf":{"@id":"https:\/\/energy-cities.eu\/fr\/honnetete-radicale\/#webpage"},"author":{"@id":"https:\/\/energy-cities.eu\/fr\/#\/schema\/person\/3de484cfc3a898dadb8e31bb7d07169a"},"headline":"Honn\u00eatet\u00e9 radicale","datePublished":"2022-06-17T06:47:56+00:00","dateModified":"2022-06-17T11:17:40+00:00","mainEntityOfPage":{"@id":"https:\/\/energy-cities.eu\/fr\/honnetete-radicale\/#webpage"},"wordCount":683,"commentCount":0,"publisher":{"@id":"https:\/\/energy-cities.eu\/fr\/#organization"},"image":{"@id":"https:\/\/energy-cities.eu\/fr\/honnetete-radicale\/#primaryimage"},"thumbnailUrl":"https:\/\/energy-cities.eu\/wp-content\/uploads\/2022\/06\/andrii-lytvynko-gp8o-z5zl5o-unsplash_resize.jpg","articleSection":["Actualit\u00e9s"],"inLanguage":"fr-FR","potentialAction":[{"@type":"CommentAction","name":"Comment","target":["https:\/\/energy-cities.eu\/fr\/honnetete-radicale\/#respond"]}]},{"@type":"Person","@id":"https:\/\/energy-cities.eu\/fr\/#\/schema\/person\/3de484cfc3a898dadb8e31bb7d07169a","name":"Claire Roumet","image":{"@type":"ImageObject","inLanguage":"fr-FR","@id":"https:\/\/energy-cities.eu\/fr\/#\/schema\/person\/image\/","url":"https:\/\/secure.gravatar.com\/avatar\/db9d3a00940ba3c6552eb48c80ae75de?s=96&d=mm&r=g","contentUrl":"https:\/\/secure.gravatar.com\/avatar\/db9d3a00940ba3c6552eb48c80ae75de?s=96&d=mm&r=g","caption":"Claire Roumet"},"sameAs":["https:\/\/twitter.com\/b.karas"],"url":"https:\/\/energy-cities.eu\/fr\/staff\/c-roumet\/"}]}},"coauthors":[],"tax_additional":{"categories":{"linked":["<a href=\"https:\/\/energy-cities.eu\/fr\/category\/actualites\/\" class=\"advgb-post-tax-term\">Actualit\u00e9s<\/a>"],"unlinked":["<span class=\"advgb-post-tax-term\">Actualit\u00e9s<\/span>"]}},"comment_count":"0","relative_dates":{"created":"Publi\u00e9 4 ans il y a","modified":"Mis \u00e0 jour 4 ans il y a"},"absolute_dates":{"created":"Publi\u00e9 le 17 juin 2022","modified":"Mise \u00e0 jour le 17 juin 2022"},"absolute_dates_time":{"created":"Publi\u00e9 le 17 juin 2022 8:47  ","modified":"Mise \u00e0 jour le 17 juin 2022 1:17  "},"featured_img_caption":"\u00a9 Andrii Lytvynko on unsplash","_links":{"self":[{"href":"https:\/\/energy-cities.eu\/fr\/wp-json\/wp\/v2\/posts\/51098"}],"collection":[{"href":"https:\/\/energy-cities.eu\/fr\/wp-json\/wp\/v2\/posts"}],"about":[{"href":"https:\/\/energy-cities.eu\/fr\/wp-json\/wp\/v2\/types\/post"}],"author":[{"embeddable":true,"href":"https:\/\/energy-cities.eu\/fr\/wp-json\/wp\/v2\/users\/5"}],"replies":[{"embeddable":true,"href":"https:\/\/energy-cities.eu\/fr\/wp-json\/wp\/v2\/comments?post=51098"}],"version-history":[{"count":6,"href":"https:\/\/energy-cities.eu\/fr\/wp-json\/wp\/v2\/posts\/51098\/revisions"}],"predecessor-version":[{"id":51165,"href":"https:\/\/energy-cities.eu\/fr\/wp-json\/wp\/v2\/posts\/51098\/revisions\/51165"}],"wp:featuredmedia":[{"embeddable":true,"href":"https:\/\/energy-cities.eu\/fr\/wp-json\/wp\/v2\/media\/51099"}],"wp:attachment":[{"href":"https:\/\/energy-cities.eu\/fr\/wp-json\/wp\/v2\/media?parent=51098"}],"wp:term":[{"taxonomy":"category","embeddable":true,"href":"https:\/\/energy-cities.eu\/fr\/wp-json\/wp\/v2\/categories?post=51098"},{"taxonomy":"post_tag","embeddable":true,"href":"https:\/\/energy-cities.eu\/fr\/wp-json\/wp\/v2\/tags?post=51098"},{"taxonomy":"hub","embeddable":true,"href":"https:\/\/energy-cities.eu\/fr\/wp-json\/wp\/v2\/hub?post=51098"},{"taxonomy":"topic","embeddable":true,"href":"https:\/\/energy-cities.eu\/fr\/wp-json\/wp\/v2\/topic?post=51098"},{"taxonomy":"legislative_initiative","embeddable":true,"href":"https:\/\/energy-cities.eu\/fr\/wp-json\/wp\/v2\/legislative_initiative?post=51098"},{"taxonomy":"document_type","embeddable":true,"href":"https:\/\/energy-cities.eu\/fr\/wp-json\/wp\/v2\/document_type?post=51098"}],"curies":[{"name":"wp","href":"https:\/\/api.w.org\/{rel}","templated":true}]}}