{"id":60611,"date":"2023-03-24T08:00:00","date_gmt":"2023-03-24T07:00:00","guid":{"rendered":"https:\/\/energy-cities.eu\/join-a-unique-capacity-building-programme-on-innovative-financing\/"},"modified":"2023-03-24T09:09:15","modified_gmt":"2023-03-24T08:09:15","slug":"rejoignez-un-programme-unique-renforcement-capacites-en-financement-innovant","status":"publish","type":"post","link":"https:\/\/energy-cities.eu\/fr\/rejoignez-un-programme-unique-renforcement-capacites-en-financement-innovant\/","title":{"rendered":"Rejoignez un programme unique de renforcement des capacit\u00e9s en mati\u00e8re de financement innovant\u00a0!"},"content":{"rendered":"\n<p>Envie de d\u00e9couvrir de nouveaux moyens de financer vos mesures \u00e9nerg\u00e9tiques et climatiques&nbsp;? Vous souhaitez en savoir plus sur les contrats de performance \u00e9nerg\u00e9tique, les obligations vertes des villes, les fonds renouvelables ou encore le financement citoyen&nbsp;? Vous aimeriez b\u00e9n\u00e9ficier des connaissances de vos pairs d&rsquo;autres villes de l&rsquo;UE, de <a href=\"https:\/\/h2020prospect.eu\/meet-mentors\">personnes qui ont mis en \u0153uvre ces moyens de financement<\/a> et qui pourraient vous dire s&rsquo;ils conviennent \u00e0 vos propres projets dans votre contexte local&nbsp;? Vous souhaitez apprendre en petits groupes, \u00e9changer directement avec d&rsquo;autres professionnels de la ville confront\u00e9s aux m\u00eames d\u00e9fis que vous&nbsp;?<\/p>\n\n\n\n<p>Ne cherchez plus&nbsp;: le <a href=\"https:\/\/h2020prospect.eu\/learning-programme\">programme de renforcement des capacit\u00e9s PROSPECT+<\/a> sur les financements innovants est le programme qu\u2019il vous faut&nbsp;!<\/p>\n\n\n\n<p>PROSPECT+ propose des formations entres pairs dans <a href=\"https:\/\/h2020prospect.eu\/learning-handbooks\">cinq domaines&nbsp;<\/a>: les b\u00e2timents publics, les b\u00e2timents priv\u00e9s, l&rsquo;\u00e9clairage public, les transports et une cat\u00e9gorie intersectorielle. Son but&nbsp;: permettre aux villes de mieux choisir les projets \u00e0 financer, en am\u00e9liorant votre capacit\u00e9 d\u2019analyse, pour vous assurer que les projets sont m\u00fbrs, pr\u00eats \u00e0 \u00eatre financ\u00e9s.<\/p>\n\n\n\n<p>La participation \u00e0 PROSPECT+ est gratuite. Toutes les autorit\u00e9s publiques locales et r\u00e9gionales, ainsi que leurs agences de l&rsquo;\u00e9nergie en Europe (UE27, Royaume-Uni et pays associ\u00e9s \u00e0 H2020), peuvent postuler.<\/p>\n\n\n\n<p>Depuis 2017, PROSPECT+ a d\u00e9j\u00e0 aid\u00e9 plus de 250&nbsp;villes et r\u00e9gions&nbsp;! Alors pourquoi pas vous&nbsp;?<\/p>\n\n\n\n<h2><strong><strong>Comment d\u00e9poser sa candidature&nbsp;?<\/strong><\/strong><\/h2>\n\n\n\n<p>En vue de son troisi\u00e8me cycle de formation qui d\u00e9butera en ao\u00fbt\/septembre&nbsp;2023, PROSPECT+ lance de nouveaux appels \u00e0 mentors et mentor\u00e9s, selon le calendrier suivant&nbsp;:&nbsp;&nbsp;<\/p>\n\n\n\n<ul><li>Appel \u00e0 mentor\u00e9s&nbsp;: du <strong>2 mars 2023 au 14 avril 2023<\/strong>.&nbsp;<\/li><li>Appel \u00e0 mentors&nbsp;: du<strong> 22<sup> <\/sup>mai 2023 au 7 juin 2023<\/strong>.<\/li><\/ul>\n\n\n\n<p>Pour plus d&rsquo;information et liens vers les formulaires de candidature, merci de visiter : <a href=\"https:\/\/www.h2020prospect.eu\/get-involved\">https:\/\/www.h2020prospect.eu\/get-involved<\/a>  <\/p>\n\n\n\n<p>Rejoignez-nous sur LinkedIn <a href=\"https:\/\/www.linkedin.com\/company\/peerpoweredcitiesandregions\/\" target=\"_blank\" rel=\"noreferrer noopener\">Capacity building for cities and regions | PROSPECT+<\/a> !<\/p>\n\n\n\n<div class=\"wp-block-columns\">\n<div class=\"wp-block-column\" style=\"flex-basis:100%\"><\/div>\n<\/div>\n\n\n\n<div class=\"wp-block-media-text alignwide is-stacked-on-mobile\" style=\"grid-template-columns:27% auto\"><figure class=\"wp-block-media-text__media\"><img loading=\"lazy\" width=\"233\" height=\"208\" src=\"https:\/\/energy-cities.eu\/wp-content\/uploads\/2023\/02\/Image1-1.jpg\" alt=\"\" class=\"wp-image-60513 size-full\"\/><\/figure><div class=\"wp-block-media-text__content\">\n<p><em><em>\u00ab&nbsp;Le programme de renforcement des capacit\u00e9s PROSPECT+ offre aux collectivit\u00e9s locales l&rsquo;occasion d&rsquo;approfondir leurs connaissances des sch\u00e9mas innovants pour financer les projets en mati\u00e8re d&rsquo;efficacit\u00e9 \u00e9nerg\u00e9tique directement aupr\u00e8s de leurs pairs, celles et ceux qui ont d\u00e9j\u00e0 test\u00e9 et mis en \u0153uvre des solutions r\u00e9ussies face aux m\u00eames obstacles. En proposant diff\u00e9rentes m\u00e9thodologies d&rsquo;apprentissage, nous voulons impliquer autant de collectivit\u00e9s locales que possible, en essayant de r\u00e9pondre \u00e0 diff\u00e9rents besoins, y compris le manque de temps ou le manque de comp\u00e9tences en langues \u00e9trang\u00e8res. PROSPECT+ est \u00e9galement l\u2019occasion id\u00e9ale pour celles et ceux qui ne sont pas encore familiaris\u00e9s avec les programmes de financement de l&rsquo;UE pour acqu\u00e9rir une premi\u00e8re exp\u00e9rience directe des projets europ\u00e9ens et rencontrer des partenaires de l&rsquo;UE.&nbsp;\u00bb<\/em><\/em> Giulia Pizzini, coordinatrice du projet PROSPECT+, IEECP&nbsp;<\/p>\n<\/div><\/div>\n","protected":false},"excerpt":{"rendered":"<p>Envie de d\u00e9couvrir de nouveaux moyens de financer vos mesures \u00e9nerg\u00e9tiques et climatiques&nbsp;? Vous souhaitez en savoir plus sur les contrats de performance \u00e9nerg\u00e9tique, les <a href=\"https:\/\/energy-cities.eu\/fr\/rejoignez-un-programme-unique-renforcement-capacites-en-financement-innovant\/\">[\u2026]<\/a><\/p>\n","protected":false},"author":10,"featured_media":60540,"comment_status":"open","ping_status":"open","sticky":false,"template":"","format":"standard","meta":{"advgb_blocks_editor_width":"","advgb_blocks_columns_visual_guide":"","ub_ctt_via":""},"categories":[4],"tags":[],"hub":[308],"topic":[22,101,102,107,109,111,346,350,354,361,363,372,392,394,418],"legislative_initiative":[],"document_type":[],"acf":[],"author_meta":{"display_name":"Blandine Pidoux","author_link":"https:\/\/energy-cities.eu\/fr\/staff\/b-pidoux\/"},"featured_img":"https:\/\/energy-cities.eu\/wp-content\/uploads\/2023\/02\/mathieu-stern-1zO4O3Z0UJA-unsplash-350x233.jpg","featured_image_src":"https:\/\/energy-cities.eu\/wp-content\/uploads\/2023\/02\/mathieu-stern-1zO4O3Z0UJA-unsplash-scaled.jpg","author_info":{"display_name":"Blandine Pidoux","author_link":"https:\/\/energy-cities.eu\/fr\/staff\/b-pidoux\/"},"yoast_head":"<!-- This site is optimized with the Yoast SEO plugin v18.8 - https:\/\/yoast.com\/wordpress\/plugins\/seo\/ -->\n<title>Rejoignez un programme unique de renforcement des capacit\u00e9s en mati\u00e8re de financement innovant\u00a0! - Energy Cities<\/title>\n<meta name=\"robots\" content=\"index, follow, max-snippet:-1, max-image-preview:large, max-video-preview:-1\" \/>\n<link rel=\"canonical\" href=\"https:\/\/energy-cities.eu\/fr\/rejoignez-un-programme-unique-renforcement-capacites-en-financement-innovant\/\" \/>\n<meta property=\"og:locale\" content=\"fr_FR\" \/>\n<meta property=\"og:type\" content=\"article\" \/>\n<meta property=\"og:title\" content=\"Rejoignez un programme unique de renforcement des capacit\u00e9s en mati\u00e8re de financement innovant\u00a0! - Energy Cities\" \/>\n<meta property=\"og:description\" content=\"Envie de d\u00e9couvrir de nouveaux moyens de financer vos mesures \u00e9nerg\u00e9tiques et climatiques&nbsp;? Vous souhaitez en savoir plus sur les contrats de performance \u00e9nerg\u00e9tique, les [\u2026]\" \/>\n<meta property=\"og:url\" content=\"https:\/\/energy-cities.eu\/fr\/rejoignez-un-programme-unique-renforcement-capacites-en-financement-innovant\/\" \/>\n<meta property=\"og:site_name\" content=\"Energy Cities\" \/>\n<meta property=\"article:publisher\" content=\"https:\/\/www.facebook.com\/energycities.eu\/\" \/>\n<meta property=\"article:published_time\" content=\"2023-03-24T07:00:00+00:00\" \/>\n<meta property=\"article:modified_time\" content=\"2023-03-24T08:09:15+00:00\" \/>\n<meta property=\"og:image\" content=\"https:\/\/energy-cities.eu\/wp-content\/uploads\/2023\/02\/mathieu-stern-1zO4O3Z0UJA-unsplash-scaled.jpg\" \/>\n\t<meta property=\"og:image:width\" content=\"2560\" \/>\n\t<meta property=\"og:image:height\" content=\"1707\" \/>\n\t<meta property=\"og:image:type\" content=\"image\/jpeg\" \/>\n<meta name=\"twitter:card\" content=\"summary_large_image\" \/>\n<meta name=\"twitter:creator\" content=\"@b.karas\" \/>\n<meta name=\"twitter:site\" content=\"@energycities\" \/>\n<meta name=\"twitter:label1\" content=\"\u00c9crit par\" \/>\n\t<meta name=\"twitter:data1\" content=\"Blandine Pidoux\" \/>\n\t<meta name=\"twitter:label2\" content=\"Dur\u00e9e de lecture estim\u00e9e\" \/>\n\t<meta name=\"twitter:data2\" content=\"3 minutes\" \/>\n<script type=\"application\/ld+json\" class=\"yoast-schema-graph\">{\"@context\":\"https:\/\/schema.org\",\"@graph\":[{\"@type\":\"Organization\",\"@id\":\"https:\/\/energy-cities.eu\/fr\/#organization\",\"name\":\"Energy Cities\",\"url\":\"https:\/\/energy-cities.eu\/fr\/\",\"sameAs\":[\"https:\/\/www.facebook.com\/energycities.eu\/\",\"https:\/\/www.youtube.com\/channel\/UChIHn2wF76JzuTbAjSMs0hQ\",\"https:\/\/fr.wikipedia.org\/wiki\/Energy_Cities\",\"https:\/\/twitter.com\/energycities\"],\"logo\":{\"@type\":\"ImageObject\",\"inLanguage\":\"fr-FR\",\"@id\":\"https:\/\/energy-cities.eu\/fr\/#\/schema\/logo\/image\/\",\"url\":\"https:\/\/energy-cities.eu\/wp-content\/uploads\/2019\/07\/energy-cities-couleur.jpg\",\"contentUrl\":\"https:\/\/energy-cities.eu\/wp-content\/uploads\/2019\/07\/energy-cities-couleur.jpg\",\"width\":3508,\"height\":2587,\"caption\":\"Energy Cities\"},\"image\":{\"@id\":\"https:\/\/energy-cities.eu\/fr\/#\/schema\/logo\/image\/\"}},{\"@type\":\"WebSite\",\"@id\":\"https:\/\/energy-cities.eu\/fr\/#website\",\"url\":\"https:\/\/energy-cities.eu\/fr\/\",\"name\":\"Energy Cities\",\"description\":\" The European learning community for future-proof cities\",\"publisher\":{\"@id\":\"https:\/\/energy-cities.eu\/fr\/#organization\"},\"potentialAction\":[{\"@type\":\"SearchAction\",\"target\":{\"@type\":\"EntryPoint\",\"urlTemplate\":\"https:\/\/energy-cities.eu\/fr\/?s={search_term_string}\"},\"query-input\":\"required name=search_term_string\"}],\"inLanguage\":\"fr-FR\"},{\"@type\":\"ImageObject\",\"inLanguage\":\"fr-FR\",\"@id\":\"https:\/\/energy-cities.eu\/fr\/rejoignez-un-programme-unique-renforcement-capacites-en-financement-innovant\/#primaryimage\",\"url\":\"https:\/\/energy-cities.eu\/wp-content\/uploads\/2023\/02\/mathieu-stern-1zO4O3Z0UJA-unsplash-scaled.jpg\",\"contentUrl\":\"https:\/\/energy-cities.eu\/wp-content\/uploads\/2023\/02\/mathieu-stern-1zO4O3Z0UJA-unsplash-scaled.jpg\",\"width\":2560,\"height\":1707,\"caption\":\"Photo de Mathieu Stern sur Unsplash\"},{\"@type\":\"WebPage\",\"@id\":\"https:\/\/energy-cities.eu\/fr\/rejoignez-un-programme-unique-renforcement-capacites-en-financement-innovant\/#webpage\",\"url\":\"https:\/\/energy-cities.eu\/fr\/rejoignez-un-programme-unique-renforcement-capacites-en-financement-innovant\/\",\"name\":\"Rejoignez un programme unique de renforcement des capacit\u00e9s en mati\u00e8re de financement innovant\u00a0! - Energy Cities\",\"isPartOf\":{\"@id\":\"https:\/\/energy-cities.eu\/fr\/#website\"},\"primaryImageOfPage\":{\"@id\":\"https:\/\/energy-cities.eu\/fr\/rejoignez-un-programme-unique-renforcement-capacites-en-financement-innovant\/#primaryimage\"},\"datePublished\":\"2023-03-24T07:00:00+00:00\",\"dateModified\":\"2023-03-24T08:09:15+00:00\",\"breadcrumb\":{\"@id\":\"https:\/\/energy-cities.eu\/fr\/rejoignez-un-programme-unique-renforcement-capacites-en-financement-innovant\/#breadcrumb\"},\"inLanguage\":\"fr-FR\",\"potentialAction\":[{\"@type\":\"ReadAction\",\"target\":[\"https:\/\/energy-cities.eu\/fr\/rejoignez-un-programme-unique-renforcement-capacites-en-financement-innovant\/\"]}]},{\"@type\":\"BreadcrumbList\",\"@id\":\"https:\/\/energy-cities.eu\/fr\/rejoignez-un-programme-unique-renforcement-capacites-en-financement-innovant\/#breadcrumb\",\"itemListElement\":[{\"@type\":\"ListItem\",\"position\":1,\"name\":\"Home\",\"item\":\"https:\/\/energy-cities.eu\/fr\/nous-sommes-un-reseau-europeen-blabla\/\"},{\"@type\":\"ListItem\",\"position\":2,\"name\":\"Rejoignez un programme unique de renforcement des capacit\u00e9s en mati\u00e8re de financement innovant\u00a0!\"}]},{\"@type\":\"Article\",\"@id\":\"https:\/\/energy-cities.eu\/fr\/rejoignez-un-programme-unique-renforcement-capacites-en-financement-innovant\/#article\",\"isPartOf\":{\"@id\":\"https:\/\/energy-cities.eu\/fr\/rejoignez-un-programme-unique-renforcement-capacites-en-financement-innovant\/#webpage\"},\"author\":{\"@id\":\"https:\/\/energy-cities.eu\/fr\/#\/schema\/person\/fc6ccd8bb8722c954e08d45fb5a67d56\"},\"headline\":\"Rejoignez un programme unique de renforcement des capacit\u00e9s en mati\u00e8re de financement innovant\u00a0!\",\"datePublished\":\"2023-03-24T07:00:00+00:00\",\"dateModified\":\"2023-03-24T08:09:15+00:00\",\"mainEntityOfPage\":{\"@id\":\"https:\/\/energy-cities.eu\/fr\/rejoignez-un-programme-unique-renforcement-capacites-en-financement-innovant\/#webpage\"},\"wordCount\":495,\"commentCount\":0,\"publisher\":{\"@id\":\"https:\/\/energy-cities.eu\/fr\/#organization\"},\"image\":{\"@id\":\"https:\/\/energy-cities.eu\/fr\/rejoignez-un-programme-unique-renforcement-capacites-en-financement-innovant\/#primaryimage\"},\"thumbnailUrl\":\"https:\/\/energy-cities.eu\/wp-content\/uploads\/2023\/02\/mathieu-stern-1zO4O3Z0UJA-unsplash-scaled.jpg\",\"articleSection\":[\"Actualit\u00e9s\"],\"inLanguage\":\"fr-FR\",\"potentialAction\":[{\"@type\":\"CommentAction\",\"name\":\"Comment\",\"target\":[\"https:\/\/energy-cities.eu\/fr\/rejoignez-un-programme-unique-renforcement-capacites-en-financement-innovant\/#respond\"]}]},{\"@type\":\"Person\",\"@id\":\"https:\/\/energy-cities.eu\/fr\/#\/schema\/person\/fc6ccd8bb8722c954e08d45fb5a67d56\",\"name\":\"Blandine Pidoux\",\"image\":{\"@type\":\"ImageObject\",\"inLanguage\":\"fr-FR\",\"@id\":\"https:\/\/energy-cities.eu\/fr\/#\/schema\/person\/image\/\",\"url\":\"https:\/\/secure.gravatar.com\/avatar\/fce16f7fb0d1ffbb397f21942356242f?s=96&d=mm&r=g\",\"contentUrl\":\"https:\/\/secure.gravatar.com\/avatar\/fce16f7fb0d1ffbb397f21942356242f?s=96&d=mm&r=g\",\"caption\":\"Blandine Pidoux\"},\"sameAs\":[\"https:\/\/twitter.com\/b.karas\"],\"url\":\"https:\/\/energy-cities.eu\/fr\/staff\/b-pidoux\/\"}]}<\/script>\n<!-- \/ Yoast SEO plugin. -->","yoast_head_json":{"title":"Rejoignez un programme unique de renforcement des capacit\u00e9s en mati\u00e8re de financement innovant\u00a0! - Energy Cities","robots":{"index":"index","follow":"follow","max-snippet":"max-snippet:-1","max-image-preview":"max-image-preview:large","max-video-preview":"max-video-preview:-1"},"canonical":"https:\/\/energy-cities.eu\/fr\/rejoignez-un-programme-unique-renforcement-capacites-en-financement-innovant\/","og_locale":"fr_FR","og_type":"article","og_title":"Rejoignez un programme unique de renforcement des capacit\u00e9s en mati\u00e8re de financement innovant\u00a0! - Energy Cities","og_description":"Envie de d\u00e9couvrir de nouveaux moyens de financer vos mesures \u00e9nerg\u00e9tiques et climatiques&nbsp;? Vous souhaitez en savoir plus sur les contrats de performance \u00e9nerg\u00e9tique, les [\u2026]","og_url":"https:\/\/energy-cities.eu\/fr\/rejoignez-un-programme-unique-renforcement-capacites-en-financement-innovant\/","og_site_name":"Energy Cities","article_publisher":"https:\/\/www.facebook.com\/energycities.eu\/","article_published_time":"2023-03-24T07:00:00+00:00","article_modified_time":"2023-03-24T08:09:15+00:00","og_image":[{"width":2560,"height":1707,"url":"https:\/\/energy-cities.eu\/wp-content\/uploads\/2023\/02\/mathieu-stern-1zO4O3Z0UJA-unsplash-scaled.jpg","type":"image\/jpeg"}],"twitter_card":"summary_large_image","twitter_creator":"@b.karas","twitter_site":"@energycities","twitter_misc":{"\u00c9crit par":"Blandine Pidoux","Dur\u00e9e de lecture estim\u00e9e":"3 minutes"},"schema":{"@context":"https:\/\/schema.org","@graph":[{"@type":"Organization","@id":"https:\/\/energy-cities.eu\/fr\/#organization","name":"Energy Cities","url":"https:\/\/energy-cities.eu\/fr\/","sameAs":["https:\/\/www.facebook.com\/energycities.eu\/","https:\/\/www.youtube.com\/channel\/UChIHn2wF76JzuTbAjSMs0hQ","https:\/\/fr.wikipedia.org\/wiki\/Energy_Cities","https:\/\/twitter.com\/energycities"],"logo":{"@type":"ImageObject","inLanguage":"fr-FR","@id":"https:\/\/energy-cities.eu\/fr\/#\/schema\/logo\/image\/","url":"https:\/\/energy-cities.eu\/wp-content\/uploads\/2019\/07\/energy-cities-couleur.jpg","contentUrl":"https:\/\/energy-cities.eu\/wp-content\/uploads\/2019\/07\/energy-cities-couleur.jpg","width":3508,"height":2587,"caption":"Energy Cities"},"image":{"@id":"https:\/\/energy-cities.eu\/fr\/#\/schema\/logo\/image\/"}},{"@type":"WebSite","@id":"https:\/\/energy-cities.eu\/fr\/#website","url":"https:\/\/energy-cities.eu\/fr\/","name":"Energy Cities","description":" The European learning community for future-proof cities","publisher":{"@id":"https:\/\/energy-cities.eu\/fr\/#organization"},"potentialAction":[{"@type":"SearchAction","target":{"@type":"EntryPoint","urlTemplate":"https:\/\/energy-cities.eu\/fr\/?s={search_term_string}"},"query-input":"required name=search_term_string"}],"inLanguage":"fr-FR"},{"@type":"ImageObject","inLanguage":"fr-FR","@id":"https:\/\/energy-cities.eu\/fr\/rejoignez-un-programme-unique-renforcement-capacites-en-financement-innovant\/#primaryimage","url":"https:\/\/energy-cities.eu\/wp-content\/uploads\/2023\/02\/mathieu-stern-1zO4O3Z0UJA-unsplash-scaled.jpg","contentUrl":"https:\/\/energy-cities.eu\/wp-content\/uploads\/2023\/02\/mathieu-stern-1zO4O3Z0UJA-unsplash-scaled.jpg","width":2560,"height":1707,"caption":"Photo de Mathieu Stern sur Unsplash"},{"@type":"WebPage","@id":"https:\/\/energy-cities.eu\/fr\/rejoignez-un-programme-unique-renforcement-capacites-en-financement-innovant\/#webpage","url":"https:\/\/energy-cities.eu\/fr\/rejoignez-un-programme-unique-renforcement-capacites-en-financement-innovant\/","name":"Rejoignez un programme unique de renforcement des capacit\u00e9s en mati\u00e8re de financement innovant\u00a0! - Energy Cities","isPartOf":{"@id":"https:\/\/energy-cities.eu\/fr\/#website"},"primaryImageOfPage":{"@id":"https:\/\/energy-cities.eu\/fr\/rejoignez-un-programme-unique-renforcement-capacites-en-financement-innovant\/#primaryimage"},"datePublished":"2023-03-24T07:00:00+00:00","dateModified":"2023-03-24T08:09:15+00:00","breadcrumb":{"@id":"https:\/\/energy-cities.eu\/fr\/rejoignez-un-programme-unique-renforcement-capacites-en-financement-innovant\/#breadcrumb"},"inLanguage":"fr-FR","potentialAction":[{"@type":"ReadAction","target":["https:\/\/energy-cities.eu\/fr\/rejoignez-un-programme-unique-renforcement-capacites-en-financement-innovant\/"]}]},{"@type":"BreadcrumbList","@id":"https:\/\/energy-cities.eu\/fr\/rejoignez-un-programme-unique-renforcement-capacites-en-financement-innovant\/#breadcrumb","itemListElement":[{"@type":"ListItem","position":1,"name":"Home","item":"https:\/\/energy-cities.eu\/fr\/nous-sommes-un-reseau-europeen-blabla\/"},{"@type":"ListItem","position":2,"name":"Rejoignez un programme unique de renforcement des capacit\u00e9s en mati\u00e8re de financement innovant\u00a0!"}]},{"@type":"Article","@id":"https:\/\/energy-cities.eu\/fr\/rejoignez-un-programme-unique-renforcement-capacites-en-financement-innovant\/#article","isPartOf":{"@id":"https:\/\/energy-cities.eu\/fr\/rejoignez-un-programme-unique-renforcement-capacites-en-financement-innovant\/#webpage"},"author":{"@id":"https:\/\/energy-cities.eu\/fr\/#\/schema\/person\/fc6ccd8bb8722c954e08d45fb5a67d56"},"headline":"Rejoignez un programme unique de renforcement des capacit\u00e9s en mati\u00e8re de financement innovant\u00a0!","datePublished":"2023-03-24T07:00:00+00:00","dateModified":"2023-03-24T08:09:15+00:00","mainEntityOfPage":{"@id":"https:\/\/energy-cities.eu\/fr\/rejoignez-un-programme-unique-renforcement-capacites-en-financement-innovant\/#webpage"},"wordCount":495,"commentCount":0,"publisher":{"@id":"https:\/\/energy-cities.eu\/fr\/#organization"},"image":{"@id":"https:\/\/energy-cities.eu\/fr\/rejoignez-un-programme-unique-renforcement-capacites-en-financement-innovant\/#primaryimage"},"thumbnailUrl":"https:\/\/energy-cities.eu\/wp-content\/uploads\/2023\/02\/mathieu-stern-1zO4O3Z0UJA-unsplash-scaled.jpg","articleSection":["Actualit\u00e9s"],"inLanguage":"fr-FR","potentialAction":[{"@type":"CommentAction","name":"Comment","target":["https:\/\/energy-cities.eu\/fr\/rejoignez-un-programme-unique-renforcement-capacites-en-financement-innovant\/#respond"]}]},{"@type":"Person","@id":"https:\/\/energy-cities.eu\/fr\/#\/schema\/person\/fc6ccd8bb8722c954e08d45fb5a67d56","name":"Blandine Pidoux","image":{"@type":"ImageObject","inLanguage":"fr-FR","@id":"https:\/\/energy-cities.eu\/fr\/#\/schema\/person\/image\/","url":"https:\/\/secure.gravatar.com\/avatar\/fce16f7fb0d1ffbb397f21942356242f?s=96&d=mm&r=g","contentUrl":"https:\/\/secure.gravatar.com\/avatar\/fce16f7fb0d1ffbb397f21942356242f?s=96&d=mm&r=g","caption":"Blandine Pidoux"},"sameAs":["https:\/\/twitter.com\/b.karas"],"url":"https:\/\/energy-cities.eu\/fr\/staff\/b-pidoux\/"}]}},"coauthors":[],"tax_additional":{"categories":{"linked":["<a href=\"https:\/\/energy-cities.eu\/fr\/category\/actualites\/\" class=\"advgb-post-tax-term\">Actualit\u00e9s<\/a>"],"unlinked":["<span class=\"advgb-post-tax-term\">Actualit\u00e9s<\/span>"]}},"comment_count":"0","relative_dates":{"created":"Publi\u00e9 3 ans il y a","modified":"Mis \u00e0 jour 3 ans il y a"},"absolute_dates":{"created":"Publi\u00e9 le 24 mars 2023","modified":"Mise \u00e0 jour le 24 mars 2023"},"absolute_dates_time":{"created":"Publi\u00e9 le 24 mars 2023 8:00  ","modified":"Mise \u00e0 jour le 24 mars 2023 9:09  "},"featured_img_caption":"Photo de Mathieu Stern sur Unsplash","_links":{"self":[{"href":"https:\/\/energy-cities.eu\/fr\/wp-json\/wp\/v2\/posts\/60611"}],"collection":[{"href":"https:\/\/energy-cities.eu\/fr\/wp-json\/wp\/v2\/posts"}],"about":[{"href":"https:\/\/energy-cities.eu\/fr\/wp-json\/wp\/v2\/types\/post"}],"author":[{"embeddable":true,"href":"https:\/\/energy-cities.eu\/fr\/wp-json\/wp\/v2\/users\/10"}],"replies":[{"embeddable":true,"href":"https:\/\/energy-cities.eu\/fr\/wp-json\/wp\/v2\/comments?post=60611"}],"version-history":[{"count":6,"href":"https:\/\/energy-cities.eu\/fr\/wp-json\/wp\/v2\/posts\/60611\/revisions"}],"predecessor-version":[{"id":62179,"href":"https:\/\/energy-cities.eu\/fr\/wp-json\/wp\/v2\/posts\/60611\/revisions\/62179"}],"wp:featuredmedia":[{"embeddable":true,"href":"https:\/\/energy-cities.eu\/fr\/wp-json\/wp\/v2\/media\/60540"}],"wp:attachment":[{"href":"https:\/\/energy-cities.eu\/fr\/wp-json\/wp\/v2\/media?parent=60611"}],"wp:term":[{"taxonomy":"category","embeddable":true,"href":"https:\/\/energy-cities.eu\/fr\/wp-json\/wp\/v2\/categories?post=60611"},{"taxonomy":"post_tag","embeddable":true,"href":"https:\/\/energy-cities.eu\/fr\/wp-json\/wp\/v2\/tags?post=60611"},{"taxonomy":"hub","embeddable":true,"href":"https:\/\/energy-cities.eu\/fr\/wp-json\/wp\/v2\/hub?post=60611"},{"taxonomy":"topic","embeddable":true,"href":"https:\/\/energy-cities.eu\/fr\/wp-json\/wp\/v2\/topic?post=60611"},{"taxonomy":"legislative_initiative","embeddable":true,"href":"https:\/\/energy-cities.eu\/fr\/wp-json\/wp\/v2\/legislative_initiative?post=60611"},{"taxonomy":"document_type","embeddable":true,"href":"https:\/\/energy-cities.eu\/fr\/wp-json\/wp\/v2\/document_type?post=60611"}],"curies":[{"name":"wp","href":"https:\/\/api.w.org\/{rel}","templated":true}]}}