{"id":62588,"date":"2023-04-05T16:36:29","date_gmt":"2023-04-05T14:36:29","guid":{"rendered":"https:\/\/energy-cities.eu\/?p=62588"},"modified":"2023-04-17T09:32:04","modified_gmt":"2023-04-17T07:32:04","slug":"greffer-villes-cultiver-notre-avenir-commun","status":"publish","type":"post","link":"https:\/\/energy-cities.eu\/fr\/greffer-villes-cultiver-notre-avenir-commun\/","title":{"rendered":"Greffer les villes: Cultiver notre avenir commun"},"content":{"rendered":"\n<figure class=\"wp-block-gallery has-nested-images columns-default is-cropped\">\n<figure class=\"wp-block-image size-large\"><img loading=\"lazy\" width=\"1024\" height=\"341\" data-id=\"62637\"  src=\"https:\/\/energy-cities.eu\/wp-content\/uploads\/2023\/04\/FR-Save-the-Date-Annual-Conference-4-1024x341.png\" alt=\"\" class=\"wp-image-62637\" srcset=\"https:\/\/energy-cities.eu\/wp-content\/uploads\/2023\/04\/FR-Save-the-Date-Annual-Conference-4-1024x341.png 1024w, https:\/\/energy-cities.eu\/wp-content\/uploads\/2023\/04\/FR-Save-the-Date-Annual-Conference-4-350x117.png 350w, https:\/\/energy-cities.eu\/wp-content\/uploads\/2023\/04\/FR-Save-the-Date-Annual-Conference-4-1536x512.png 1536w, https:\/\/energy-cities.eu\/wp-content\/uploads\/2023\/04\/FR-Save-the-Date-Annual-Conference-4-700x233.png 700w, https:\/\/energy-cities.eu\/wp-content\/uploads\/2023\/04\/FR-Save-the-Date-Annual-Conference-4-1440x480.png 1440w, https:\/\/energy-cities.eu\/wp-content\/uploads\/2023\/04\/FR-Save-the-Date-Annual-Conference-4.png 1875w\" sizes=\"(max-width: 1024px) 100vw, 1024px\" \/><\/figure>\n<\/figure>\n\n\n\n<p>Energy Cities organisera sa <strong>conf\u00e9rence annuelle dans la ville de Mod\u00e8ne<\/strong>, dans le cadre de la semaine de la bio-architecture, en collaboration avec la <strong>ville de Mod\u00e8ne<\/strong>, l&rsquo;Agence pour l&rsquo;\u00e9nergie et le d\u00e9veloppement durable &#8211; <a href=\"https:\/\/aess.energy\/it\/\" target=\"_blank\" rel=\"noreferrer noopener\"><strong>AESS <\/strong><\/a>et notre partenaire de longue date, <strong><a href=\"https:\/\/www.climatealliance.org\/home.html\" target=\"_blank\" rel=\"noreferrer noopener\">Climate Alliance<\/a><\/strong> !<\/p>\n\n\n\n<p>Reconstruire des villes, L&rsquo;Europe l\u2019a d\u00e9j\u00e0 fait par le pass\u00e9. Mod\u00e8ne est un excellent exemple vivant de notre h\u00e9ritage culturel commun et dont chaque si\u00e8cle a fa\u00e7onn\u00e9 des mod\u00e8les de d\u00e9veloppement urbain adapt\u00e9s au contexte. C&rsquo;est l&rsquo;ambition du <a href=\"https:\/\/new-european-bauhaus.europa.eu\/index_en\" target=\"_blank\" rel=\"noreferrer noopener\"><strong>New European Bauhaus<\/strong><\/a> d&rsquo;imaginer des villes belles, durables et solidaires. Il pose les jalons d&rsquo;une politique europ\u00e9enne renouvel\u00e9e pour l&rsquo;avenir des villes. Le New European Bauhaus est une \u00ab\u00a0greffe\u00a0\u00bb du \u00ab\u00a0vieux\u00a0\u00bb Bauhaus. Comme nous voulons que les villes du futur \u00ab\u00a0greffent\u00a0\u00bb les p\u00e9tro-villes.&nbsp;<\/p>\n\n\n\n<h3>Que signifie \u00ab\u00a0greffer les villes\u00a0\u00bb ?<\/h3>\n\n\n\n<p>Greffer les villes, c&rsquo;est \u00e9crire une nouvelle histoire pour l&rsquo;avenir de la ville ; c&rsquo;est tracer une voie n\u00e9cessaire pour r\u00e9inventer chaque ville \u00e0 partir de l&rsquo;existant.&nbsp; L&rsquo;art de la greffe consiste \u00e0 r\u00e9v\u00e9ler comment un lieu peut devenir florissant en s&rsquo;appuyant sur ses atouts et en les \u00ab\u00a0tordant\u00a0\u00bb. La greffe d&rsquo;une ville est \u00e9galement un mouvement visant \u00e0 transformer rue par rue, maison par maison, lieu par lieu et \u00e0 accro\u00eetre la diversit\u00e9 et donc la r\u00e9silience. &nbsp;<\/p>\n\n\n\n<p>Lors de notre conf\u00e9rence, nous voulons <strong>r\u00e9v\u00e9ler les transformations qui sont d\u00e9j\u00e0 \u00e0 l&rsquo;\u0153uvre<\/strong>, le processus de greffe qui a d\u00e9j\u00e0 commenc\u00e9. Nous voulons les rendre visibles pour que les forces vives les amplifient. Un espace vacant qui devient une boulangerie collective ; une rue vivante qui remplace les voitures ; une ferme solaire qui recouvre une friche industrielle profond\u00e9ment pollu\u00e9e ; une nouvelle cha\u00eene d&rsquo;approvisionnement pour les produits locaux qui est structur\u00e9e par les march\u00e9s municipaux. Plus important encore, <strong>de nouvelles villes \u00e9mergent<\/strong>, <strong>mais les changements ne seront profond\u00e9ment enracin\u00e9s que s&rsquo;ils sont clairement articul\u00e9s \u00e0 une strat\u00e9gie de transformation locale ambitieuse <\/strong>(par exemple, les strat\u00e9gies locales renouvel\u00e9es de la Convention des maires).&nbsp;<\/p>\n\n\n\n<p>Lors de notre conf\u00e9rence, nous voulons \u00e9galement <strong>r\u00e9v\u00e9ler les forces sociales sur lesquelles nous pouvons nous appuyer pour faire avancer la soci\u00e9t\u00e9<\/strong>. Les assembl\u00e9es de citoyen\u00b7nes pour le climat fleurissent au niveau local et sont un instrument cl\u00e9 pour construire un consensus ambitieux impliquant tout le monde. La crise de l&rsquo;\u00e9nergie a montr\u00e9 clairement que sans une forte implication des municipalit\u00e9s, il ne sera pas possible de garantir l&rsquo;\u00e9quit\u00e9 dans les transitions et cela mettra en p\u00e9ril notre capacit\u00e9 \u00e0 atteindre la neutralit\u00e9 climatique.&nbsp;&nbsp;<\/p>\n\n\n\n<p>Tout au long de la conf\u00e9rence, nous r\u00e9fl\u00e9chirons ensemble, nous serons inspir\u00e9\u00b7es et nous apprendrons les un\u00b7es des autres. <strong>Le menu des activit\u00e9s que nous vous pr\u00e9parons est tr\u00e8s app\u00e9tissant<\/strong> et nous sommes impatients de le partager avec vous. Voici un petit aper\u00e7u de ce que nous ferons ensemble, mais ce n&rsquo;est que le d\u00e9but !&nbsp;<\/p>\n\n\n\n<h3>Ci-dessous un avant-go\u00fbt de ce que nous allons faire ensemble!<\/h3>\n\n\n\n<figure class=\"wp-block-gallery has-nested-images columns-default is-cropped\">\n<figure class=\"wp-block-image size-large\"><img loading=\"lazy\" width=\"1024\" height=\"980\" data-id=\"62777\"  src=\"https:\/\/energy-cities.eu\/wp-content\/uploads\/2023\/04\/FR-Annual-Conference-Calendar-of-activities-article-1-1024x980.png\" alt=\"\" class=\"wp-image-62777\" srcset=\"https:\/\/energy-cities.eu\/wp-content\/uploads\/2023\/04\/FR-Annual-Conference-Calendar-of-activities-article-1-1024x980.png 1024w, https:\/\/energy-cities.eu\/wp-content\/uploads\/2023\/04\/FR-Annual-Conference-Calendar-of-activities-article-1-261x250.png 261w, https:\/\/energy-cities.eu\/wp-content\/uploads\/2023\/04\/FR-Annual-Conference-Calendar-of-activities-article-1-1536x1469.png 1536w, https:\/\/energy-cities.eu\/wp-content\/uploads\/2023\/04\/FR-Annual-Conference-Calendar-of-activities-article-1-700x670.png 700w, https:\/\/energy-cities.eu\/wp-content\/uploads\/2023\/04\/FR-Annual-Conference-Calendar-of-activities-article-1-314x300.png 314w, https:\/\/energy-cities.eu\/wp-content\/uploads\/2023\/04\/FR-Annual-Conference-Calendar-of-activities-article-1-523x500.png 523w, https:\/\/energy-cities.eu\/wp-content\/uploads\/2023\/04\/FR-Annual-Conference-Calendar-of-activities-article-1-941x900.png 941w, https:\/\/energy-cities.eu\/wp-content\/uploads\/2023\/04\/FR-Annual-Conference-Calendar-of-activities-article-1.png 1958w\" sizes=\"(max-width: 1024px) 100vw, 1024px\" \/><\/figure>\n<\/figure>\n\n\n\n<h3>Restez \u00e0 l&rsquo;\u00e9coute pour en savoir plus!<\/h3>\n","protected":false},"excerpt":{"rendered":"<p>Energy Cities organisera sa conf\u00e9rence annuelle dans la ville de Mod\u00e8ne, dans le cadre de la semaine de la bio-architecture, en collaboration avec la ville <a href=\"https:\/\/energy-cities.eu\/fr\/greffer-villes-cultiver-notre-avenir-commun\/\">[\u2026]<\/a><\/p>\n","protected":false},"author":5,"featured_media":62730,"comment_status":"open","ping_status":"open","sticky":false,"template":"","format":"standard","meta":{"advgb_blocks_editor_width":"","advgb_blocks_columns_visual_guide":"","ub_ctt_via":""},"categories":[4],"tags":[],"hub":[310,308,306,307,309],"topic":[82,101,110,112,296,319,348,359,372,400],"legislative_initiative":[],"document_type":[],"acf":[],"author_meta":{"display_name":"Claire Roumet","author_link":"https:\/\/energy-cities.eu\/fr\/staff\/c-roumet\/"},"featured_img":"https:\/\/energy-cities.eu\/wp-content\/uploads\/2023\/04\/Vignola_Castello-333x250.jpg","featured_image_src":"https:\/\/energy-cities.eu\/wp-content\/uploads\/2023\/04\/Vignola_Castello.jpg","author_info":{"display_name":"Claire Roumet","author_link":"https:\/\/energy-cities.eu\/fr\/staff\/c-roumet\/"},"yoast_head":"<!-- This site is optimized with the Yoast SEO plugin v18.8 - https:\/\/yoast.com\/wordpress\/plugins\/seo\/ -->\n<title>Greffer les villes: Cultiver notre avenir commun - Energy Cities<\/title>\n<meta name=\"description\" content=\"Energy Cities organisera sa conf\u00e9rence annuelle dans la ville de Mod\u00e8ne, dans le cadre de la semaine de la bio-architecture, en collaboration avec la ville de Mod\u00e8ne, l&#039;Agence pour l&#039;\u00e9nergie et le d\u00e9veloppement durable - AESS et notre partenaire de longue date, Climate Alliance !\" \/>\n<meta name=\"robots\" content=\"index, follow, max-snippet:-1, max-image-preview:large, max-video-preview:-1\" \/>\n<link rel=\"canonical\" href=\"https:\/\/energy-cities.eu\/fr\/greffer-villes-cultiver-notre-avenir-commun\/\" \/>\n<meta property=\"og:locale\" content=\"fr_FR\" \/>\n<meta property=\"og:type\" content=\"article\" \/>\n<meta property=\"og:title\" content=\"Greffer les villes: Cultiver notre avenir commun - Energy Cities\" \/>\n<meta property=\"og:description\" content=\"Energy Cities organisera sa conf\u00e9rence annuelle dans la ville de Mod\u00e8ne, dans le cadre de la semaine de la bio-architecture, en collaboration avec la ville de Mod\u00e8ne, l&#039;Agence pour l&#039;\u00e9nergie et le d\u00e9veloppement durable - AESS et notre partenaire de longue date, Climate Alliance !\" \/>\n<meta property=\"og:url\" content=\"https:\/\/energy-cities.eu\/fr\/greffer-villes-cultiver-notre-avenir-commun\/\" \/>\n<meta property=\"og:site_name\" content=\"Energy Cities\" \/>\n<meta property=\"article:publisher\" content=\"https:\/\/www.facebook.com\/energycities.eu\/\" \/>\n<meta property=\"article:published_time\" content=\"2023-04-05T14:36:29+00:00\" \/>\n<meta property=\"article:modified_time\" content=\"2023-04-17T07:32:04+00:00\" \/>\n<meta property=\"og:image\" content=\"https:\/\/energy-cities.eu\/wp-content\/uploads\/2023\/04\/Vignola_Castello.jpg\" \/>\n\t<meta property=\"og:image:width\" content=\"1600\" \/>\n\t<meta property=\"og:image:height\" content=\"1200\" \/>\n\t<meta property=\"og:image:type\" content=\"image\/jpeg\" \/>\n<meta name=\"twitter:card\" content=\"summary_large_image\" \/>\n<meta name=\"twitter:creator\" content=\"@b.karas\" \/>\n<meta name=\"twitter:site\" content=\"@energycities\" \/>\n<meta name=\"twitter:label1\" content=\"\u00c9crit par\" \/>\n\t<meta name=\"twitter:data1\" content=\"Claire Roumet\" \/>\n\t<meta name=\"twitter:label2\" content=\"Dur\u00e9e de lecture estim\u00e9e\" \/>\n\t<meta name=\"twitter:data2\" content=\"3 minutes\" \/>\n<script type=\"application\/ld+json\" class=\"yoast-schema-graph\">{\"@context\":\"https:\/\/schema.org\",\"@graph\":[{\"@type\":\"Organization\",\"@id\":\"https:\/\/energy-cities.eu\/fr\/#organization\",\"name\":\"Energy Cities\",\"url\":\"https:\/\/energy-cities.eu\/fr\/\",\"sameAs\":[\"https:\/\/www.facebook.com\/energycities.eu\/\",\"https:\/\/www.youtube.com\/channel\/UChIHn2wF76JzuTbAjSMs0hQ\",\"https:\/\/fr.wikipedia.org\/wiki\/Energy_Cities\",\"https:\/\/twitter.com\/energycities\"],\"logo\":{\"@type\":\"ImageObject\",\"inLanguage\":\"fr-FR\",\"@id\":\"https:\/\/energy-cities.eu\/fr\/#\/schema\/logo\/image\/\",\"url\":\"https:\/\/energy-cities.eu\/wp-content\/uploads\/2019\/07\/energy-cities-couleur.jpg\",\"contentUrl\":\"https:\/\/energy-cities.eu\/wp-content\/uploads\/2019\/07\/energy-cities-couleur.jpg\",\"width\":3508,\"height\":2587,\"caption\":\"Energy Cities\"},\"image\":{\"@id\":\"https:\/\/energy-cities.eu\/fr\/#\/schema\/logo\/image\/\"}},{\"@type\":\"WebSite\",\"@id\":\"https:\/\/energy-cities.eu\/fr\/#website\",\"url\":\"https:\/\/energy-cities.eu\/fr\/\",\"name\":\"Energy Cities\",\"description\":\" The European learning community for future-proof cities\",\"publisher\":{\"@id\":\"https:\/\/energy-cities.eu\/fr\/#organization\"},\"potentialAction\":[{\"@type\":\"SearchAction\",\"target\":{\"@type\":\"EntryPoint\",\"urlTemplate\":\"https:\/\/energy-cities.eu\/fr\/?s={search_term_string}\"},\"query-input\":\"required name=search_term_string\"}],\"inLanguage\":\"fr-FR\"},{\"@type\":\"ImageObject\",\"inLanguage\":\"fr-FR\",\"@id\":\"https:\/\/energy-cities.eu\/fr\/greffer-villes-cultiver-notre-avenir-commun\/#primaryimage\",\"url\":\"https:\/\/energy-cities.eu\/wp-content\/uploads\/2023\/04\/Vignola_Castello.jpg\",\"contentUrl\":\"https:\/\/energy-cities.eu\/wp-content\/uploads\/2023\/04\/Vignola_Castello.jpg\",\"width\":1600,\"height\":1200,\"caption\":\"OLYMPUS DIGITAL CAMERA\"},{\"@type\":\"WebPage\",\"@id\":\"https:\/\/energy-cities.eu\/fr\/greffer-villes-cultiver-notre-avenir-commun\/#webpage\",\"url\":\"https:\/\/energy-cities.eu\/fr\/greffer-villes-cultiver-notre-avenir-commun\/\",\"name\":\"Greffer les villes: Cultiver notre avenir commun - Energy Cities\",\"isPartOf\":{\"@id\":\"https:\/\/energy-cities.eu\/fr\/#website\"},\"primaryImageOfPage\":{\"@id\":\"https:\/\/energy-cities.eu\/fr\/greffer-villes-cultiver-notre-avenir-commun\/#primaryimage\"},\"datePublished\":\"2023-04-05T14:36:29+00:00\",\"dateModified\":\"2023-04-17T07:32:04+00:00\",\"description\":\"Energy Cities organisera sa conf\u00e9rence annuelle dans la ville de Mod\u00e8ne, dans le cadre de la semaine de la bio-architecture, en collaboration avec la ville de Mod\u00e8ne, l'Agence pour l'\u00e9nergie et le d\u00e9veloppement durable - AESS et notre partenaire de longue date, Climate Alliance !\",\"breadcrumb\":{\"@id\":\"https:\/\/energy-cities.eu\/fr\/greffer-villes-cultiver-notre-avenir-commun\/#breadcrumb\"},\"inLanguage\":\"fr-FR\",\"potentialAction\":[{\"@type\":\"ReadAction\",\"target\":[\"https:\/\/energy-cities.eu\/fr\/greffer-villes-cultiver-notre-avenir-commun\/\"]}]},{\"@type\":\"BreadcrumbList\",\"@id\":\"https:\/\/energy-cities.eu\/fr\/greffer-villes-cultiver-notre-avenir-commun\/#breadcrumb\",\"itemListElement\":[{\"@type\":\"ListItem\",\"position\":1,\"name\":\"Home\",\"item\":\"https:\/\/energy-cities.eu\/fr\/nous-sommes-un-reseau-europeen-blabla\/\"},{\"@type\":\"ListItem\",\"position\":2,\"name\":\"Greffer les villes: Cultiver notre avenir commun\"}]},{\"@type\":\"Article\",\"@id\":\"https:\/\/energy-cities.eu\/fr\/greffer-villes-cultiver-notre-avenir-commun\/#article\",\"isPartOf\":{\"@id\":\"https:\/\/energy-cities.eu\/fr\/greffer-villes-cultiver-notre-avenir-commun\/#webpage\"},\"author\":{\"@id\":\"https:\/\/energy-cities.eu\/fr\/#\/schema\/person\/3de484cfc3a898dadb8e31bb7d07169a\"},\"headline\":\"Greffer les villes: Cultiver notre avenir commun\",\"datePublished\":\"2023-04-05T14:36:29+00:00\",\"dateModified\":\"2023-04-17T07:32:04+00:00\",\"mainEntityOfPage\":{\"@id\":\"https:\/\/energy-cities.eu\/fr\/greffer-villes-cultiver-notre-avenir-commun\/#webpage\"},\"wordCount\":543,\"commentCount\":0,\"publisher\":{\"@id\":\"https:\/\/energy-cities.eu\/fr\/#organization\"},\"image\":{\"@id\":\"https:\/\/energy-cities.eu\/fr\/greffer-villes-cultiver-notre-avenir-commun\/#primaryimage\"},\"thumbnailUrl\":\"https:\/\/energy-cities.eu\/wp-content\/uploads\/2023\/04\/Vignola_Castello.jpg\",\"articleSection\":[\"Actualit\u00e9s\"],\"inLanguage\":\"fr-FR\",\"potentialAction\":[{\"@type\":\"CommentAction\",\"name\":\"Comment\",\"target\":[\"https:\/\/energy-cities.eu\/fr\/greffer-villes-cultiver-notre-avenir-commun\/#respond\"]}]},{\"@type\":\"Person\",\"@id\":\"https:\/\/energy-cities.eu\/fr\/#\/schema\/person\/3de484cfc3a898dadb8e31bb7d07169a\",\"name\":\"Claire Roumet\",\"image\":{\"@type\":\"ImageObject\",\"inLanguage\":\"fr-FR\",\"@id\":\"https:\/\/energy-cities.eu\/fr\/#\/schema\/person\/image\/\",\"url\":\"https:\/\/secure.gravatar.com\/avatar\/db9d3a00940ba3c6552eb48c80ae75de?s=96&d=mm&r=g\",\"contentUrl\":\"https:\/\/secure.gravatar.com\/avatar\/db9d3a00940ba3c6552eb48c80ae75de?s=96&d=mm&r=g\",\"caption\":\"Claire Roumet\"},\"sameAs\":[\"https:\/\/twitter.com\/b.karas\"],\"url\":\"https:\/\/energy-cities.eu\/fr\/staff\/c-roumet\/\"}]}<\/script>\n<!-- \/ Yoast SEO plugin. -->","yoast_head_json":{"title":"Greffer les villes: Cultiver notre avenir commun - Energy Cities","description":"Energy Cities organisera sa conf\u00e9rence annuelle dans la ville de Mod\u00e8ne, dans le cadre de la semaine de la bio-architecture, en collaboration avec la ville de Mod\u00e8ne, l'Agence pour l'\u00e9nergie et le d\u00e9veloppement durable - AESS et notre partenaire de longue date, Climate Alliance !","robots":{"index":"index","follow":"follow","max-snippet":"max-snippet:-1","max-image-preview":"max-image-preview:large","max-video-preview":"max-video-preview:-1"},"canonical":"https:\/\/energy-cities.eu\/fr\/greffer-villes-cultiver-notre-avenir-commun\/","og_locale":"fr_FR","og_type":"article","og_title":"Greffer les villes: Cultiver notre avenir commun - Energy Cities","og_description":"Energy Cities organisera sa conf\u00e9rence annuelle dans la ville de Mod\u00e8ne, dans le cadre de la semaine de la bio-architecture, en collaboration avec la ville de Mod\u00e8ne, l'Agence pour l'\u00e9nergie et le d\u00e9veloppement durable - AESS et notre partenaire de longue date, Climate Alliance !","og_url":"https:\/\/energy-cities.eu\/fr\/greffer-villes-cultiver-notre-avenir-commun\/","og_site_name":"Energy Cities","article_publisher":"https:\/\/www.facebook.com\/energycities.eu\/","article_published_time":"2023-04-05T14:36:29+00:00","article_modified_time":"2023-04-17T07:32:04+00:00","og_image":[{"width":1600,"height":1200,"url":"https:\/\/energy-cities.eu\/wp-content\/uploads\/2023\/04\/Vignola_Castello.jpg","type":"image\/jpeg"}],"twitter_card":"summary_large_image","twitter_creator":"@b.karas","twitter_site":"@energycities","twitter_misc":{"\u00c9crit par":"Claire Roumet","Dur\u00e9e de lecture estim\u00e9e":"3 minutes"},"schema":{"@context":"https:\/\/schema.org","@graph":[{"@type":"Organization","@id":"https:\/\/energy-cities.eu\/fr\/#organization","name":"Energy Cities","url":"https:\/\/energy-cities.eu\/fr\/","sameAs":["https:\/\/www.facebook.com\/energycities.eu\/","https:\/\/www.youtube.com\/channel\/UChIHn2wF76JzuTbAjSMs0hQ","https:\/\/fr.wikipedia.org\/wiki\/Energy_Cities","https:\/\/twitter.com\/energycities"],"logo":{"@type":"ImageObject","inLanguage":"fr-FR","@id":"https:\/\/energy-cities.eu\/fr\/#\/schema\/logo\/image\/","url":"https:\/\/energy-cities.eu\/wp-content\/uploads\/2019\/07\/energy-cities-couleur.jpg","contentUrl":"https:\/\/energy-cities.eu\/wp-content\/uploads\/2019\/07\/energy-cities-couleur.jpg","width":3508,"height":2587,"caption":"Energy Cities"},"image":{"@id":"https:\/\/energy-cities.eu\/fr\/#\/schema\/logo\/image\/"}},{"@type":"WebSite","@id":"https:\/\/energy-cities.eu\/fr\/#website","url":"https:\/\/energy-cities.eu\/fr\/","name":"Energy Cities","description":" The European learning community for future-proof cities","publisher":{"@id":"https:\/\/energy-cities.eu\/fr\/#organization"},"potentialAction":[{"@type":"SearchAction","target":{"@type":"EntryPoint","urlTemplate":"https:\/\/energy-cities.eu\/fr\/?s={search_term_string}"},"query-input":"required name=search_term_string"}],"inLanguage":"fr-FR"},{"@type":"ImageObject","inLanguage":"fr-FR","@id":"https:\/\/energy-cities.eu\/fr\/greffer-villes-cultiver-notre-avenir-commun\/#primaryimage","url":"https:\/\/energy-cities.eu\/wp-content\/uploads\/2023\/04\/Vignola_Castello.jpg","contentUrl":"https:\/\/energy-cities.eu\/wp-content\/uploads\/2023\/04\/Vignola_Castello.jpg","width":1600,"height":1200,"caption":"OLYMPUS DIGITAL CAMERA"},{"@type":"WebPage","@id":"https:\/\/energy-cities.eu\/fr\/greffer-villes-cultiver-notre-avenir-commun\/#webpage","url":"https:\/\/energy-cities.eu\/fr\/greffer-villes-cultiver-notre-avenir-commun\/","name":"Greffer les villes: Cultiver notre avenir commun - Energy Cities","isPartOf":{"@id":"https:\/\/energy-cities.eu\/fr\/#website"},"primaryImageOfPage":{"@id":"https:\/\/energy-cities.eu\/fr\/greffer-villes-cultiver-notre-avenir-commun\/#primaryimage"},"datePublished":"2023-04-05T14:36:29+00:00","dateModified":"2023-04-17T07:32:04+00:00","description":"Energy Cities organisera sa conf\u00e9rence annuelle dans la ville de Mod\u00e8ne, dans le cadre de la semaine de la bio-architecture, en collaboration avec la ville de Mod\u00e8ne, l'Agence pour l'\u00e9nergie et le d\u00e9veloppement durable - AESS et notre partenaire de longue date, Climate Alliance !","breadcrumb":{"@id":"https:\/\/energy-cities.eu\/fr\/greffer-villes-cultiver-notre-avenir-commun\/#breadcrumb"},"inLanguage":"fr-FR","potentialAction":[{"@type":"ReadAction","target":["https:\/\/energy-cities.eu\/fr\/greffer-villes-cultiver-notre-avenir-commun\/"]}]},{"@type":"BreadcrumbList","@id":"https:\/\/energy-cities.eu\/fr\/greffer-villes-cultiver-notre-avenir-commun\/#breadcrumb","itemListElement":[{"@type":"ListItem","position":1,"name":"Home","item":"https:\/\/energy-cities.eu\/fr\/nous-sommes-un-reseau-europeen-blabla\/"},{"@type":"ListItem","position":2,"name":"Greffer les villes: Cultiver notre avenir commun"}]},{"@type":"Article","@id":"https:\/\/energy-cities.eu\/fr\/greffer-villes-cultiver-notre-avenir-commun\/#article","isPartOf":{"@id":"https:\/\/energy-cities.eu\/fr\/greffer-villes-cultiver-notre-avenir-commun\/#webpage"},"author":{"@id":"https:\/\/energy-cities.eu\/fr\/#\/schema\/person\/3de484cfc3a898dadb8e31bb7d07169a"},"headline":"Greffer les villes: Cultiver notre avenir commun","datePublished":"2023-04-05T14:36:29+00:00","dateModified":"2023-04-17T07:32:04+00:00","mainEntityOfPage":{"@id":"https:\/\/energy-cities.eu\/fr\/greffer-villes-cultiver-notre-avenir-commun\/#webpage"},"wordCount":543,"commentCount":0,"publisher":{"@id":"https:\/\/energy-cities.eu\/fr\/#organization"},"image":{"@id":"https:\/\/energy-cities.eu\/fr\/greffer-villes-cultiver-notre-avenir-commun\/#primaryimage"},"thumbnailUrl":"https:\/\/energy-cities.eu\/wp-content\/uploads\/2023\/04\/Vignola_Castello.jpg","articleSection":["Actualit\u00e9s"],"inLanguage":"fr-FR","potentialAction":[{"@type":"CommentAction","name":"Comment","target":["https:\/\/energy-cities.eu\/fr\/greffer-villes-cultiver-notre-avenir-commun\/#respond"]}]},{"@type":"Person","@id":"https:\/\/energy-cities.eu\/fr\/#\/schema\/person\/3de484cfc3a898dadb8e31bb7d07169a","name":"Claire Roumet","image":{"@type":"ImageObject","inLanguage":"fr-FR","@id":"https:\/\/energy-cities.eu\/fr\/#\/schema\/person\/image\/","url":"https:\/\/secure.gravatar.com\/avatar\/db9d3a00940ba3c6552eb48c80ae75de?s=96&d=mm&r=g","contentUrl":"https:\/\/secure.gravatar.com\/avatar\/db9d3a00940ba3c6552eb48c80ae75de?s=96&d=mm&r=g","caption":"Claire Roumet"},"sameAs":["https:\/\/twitter.com\/b.karas"],"url":"https:\/\/energy-cities.eu\/fr\/staff\/c-roumet\/"}]}},"coauthors":[],"tax_additional":{"categories":{"linked":["<a href=\"https:\/\/energy-cities.eu\/fr\/category\/actualites\/\" class=\"advgb-post-tax-term\">Actualit\u00e9s<\/a>"],"unlinked":["<span class=\"advgb-post-tax-term\">Actualit\u00e9s<\/span>"]}},"comment_count":"0","relative_dates":{"created":"Publi\u00e9 3 ans il y a","modified":"Mis \u00e0 jour 3 ans il y a"},"absolute_dates":{"created":"Publi\u00e9 le 05 avril 2023","modified":"Mise \u00e0 jour le 17 avril 2023"},"absolute_dates_time":{"created":"Publi\u00e9 le 05 avril 2023 4:36  ","modified":"Mise \u00e0 jour le 17 avril 2023 9:32  "},"featured_img_caption":"OLYMPUS DIGITAL CAMERA","_links":{"self":[{"href":"https:\/\/energy-cities.eu\/fr\/wp-json\/wp\/v2\/posts\/62588"}],"collection":[{"href":"https:\/\/energy-cities.eu\/fr\/wp-json\/wp\/v2\/posts"}],"about":[{"href":"https:\/\/energy-cities.eu\/fr\/wp-json\/wp\/v2\/types\/post"}],"author":[{"embeddable":true,"href":"https:\/\/energy-cities.eu\/fr\/wp-json\/wp\/v2\/users\/5"}],"replies":[{"embeddable":true,"href":"https:\/\/energy-cities.eu\/fr\/wp-json\/wp\/v2\/comments?post=62588"}],"version-history":[{"count":29,"href":"https:\/\/energy-cities.eu\/fr\/wp-json\/wp\/v2\/posts\/62588\/revisions"}],"predecessor-version":[{"id":63056,"href":"https:\/\/energy-cities.eu\/fr\/wp-json\/wp\/v2\/posts\/62588\/revisions\/63056"}],"wp:featuredmedia":[{"embeddable":true,"href":"https:\/\/energy-cities.eu\/fr\/wp-json\/wp\/v2\/media\/62730"}],"wp:attachment":[{"href":"https:\/\/energy-cities.eu\/fr\/wp-json\/wp\/v2\/media?parent=62588"}],"wp:term":[{"taxonomy":"category","embeddable":true,"href":"https:\/\/energy-cities.eu\/fr\/wp-json\/wp\/v2\/categories?post=62588"},{"taxonomy":"post_tag","embeddable":true,"href":"https:\/\/energy-cities.eu\/fr\/wp-json\/wp\/v2\/tags?post=62588"},{"taxonomy":"hub","embeddable":true,"href":"https:\/\/energy-cities.eu\/fr\/wp-json\/wp\/v2\/hub?post=62588"},{"taxonomy":"topic","embeddable":true,"href":"https:\/\/energy-cities.eu\/fr\/wp-json\/wp\/v2\/topic?post=62588"},{"taxonomy":"legislative_initiative","embeddable":true,"href":"https:\/\/energy-cities.eu\/fr\/wp-json\/wp\/v2\/legislative_initiative?post=62588"},{"taxonomy":"document_type","embeddable":true,"href":"https:\/\/energy-cities.eu\/fr\/wp-json\/wp\/v2\/document_type?post=62588"}],"curies":[{"name":"wp","href":"https:\/\/api.w.org\/{rel}","templated":true}]}}