{"id":66978,"date":"2023-06-22T11:23:38","date_gmt":"2023-06-22T09:23:38","guid":{"rendered":"https:\/\/energy-cities.eu\/lisbon-hub-in-the-regeneration-of-colina-do-castelo\/"},"modified":"2023-06-28T10:47:28","modified_gmt":"2023-06-28T08:47:28","slug":"lisbon-hub-in-the-regeneration-of-colina-do-castelo","status":"publish","type":"post","link":"https:\/\/energy-cities.eu\/fr\/lisbon-hub-in-the-regeneration-of-colina-do-castelo\/","title":{"rendered":"Lisbonne HUB-IN : la reg\u00e9n\u00e9ration de Colina do Castelo"},"content":{"rendered":"\n<p><strong>Lisbonne <\/strong>est non seulement la capitale du Portugal mais \u00e9galement une ville multiculturelle renomm\u00e9e pour son architecture haute en couleurs, sa cuisine savoureuse, son \u00e2me artistique et un genre musical envo\u00fbtant, le fado.<\/p>\n\n\n\n<p>Le tourisme, pilier essentiel de l&rsquo;\u00e9conomie locale, constitue \u00e0 la fois une opportunit\u00e9 et une menace. En effet, la <strong>touristification<\/strong> de la zone urbaine historique est l&rsquo;une des principales raisons qui poussent les habitants \u00e0 quitter le centre-ville. Lisbonne est par ailleurs confront\u00e9e \u00e0 des probl\u00e8mes de <strong>vuln\u00e9rabilit\u00e9 sociale et environnementale<\/strong>, \u00e0 la gentrification de certains quartiers et au <strong>manque de financement<\/strong> des industries cr\u00e9atives.<\/p>\n\n\n\n<hr class=\"wp-block-separator has-text-color has-background has-white-background-color has-white-color\"\/>\n\n\n\n<hr class=\"wp-block-separator has-text-color has-background has-white-background-color has-white-color\"\/>\n\n\n\n<h3>Le HUB de Colina do Castelo : devenir acteur de son histoire !<\/h3>\n\n\n\n<p><a href=\"https:\/\/www.lisboa.pt\/hub-in\"><strong>Le projet HUB-IN<\/strong><\/a><strong> de Lisbonne<\/strong> entend devenir une force de <strong>transformation au service du d\u00e9veloppement durable et du bien-\u00eatre<\/strong> des habitants en partageant et en faisant converger traditions et innovation. Le projet porte sur la zone urbaine historique de <strong>Colina do Castelo<\/strong>, laquelle englobe les quartiers d&rsquo;Alfama, Mouraria, S\u00e3o Vicente, Castelo, S\u00e9, Intendente et Gra\u00e7a.<\/p>\n\n\n\n<p>Le projet a pour mission principale de <strong>lutter contre la d\u00e9sertification<\/strong> de ces quartiers urbains historiques en pr\u00e9servant leur <strong>authenticit\u00e9 et leur identit\u00e9<\/strong>, ainsi qu\u2019en prot\u00e9geant et en valorisant leur patrimoine mat\u00e9riel et immat\u00e9riel. L&rsquo;objectif est de <strong>promouvoir la culture locale, l\u2019art et l&rsquo;artisanat<\/strong>, de d\u00e9velopper ces activit\u00e9s et d\u2019am\u00e9liorer leur pr\u00e9sence sur le march\u00e9 en regroupant les initiatives existantes et en testant de nouveaux mod\u00e8les de partage et <strong>d\u2019\u00e9conomie circulaire<\/strong>. Lisbonne entend \u00e9galement promouvoir <strong>l&rsquo;action climatique<\/strong> afin d\u2019am\u00e9liorer le confort et le cadre de vie des habitants.<\/p>\n\n\n\n<p>L&rsquo;engagement des parties prenantes est la cl\u00e9 du succ\u00e8s. Une <strong>assembl\u00e9e citoyenne<\/strong> contribuera au d\u00e9veloppement du HUB. L&rsquo;objectif est de <strong>responsabiliser les populations locales <\/strong>en veillant \u00e0 ce qu&rsquo;elles aient r\u00e9ellement leur <strong>mot \u00e0 dire dans le processus d&rsquo;\u00e9laboration des politiques <\/strong>et en v\u00e9rifiant que les strat\u00e9gies \u00e9labor\u00e9es par le conseil municipal et les conseils d\u2019arrondissement sont adapt\u00e9es \u00e0 la r\u00e9alit\u00e9 et aux contraintes du centre urbain historique.<\/p>\n\n\n\n<p>Une &nbsp;<a href=\"https:\/\/hubin-project.eu\/library\/lisbons-roadmap-for-urban-regeneration\/\">feuille de route<\/a> aidera \u00e0 la mise en \u0153uvre d&rsquo;actions concr\u00e8tes visant \u00e0 transformer Colina do Castelo en un lieu anim\u00e9, authentique, inclusif et durable.<\/p>\n\n\n\n<hr class=\"wp-block-separator has-text-color has-background has-white-background-color has-white-color\"\/>\n\n\n\n<hr class=\"wp-block-separator has-text-color has-background has-white-background-color has-white-color\"\/>\n\n\n\n<p><em>Dans le cadre du projet HUB-IN, huit villes pilotes transforment des aires urbaines historiques en \u00ab\u00a0centres d&rsquo;innovation et d&rsquo;esprit d&rsquo;entreprise\u00a0\u00bb. Consultez le site <a href=\"https:\/\/hubin-project.eu\/\">HUB-IN<\/a> pour en savoir plus sur le projet.<\/em><\/p>\n","protected":false},"excerpt":{"rendered":"<p>Lisbonne est non seulement la capitale du Portugal mais \u00e9galement une ville multiculturelle renomm\u00e9e pour son architecture haute en couleurs, sa cuisine savoureuse, son \u00e2me <a href=\"https:\/\/energy-cities.eu\/fr\/lisbon-hub-in-the-regeneration-of-colina-do-castelo\/\">[\u2026]<\/a><\/p>\n","protected":false},"author":74,"featured_media":66842,"comment_status":"open","ping_status":"open","sticky":false,"template":"","format":"standard","meta":{"advgb_blocks_editor_width":"","advgb_blocks_columns_visual_guide":"","ub_ctt_via":""},"categories":[4],"tags":[325],"hub":[309],"topic":[110,113,344,361,369,372,376],"legislative_initiative":[],"document_type":[],"acf":[],"author_meta":{"display_name":"Simona Aronica","author_link":"https:\/\/energy-cities.eu\/fr\/staff\/s-aronica\/"},"featured_img":"https:\/\/energy-cities.eu\/wp-content\/uploads\/2023\/06\/Alfama3_credits_CML-350x233.jpg","featured_image_src":"https:\/\/energy-cities.eu\/wp-content\/uploads\/2023\/06\/Alfama3_credits_CML.jpg","author_info":{"display_name":"Simona Aronica","author_link":"https:\/\/energy-cities.eu\/fr\/staff\/s-aronica\/"},"yoast_head":"<!-- This site is optimized with the Yoast SEO plugin v18.8 - https:\/\/yoast.com\/wordpress\/plugins\/seo\/ -->\n<title>Lisbonne HUB-IN : la reg\u00e9n\u00e9ration de Colina do Castelo - Energy Cities<\/title>\n<meta name=\"robots\" content=\"index, follow, max-snippet:-1, max-image-preview:large, max-video-preview:-1\" \/>\n<link rel=\"canonical\" href=\"https:\/\/energy-cities.eu\/fr\/lisbon-hub-in-the-regeneration-of-colina-do-castelo\/\" \/>\n<meta property=\"og:locale\" content=\"fr_FR\" \/>\n<meta property=\"og:type\" content=\"article\" \/>\n<meta property=\"og:title\" content=\"Lisbonne HUB-IN : la reg\u00e9n\u00e9ration de Colina do Castelo - Energy Cities\" \/>\n<meta property=\"og:description\" content=\"Lisbonne est non seulement la capitale du Portugal mais \u00e9galement une ville multiculturelle renomm\u00e9e pour son architecture haute en couleurs, sa cuisine savoureuse, son \u00e2me [\u2026]\" \/>\n<meta property=\"og:url\" content=\"https:\/\/energy-cities.eu\/fr\/lisbon-hub-in-the-regeneration-of-colina-do-castelo\/\" \/>\n<meta property=\"og:site_name\" content=\"Energy Cities\" \/>\n<meta property=\"article:publisher\" content=\"https:\/\/www.facebook.com\/energycities.eu\/\" \/>\n<meta property=\"article:published_time\" content=\"2023-06-22T09:23:38+00:00\" \/>\n<meta property=\"article:modified_time\" content=\"2023-06-28T08:47:28+00:00\" \/>\n<meta property=\"og:image\" content=\"https:\/\/energy-cities.eu\/wp-content\/uploads\/2023\/06\/Alfama3_credits_CML-1024x683.jpg\" \/>\n\t<meta property=\"og:image:width\" content=\"1024\" \/>\n\t<meta property=\"og:image:height\" content=\"683\" \/>\n\t<meta property=\"og:image:type\" content=\"image\/jpeg\" \/>\n<meta name=\"twitter:card\" content=\"summary_large_image\" \/>\n<meta name=\"twitter:creator\" content=\"@b.karas\" \/>\n<meta name=\"twitter:site\" content=\"@energycities\" \/>\n<meta name=\"twitter:label1\" content=\"\u00c9crit par\" \/>\n\t<meta name=\"twitter:data1\" content=\"Simona Aronica\" \/>\n\t<meta name=\"twitter:label2\" content=\"Dur\u00e9e de lecture estim\u00e9e\" \/>\n\t<meta name=\"twitter:data2\" content=\"2 minutes\" \/>\n<script type=\"application\/ld+json\" class=\"yoast-schema-graph\">{\"@context\":\"https:\/\/schema.org\",\"@graph\":[{\"@type\":\"Organization\",\"@id\":\"https:\/\/energy-cities.eu\/fr\/#organization\",\"name\":\"Energy Cities\",\"url\":\"https:\/\/energy-cities.eu\/fr\/\",\"sameAs\":[\"https:\/\/www.facebook.com\/energycities.eu\/\",\"https:\/\/www.youtube.com\/channel\/UChIHn2wF76JzuTbAjSMs0hQ\",\"https:\/\/fr.wikipedia.org\/wiki\/Energy_Cities\",\"https:\/\/twitter.com\/energycities\"],\"logo\":{\"@type\":\"ImageObject\",\"inLanguage\":\"fr-FR\",\"@id\":\"https:\/\/energy-cities.eu\/fr\/#\/schema\/logo\/image\/\",\"url\":\"https:\/\/energy-cities.eu\/wp-content\/uploads\/2019\/07\/energy-cities-couleur.jpg\",\"contentUrl\":\"https:\/\/energy-cities.eu\/wp-content\/uploads\/2019\/07\/energy-cities-couleur.jpg\",\"width\":3508,\"height\":2587,\"caption\":\"Energy Cities\"},\"image\":{\"@id\":\"https:\/\/energy-cities.eu\/fr\/#\/schema\/logo\/image\/\"}},{\"@type\":\"WebSite\",\"@id\":\"https:\/\/energy-cities.eu\/fr\/#website\",\"url\":\"https:\/\/energy-cities.eu\/fr\/\",\"name\":\"Energy Cities\",\"description\":\" The European learning community for future-proof cities\",\"publisher\":{\"@id\":\"https:\/\/energy-cities.eu\/fr\/#organization\"},\"potentialAction\":[{\"@type\":\"SearchAction\",\"target\":{\"@type\":\"EntryPoint\",\"urlTemplate\":\"https:\/\/energy-cities.eu\/fr\/?s={search_term_string}\"},\"query-input\":\"required name=search_term_string\"}],\"inLanguage\":\"fr-FR\"},{\"@type\":\"ImageObject\",\"inLanguage\":\"fr-FR\",\"@id\":\"https:\/\/energy-cities.eu\/fr\/lisbon-hub-in-the-regeneration-of-colina-do-castelo\/#primaryimage\",\"url\":\"https:\/\/energy-cities.eu\/wp-content\/uploads\/2023\/06\/Alfama3_credits_CML.jpg\",\"contentUrl\":\"https:\/\/energy-cities.eu\/wp-content\/uploads\/2023\/06\/Alfama3_credits_CML.jpg\",\"width\":2400,\"height\":1600,\"caption\":\"Santa Maria Maior, Bairro Alfama - Part I\"},{\"@type\":\"WebPage\",\"@id\":\"https:\/\/energy-cities.eu\/fr\/lisbon-hub-in-the-regeneration-of-colina-do-castelo\/#webpage\",\"url\":\"https:\/\/energy-cities.eu\/fr\/lisbon-hub-in-the-regeneration-of-colina-do-castelo\/\",\"name\":\"Lisbonne HUB-IN : la reg\u00e9n\u00e9ration de Colina do Castelo - Energy Cities\",\"isPartOf\":{\"@id\":\"https:\/\/energy-cities.eu\/fr\/#website\"},\"primaryImageOfPage\":{\"@id\":\"https:\/\/energy-cities.eu\/fr\/lisbon-hub-in-the-regeneration-of-colina-do-castelo\/#primaryimage\"},\"datePublished\":\"2023-06-22T09:23:38+00:00\",\"dateModified\":\"2023-06-28T08:47:28+00:00\",\"breadcrumb\":{\"@id\":\"https:\/\/energy-cities.eu\/fr\/lisbon-hub-in-the-regeneration-of-colina-do-castelo\/#breadcrumb\"},\"inLanguage\":\"fr-FR\",\"potentialAction\":[{\"@type\":\"ReadAction\",\"target\":[\"https:\/\/energy-cities.eu\/fr\/lisbon-hub-in-the-regeneration-of-colina-do-castelo\/\"]}]},{\"@type\":\"BreadcrumbList\",\"@id\":\"https:\/\/energy-cities.eu\/fr\/lisbon-hub-in-the-regeneration-of-colina-do-castelo\/#breadcrumb\",\"itemListElement\":[{\"@type\":\"ListItem\",\"position\":1,\"name\":\"Home\",\"item\":\"https:\/\/energy-cities.eu\/fr\/nous-sommes-un-reseau-europeen-blabla\/\"},{\"@type\":\"ListItem\",\"position\":2,\"name\":\"Lisbonne HUB-IN : la reg\u00e9n\u00e9ration de Colina do Castelo\"}]},{\"@type\":\"Article\",\"@id\":\"https:\/\/energy-cities.eu\/fr\/lisbon-hub-in-the-regeneration-of-colina-do-castelo\/#article\",\"isPartOf\":{\"@id\":\"https:\/\/energy-cities.eu\/fr\/lisbon-hub-in-the-regeneration-of-colina-do-castelo\/#webpage\"},\"author\":{\"@id\":\"https:\/\/energy-cities.eu\/fr\/#\/schema\/person\/a2cdbfaa44d8652c2ea61c7a922ff4a5\"},\"headline\":\"Lisbonne HUB-IN : la reg\u00e9n\u00e9ration de Colina do Castelo\",\"datePublished\":\"2023-06-22T09:23:38+00:00\",\"dateModified\":\"2023-06-28T08:47:28+00:00\",\"mainEntityOfPage\":{\"@id\":\"https:\/\/energy-cities.eu\/fr\/lisbon-hub-in-the-regeneration-of-colina-do-castelo\/#webpage\"},\"wordCount\":418,\"commentCount\":0,\"publisher\":{\"@id\":\"https:\/\/energy-cities.eu\/fr\/#organization\"},\"image\":{\"@id\":\"https:\/\/energy-cities.eu\/fr\/lisbon-hub-in-the-regeneration-of-colina-do-castelo\/#primaryimage\"},\"thumbnailUrl\":\"https:\/\/energy-cities.eu\/wp-content\/uploads\/2023\/06\/Alfama3_credits_CML.jpg\",\"keywords\":[\"HUB-IN\"],\"articleSection\":[\"Actualit\u00e9s\"],\"inLanguage\":\"fr-FR\",\"potentialAction\":[{\"@type\":\"CommentAction\",\"name\":\"Comment\",\"target\":[\"https:\/\/energy-cities.eu\/fr\/lisbon-hub-in-the-regeneration-of-colina-do-castelo\/#respond\"]}]},{\"@type\":\"Person\",\"@id\":\"https:\/\/energy-cities.eu\/fr\/#\/schema\/person\/a2cdbfaa44d8652c2ea61c7a922ff4a5\",\"name\":\"Simona Aronica\",\"image\":{\"@type\":\"ImageObject\",\"inLanguage\":\"fr-FR\",\"@id\":\"https:\/\/energy-cities.eu\/fr\/#\/schema\/person\/image\/\",\"url\":\"https:\/\/secure.gravatar.com\/avatar\/221540803526cea8c8f9fbdf69b7fab8?s=96&d=mm&r=g\",\"contentUrl\":\"https:\/\/secure.gravatar.com\/avatar\/221540803526cea8c8f9fbdf69b7fab8?s=96&d=mm&r=g\",\"caption\":\"Simona Aronica\"},\"sameAs\":[\"https:\/\/www.linkedin.com\/in\/simona-aronica-709243a0\/\",\"https:\/\/twitter.com\/b.karas\"],\"url\":\"https:\/\/energy-cities.eu\/fr\/staff\/s-aronica\/\"}]}<\/script>\n<!-- \/ Yoast SEO plugin. -->","yoast_head_json":{"title":"Lisbonne HUB-IN : la reg\u00e9n\u00e9ration de Colina do Castelo - Energy Cities","robots":{"index":"index","follow":"follow","max-snippet":"max-snippet:-1","max-image-preview":"max-image-preview:large","max-video-preview":"max-video-preview:-1"},"canonical":"https:\/\/energy-cities.eu\/fr\/lisbon-hub-in-the-regeneration-of-colina-do-castelo\/","og_locale":"fr_FR","og_type":"article","og_title":"Lisbonne HUB-IN : la reg\u00e9n\u00e9ration de Colina do Castelo - Energy Cities","og_description":"Lisbonne est non seulement la capitale du Portugal mais \u00e9galement une ville multiculturelle renomm\u00e9e pour son architecture haute en couleurs, sa cuisine savoureuse, son \u00e2me [\u2026]","og_url":"https:\/\/energy-cities.eu\/fr\/lisbon-hub-in-the-regeneration-of-colina-do-castelo\/","og_site_name":"Energy Cities","article_publisher":"https:\/\/www.facebook.com\/energycities.eu\/","article_published_time":"2023-06-22T09:23:38+00:00","article_modified_time":"2023-06-28T08:47:28+00:00","og_image":[{"width":1024,"height":683,"url":"https:\/\/energy-cities.eu\/wp-content\/uploads\/2023\/06\/Alfama3_credits_CML-1024x683.jpg","type":"image\/jpeg"}],"twitter_card":"summary_large_image","twitter_creator":"@b.karas","twitter_site":"@energycities","twitter_misc":{"\u00c9crit par":"Simona Aronica","Dur\u00e9e de lecture estim\u00e9e":"2 minutes"},"schema":{"@context":"https:\/\/schema.org","@graph":[{"@type":"Organization","@id":"https:\/\/energy-cities.eu\/fr\/#organization","name":"Energy Cities","url":"https:\/\/energy-cities.eu\/fr\/","sameAs":["https:\/\/www.facebook.com\/energycities.eu\/","https:\/\/www.youtube.com\/channel\/UChIHn2wF76JzuTbAjSMs0hQ","https:\/\/fr.wikipedia.org\/wiki\/Energy_Cities","https:\/\/twitter.com\/energycities"],"logo":{"@type":"ImageObject","inLanguage":"fr-FR","@id":"https:\/\/energy-cities.eu\/fr\/#\/schema\/logo\/image\/","url":"https:\/\/energy-cities.eu\/wp-content\/uploads\/2019\/07\/energy-cities-couleur.jpg","contentUrl":"https:\/\/energy-cities.eu\/wp-content\/uploads\/2019\/07\/energy-cities-couleur.jpg","width":3508,"height":2587,"caption":"Energy Cities"},"image":{"@id":"https:\/\/energy-cities.eu\/fr\/#\/schema\/logo\/image\/"}},{"@type":"WebSite","@id":"https:\/\/energy-cities.eu\/fr\/#website","url":"https:\/\/energy-cities.eu\/fr\/","name":"Energy Cities","description":" The European learning community for future-proof cities","publisher":{"@id":"https:\/\/energy-cities.eu\/fr\/#organization"},"potentialAction":[{"@type":"SearchAction","target":{"@type":"EntryPoint","urlTemplate":"https:\/\/energy-cities.eu\/fr\/?s={search_term_string}"},"query-input":"required name=search_term_string"}],"inLanguage":"fr-FR"},{"@type":"ImageObject","inLanguage":"fr-FR","@id":"https:\/\/energy-cities.eu\/fr\/lisbon-hub-in-the-regeneration-of-colina-do-castelo\/#primaryimage","url":"https:\/\/energy-cities.eu\/wp-content\/uploads\/2023\/06\/Alfama3_credits_CML.jpg","contentUrl":"https:\/\/energy-cities.eu\/wp-content\/uploads\/2023\/06\/Alfama3_credits_CML.jpg","width":2400,"height":1600,"caption":"Santa Maria Maior, Bairro Alfama - Part I"},{"@type":"WebPage","@id":"https:\/\/energy-cities.eu\/fr\/lisbon-hub-in-the-regeneration-of-colina-do-castelo\/#webpage","url":"https:\/\/energy-cities.eu\/fr\/lisbon-hub-in-the-regeneration-of-colina-do-castelo\/","name":"Lisbonne HUB-IN : la reg\u00e9n\u00e9ration de Colina do Castelo - Energy Cities","isPartOf":{"@id":"https:\/\/energy-cities.eu\/fr\/#website"},"primaryImageOfPage":{"@id":"https:\/\/energy-cities.eu\/fr\/lisbon-hub-in-the-regeneration-of-colina-do-castelo\/#primaryimage"},"datePublished":"2023-06-22T09:23:38+00:00","dateModified":"2023-06-28T08:47:28+00:00","breadcrumb":{"@id":"https:\/\/energy-cities.eu\/fr\/lisbon-hub-in-the-regeneration-of-colina-do-castelo\/#breadcrumb"},"inLanguage":"fr-FR","potentialAction":[{"@type":"ReadAction","target":["https:\/\/energy-cities.eu\/fr\/lisbon-hub-in-the-regeneration-of-colina-do-castelo\/"]}]},{"@type":"BreadcrumbList","@id":"https:\/\/energy-cities.eu\/fr\/lisbon-hub-in-the-regeneration-of-colina-do-castelo\/#breadcrumb","itemListElement":[{"@type":"ListItem","position":1,"name":"Home","item":"https:\/\/energy-cities.eu\/fr\/nous-sommes-un-reseau-europeen-blabla\/"},{"@type":"ListItem","position":2,"name":"Lisbonne HUB-IN : la reg\u00e9n\u00e9ration de Colina do Castelo"}]},{"@type":"Article","@id":"https:\/\/energy-cities.eu\/fr\/lisbon-hub-in-the-regeneration-of-colina-do-castelo\/#article","isPartOf":{"@id":"https:\/\/energy-cities.eu\/fr\/lisbon-hub-in-the-regeneration-of-colina-do-castelo\/#webpage"},"author":{"@id":"https:\/\/energy-cities.eu\/fr\/#\/schema\/person\/a2cdbfaa44d8652c2ea61c7a922ff4a5"},"headline":"Lisbonne HUB-IN : la reg\u00e9n\u00e9ration de Colina do Castelo","datePublished":"2023-06-22T09:23:38+00:00","dateModified":"2023-06-28T08:47:28+00:00","mainEntityOfPage":{"@id":"https:\/\/energy-cities.eu\/fr\/lisbon-hub-in-the-regeneration-of-colina-do-castelo\/#webpage"},"wordCount":418,"commentCount":0,"publisher":{"@id":"https:\/\/energy-cities.eu\/fr\/#organization"},"image":{"@id":"https:\/\/energy-cities.eu\/fr\/lisbon-hub-in-the-regeneration-of-colina-do-castelo\/#primaryimage"},"thumbnailUrl":"https:\/\/energy-cities.eu\/wp-content\/uploads\/2023\/06\/Alfama3_credits_CML.jpg","keywords":["HUB-IN"],"articleSection":["Actualit\u00e9s"],"inLanguage":"fr-FR","potentialAction":[{"@type":"CommentAction","name":"Comment","target":["https:\/\/energy-cities.eu\/fr\/lisbon-hub-in-the-regeneration-of-colina-do-castelo\/#respond"]}]},{"@type":"Person","@id":"https:\/\/energy-cities.eu\/fr\/#\/schema\/person\/a2cdbfaa44d8652c2ea61c7a922ff4a5","name":"Simona Aronica","image":{"@type":"ImageObject","inLanguage":"fr-FR","@id":"https:\/\/energy-cities.eu\/fr\/#\/schema\/person\/image\/","url":"https:\/\/secure.gravatar.com\/avatar\/221540803526cea8c8f9fbdf69b7fab8?s=96&d=mm&r=g","contentUrl":"https:\/\/secure.gravatar.com\/avatar\/221540803526cea8c8f9fbdf69b7fab8?s=96&d=mm&r=g","caption":"Simona Aronica"},"sameAs":["https:\/\/www.linkedin.com\/in\/simona-aronica-709243a0\/","https:\/\/twitter.com\/b.karas"],"url":"https:\/\/energy-cities.eu\/fr\/staff\/s-aronica\/"}]}},"coauthors":[],"tax_additional":{"categories":{"linked":["<a href=\"https:\/\/energy-cities.eu\/fr\/category\/actualites\/\" class=\"advgb-post-tax-term\">Actualit\u00e9s<\/a>"],"unlinked":["<span class=\"advgb-post-tax-term\">Actualit\u00e9s<\/span>"]},"tags":{"linked":["<a href=\"https:\/\/energy-cities.eu\/fr\/category\/actualites\/\" class=\"advgb-post-tax-term\">HUB-IN<\/a>"],"unlinked":["<span class=\"advgb-post-tax-term\">HUB-IN<\/span>"]}},"comment_count":"0","relative_dates":{"created":"Publi\u00e9 3 ans il y a","modified":"Mis \u00e0 jour 3 ans il y a"},"absolute_dates":{"created":"Publi\u00e9 le 22 juin 2023","modified":"Mise \u00e0 jour le 28 juin 2023"},"absolute_dates_time":{"created":"Publi\u00e9 le 22 juin 2023 11:23  ","modified":"Mise \u00e0 jour le 28 juin 2023 10:47  "},"featured_img_caption":"Santa Maria Maior, Bairro Alfama - Part I","_links":{"self":[{"href":"https:\/\/energy-cities.eu\/fr\/wp-json\/wp\/v2\/posts\/66978"}],"collection":[{"href":"https:\/\/energy-cities.eu\/fr\/wp-json\/wp\/v2\/posts"}],"about":[{"href":"https:\/\/energy-cities.eu\/fr\/wp-json\/wp\/v2\/types\/post"}],"author":[{"embeddable":true,"href":"https:\/\/energy-cities.eu\/fr\/wp-json\/wp\/v2\/users\/74"}],"replies":[{"embeddable":true,"href":"https:\/\/energy-cities.eu\/fr\/wp-json\/wp\/v2\/comments?post=66978"}],"version-history":[{"count":3,"href":"https:\/\/energy-cities.eu\/fr\/wp-json\/wp\/v2\/posts\/66978\/revisions"}],"predecessor-version":[{"id":66983,"href":"https:\/\/energy-cities.eu\/fr\/wp-json\/wp\/v2\/posts\/66978\/revisions\/66983"}],"wp:featuredmedia":[{"embeddable":true,"href":"https:\/\/energy-cities.eu\/fr\/wp-json\/wp\/v2\/media\/66842"}],"wp:attachment":[{"href":"https:\/\/energy-cities.eu\/fr\/wp-json\/wp\/v2\/media?parent=66978"}],"wp:term":[{"taxonomy":"category","embeddable":true,"href":"https:\/\/energy-cities.eu\/fr\/wp-json\/wp\/v2\/categories?post=66978"},{"taxonomy":"post_tag","embeddable":true,"href":"https:\/\/energy-cities.eu\/fr\/wp-json\/wp\/v2\/tags?post=66978"},{"taxonomy":"hub","embeddable":true,"href":"https:\/\/energy-cities.eu\/fr\/wp-json\/wp\/v2\/hub?post=66978"},{"taxonomy":"topic","embeddable":true,"href":"https:\/\/energy-cities.eu\/fr\/wp-json\/wp\/v2\/topic?post=66978"},{"taxonomy":"legislative_initiative","embeddable":true,"href":"https:\/\/energy-cities.eu\/fr\/wp-json\/wp\/v2\/legislative_initiative?post=66978"},{"taxonomy":"document_type","embeddable":true,"href":"https:\/\/energy-cities.eu\/fr\/wp-json\/wp\/v2\/document_type?post=66978"}],"curies":[{"name":"wp","href":"https:\/\/api.w.org\/{rel}","templated":true}]}}