{"id":68043,"date":"2023-08-14T10:28:13","date_gmt":"2023-08-14T08:28:13","guid":{"rendered":"https:\/\/energy-cities.eu\/?p=68043"},"modified":"2023-09-21T14:45:57","modified_gmt":"2023-09-21T12:45:57","slug":"promouvoir-la-regeneration-urbaine-pour-une-societe-plus-humaine","status":"publish","type":"post","link":"https:\/\/energy-cities.eu\/fr\/promouvoir-la-regeneration-urbaine-pour-une-societe-plus-humaine\/","title":{"rendered":"Promouvoir la r\u00e9g\u00e9n\u00e9ration urbaine pour une soci\u00e9t\u00e9 plus humaine"},"content":{"rendered":"\n<p>Imaginez que vous viviez dans une <strong>ville dynamique et r\u00e9siliente<\/strong> o\u00f9 des <strong>entreprises \u00e9quitables et durables<\/strong> prosp\u00e8rent, o\u00f9 les citoyens ont un acc\u00e8s \u00e9gal \u00e0 tous les services et o\u00f9 les ressources sont utilis\u00e9es judicieusement pour <strong>assurer un avenir \u00e0 la prochaine g\u00e9n\u00e9ration<\/strong>.<\/p>\n\n\n\n<p>Ce r\u00eave peut devenir r\u00e9alit\u00e9. Le hub d\u2019Energy Cities <a href=\"https:\/\/energy-cities.eu\/fr\/hub\/economies-locales\/\" target=\"_blank\" rel=\"noreferrer noopener\"><em>Sobri\u00e9t\u00e9 et justice sociale au c\u0153ur de l\u2019\u00e9conomie locale<\/em><\/a> s&rsquo;efforce de le r\u00e9aliser. En effet, nous nous engageons \u00e0 aider les villes \u00e0 construire une soci\u00e9t\u00e9 autonome et r\u00e9siliente en repensant les mod\u00e8les sociaux et \u00e9conomiques.<\/p>\n\n\n\n<p>Le 18 octobre, rejoignez-nous dans la charmante ville de Mod\u00e8ne et embarquez pour un voyage consacr\u00e9 \u00e0 la<strong> r\u00e9g\u00e9n\u00e9ration urbaine.<\/strong> Dans le cadre du <strong>Forum annuel d&rsquo;Energy Cities<\/strong>, nous pr\u00e9parons des sessions inspirantes qui vous donneront l&rsquo;occasion d&rsquo;<strong>\u00e9changer <\/strong>avec d&rsquo;autres villes europ\u00e9ennes afin de partager et apprendre mutuellement de vos exp\u00e9riences.<\/p>\n\n\n\n<p>Voici un aper\u00e7u de ce qui vous attend. Inscrivez-vous d\u00e8s maintenant aux sessions du Hub 5 : nous sommes impatients de <strong>promouvoir ensemble le changement<\/strong> !<\/p>\n\n\n\n<hr class=\"wp-block-separator has-text-color has-background has-white-background-color has-white-color\"\/>\n\n\n\n<figure class=\"wp-block-image size-large\"><img loading=\"lazy\" width=\"1024\" height=\"576\" src=\"https:\/\/energy-cities.eu\/wp-content\/uploads\/2023\/08\/WORK-ON-COPY-Hub-5-session-bundle-1024x576.png\" alt=\"Fostering urban regeneration for a more people-centered society\" class=\"wp-image-68034\" srcset=\"https:\/\/energy-cities.eu\/wp-content\/uploads\/2023\/08\/WORK-ON-COPY-Hub-5-session-bundle-1024x576.png 1024w, https:\/\/energy-cities.eu\/wp-content\/uploads\/2023\/08\/WORK-ON-COPY-Hub-5-session-bundle-350x197.png 350w, https:\/\/energy-cities.eu\/wp-content\/uploads\/2023\/08\/WORK-ON-COPY-Hub-5-session-bundle-1536x864.png 1536w, https:\/\/energy-cities.eu\/wp-content\/uploads\/2023\/08\/WORK-ON-COPY-Hub-5-session-bundle-700x394.png 700w, https:\/\/energy-cities.eu\/wp-content\/uploads\/2023\/08\/WORK-ON-COPY-Hub-5-session-bundle-533x300.png 533w, https:\/\/energy-cities.eu\/wp-content\/uploads\/2023\/08\/WORK-ON-COPY-Hub-5-session-bundle.png 1600w\" sizes=\"(max-width: 1024px) 100vw, 1024px\" \/><\/figure>\n\n\n\n<hr class=\"wp-block-separator has-text-color has-background has-white-background-color has-white-color\"\/>\n\n\n\n<h3>09:30-12.00 &#8211; R\u00c9G\u00c9N\u00c9RATION URBAINE ET ESPACES VACANTS : UNE PROMENADE \u00c0 TRAVERS UNE VILLE DE MOD\u00c8NE TRANSFORMEE<\/h3>\n\n\n\n<div class=\"wp-block-image\"><figure class=\"alignleft size-large is-resized\"><img loading=\"lazy\" src=\"https:\/\/energy-cities.eu\/wp-content\/uploads\/2023\/08\/DO-NOT-TOUCH-style-reference-1-1024x576.png\" alt=\"URBAN REGENERATION AND VACANT SPACES: A WALKING TOUR THROUGH MODENA\u2019S TRANSFORMATION\" class=\"wp-image-68030\" width=\"256\" height=\"144\" srcset=\"https:\/\/energy-cities.eu\/wp-content\/uploads\/2023\/08\/DO-NOT-TOUCH-style-reference-1-1024x576.png 1024w, https:\/\/energy-cities.eu\/wp-content\/uploads\/2023\/08\/DO-NOT-TOUCH-style-reference-1-350x197.png 350w, https:\/\/energy-cities.eu\/wp-content\/uploads\/2023\/08\/DO-NOT-TOUCH-style-reference-1-1536x864.png 1536w, https:\/\/energy-cities.eu\/wp-content\/uploads\/2023\/08\/DO-NOT-TOUCH-style-reference-1-700x394.png 700w, https:\/\/energy-cities.eu\/wp-content\/uploads\/2023\/08\/DO-NOT-TOUCH-style-reference-1-533x300.png 533w, https:\/\/energy-cities.eu\/wp-content\/uploads\/2023\/08\/DO-NOT-TOUCH-style-reference-1.png 1600w\" sizes=\"(max-width: 256px) 100vw, 256px\" \/><\/figure><\/div>\n\n\n\n<hr class=\"wp-block-separator has-text-color has-background has-white-background-color has-white-color\"\/>\n\n\n\n<p>Promenons-nous dans Mod\u00e8ne pour d\u00e9couvrir les transformations urbaines d&rsquo;une ville en pleine mutation ! La <strong>r\u00e9habilitation des espaces vacants et la r\u00e9g\u00e9n\u00e9ration des friches urbaines <\/strong>permettent de limiter l&rsquo;\u00e9talement urbain et de revitaliser un quartier. Nous passerons par les rues \u00e9troites du centre historique de Mod\u00e8ne et nous nous arr\u00eaterons dans des lieux qui ont \u00e9t\u00e9 ainsi transform\u00e9s pour en savoir plus sur leur spectaculaire renaissance.<\/p>\n\n\n\n<p>Notre promenade s&rsquo;ach\u00e8vera au <strong>Laboratorio Aperto<\/strong>, un ancien b\u00e2timent industriel qui abritait autrefois le si\u00e8ge de la compagnie municipale d&rsquo;\u00e9lectricit\u00e9 (AEM). Cet espace a subi une m\u00e9tamorphose remarquable pour devenir un <strong>laboratoire cr\u00e9atif<\/strong> o\u00f9 startups et artistes peuvent exprimer leur potentiel. Un endroit \u00e9tonnant pour un atelier inspirant !<\/p>\n\n\n\n<hr class=\"wp-block-separator has-text-color has-background has-white-background-color has-white-color\"\/>\n\n\n\n<h3>14:00-17:30 &#8211; LES VILLES PEUVENT-ELLES SE D\u00c9BARRASSER DE LA PUBLICIT\u00c9 ? COMMENT RENDRE L\u2019ESPACE PUBLIC AUX CITOYENNES<\/h3>\n\n\n\n<div class=\"wp-block-image\"><figure class=\"alignright size-large is-resized\"><img loading=\"lazy\" src=\"https:\/\/energy-cities.eu\/wp-content\/uploads\/2023\/09\/Can-Cities-Kick-Ads-Out-1-1024x576.png\" alt=\"\" class=\"wp-image-71110\" width=\"256\" height=\"144\" srcset=\"https:\/\/energy-cities.eu\/wp-content\/uploads\/2023\/09\/Can-Cities-Kick-Ads-Out-1-1024x576.png 1024w, https:\/\/energy-cities.eu\/wp-content\/uploads\/2023\/09\/Can-Cities-Kick-Ads-Out-1-350x197.png 350w, https:\/\/energy-cities.eu\/wp-content\/uploads\/2023\/09\/Can-Cities-Kick-Ads-Out-1-1536x864.png 1536w, https:\/\/energy-cities.eu\/wp-content\/uploads\/2023\/09\/Can-Cities-Kick-Ads-Out-1-700x394.png 700w, https:\/\/energy-cities.eu\/wp-content\/uploads\/2023\/09\/Can-Cities-Kick-Ads-Out-1-533x300.png 533w, https:\/\/energy-cities.eu\/wp-content\/uploads\/2023\/09\/Can-Cities-Kick-Ads-Out-1.png 1600w\" sizes=\"(max-width: 256px) 100vw, 256px\" \/><\/figure><\/div>\n\n\n\n<p>La publicit\u00e9 est omnipr\u00e9sente pour nous inciter \u00e0 acheter toujours plus. Son impact est multiple&nbsp;: pollution lumineuse \u00e0 l\u2019origine de d\u00e9s\u00e9quilibres dans les \u00e9cosyst\u00e8mes, consommation de ressources et d&rsquo;\u00e9nergie, privatisation des trottoirs et probl\u00e8mes de sant\u00e9 publique. La recherche montre que <strong>plus nous sommes expos\u00e9s \u00e0 la publicit\u00e9, plus nous nous sentons malheureux, <\/strong>et plus nous sommes mat\u00e9rialistes, moins nous nous engageons dans des activit\u00e9s sociales positives et moins nous nous soucions de l&rsquo;environnement. En d&rsquo;autres termes, la publicit\u00e9 est incompatible avec la d\u00e9carbonisation dont nous avons si grand besoin.&nbsp;<\/p>\n\n\n\n<p>Et si nous <strong>r\u00e9cup\u00e9rions cet espace public <\/strong>pris par la publicit\u00e9 ? C&rsquo;est possible, malgr\u00e9 les d\u00e9bats intenses et les plaintes des entreprises, comme le prouvent deux villes europ\u00e9ennes.<\/p>\n\n\n\n<p>Depuis plus de cinq ans, la <strong>m\u00e9tropole de Lyon<\/strong> s&rsquo;est engag\u00e9e dans l&rsquo;\u00e9laboration d\u2019un r\u00e8glement local de publicit\u00e9. Ce r\u00e8glement instaure une interdiction g\u00e9n\u00e9rale et absolue de certains dispositifs publicitaires, dont les \u00e9crans num\u00e9riques, dans les espaces publics, et ce sur l&rsquo;ensemble du territoire m\u00e9tropolitain.&nbsp;<br><br>La ville de <strong>Haarlem<\/strong>, aux Pays-Bas, pr\u00e8s d&rsquo;Amsterdam, a approuv\u00e9 l&rsquo;interdiction &#8211; report\u00e9e \u00e0 2024 &#8211; de la publicit\u00e9 pour la viande, les trajets en avion pour les vacances, les combustibles fossiles et les voitures fonctionnant aux combustibles fossiles. De plus, elle a l&rsquo;ambition d&rsquo;<strong>\u00e9liminer compl\u00e8tement la publicit\u00e9 commerciale d&rsquo;ici 2030<\/strong>.<\/p>\n\n\n\n<p>Pour cette session, Energy Cities propose d&rsquo;utiliser la m\u00e9thodologie innovante du&nbsp;<a href=\"https:\/\/usbeketrica.com\/fr\/studio\/tgf\" target=\"_blank\" rel=\"noreferrer noopener\"><strong>Tribunal pour les G\u00e9n\u00e9rations Futures<\/strong><\/a>&nbsp;cr\u00e9\u00e9e et d\u00e9velopp\u00e9e par Usbek &amp; Rica, un magazine fran\u00e7ais qui explore le futur. Sur sc\u00e8ne : un juge, un avocat, un procureur, trois t\u00e9moins, cinq jur\u00e9s tir\u00e9s au sort parmi le public qui s&rsquo;expriment au nom des g\u00e9n\u00e9rations futures.<\/p>\n\n\n\n<p>Au cours de la s\u00e9ance, plusieurs t\u00e9moins s&rsquo;expriment et donnent leur avis sur la n\u00e9cessit\u00e9 ou non pour les villes d&rsquo;\u00e9liminer les publicit\u00e9s. Pour structurer le d\u00e9bat, diff\u00e9rents chefs d&rsquo;accusation ont \u00e9t\u00e9 identifi\u00e9s. En fonction de leurs connaissances et de leurs exp\u00e9riences, les t\u00e9moins concentreront leur intervention sur un ou plusieurs chefs d&rsquo;accusation.&nbsp; Outre l&rsquo;<strong>impact sur l&rsquo;environnement<\/strong>, nous nous pencherons \u00e9galement sur les <strong>cons\u00e9quences psychologiques<\/strong> de l&rsquo;exposition \u00e0 la publicit\u00e9.<\/p>\n\n\n\n<hr class=\"wp-block-separator has-text-color has-background has-white-background-color has-white-color\"\/>\n\n\n\n<h2 class=\"has-pale-cyan-blue-background-color has-background\">What are you waiting for?<\/h2>\n\n\n\n<p>Vous \u00eates curieux d&rsquo;en savoir plus ?&nbsp; <a href=\"https:\/\/energy-cities.eu\/modena-2023-registration\/\" target=\"_blank\" rel=\"noreferrer noopener\">Inscrivez-vous d\u00e8s maintenant \u00e0 la journ\u00e9e d\u2019inspiration d\u2019Energy Cities !<\/a>&nbsp;&nbsp;<\/p>\n\n\n\n<p>Ce forum annuel sur trois jours est \u00e9galement riche en \u00e9v\u00e9nements et en activit\u00e9s de r\u00e9seautage. <a href=\"https:\/\/energy-cities.eu\/wp-content\/uploads\/2023\/08\/Grafting-Cities-Presentation-31.07.pdf\" target=\"_blank\" rel=\"noreferrer noopener\">D\u00e9couvrez le programme complet de la journ\u00e9e d\u2019Energy Cities \u00e0 Mod\u00e8ne.<\/a>&nbsp;<\/p>\n\n\n\n<p><strong>N&rsquo;oubliez pas de vous inscrire aux autres activit\u00e9s, tout aussi int\u00e9ressantes et inspirantes, que nous vous r\u00e9servons pendant le reste du Forum : sessions pl\u00e9ni\u00e8res, opportunit\u00e9s de r\u00e9seautage, visites \u00e9difiantes de Mod\u00e8ne, et m\u00eame un voyage en train r\u00e9serv\u00e9 aux membres d&rsquo;Energy Cities !<\/strong><\/p>\n","protected":false},"excerpt":{"rendered":"<p>Imaginez que vous viviez dans une ville dynamique et r\u00e9siliente o\u00f9 des entreprises \u00e9quitables et durables prosp\u00e8rent, o\u00f9 les citoyens ont un acc\u00e8s \u00e9gal \u00e0 <a href=\"https:\/\/energy-cities.eu\/fr\/promouvoir-la-regeneration-urbaine-pour-une-societe-plus-humaine\/\">[\u2026]<\/a><\/p>\n","protected":false},"author":74,"featured_media":68037,"comment_status":"open","ping_status":"open","sticky":false,"template":"","format":"standard","meta":{"advgb_blocks_editor_width":"","advgb_blocks_columns_visual_guide":"","ub_ctt_via":""},"categories":[4],"tags":[454,455,456],"hub":[309],"topic":[107,109,110,341,344,365,367,369,372,376,408,410],"legislative_initiative":[],"document_type":[],"acf":[],"author_meta":{"display_name":"Simona Aronica","author_link":"https:\/\/energy-cities.eu\/fr\/staff\/s-aronica\/"},"featured_img":"https:\/\/energy-cities.eu\/wp-content\/uploads\/2023\/08\/kina-AsYSVoAxOhw-unsplash-350x233.jpg","featured_image_src":"https:\/\/energy-cities.eu\/wp-content\/uploads\/2023\/08\/kina-AsYSVoAxOhw-unsplash-scaled.jpg","author_info":{"display_name":"Simona Aronica","author_link":"https:\/\/energy-cities.eu\/fr\/staff\/s-aronica\/"},"yoast_head":"<!-- This site is optimized with the Yoast SEO plugin v18.8 - https:\/\/yoast.com\/wordpress\/plugins\/seo\/ -->\n<title>Promouvoir la r\u00e9g\u00e9n\u00e9ration urbaine pour une soci\u00e9t\u00e9 plus humaine - Energy Cities<\/title>\n<meta name=\"robots\" content=\"index, follow, max-snippet:-1, max-image-preview:large, max-video-preview:-1\" \/>\n<link rel=\"canonical\" href=\"https:\/\/energy-cities.eu\/fr\/promouvoir-la-regeneration-urbaine-pour-une-societe-plus-humaine\/\" \/>\n<meta property=\"og:locale\" content=\"fr_FR\" \/>\n<meta property=\"og:type\" content=\"article\" \/>\n<meta property=\"og:title\" content=\"Promouvoir la r\u00e9g\u00e9n\u00e9ration urbaine pour une soci\u00e9t\u00e9 plus humaine - Energy Cities\" \/>\n<meta property=\"og:description\" content=\"Imaginez que vous viviez dans une ville dynamique et r\u00e9siliente o\u00f9 des entreprises \u00e9quitables et durables prosp\u00e8rent, o\u00f9 les citoyens ont un acc\u00e8s \u00e9gal \u00e0 [\u2026]\" \/>\n<meta property=\"og:url\" content=\"https:\/\/energy-cities.eu\/fr\/promouvoir-la-regeneration-urbaine-pour-une-societe-plus-humaine\/\" \/>\n<meta property=\"og:site_name\" content=\"Energy Cities\" \/>\n<meta property=\"article:publisher\" content=\"https:\/\/www.facebook.com\/energycities.eu\/\" \/>\n<meta property=\"article:published_time\" content=\"2023-08-14T08:28:13+00:00\" \/>\n<meta property=\"article:modified_time\" content=\"2023-09-21T12:45:57+00:00\" \/>\n<meta property=\"og:image\" content=\"https:\/\/energy-cities.eu\/wp-content\/uploads\/2023\/08\/kina-AsYSVoAxOhw-unsplash-scaled.jpg\" \/>\n\t<meta property=\"og:image:width\" content=\"2560\" \/>\n\t<meta property=\"og:image:height\" content=\"1707\" \/>\n\t<meta property=\"og:image:type\" content=\"image\/jpeg\" \/>\n<meta name=\"twitter:card\" content=\"summary_large_image\" \/>\n<meta name=\"twitter:creator\" content=\"@b.karas\" \/>\n<meta name=\"twitter:site\" content=\"@energycities\" \/>\n<meta name=\"twitter:label1\" content=\"\u00c9crit par\" \/>\n\t<meta name=\"twitter:data1\" content=\"Simona Aronica\" \/>\n\t<meta name=\"twitter:label2\" content=\"Dur\u00e9e de lecture estim\u00e9e\" \/>\n\t<meta name=\"twitter:data2\" content=\"4 minutes\" \/>\n<script type=\"application\/ld+json\" class=\"yoast-schema-graph\">{\"@context\":\"https:\/\/schema.org\",\"@graph\":[{\"@type\":\"Organization\",\"@id\":\"https:\/\/energy-cities.eu\/fr\/#organization\",\"name\":\"Energy Cities\",\"url\":\"https:\/\/energy-cities.eu\/fr\/\",\"sameAs\":[\"https:\/\/www.facebook.com\/energycities.eu\/\",\"https:\/\/www.youtube.com\/channel\/UChIHn2wF76JzuTbAjSMs0hQ\",\"https:\/\/fr.wikipedia.org\/wiki\/Energy_Cities\",\"https:\/\/twitter.com\/energycities\"],\"logo\":{\"@type\":\"ImageObject\",\"inLanguage\":\"fr-FR\",\"@id\":\"https:\/\/energy-cities.eu\/fr\/#\/schema\/logo\/image\/\",\"url\":\"https:\/\/energy-cities.eu\/wp-content\/uploads\/2019\/07\/energy-cities-couleur.jpg\",\"contentUrl\":\"https:\/\/energy-cities.eu\/wp-content\/uploads\/2019\/07\/energy-cities-couleur.jpg\",\"width\":3508,\"height\":2587,\"caption\":\"Energy Cities\"},\"image\":{\"@id\":\"https:\/\/energy-cities.eu\/fr\/#\/schema\/logo\/image\/\"}},{\"@type\":\"WebSite\",\"@id\":\"https:\/\/energy-cities.eu\/fr\/#website\",\"url\":\"https:\/\/energy-cities.eu\/fr\/\",\"name\":\"Energy Cities\",\"description\":\" The European learning community for future-proof cities\",\"publisher\":{\"@id\":\"https:\/\/energy-cities.eu\/fr\/#organization\"},\"potentialAction\":[{\"@type\":\"SearchAction\",\"target\":{\"@type\":\"EntryPoint\",\"urlTemplate\":\"https:\/\/energy-cities.eu\/fr\/?s={search_term_string}\"},\"query-input\":\"required name=search_term_string\"}],\"inLanguage\":\"fr-FR\"},{\"@type\":\"ImageObject\",\"inLanguage\":\"fr-FR\",\"@id\":\"https:\/\/energy-cities.eu\/fr\/promouvoir-la-regeneration-urbaine-pour-une-societe-plus-humaine\/#primaryimage\",\"url\":\"https:\/\/energy-cities.eu\/wp-content\/uploads\/2023\/08\/kina-AsYSVoAxOhw-unsplash-scaled.jpg\",\"contentUrl\":\"https:\/\/energy-cities.eu\/wp-content\/uploads\/2023\/08\/kina-AsYSVoAxOhw-unsplash-scaled.jpg\",\"width\":2560,\"height\":1707,\"caption\":\"Energy Cities' Forum_Fair Economies Sessions\"},{\"@type\":\"WebPage\",\"@id\":\"https:\/\/energy-cities.eu\/fr\/promouvoir-la-regeneration-urbaine-pour-une-societe-plus-humaine\/#webpage\",\"url\":\"https:\/\/energy-cities.eu\/fr\/promouvoir-la-regeneration-urbaine-pour-une-societe-plus-humaine\/\",\"name\":\"Promouvoir la r\u00e9g\u00e9n\u00e9ration urbaine pour une soci\u00e9t\u00e9 plus humaine - Energy Cities\",\"isPartOf\":{\"@id\":\"https:\/\/energy-cities.eu\/fr\/#website\"},\"primaryImageOfPage\":{\"@id\":\"https:\/\/energy-cities.eu\/fr\/promouvoir-la-regeneration-urbaine-pour-une-societe-plus-humaine\/#primaryimage\"},\"datePublished\":\"2023-08-14T08:28:13+00:00\",\"dateModified\":\"2023-09-21T12:45:57+00:00\",\"breadcrumb\":{\"@id\":\"https:\/\/energy-cities.eu\/fr\/promouvoir-la-regeneration-urbaine-pour-une-societe-plus-humaine\/#breadcrumb\"},\"inLanguage\":\"fr-FR\",\"potentialAction\":[{\"@type\":\"ReadAction\",\"target\":[\"https:\/\/energy-cities.eu\/fr\/promouvoir-la-regeneration-urbaine-pour-une-societe-plus-humaine\/\"]}]},{\"@type\":\"BreadcrumbList\",\"@id\":\"https:\/\/energy-cities.eu\/fr\/promouvoir-la-regeneration-urbaine-pour-une-societe-plus-humaine\/#breadcrumb\",\"itemListElement\":[{\"@type\":\"ListItem\",\"position\":1,\"name\":\"Home\",\"item\":\"https:\/\/energy-cities.eu\/fr\/nous-sommes-un-reseau-europeen-blabla\/\"},{\"@type\":\"ListItem\",\"position\":2,\"name\":\"Promouvoir la r\u00e9g\u00e9n\u00e9ration urbaine pour une soci\u00e9t\u00e9 plus humaine\"}]},{\"@type\":\"Article\",\"@id\":\"https:\/\/energy-cities.eu\/fr\/promouvoir-la-regeneration-urbaine-pour-une-societe-plus-humaine\/#article\",\"isPartOf\":{\"@id\":\"https:\/\/energy-cities.eu\/fr\/promouvoir-la-regeneration-urbaine-pour-une-societe-plus-humaine\/#webpage\"},\"author\":{\"@id\":\"https:\/\/energy-cities.eu\/fr\/#\/schema\/person\/a2cdbfaa44d8652c2ea61c7a922ff4a5\"},\"headline\":\"Promouvoir la r\u00e9g\u00e9n\u00e9ration urbaine pour une soci\u00e9t\u00e9 plus humaine\",\"datePublished\":\"2023-08-14T08:28:13+00:00\",\"dateModified\":\"2023-09-21T12:45:57+00:00\",\"mainEntityOfPage\":{\"@id\":\"https:\/\/energy-cities.eu\/fr\/promouvoir-la-regeneration-urbaine-pour-une-societe-plus-humaine\/#webpage\"},\"wordCount\":864,\"commentCount\":0,\"publisher\":{\"@id\":\"https:\/\/energy-cities.eu\/fr\/#organization\"},\"image\":{\"@id\":\"https:\/\/energy-cities.eu\/fr\/promouvoir-la-regeneration-urbaine-pour-une-societe-plus-humaine\/#primaryimage\"},\"thumbnailUrl\":\"https:\/\/energy-cities.eu\/wp-content\/uploads\/2023\/08\/kina-AsYSVoAxOhw-unsplash-scaled.jpg\",\"keywords\":[\"Annual Forum\",\"Energy Cities Forum\",\"Grafting cities\"],\"articleSection\":[\"Actualit\u00e9s\"],\"inLanguage\":\"fr-FR\",\"potentialAction\":[{\"@type\":\"CommentAction\",\"name\":\"Comment\",\"target\":[\"https:\/\/energy-cities.eu\/fr\/promouvoir-la-regeneration-urbaine-pour-une-societe-plus-humaine\/#respond\"]}]},{\"@type\":\"Person\",\"@id\":\"https:\/\/energy-cities.eu\/fr\/#\/schema\/person\/a2cdbfaa44d8652c2ea61c7a922ff4a5\",\"name\":\"Simona Aronica\",\"image\":{\"@type\":\"ImageObject\",\"inLanguage\":\"fr-FR\",\"@id\":\"https:\/\/energy-cities.eu\/fr\/#\/schema\/person\/image\/\",\"url\":\"https:\/\/secure.gravatar.com\/avatar\/221540803526cea8c8f9fbdf69b7fab8?s=96&d=mm&r=g\",\"contentUrl\":\"https:\/\/secure.gravatar.com\/avatar\/221540803526cea8c8f9fbdf69b7fab8?s=96&d=mm&r=g\",\"caption\":\"Simona Aronica\"},\"sameAs\":[\"https:\/\/www.linkedin.com\/in\/simona-aronica-709243a0\/\",\"https:\/\/twitter.com\/b.karas\"],\"url\":\"https:\/\/energy-cities.eu\/fr\/staff\/s-aronica\/\"}]}<\/script>\n<!-- \/ Yoast SEO plugin. -->","yoast_head_json":{"title":"Promouvoir la r\u00e9g\u00e9n\u00e9ration urbaine pour une soci\u00e9t\u00e9 plus humaine - Energy Cities","robots":{"index":"index","follow":"follow","max-snippet":"max-snippet:-1","max-image-preview":"max-image-preview:large","max-video-preview":"max-video-preview:-1"},"canonical":"https:\/\/energy-cities.eu\/fr\/promouvoir-la-regeneration-urbaine-pour-une-societe-plus-humaine\/","og_locale":"fr_FR","og_type":"article","og_title":"Promouvoir la r\u00e9g\u00e9n\u00e9ration urbaine pour une soci\u00e9t\u00e9 plus humaine - Energy Cities","og_description":"Imaginez que vous viviez dans une ville dynamique et r\u00e9siliente o\u00f9 des entreprises \u00e9quitables et durables prosp\u00e8rent, o\u00f9 les citoyens ont un acc\u00e8s \u00e9gal \u00e0 [\u2026]","og_url":"https:\/\/energy-cities.eu\/fr\/promouvoir-la-regeneration-urbaine-pour-une-societe-plus-humaine\/","og_site_name":"Energy Cities","article_publisher":"https:\/\/www.facebook.com\/energycities.eu\/","article_published_time":"2023-08-14T08:28:13+00:00","article_modified_time":"2023-09-21T12:45:57+00:00","og_image":[{"width":2560,"height":1707,"url":"https:\/\/energy-cities.eu\/wp-content\/uploads\/2023\/08\/kina-AsYSVoAxOhw-unsplash-scaled.jpg","type":"image\/jpeg"}],"twitter_card":"summary_large_image","twitter_creator":"@b.karas","twitter_site":"@energycities","twitter_misc":{"\u00c9crit par":"Simona Aronica","Dur\u00e9e de lecture estim\u00e9e":"4 minutes"},"schema":{"@context":"https:\/\/schema.org","@graph":[{"@type":"Organization","@id":"https:\/\/energy-cities.eu\/fr\/#organization","name":"Energy Cities","url":"https:\/\/energy-cities.eu\/fr\/","sameAs":["https:\/\/www.facebook.com\/energycities.eu\/","https:\/\/www.youtube.com\/channel\/UChIHn2wF76JzuTbAjSMs0hQ","https:\/\/fr.wikipedia.org\/wiki\/Energy_Cities","https:\/\/twitter.com\/energycities"],"logo":{"@type":"ImageObject","inLanguage":"fr-FR","@id":"https:\/\/energy-cities.eu\/fr\/#\/schema\/logo\/image\/","url":"https:\/\/energy-cities.eu\/wp-content\/uploads\/2019\/07\/energy-cities-couleur.jpg","contentUrl":"https:\/\/energy-cities.eu\/wp-content\/uploads\/2019\/07\/energy-cities-couleur.jpg","width":3508,"height":2587,"caption":"Energy Cities"},"image":{"@id":"https:\/\/energy-cities.eu\/fr\/#\/schema\/logo\/image\/"}},{"@type":"WebSite","@id":"https:\/\/energy-cities.eu\/fr\/#website","url":"https:\/\/energy-cities.eu\/fr\/","name":"Energy Cities","description":" The European learning community for future-proof cities","publisher":{"@id":"https:\/\/energy-cities.eu\/fr\/#organization"},"potentialAction":[{"@type":"SearchAction","target":{"@type":"EntryPoint","urlTemplate":"https:\/\/energy-cities.eu\/fr\/?s={search_term_string}"},"query-input":"required name=search_term_string"}],"inLanguage":"fr-FR"},{"@type":"ImageObject","inLanguage":"fr-FR","@id":"https:\/\/energy-cities.eu\/fr\/promouvoir-la-regeneration-urbaine-pour-une-societe-plus-humaine\/#primaryimage","url":"https:\/\/energy-cities.eu\/wp-content\/uploads\/2023\/08\/kina-AsYSVoAxOhw-unsplash-scaled.jpg","contentUrl":"https:\/\/energy-cities.eu\/wp-content\/uploads\/2023\/08\/kina-AsYSVoAxOhw-unsplash-scaled.jpg","width":2560,"height":1707,"caption":"Energy Cities' Forum_Fair Economies Sessions"},{"@type":"WebPage","@id":"https:\/\/energy-cities.eu\/fr\/promouvoir-la-regeneration-urbaine-pour-une-societe-plus-humaine\/#webpage","url":"https:\/\/energy-cities.eu\/fr\/promouvoir-la-regeneration-urbaine-pour-une-societe-plus-humaine\/","name":"Promouvoir la r\u00e9g\u00e9n\u00e9ration urbaine pour une soci\u00e9t\u00e9 plus humaine - Energy Cities","isPartOf":{"@id":"https:\/\/energy-cities.eu\/fr\/#website"},"primaryImageOfPage":{"@id":"https:\/\/energy-cities.eu\/fr\/promouvoir-la-regeneration-urbaine-pour-une-societe-plus-humaine\/#primaryimage"},"datePublished":"2023-08-14T08:28:13+00:00","dateModified":"2023-09-21T12:45:57+00:00","breadcrumb":{"@id":"https:\/\/energy-cities.eu\/fr\/promouvoir-la-regeneration-urbaine-pour-une-societe-plus-humaine\/#breadcrumb"},"inLanguage":"fr-FR","potentialAction":[{"@type":"ReadAction","target":["https:\/\/energy-cities.eu\/fr\/promouvoir-la-regeneration-urbaine-pour-une-societe-plus-humaine\/"]}]},{"@type":"BreadcrumbList","@id":"https:\/\/energy-cities.eu\/fr\/promouvoir-la-regeneration-urbaine-pour-une-societe-plus-humaine\/#breadcrumb","itemListElement":[{"@type":"ListItem","position":1,"name":"Home","item":"https:\/\/energy-cities.eu\/fr\/nous-sommes-un-reseau-europeen-blabla\/"},{"@type":"ListItem","position":2,"name":"Promouvoir la r\u00e9g\u00e9n\u00e9ration urbaine pour une soci\u00e9t\u00e9 plus humaine"}]},{"@type":"Article","@id":"https:\/\/energy-cities.eu\/fr\/promouvoir-la-regeneration-urbaine-pour-une-societe-plus-humaine\/#article","isPartOf":{"@id":"https:\/\/energy-cities.eu\/fr\/promouvoir-la-regeneration-urbaine-pour-une-societe-plus-humaine\/#webpage"},"author":{"@id":"https:\/\/energy-cities.eu\/fr\/#\/schema\/person\/a2cdbfaa44d8652c2ea61c7a922ff4a5"},"headline":"Promouvoir la r\u00e9g\u00e9n\u00e9ration urbaine pour une soci\u00e9t\u00e9 plus humaine","datePublished":"2023-08-14T08:28:13+00:00","dateModified":"2023-09-21T12:45:57+00:00","mainEntityOfPage":{"@id":"https:\/\/energy-cities.eu\/fr\/promouvoir-la-regeneration-urbaine-pour-une-societe-plus-humaine\/#webpage"},"wordCount":864,"commentCount":0,"publisher":{"@id":"https:\/\/energy-cities.eu\/fr\/#organization"},"image":{"@id":"https:\/\/energy-cities.eu\/fr\/promouvoir-la-regeneration-urbaine-pour-une-societe-plus-humaine\/#primaryimage"},"thumbnailUrl":"https:\/\/energy-cities.eu\/wp-content\/uploads\/2023\/08\/kina-AsYSVoAxOhw-unsplash-scaled.jpg","keywords":["Annual Forum","Energy Cities Forum","Grafting cities"],"articleSection":["Actualit\u00e9s"],"inLanguage":"fr-FR","potentialAction":[{"@type":"CommentAction","name":"Comment","target":["https:\/\/energy-cities.eu\/fr\/promouvoir-la-regeneration-urbaine-pour-une-societe-plus-humaine\/#respond"]}]},{"@type":"Person","@id":"https:\/\/energy-cities.eu\/fr\/#\/schema\/person\/a2cdbfaa44d8652c2ea61c7a922ff4a5","name":"Simona Aronica","image":{"@type":"ImageObject","inLanguage":"fr-FR","@id":"https:\/\/energy-cities.eu\/fr\/#\/schema\/person\/image\/","url":"https:\/\/secure.gravatar.com\/avatar\/221540803526cea8c8f9fbdf69b7fab8?s=96&d=mm&r=g","contentUrl":"https:\/\/secure.gravatar.com\/avatar\/221540803526cea8c8f9fbdf69b7fab8?s=96&d=mm&r=g","caption":"Simona Aronica"},"sameAs":["https:\/\/www.linkedin.com\/in\/simona-aronica-709243a0\/","https:\/\/twitter.com\/b.karas"],"url":"https:\/\/energy-cities.eu\/fr\/staff\/s-aronica\/"}]}},"coauthors":[],"tax_additional":{"categories":{"linked":["<a href=\"https:\/\/energy-cities.eu\/fr\/category\/actualites\/\" class=\"advgb-post-tax-term\">Actualit\u00e9s<\/a>"],"unlinked":["<span class=\"advgb-post-tax-term\">Actualit\u00e9s<\/span>"]},"tags":{"linked":["<a href=\"https:\/\/energy-cities.eu\/fr\/category\/actualites\/\" class=\"advgb-post-tax-term\">Annual Forum<\/a>","<a href=\"https:\/\/energy-cities.eu\/fr\/category\/actualites\/\" class=\"advgb-post-tax-term\">Energy Cities Forum<\/a>","<a href=\"https:\/\/energy-cities.eu\/fr\/category\/actualites\/\" class=\"advgb-post-tax-term\">Grafting cities<\/a>"],"unlinked":["<span class=\"advgb-post-tax-term\">Annual Forum<\/span>","<span class=\"advgb-post-tax-term\">Energy Cities Forum<\/span>","<span class=\"advgb-post-tax-term\">Grafting cities<\/span>"]}},"comment_count":"0","relative_dates":{"created":"Publi\u00e9 3 ans il y a","modified":"Mis \u00e0 jour 3 ans il y a"},"absolute_dates":{"created":"Publi\u00e9 le 14 ao\u00fbt 2023","modified":"Mise \u00e0 jour le 21 septembre 2023"},"absolute_dates_time":{"created":"Publi\u00e9 le 14 ao\u00fbt 2023 10:28  ","modified":"Mise \u00e0 jour le 21 septembre 2023 2:45  "},"featured_img_caption":"Energy Cities' Forum_Fair Economies Sessions","_links":{"self":[{"href":"https:\/\/energy-cities.eu\/fr\/wp-json\/wp\/v2\/posts\/68043"}],"collection":[{"href":"https:\/\/energy-cities.eu\/fr\/wp-json\/wp\/v2\/posts"}],"about":[{"href":"https:\/\/energy-cities.eu\/fr\/wp-json\/wp\/v2\/types\/post"}],"author":[{"embeddable":true,"href":"https:\/\/energy-cities.eu\/fr\/wp-json\/wp\/v2\/users\/74"}],"replies":[{"embeddable":true,"href":"https:\/\/energy-cities.eu\/fr\/wp-json\/wp\/v2\/comments?post=68043"}],"version-history":[{"count":5,"href":"https:\/\/energy-cities.eu\/fr\/wp-json\/wp\/v2\/posts\/68043\/revisions"}],"predecessor-version":[{"id":71112,"href":"https:\/\/energy-cities.eu\/fr\/wp-json\/wp\/v2\/posts\/68043\/revisions\/71112"}],"wp:featuredmedia":[{"embeddable":true,"href":"https:\/\/energy-cities.eu\/fr\/wp-json\/wp\/v2\/media\/68037"}],"wp:attachment":[{"href":"https:\/\/energy-cities.eu\/fr\/wp-json\/wp\/v2\/media?parent=68043"}],"wp:term":[{"taxonomy":"category","embeddable":true,"href":"https:\/\/energy-cities.eu\/fr\/wp-json\/wp\/v2\/categories?post=68043"},{"taxonomy":"post_tag","embeddable":true,"href":"https:\/\/energy-cities.eu\/fr\/wp-json\/wp\/v2\/tags?post=68043"},{"taxonomy":"hub","embeddable":true,"href":"https:\/\/energy-cities.eu\/fr\/wp-json\/wp\/v2\/hub?post=68043"},{"taxonomy":"topic","embeddable":true,"href":"https:\/\/energy-cities.eu\/fr\/wp-json\/wp\/v2\/topic?post=68043"},{"taxonomy":"legislative_initiative","embeddable":true,"href":"https:\/\/energy-cities.eu\/fr\/wp-json\/wp\/v2\/legislative_initiative?post=68043"},{"taxonomy":"document_type","embeddable":true,"href":"https:\/\/energy-cities.eu\/fr\/wp-json\/wp\/v2\/document_type?post=68043"}],"curies":[{"name":"wp","href":"https:\/\/api.w.org\/{rel}","templated":true}]}}