{"id":68462,"date":"2023-08-28T09:34:05","date_gmt":"2023-08-28T07:34:05","guid":{"rendered":"https:\/\/energy-cities.eu\/?p=68462"},"modified":"2023-08-28T09:34:20","modified_gmt":"2023-08-28T07:34:20","slug":"une-europe-plus-forte-grace-aux-regions","status":"publish","type":"post","link":"https:\/\/energy-cities.eu\/fr\/une-europe-plus-forte-grace-aux-regions\/","title":{"rendered":"Une Europe plus forte gr\u00e2ce aux r\u00e9gions"},"content":{"rendered":"\n<p>Des communaut\u00e9s de l\u2019\u00e9nergie \u00e0 la r\u00e9g\u00e9n\u00e9ration urbaine, en passant par la d\u00e9carbonation de syst\u00e8mes de chaleur et les modes de financement, la Semaine europ\u00e9enne des r\u00e9gions et des villes offre aux acteurs locaux l\u2019occasion de r\u00e9seauter et d\u2019apprendre, pour des villes plus vertes et plus agr\u00e9ables \u00e0 vivre. Rendez-vous \u00e0 Bruxelles du 9 au 12 octobre 2023&nbsp;!<\/p>\n\n\n\n<p><a href=\"https:\/\/europa.eu\/regions-and-cities\/registration-euregionsweek-2023-open\">Je m\u2019inscris<\/a><\/p>\n\n\n\n<h2><strong>Cities and local actors decarbonise heating and cooling: a journey from vision to implementation!<\/strong><\/h2>\n\n\n\n<p><em>11 octobre de 9&nbsp;h \u00e0 16&nbsp;h<\/em><\/p>\n\n\n\n<p>La conf\u00e9rence finale du projet Decarb City Pipes, financ\u00e9 par l\u2019Union europ\u00e9enne, permettra de d\u00e9couvrir et de d\u00e9battre des solutions techniques, financi\u00e8res, organisationnelles et de planification \u00e9labor\u00e9es par et pour les villes. Il s\u2019agira \u00e9galement d\u2019\u00e9tudier des propositions l\u00e9gislatives \u00e0 l\u2019attention des d\u00e9cideurs politiques nationaux et europ\u00e9ens, pour la d\u00e9carbonation du secteur du chauffage et du refroidissement.<\/p>\n\n\n\n<p><a href=\"https:\/\/decarbcitypipes2050.eu\/event\/final-conference\/\">Je m\u2019inscris<\/a><\/p>\n\n\n\n<h2><strong>Covenant of Mayors: together for ambitious climate and energy action<\/strong><\/h2>\n\n\n\n<p><em>11 octobre de 11&nbsp;h&nbsp;30 \u00e0 12&nbsp;h&nbsp;30<\/em><\/p>\n\n\n\n<p>Au cours de cet atelier, nous verrons comment la gouvernance ascendante de la Convention des Maires pousse des milliers de villes \u00e0 s\u2019engager pour des objectifs ambitieux et \u00e0 prendre des mesures pour le climat et l\u2019\u00e9nergie au niveau local. Nous nous pencherons sur plusieurs mod\u00e8les \u00e0 succ\u00e8s reproductibles, \u00e9labor\u00e9s par les r\u00e9gions de diff\u00e9rents pays, sur la mani\u00e8re dont elles mobilisent les villes, offrent un soutien au renforcement des capacit\u00e9s et un acc\u00e8s aux outils de financement pour mener et acc\u00e9l\u00e9rer la transition \u00e9nerg\u00e9tique et climatique en Europe.<\/p>\n\n\n\n<p><a href=\"https:\/\/eu-mayors.ec.europa.eu\/en\/eu-week-regions-and-cities-covenant-of-mayors-together-for-ambitious-climate-and-energy-action\">Je m\u2019inscris<\/a><\/p>\n\n\n\n<h2><strong>Energy Communities &#8211; Solving global challenges locally<\/strong><\/h2>\n\n\n\n<p><em>12 octobre de 9&nbsp;h&nbsp;30 \u00e0 11&nbsp;h<\/em><\/p>\n\n\n\n<p>Organis\u00e9 par le groupe Les Verts du Comit\u00e9 europ\u00e9en des r\u00e9gions, cet atelier sera l\u2019occasion de confronter diff\u00e9rents points de vue locaux et europ\u00e9ens sur les communaut\u00e9s de l\u2019\u00e9nergie. Nous aborderons le r\u00f4le des collectivit\u00e9s locales, en soulignant leurs forces tout en mettant en lumi\u00e8re les difficult\u00e9s persistantes et les moyens de les affronter ensemble.<\/p>\n\n\n\n<p><a href=\"https:\/\/europa.eu\/regions-and-cities\/programme\/2023\/sessions\/2660\">Je m\u2019inscris<\/a><\/p>\n\n\n\n<h2><strong>Achieving Climate Neutral Cities through the Regeneration of Historic Urban Areas<\/strong><\/h2>\n\n\n\n<p><em>12&nbsp;octobre de 9&nbsp;h&nbsp;30 \u00e0 11&nbsp;h<\/em><\/p>\n\n\n\n<p>Les municipalit\u00e9s choisies pour la <a href=\"https:\/\/research-and-innovation.ec.europa.eu\/funding\/funding-opportunities\/funding-programmes-and-open-calls\/horizon-europe\/eu-missions-horizon-europe\/climate-neutral-and-smart-cities_en#:~:text=The%20100%20selected%20cities%20are,together%20with%20related%20investment%20plans.\">Mission \u00ab&nbsp;Villes&nbsp;\u00bb de l\u2019UE<\/a> mettent au point des plans globaux en vue de la neutralit\u00e9 climatique (appel\u00e9s contrats \u00ab&nbsp;Climate City&nbsp;\u00bb ou CCC). En quoi ces plans faciliteront-ils la r\u00e9g\u00e9n\u00e9ration des zones urbaines historiques&nbsp;? Au cours de cet atelier, les projets d\u2019innovation CENTRINNO, T-Factor et HUB-IN, financ\u00e9s par l\u2019UE , d\u00e9voileront les conclusions de leur dernier rapport sur le sujet. Dans le cadre d\u2019un World Caf\u00e9 th\u00e9matique et d\u2019un exercice d\u2019apprentissage entre pairs, nous reviendrons avec des d\u00e9cideurs politiques, des responsables municipaux, des chercheurs et des repr\u00e9sentants des villes s\u00e9lectionn\u00e9es sur les d\u00e9fis li\u00e9s aux espaces cr\u00e9atifs, aux utilisations temporaires et \u00e0 la revitalisation du patrimoine.<\/p>\n\n\n\n<p><a href=\"https:\/\/europa.eu\/regions-and-cities\/programme\/2023\/sessions\/1990?fbclid=IwAR34fnxXp-my_vvHRP_L24rTz8f3MSk3thg8da3wqh_3nOjx_d0ooYC9vqs\">Je m\u2019inscris<\/a><\/p>\n\n\n\n<h2><strong>Access to finance for the local energy transition: moving away from subsidies<\/strong><\/h2>\n\n\n\n<p><em>12 octobre de 11&nbsp;h&nbsp;30 \u00e0 13&nbsp;h<\/em><\/p>\n\n\n\n<p>La crise de l\u2019\u00e9nergie a mis en lumi\u00e8re le r\u00f4le crucial des collectivit\u00e9s locales en mati\u00e8re de transition \u00e9nerg\u00e9tique. Les mesures rapides ont conduit \u00e0 une baisse de la demande en \u00e9nergie, une hausse du recours aux \u00e9nergies renouvelables, et \u00e0 des aides pour les foyers modestes et les entreprises locales vuln\u00e9rables. Cependant, la route est encore longue et se reposer sur la seule d\u00e9pendance \u00e0 des financements publics est impossible. Pendant cet atelier, organis\u00e9 par le projet PROSPECT+ financ\u00e9 par l\u2019UE en partenariat avec le Bureau de la Convention des Maires, Smart Cities Marketplace et Managenergy, vous pourrez&nbsp;:<\/p>\n\n\n\n<ul><li>d\u00e9couvrir des strat\u00e9gies innovantes pour financer la transition \u00e9nerg\u00e9tique au niveau local&nbsp;;<\/li><li>conna\u00eetre les solutions pour r\u00e9duire la d\u00e9pendance aux subventions&nbsp;;<\/li><li>apprendre comment les villes et les r\u00e9gions peuvent obtenir un financement durable pour l&rsquo;action climatique.<\/li><\/ul>\n\n\n\n<p><a href=\"https:\/\/www.h2020prospect.eu\/news-events\/prospect-european-week-regions-and-cities-access-finance-local-energy-transition\">En savoir plus<\/a><\/p>\n\n\n\n<h2><strong>Financing the local energy transition &#8211; from plan to reality<\/strong><\/h2>\n\n\n\n<p><em>12 octobre de 9&nbsp;h&nbsp;30 \u00e0 10&nbsp;h&nbsp;30<\/em><\/p>\n\n\n\n<p>La Facilit\u00e9 europ\u00e9enne pour les villes (EUCF) aide plus de 200&nbsp;collectivit\u00e9s locales et r\u00e9gionales \u00e0 d\u00e9velopper des mod\u00e8les d&rsquo;investissement pour des projets \u00e9nerg\u00e9tiques. Cet \u00e9v\u00e9nement sera l\u2019occasion de pr\u00e9senter des exemples de r\u00e9ussite, et les obstacles rencontr\u00e9s, pour accorder les financements aux ambitions des gouvernements locaux et r\u00e9gionaux. Nous fournirons \u00e9galement des conseils sur la fa\u00e7on dont les villes et les r\u00e9gions peuvent postuler au prochain appel de l&rsquo;EUCF (pr\u00e9vu en janvier), qui offre 60&nbsp;000&nbsp;EUR en soutien \u00e0 la planification.<\/p>\n\n\n\n<p><a href=\"https:\/\/europa.eu\/regions-and-cities\/programme\/2023\/sessions\/2269\">Je m\u2019inscris<\/a><\/p>\n","protected":false},"excerpt":{"rendered":"<p>Des communaut\u00e9s de l\u2019\u00e9nergie \u00e0 la r\u00e9g\u00e9n\u00e9ration urbaine, en passant par la d\u00e9carbonation de syst\u00e8mes de chaleur et les modes de financement, la Semaine europ\u00e9enne <a href=\"https:\/\/energy-cities.eu\/fr\/une-europe-plus-forte-grace-aux-regions\/\">[\u2026]<\/a><\/p>\n","protected":false},"author":29,"featured_media":68383,"comment_status":"open","ping_status":"open","sticky":false,"template":"","format":"standard","meta":{"advgb_blocks_editor_width":"","advgb_blocks_columns_visual_guide":"","ub_ctt_via":""},"categories":[4],"tags":[],"hub":[310,308,306],"topic":[101,107,110,112],"legislative_initiative":[],"document_type":[],"acf":[],"author_meta":{"display_name":"Sara Giovannini","author_link":"https:\/\/energy-cities.eu\/fr\/staff\/s-giovannini\/"},"featured_img":"https:\/\/energy-cities.eu\/wp-content\/uploads\/2023\/08\/Template_Web_banner_1500x4001-350x93.png","featured_image_src":"https:\/\/energy-cities.eu\/wp-content\/uploads\/2023\/08\/Template_Web_banner_1500x4001.png","author_info":{"display_name":"Sara Giovannini","author_link":"https:\/\/energy-cities.eu\/fr\/staff\/s-giovannini\/"},"yoast_head":"<!-- This site is optimized with the Yoast SEO plugin v18.8 - https:\/\/yoast.com\/wordpress\/plugins\/seo\/ -->\n<title>Une Europe plus forte gr\u00e2ce aux r\u00e9gions - Energy Cities<\/title>\n<meta name=\"robots\" content=\"index, follow, max-snippet:-1, max-image-preview:large, max-video-preview:-1\" \/>\n<link rel=\"canonical\" href=\"https:\/\/energy-cities.eu\/fr\/une-europe-plus-forte-grace-aux-regions\/\" \/>\n<meta property=\"og:locale\" content=\"fr_FR\" \/>\n<meta property=\"og:type\" content=\"article\" \/>\n<meta property=\"og:title\" content=\"Une Europe plus forte gr\u00e2ce aux r\u00e9gions - Energy Cities\" \/>\n<meta property=\"og:description\" content=\"Des communaut\u00e9s de l\u2019\u00e9nergie \u00e0 la r\u00e9g\u00e9n\u00e9ration urbaine, en passant par la d\u00e9carbonation de syst\u00e8mes de chaleur et les modes de financement, la Semaine europ\u00e9enne [\u2026]\" \/>\n<meta property=\"og:url\" content=\"https:\/\/energy-cities.eu\/fr\/une-europe-plus-forte-grace-aux-regions\/\" \/>\n<meta property=\"og:site_name\" content=\"Energy Cities\" \/>\n<meta property=\"article:publisher\" content=\"https:\/\/www.facebook.com\/energycities.eu\/\" \/>\n<meta property=\"article:published_time\" content=\"2023-08-28T07:34:05+00:00\" \/>\n<meta property=\"article:modified_time\" content=\"2023-08-28T07:34:20+00:00\" \/>\n<meta property=\"og:image\" content=\"https:\/\/energy-cities.eu\/wp-content\/uploads\/2023\/08\/Template_Web_banner_1500x4001.png\" \/>\n\t<meta property=\"og:image:width\" content=\"1500\" \/>\n\t<meta property=\"og:image:height\" content=\"400\" \/>\n\t<meta property=\"og:image:type\" content=\"image\/png\" \/>\n<meta name=\"twitter:card\" content=\"summary_large_image\" \/>\n<meta name=\"twitter:creator\" content=\"@Giovannini_S\" \/>\n<meta name=\"twitter:site\" content=\"@energycities\" \/>\n<meta name=\"twitter:label1\" content=\"\u00c9crit par\" \/>\n\t<meta name=\"twitter:data1\" content=\"Sara Giovannini\" \/>\n\t<meta name=\"twitter:label2\" content=\"Dur\u00e9e de lecture estim\u00e9e\" \/>\n\t<meta name=\"twitter:data2\" content=\"4 minutes\" \/>\n<script type=\"application\/ld+json\" class=\"yoast-schema-graph\">{\"@context\":\"https:\/\/schema.org\",\"@graph\":[{\"@type\":\"Organization\",\"@id\":\"https:\/\/energy-cities.eu\/fr\/#organization\",\"name\":\"Energy Cities\",\"url\":\"https:\/\/energy-cities.eu\/fr\/\",\"sameAs\":[\"https:\/\/www.facebook.com\/energycities.eu\/\",\"https:\/\/www.youtube.com\/channel\/UChIHn2wF76JzuTbAjSMs0hQ\",\"https:\/\/fr.wikipedia.org\/wiki\/Energy_Cities\",\"https:\/\/twitter.com\/energycities\"],\"logo\":{\"@type\":\"ImageObject\",\"inLanguage\":\"fr-FR\",\"@id\":\"https:\/\/energy-cities.eu\/fr\/#\/schema\/logo\/image\/\",\"url\":\"https:\/\/energy-cities.eu\/wp-content\/uploads\/2019\/07\/energy-cities-couleur.jpg\",\"contentUrl\":\"https:\/\/energy-cities.eu\/wp-content\/uploads\/2019\/07\/energy-cities-couleur.jpg\",\"width\":3508,\"height\":2587,\"caption\":\"Energy Cities\"},\"image\":{\"@id\":\"https:\/\/energy-cities.eu\/fr\/#\/schema\/logo\/image\/\"}},{\"@type\":\"WebSite\",\"@id\":\"https:\/\/energy-cities.eu\/fr\/#website\",\"url\":\"https:\/\/energy-cities.eu\/fr\/\",\"name\":\"Energy Cities\",\"description\":\" The European learning community for future-proof cities\",\"publisher\":{\"@id\":\"https:\/\/energy-cities.eu\/fr\/#organization\"},\"potentialAction\":[{\"@type\":\"SearchAction\",\"target\":{\"@type\":\"EntryPoint\",\"urlTemplate\":\"https:\/\/energy-cities.eu\/fr\/?s={search_term_string}\"},\"query-input\":\"required name=search_term_string\"}],\"inLanguage\":\"fr-FR\"},{\"@type\":\"ImageObject\",\"inLanguage\":\"fr-FR\",\"@id\":\"https:\/\/energy-cities.eu\/fr\/une-europe-plus-forte-grace-aux-regions\/#primaryimage\",\"url\":\"https:\/\/energy-cities.eu\/wp-content\/uploads\/2023\/08\/Template_Web_banner_1500x4001.png\",\"contentUrl\":\"https:\/\/energy-cities.eu\/wp-content\/uploads\/2023\/08\/Template_Web_banner_1500x4001.png\",\"width\":1500,\"height\":400},{\"@type\":\"WebPage\",\"@id\":\"https:\/\/energy-cities.eu\/fr\/une-europe-plus-forte-grace-aux-regions\/#webpage\",\"url\":\"https:\/\/energy-cities.eu\/fr\/une-europe-plus-forte-grace-aux-regions\/\",\"name\":\"Une Europe plus forte gr\u00e2ce aux r\u00e9gions - Energy Cities\",\"isPartOf\":{\"@id\":\"https:\/\/energy-cities.eu\/fr\/#website\"},\"primaryImageOfPage\":{\"@id\":\"https:\/\/energy-cities.eu\/fr\/une-europe-plus-forte-grace-aux-regions\/#primaryimage\"},\"datePublished\":\"2023-08-28T07:34:05+00:00\",\"dateModified\":\"2023-08-28T07:34:20+00:00\",\"breadcrumb\":{\"@id\":\"https:\/\/energy-cities.eu\/fr\/une-europe-plus-forte-grace-aux-regions\/#breadcrumb\"},\"inLanguage\":\"fr-FR\",\"potentialAction\":[{\"@type\":\"ReadAction\",\"target\":[\"https:\/\/energy-cities.eu\/fr\/une-europe-plus-forte-grace-aux-regions\/\"]}]},{\"@type\":\"BreadcrumbList\",\"@id\":\"https:\/\/energy-cities.eu\/fr\/une-europe-plus-forte-grace-aux-regions\/#breadcrumb\",\"itemListElement\":[{\"@type\":\"ListItem\",\"position\":1,\"name\":\"Home\",\"item\":\"https:\/\/energy-cities.eu\/fr\/nous-sommes-un-reseau-europeen-blabla\/\"},{\"@type\":\"ListItem\",\"position\":2,\"name\":\"Une Europe plus forte gr\u00e2ce aux r\u00e9gions\"}]},{\"@type\":\"Article\",\"@id\":\"https:\/\/energy-cities.eu\/fr\/une-europe-plus-forte-grace-aux-regions\/#article\",\"isPartOf\":{\"@id\":\"https:\/\/energy-cities.eu\/fr\/une-europe-plus-forte-grace-aux-regions\/#webpage\"},\"author\":{\"@id\":\"https:\/\/energy-cities.eu\/fr\/#\/schema\/person\/73f112310a36882313788a50db45fe68\"},\"headline\":\"Une Europe plus forte gr\u00e2ce aux r\u00e9gions\",\"datePublished\":\"2023-08-28T07:34:05+00:00\",\"dateModified\":\"2023-08-28T07:34:20+00:00\",\"mainEntityOfPage\":{\"@id\":\"https:\/\/energy-cities.eu\/fr\/une-europe-plus-forte-grace-aux-regions\/#webpage\"},\"wordCount\":820,\"commentCount\":0,\"publisher\":{\"@id\":\"https:\/\/energy-cities.eu\/fr\/#organization\"},\"image\":{\"@id\":\"https:\/\/energy-cities.eu\/fr\/une-europe-plus-forte-grace-aux-regions\/#primaryimage\"},\"thumbnailUrl\":\"https:\/\/energy-cities.eu\/wp-content\/uploads\/2023\/08\/Template_Web_banner_1500x4001.png\",\"articleSection\":[\"Actualit\u00e9s\"],\"inLanguage\":\"fr-FR\",\"potentialAction\":[{\"@type\":\"CommentAction\",\"name\":\"Comment\",\"target\":[\"https:\/\/energy-cities.eu\/fr\/une-europe-plus-forte-grace-aux-regions\/#respond\"]}]},{\"@type\":\"Person\",\"@id\":\"https:\/\/energy-cities.eu\/fr\/#\/schema\/person\/73f112310a36882313788a50db45fe68\",\"name\":\"Sara Giovannini\",\"image\":{\"@type\":\"ImageObject\",\"inLanguage\":\"fr-FR\",\"@id\":\"https:\/\/energy-cities.eu\/fr\/#\/schema\/person\/image\/\",\"url\":\"https:\/\/secure.gravatar.com\/avatar\/ed06f04ad82b63908c4b0461665a3717?s=96&d=mm&r=g\",\"contentUrl\":\"https:\/\/secure.gravatar.com\/avatar\/ed06f04ad82b63908c4b0461665a3717?s=96&d=mm&r=g\",\"caption\":\"Sara Giovannini\"},\"sameAs\":[\"https:\/\/twitter.com\/Giovannini_S\"],\"url\":\"https:\/\/energy-cities.eu\/fr\/staff\/s-giovannini\/\"}]}<\/script>\n<!-- \/ Yoast SEO plugin. -->","yoast_head_json":{"title":"Une Europe plus forte gr\u00e2ce aux r\u00e9gions - Energy Cities","robots":{"index":"index","follow":"follow","max-snippet":"max-snippet:-1","max-image-preview":"max-image-preview:large","max-video-preview":"max-video-preview:-1"},"canonical":"https:\/\/energy-cities.eu\/fr\/une-europe-plus-forte-grace-aux-regions\/","og_locale":"fr_FR","og_type":"article","og_title":"Une Europe plus forte gr\u00e2ce aux r\u00e9gions - Energy Cities","og_description":"Des communaut\u00e9s de l\u2019\u00e9nergie \u00e0 la r\u00e9g\u00e9n\u00e9ration urbaine, en passant par la d\u00e9carbonation de syst\u00e8mes de chaleur et les modes de financement, la Semaine europ\u00e9enne [\u2026]","og_url":"https:\/\/energy-cities.eu\/fr\/une-europe-plus-forte-grace-aux-regions\/","og_site_name":"Energy Cities","article_publisher":"https:\/\/www.facebook.com\/energycities.eu\/","article_published_time":"2023-08-28T07:34:05+00:00","article_modified_time":"2023-08-28T07:34:20+00:00","og_image":[{"width":1500,"height":400,"url":"https:\/\/energy-cities.eu\/wp-content\/uploads\/2023\/08\/Template_Web_banner_1500x4001.png","type":"image\/png"}],"twitter_card":"summary_large_image","twitter_creator":"@Giovannini_S","twitter_site":"@energycities","twitter_misc":{"\u00c9crit par":"Sara Giovannini","Dur\u00e9e de lecture estim\u00e9e":"4 minutes"},"schema":{"@context":"https:\/\/schema.org","@graph":[{"@type":"Organization","@id":"https:\/\/energy-cities.eu\/fr\/#organization","name":"Energy Cities","url":"https:\/\/energy-cities.eu\/fr\/","sameAs":["https:\/\/www.facebook.com\/energycities.eu\/","https:\/\/www.youtube.com\/channel\/UChIHn2wF76JzuTbAjSMs0hQ","https:\/\/fr.wikipedia.org\/wiki\/Energy_Cities","https:\/\/twitter.com\/energycities"],"logo":{"@type":"ImageObject","inLanguage":"fr-FR","@id":"https:\/\/energy-cities.eu\/fr\/#\/schema\/logo\/image\/","url":"https:\/\/energy-cities.eu\/wp-content\/uploads\/2019\/07\/energy-cities-couleur.jpg","contentUrl":"https:\/\/energy-cities.eu\/wp-content\/uploads\/2019\/07\/energy-cities-couleur.jpg","width":3508,"height":2587,"caption":"Energy Cities"},"image":{"@id":"https:\/\/energy-cities.eu\/fr\/#\/schema\/logo\/image\/"}},{"@type":"WebSite","@id":"https:\/\/energy-cities.eu\/fr\/#website","url":"https:\/\/energy-cities.eu\/fr\/","name":"Energy Cities","description":" The European learning community for future-proof cities","publisher":{"@id":"https:\/\/energy-cities.eu\/fr\/#organization"},"potentialAction":[{"@type":"SearchAction","target":{"@type":"EntryPoint","urlTemplate":"https:\/\/energy-cities.eu\/fr\/?s={search_term_string}"},"query-input":"required name=search_term_string"}],"inLanguage":"fr-FR"},{"@type":"ImageObject","inLanguage":"fr-FR","@id":"https:\/\/energy-cities.eu\/fr\/une-europe-plus-forte-grace-aux-regions\/#primaryimage","url":"https:\/\/energy-cities.eu\/wp-content\/uploads\/2023\/08\/Template_Web_banner_1500x4001.png","contentUrl":"https:\/\/energy-cities.eu\/wp-content\/uploads\/2023\/08\/Template_Web_banner_1500x4001.png","width":1500,"height":400},{"@type":"WebPage","@id":"https:\/\/energy-cities.eu\/fr\/une-europe-plus-forte-grace-aux-regions\/#webpage","url":"https:\/\/energy-cities.eu\/fr\/une-europe-plus-forte-grace-aux-regions\/","name":"Une Europe plus forte gr\u00e2ce aux r\u00e9gions - Energy Cities","isPartOf":{"@id":"https:\/\/energy-cities.eu\/fr\/#website"},"primaryImageOfPage":{"@id":"https:\/\/energy-cities.eu\/fr\/une-europe-plus-forte-grace-aux-regions\/#primaryimage"},"datePublished":"2023-08-28T07:34:05+00:00","dateModified":"2023-08-28T07:34:20+00:00","breadcrumb":{"@id":"https:\/\/energy-cities.eu\/fr\/une-europe-plus-forte-grace-aux-regions\/#breadcrumb"},"inLanguage":"fr-FR","potentialAction":[{"@type":"ReadAction","target":["https:\/\/energy-cities.eu\/fr\/une-europe-plus-forte-grace-aux-regions\/"]}]},{"@type":"BreadcrumbList","@id":"https:\/\/energy-cities.eu\/fr\/une-europe-plus-forte-grace-aux-regions\/#breadcrumb","itemListElement":[{"@type":"ListItem","position":1,"name":"Home","item":"https:\/\/energy-cities.eu\/fr\/nous-sommes-un-reseau-europeen-blabla\/"},{"@type":"ListItem","position":2,"name":"Une Europe plus forte gr\u00e2ce aux r\u00e9gions"}]},{"@type":"Article","@id":"https:\/\/energy-cities.eu\/fr\/une-europe-plus-forte-grace-aux-regions\/#article","isPartOf":{"@id":"https:\/\/energy-cities.eu\/fr\/une-europe-plus-forte-grace-aux-regions\/#webpage"},"author":{"@id":"https:\/\/energy-cities.eu\/fr\/#\/schema\/person\/73f112310a36882313788a50db45fe68"},"headline":"Une Europe plus forte gr\u00e2ce aux r\u00e9gions","datePublished":"2023-08-28T07:34:05+00:00","dateModified":"2023-08-28T07:34:20+00:00","mainEntityOfPage":{"@id":"https:\/\/energy-cities.eu\/fr\/une-europe-plus-forte-grace-aux-regions\/#webpage"},"wordCount":820,"commentCount":0,"publisher":{"@id":"https:\/\/energy-cities.eu\/fr\/#organization"},"image":{"@id":"https:\/\/energy-cities.eu\/fr\/une-europe-plus-forte-grace-aux-regions\/#primaryimage"},"thumbnailUrl":"https:\/\/energy-cities.eu\/wp-content\/uploads\/2023\/08\/Template_Web_banner_1500x4001.png","articleSection":["Actualit\u00e9s"],"inLanguage":"fr-FR","potentialAction":[{"@type":"CommentAction","name":"Comment","target":["https:\/\/energy-cities.eu\/fr\/une-europe-plus-forte-grace-aux-regions\/#respond"]}]},{"@type":"Person","@id":"https:\/\/energy-cities.eu\/fr\/#\/schema\/person\/73f112310a36882313788a50db45fe68","name":"Sara Giovannini","image":{"@type":"ImageObject","inLanguage":"fr-FR","@id":"https:\/\/energy-cities.eu\/fr\/#\/schema\/person\/image\/","url":"https:\/\/secure.gravatar.com\/avatar\/ed06f04ad82b63908c4b0461665a3717?s=96&d=mm&r=g","contentUrl":"https:\/\/secure.gravatar.com\/avatar\/ed06f04ad82b63908c4b0461665a3717?s=96&d=mm&r=g","caption":"Sara Giovannini"},"sameAs":["https:\/\/twitter.com\/Giovannini_S"],"url":"https:\/\/energy-cities.eu\/fr\/staff\/s-giovannini\/"}]}},"coauthors":[],"tax_additional":{"categories":{"linked":["<a href=\"https:\/\/energy-cities.eu\/fr\/category\/actualites\/\" class=\"advgb-post-tax-term\">Actualit\u00e9s<\/a>"],"unlinked":["<span class=\"advgb-post-tax-term\">Actualit\u00e9s<\/span>"]}},"comment_count":"0","relative_dates":{"created":"Publi\u00e9 3 ans il y a","modified":"Mis \u00e0 jour 3 ans il y a"},"absolute_dates":{"created":"Publi\u00e9 le 28 ao\u00fbt 2023","modified":"Mise \u00e0 jour le 28 ao\u00fbt 2023"},"absolute_dates_time":{"created":"Publi\u00e9 le 28 ao\u00fbt 2023 9:34  ","modified":"Mise \u00e0 jour le 28 ao\u00fbt 2023 9:34  "},"featured_img_caption":"","_links":{"self":[{"href":"https:\/\/energy-cities.eu\/fr\/wp-json\/wp\/v2\/posts\/68462"}],"collection":[{"href":"https:\/\/energy-cities.eu\/fr\/wp-json\/wp\/v2\/posts"}],"about":[{"href":"https:\/\/energy-cities.eu\/fr\/wp-json\/wp\/v2\/types\/post"}],"author":[{"embeddable":true,"href":"https:\/\/energy-cities.eu\/fr\/wp-json\/wp\/v2\/users\/29"}],"replies":[{"embeddable":true,"href":"https:\/\/energy-cities.eu\/fr\/wp-json\/wp\/v2\/comments?post=68462"}],"version-history":[{"count":3,"href":"https:\/\/energy-cities.eu\/fr\/wp-json\/wp\/v2\/posts\/68462\/revisions"}],"predecessor-version":[{"id":68465,"href":"https:\/\/energy-cities.eu\/fr\/wp-json\/wp\/v2\/posts\/68462\/revisions\/68465"}],"wp:featuredmedia":[{"embeddable":true,"href":"https:\/\/energy-cities.eu\/fr\/wp-json\/wp\/v2\/media\/68383"}],"wp:attachment":[{"href":"https:\/\/energy-cities.eu\/fr\/wp-json\/wp\/v2\/media?parent=68462"}],"wp:term":[{"taxonomy":"category","embeddable":true,"href":"https:\/\/energy-cities.eu\/fr\/wp-json\/wp\/v2\/categories?post=68462"},{"taxonomy":"post_tag","embeddable":true,"href":"https:\/\/energy-cities.eu\/fr\/wp-json\/wp\/v2\/tags?post=68462"},{"taxonomy":"hub","embeddable":true,"href":"https:\/\/energy-cities.eu\/fr\/wp-json\/wp\/v2\/hub?post=68462"},{"taxonomy":"topic","embeddable":true,"href":"https:\/\/energy-cities.eu\/fr\/wp-json\/wp\/v2\/topic?post=68462"},{"taxonomy":"legislative_initiative","embeddable":true,"href":"https:\/\/energy-cities.eu\/fr\/wp-json\/wp\/v2\/legislative_initiative?post=68462"},{"taxonomy":"document_type","embeddable":true,"href":"https:\/\/energy-cities.eu\/fr\/wp-json\/wp\/v2\/document_type?post=68462"}],"curies":[{"name":"wp","href":"https:\/\/api.w.org\/{rel}","templated":true}]}}