{"id":69775,"date":"2023-09-15T15:09:31","date_gmt":"2023-09-15T13:09:31","guid":{"rendered":"https:\/\/energy-cities.eu\/?p=69775"},"modified":"2023-10-02T09:24:51","modified_gmt":"2023-10-02T07:24:51","slug":"travel-to-andria-where-sky-and-city-meet-and-evolve-as-one","status":"publish","type":"post","link":"https:\/\/energy-cities.eu\/fr\/travel-to-andria-where-sky-and-city-meet-and-evolve-as-one\/","title":{"rendered":"Voyagez \u00e0 Andria, o\u00f9 le ciel et la ville se rencontrent et \u00e9voluent ensemble"},"content":{"rendered":"\n<p>Rejoignez-nous \u00e0 Mod\u00e8ne le 18 octobre pour vous plonger dans la ville fantastique d&rsquo;Andria, o\u00f9 la ville s&rsquo;aligne sur les \u00e9toiles et les constellations, et o\u00f9 l&rsquo;innovation locale a un impact universel.&nbsp;&nbsp;<\/p>\n\n\n\n<blockquote class=\"wp-block-quote\"><p><em><em><em>Andria a \u00e9t\u00e9 construite avec tant d&rsquo;art que chaque rue suit l&rsquo;orbite d&rsquo;une plan\u00e8te, et que les b\u00e2timents et les lieux de vie de la communaut\u00e9 reproduisent l&rsquo;ordre des constellations et la position des \u00e9toiles les plus lumineuses : Antar\u00e8s, Alpheratz, Capricorne, C\u00e9ph\u00e9ides. Andria est la seule ville que je connaisse o\u00f9 il est pr\u00e9f\u00e9rable de rester immobile dans le temps. [&#8230;] Chaque changement implique une s\u00e9quence d&rsquo;autres changements, \u00e0 Andria comme parmi les \u00e9toiles : la ville et le ciel ne restent jamais les m\u00eames<\/em><\/em><\/em><\/p><cite><strong><em><strong><em>Les villes invisibles, Italo Calvino<\/em><\/strong><\/em><\/strong><\/cite><\/blockquote>\n\n\n\n<h2>L&rsquo;\u00e9nergie citoyenne \u00e0 la journ\u00e9e d&rsquo;inspiration d&rsquo;Energy Cities \u00e0 Mod\u00e8ne&nbsp;&nbsp;<\/h2>\n\n\n\n<p>&nbsp;Andria est l&rsquo;une des \u00e9tapes du voyage que nous vous proposons lors de notre journ\u00e9e d&rsquo;inspiration au Forum annuel de Mod\u00e8ne. Vous aurez l&rsquo;occasion de voyager \u00e0 travers une s\u00e9rie de villes fictives repr\u00e9sentant chacun des <a href=\"https:\/\/energy-cities.eu\/fr\/hubs\/\" target=\"_blank\" rel=\"noreferrer noopener\">hubs d&rsquo;Energy Cities<\/a> afin d&rsquo;explorer les id\u00e9es, les innovations et les visions qu&rsquo;ils ont \u00e0 offrir.&nbsp;&nbsp;<\/p>\n\n\n\n<div class=\"wp-block-media-text alignwide is-stacked-on-mobile\"><figure class=\"wp-block-media-text__media\"><img loading=\"lazy\" width=\"815\" height=\"1024\" src=\"https:\/\/energy-cities.eu\/wp-content\/uploads\/2023\/09\/graftingcities_seperateimages_andria-815x1024.png\" alt=\"Andria, community energy at Energy Cities' Inspirational day in Modena, journey through Italo Calvino's invisible cities\" class=\"wp-image-71207 size-full\" srcset=\"https:\/\/energy-cities.eu\/wp-content\/uploads\/2023\/09\/graftingcities_seperateimages_andria-815x1024.png 815w, https:\/\/energy-cities.eu\/wp-content\/uploads\/2023\/09\/graftingcities_seperateimages_andria-199x250.png 199w, https:\/\/energy-cities.eu\/wp-content\/uploads\/2023\/09\/graftingcities_seperateimages_andria-1222x1536.png 1222w, https:\/\/energy-cities.eu\/wp-content\/uploads\/2023\/09\/graftingcities_seperateimages_andria-1629x2048.png 1629w, https:\/\/energy-cities.eu\/wp-content\/uploads\/2023\/09\/graftingcities_seperateimages_andria-557x700.png 557w, https:\/\/energy-cities.eu\/wp-content\/uploads\/2023\/09\/graftingcities_seperateimages_andria-239x300.png 239w, https:\/\/energy-cities.eu\/wp-content\/uploads\/2023\/09\/graftingcities_seperateimages_andria-398x500.png 398w, https:\/\/energy-cities.eu\/wp-content\/uploads\/2023\/09\/graftingcities_seperateimages_andria-716x900.png 716w, https:\/\/energy-cities.eu\/wp-content\/uploads\/2023\/09\/graftingcities_seperateimages_andria-700x880.png 700w\" sizes=\"(max-width: 815px) 100vw, 815px\" \/><\/figure><div class=\"wp-block-media-text__content\">\n<p class=\"has-text-align-center has-large-font-size\"><img loading=\"lazy\" width=\"200\" height=\"200\" class=\"wp-image-50437\" style=\"width: 150px;\" src=\"https:\/\/energy-cities.eu\/wp-content\/uploads\/2022\/06\/Icon-HUB-3.png\" alt=\"\" srcset=\"https:\/\/energy-cities.eu\/wp-content\/uploads\/2022\/06\/Icon-HUB-3.png 200w, https:\/\/energy-cities.eu\/wp-content\/uploads\/2022\/06\/Icon-HUB-3-150x150.png 150w\" sizes=\"(max-width: 200px) 100vw, 200px\" \/><\/p>\n\n\n\n<p>Andria sera le lieu id\u00e9al pour entamer des discussions sur l&rsquo;\u00e9nergie citoyenne et la lutte contre la pr\u00e9carit\u00e9 \u00e9nerg\u00e9tique. L&rsquo;\u00e9nergie citoyenne a le pouvoir de transformer la transition \u00e9nerg\u00e9tique \u00e0 une \u00e9chelle plus vaste, en favorisant la production massive d&rsquo;\u00e9nergie renouvelable depuis la base.&nbsp;<\/p>\n\n\n\n<p>\u00c0 Andria, engagez-vous avec d&rsquo;autres professionnels engag\u00e9s dans la lutte contre la pr\u00e9carit\u00e9 \u00e9nerg\u00e9tique dans leur quotidien, explorez en profondeur les tenants et aboutissants de la cr\u00e9ation d&rsquo;une communaut\u00e9 \u00e9nerg\u00e9tique en vous inspirant des exp\u00e9riences de villes italiennes, et participez \u00e0 la cartographie des sources d&rsquo;\u00e9nergie renouvelable avec des experts.&nbsp;<\/p>\n<\/div><\/div>\n\n\n\n<h3><a href=\"https:\/\/energy-cities.eu\/fr\/cartographier-et-mobiliser-l-invisible\/\">D\u00e9couvrez les sessions en d\u00e9tail ici.<\/a><\/h3>\n\n\n\n<h2>Voyage \u00e0 travers les villes invisibles&nbsp;&nbsp;<\/h2>\n\n\n\n<p>Pour d\u00e9couvrir le potentiel cach\u00e9 de nos villes, <a href=\"https:\/\/energy-cities.eu\/fr\/explorer-d-autres-realites-pour-reinventer-nos-villes\/\">la journ\u00e9e d&rsquo;inspiration de cette ann\u00e9e vous fera voyager \u00e0 travers sept villes, aussi fictives et magiques, tir\u00e9es des \u00ab\u00a0villes invisibles\u00a0\u00bb d&rsquo;Italo Calvino<\/a>. Le roman d&rsquo;Italo Calvino, <em>Les Villes invisibles<\/em>, est une exploration po\u00e9tique et pleine d\u2019imagination de villes r\u00e9elles ou irr\u00e9elles, racont\u00e9es par Marco Polo \u00e0 Kubila\u00ef Khan.&nbsp;<\/p>\n\n\n\n<p>Outre Andria, vous aurez l&rsquo;occasion de vous rendre \u00e0 <a href=\"https:\/\/energy-cities.eu\/fr\/travel-to-ersilia-where-people-relations-are-more-real-than-buildings\/\">Ersilia<\/a>, o\u00f9 les relations maintiennent la coh\u00e9sion d&rsquo;une ville et deviennent le point central de sa gouvernance ; \u00e0 <a href=\"https:\/\/energy-cities.eu\/fr\/voyagez-a-isaura-ou-un-lac-souterrain-faconne-la-ville-et-sa-culture\/\">Isaura<\/a>, o\u00f9 un lac souterrain vous r\u00e9v\u00e9lera les diff\u00e9rentes fa\u00e7ons de lib\u00e9rer votre ville de la d\u00e9pendance aux \u00e9nergies fossiles ; \u00e0 <a href=\"https:\/\/energy-cities.eu\/fr\/voyagez-a-euphemia-la-ville-ou-les-histoires-sechangent-pour-nourrir-les-reves\/\">Euphemia<\/a>, o\u00f9 vous pourrez repenser les politiques alimentaires en \u00e9changeant des histoires et des r\u00eaves ; et \u00e0 <a href=\"https:\/\/energy-cities.eu\/fr\/voyagez-a-olinda-ou-des-villes-poussent-dans-la-ville\/\">Olinda<\/a>, o\u00f9 les villes se d\u00e9veloppent \u00e0 l&rsquo;int\u00e9rieur de la ville, vous montrant comment r\u00e9cup\u00e9rer et revitaliser les espaces de votre ville.\u00a0<\/p>\n\n\n\n<h2>Ce voyage n\u2019attend plus que vous\u202f!<\/h2>\n\n\n\n<p>Pr\u00eats \u00e0 plonger dans le monde imaginaire d\u2019Italo Calvino pour trouver des r\u00e9ponses radicales et des solutions pratiques pour l\u2019avenir de votre ville\u202f? Avec une multitude d\u2019activit\u00e9s et de sessions interactives, vous pourrez choisir les sujets les plus pertinents pour vous et proc\u00e9der aux diff\u00e9rentes \u00e9tapes de ce voyage \u00e0 travers les \u00ab\u202fvilles invisibles\u202f\u00bb aux c\u00f4t\u00e9s de repr\u00e9sentants municipaux et d\u2019experts. D\u00e9couvrez le programme et inscrivez-vous sans attendre \u00e0 la <strong>journ\u00e9e d\u2019inspiration d\u2019Energy Cities, mercredi 18 octobre\u202f!<\/strong>&nbsp;<\/p>\n\n\n\n<p>Retrouvez ici le <a href=\"https:\/\/energy-cities.eu\/wp-content\/uploads\/2023\/08\/Grafting-Cities-Presentation-15.08.pdf\" target=\"_blank\" rel=\"noreferrer noopener\">programme complet<\/a> du forum.\u202f&nbsp;<\/p>\n\n\n\n<h3 class=\"has-text-align-center has-medium-font-size light-pink-message\"><a href=\"https:\/\/energy-cities.eu\/modena-2023-registration\/\" target=\"_blank\" rel=\"noreferrer noopener\"><strong>JE M\u2019INSCRIS<\/strong><\/a><strong>\u202f\u202f<\/strong>&nbsp;<\/h3>\n\n\n\n<figure class=\"wp-block-image size-large\"><img loading=\"lazy\" width=\"1024\" height=\"759\" src=\"https:\/\/energy-cities.eu\/wp-content\/uploads\/2023\/09\/Invisible-Cities-Poster-for-Website-1024x759.jpeg\" alt=\"Invisible Cities, Energy Cities' Inspirational Day in Modena, journey through Italo Calvino's Invisible Cities\" class=\"wp-image-71396\" srcset=\"https:\/\/energy-cities.eu\/wp-content\/uploads\/2023\/09\/Invisible-Cities-Poster-for-Website-1024x759.jpeg 1024w, https:\/\/energy-cities.eu\/wp-content\/uploads\/2023\/09\/Invisible-Cities-Poster-for-Website-337x250.jpeg 337w, https:\/\/energy-cities.eu\/wp-content\/uploads\/2023\/09\/Invisible-Cities-Poster-for-Website-1536x1138.jpeg 1536w, https:\/\/energy-cities.eu\/wp-content\/uploads\/2023\/09\/Invisible-Cities-Poster-for-Website-700x519.jpeg 700w, https:\/\/energy-cities.eu\/wp-content\/uploads\/2023\/09\/Invisible-Cities-Poster-for-Website-405x300.jpeg 405w, https:\/\/energy-cities.eu\/wp-content\/uploads\/2023\/09\/Invisible-Cities-Poster-for-Website-675x500.jpeg 675w, https:\/\/energy-cities.eu\/wp-content\/uploads\/2023\/09\/Invisible-Cities-Poster-for-Website-1215x900.jpeg 1215w, https:\/\/energy-cities.eu\/wp-content\/uploads\/2023\/09\/Invisible-Cities-Poster-for-Website.jpeg 2000w\" sizes=\"(max-width: 1024px) 100vw, 1024px\" \/><\/figure>\n\n\n\n<p class=\"has-text-align-center has-white-color has-text-color light-grey-message\"><strong>Illustrations de Lukas Verstraete<\/strong><\/p>\n","protected":false},"excerpt":{"rendered":"<p>Rejoignez-nous \u00e0 Mod\u00e8ne le 18 octobre pour vous plonger dans la ville fantastique d&rsquo;Andria, o\u00f9 la ville s&rsquo;aligne sur les \u00e9toiles et les constellations, et o\u00f9 l&rsquo;innovation locale a un impact universel.  <\/p>\n","protected":false},"author":62,"featured_media":71230,"comment_status":"open","ping_status":"open","sticky":false,"template":"","format":"standard","meta":{"advgb_blocks_editor_width":"","advgb_blocks_columns_visual_guide":"","ub_ctt_via":""},"categories":[4],"tags":[454,455,456,458,459],"hub":[306],"topic":[108,361,380,394,408,429],"legislative_initiative":[],"document_type":[],"acf":[],"author_meta":{"display_name":"Allison Le Corre","author_link":"https:\/\/energy-cities.eu\/fr\/staff\/a-lecorre\/"},"featured_img":"https:\/\/energy-cities.eu\/wp-content\/uploads\/2023\/09\/8-350x197.png","featured_image_src":"https:\/\/energy-cities.eu\/wp-content\/uploads\/2023\/09\/8.png","author_info":{"display_name":"Allison Le Corre","author_link":"https:\/\/energy-cities.eu\/fr\/staff\/a-lecorre\/"},"yoast_head":"<!-- This site is optimized with the Yoast SEO plugin v18.8 - https:\/\/yoast.com\/wordpress\/plugins\/seo\/ -->\n<title>Voyagez \u00e0 Andria, o\u00f9 le ciel et la ville se rencontrent et \u00e9voluent ensemble - Energy Cities<\/title>\n<meta name=\"description\" content=\"Dans le cadre de la journ\u00e9e d&#039;inspiration d&#039;Energy Cities \u00e0 Mod\u00e8ne, nous vous invitons \u00e0 vous rendre dans la ville fictive d&#039;Andria pour explorer le potentiel de l&#039;\u00e9nergie citoyenne.\" \/>\n<meta name=\"robots\" content=\"index, follow, max-snippet:-1, max-image-preview:large, max-video-preview:-1\" \/>\n<link rel=\"canonical\" href=\"https:\/\/energy-cities.eu\/fr\/travel-to-andria-where-sky-and-city-meet-and-evolve-as-one\/\" \/>\n<meta property=\"og:locale\" content=\"fr_FR\" \/>\n<meta property=\"og:type\" content=\"article\" \/>\n<meta property=\"og:title\" content=\"Voyagez \u00e0 Andria, o\u00f9 le ciel et la ville se rencontrent et \u00e9voluent ensemble - Energy Cities\" \/>\n<meta property=\"og:description\" content=\"Dans le cadre de la journ\u00e9e d&#039;inspiration d&#039;Energy Cities \u00e0 Mod\u00e8ne, nous vous invitons \u00e0 vous rendre dans la ville fictive d&#039;Andria pour explorer le potentiel de l&#039;\u00e9nergie citoyenne.\" \/>\n<meta property=\"og:url\" content=\"https:\/\/energy-cities.eu\/fr\/travel-to-andria-where-sky-and-city-meet-and-evolve-as-one\/\" \/>\n<meta property=\"og:site_name\" content=\"Energy Cities\" \/>\n<meta property=\"article:publisher\" content=\"https:\/\/www.facebook.com\/energycities.eu\/\" \/>\n<meta property=\"article:published_time\" content=\"2023-09-15T13:09:31+00:00\" \/>\n<meta property=\"article:modified_time\" content=\"2023-10-02T07:24:51+00:00\" \/>\n<meta property=\"og:image\" content=\"https:\/\/energy-cities.eu\/wp-content\/uploads\/2023\/09\/8.png\" \/>\n\t<meta property=\"og:image:width\" content=\"1640\" \/>\n\t<meta property=\"og:image:height\" content=\"924\" \/>\n\t<meta property=\"og:image:type\" content=\"image\/png\" \/>\n<meta name=\"twitter:card\" content=\"summary_large_image\" \/>\n<meta name=\"twitter:creator\" content=\"@b.karas\" \/>\n<meta name=\"twitter:site\" content=\"@energycities\" \/>\n<meta name=\"twitter:label1\" content=\"\u00c9crit par\" \/>\n\t<meta name=\"twitter:data1\" content=\"Allison Le Corre\" \/>\n\t<meta name=\"twitter:label2\" content=\"Dur\u00e9e de lecture estim\u00e9e\" \/>\n\t<meta name=\"twitter:data2\" content=\"3 minutes\" \/>\n<script type=\"application\/ld+json\" class=\"yoast-schema-graph\">{\"@context\":\"https:\/\/schema.org\",\"@graph\":[{\"@type\":\"Organization\",\"@id\":\"https:\/\/energy-cities.eu\/fr\/#organization\",\"name\":\"Energy Cities\",\"url\":\"https:\/\/energy-cities.eu\/fr\/\",\"sameAs\":[\"https:\/\/www.facebook.com\/energycities.eu\/\",\"https:\/\/www.youtube.com\/channel\/UChIHn2wF76JzuTbAjSMs0hQ\",\"https:\/\/fr.wikipedia.org\/wiki\/Energy_Cities\",\"https:\/\/twitter.com\/energycities\"],\"logo\":{\"@type\":\"ImageObject\",\"inLanguage\":\"fr-FR\",\"@id\":\"https:\/\/energy-cities.eu\/fr\/#\/schema\/logo\/image\/\",\"url\":\"https:\/\/energy-cities.eu\/wp-content\/uploads\/2019\/07\/energy-cities-couleur.jpg\",\"contentUrl\":\"https:\/\/energy-cities.eu\/wp-content\/uploads\/2019\/07\/energy-cities-couleur.jpg\",\"width\":3508,\"height\":2587,\"caption\":\"Energy Cities\"},\"image\":{\"@id\":\"https:\/\/energy-cities.eu\/fr\/#\/schema\/logo\/image\/\"}},{\"@type\":\"WebSite\",\"@id\":\"https:\/\/energy-cities.eu\/fr\/#website\",\"url\":\"https:\/\/energy-cities.eu\/fr\/\",\"name\":\"Energy Cities\",\"description\":\" The European learning community for future-proof cities\",\"publisher\":{\"@id\":\"https:\/\/energy-cities.eu\/fr\/#organization\"},\"potentialAction\":[{\"@type\":\"SearchAction\",\"target\":{\"@type\":\"EntryPoint\",\"urlTemplate\":\"https:\/\/energy-cities.eu\/fr\/?s={search_term_string}\"},\"query-input\":\"required name=search_term_string\"}],\"inLanguage\":\"fr-FR\"},{\"@type\":\"ImageObject\",\"inLanguage\":\"fr-FR\",\"@id\":\"https:\/\/energy-cities.eu\/fr\/travel-to-andria-where-sky-and-city-meet-and-evolve-as-one\/#primaryimage\",\"url\":\"https:\/\/energy-cities.eu\/wp-content\/uploads\/2023\/09\/8.png\",\"contentUrl\":\"https:\/\/energy-cities.eu\/wp-content\/uploads\/2023\/09\/8.png\",\"width\":1640,\"height\":924,\"caption\":\"Andria, journey through Italo Calvino's Invisible Cities, community energy, Energy Cities inspirational day in Modena, Grafting Cities\"},{\"@type\":\"WebPage\",\"@id\":\"https:\/\/energy-cities.eu\/fr\/travel-to-andria-where-sky-and-city-meet-and-evolve-as-one\/#webpage\",\"url\":\"https:\/\/energy-cities.eu\/fr\/travel-to-andria-where-sky-and-city-meet-and-evolve-as-one\/\",\"name\":\"Voyagez \u00e0 Andria, o\u00f9 le ciel et la ville se rencontrent et \u00e9voluent ensemble - Energy Cities\",\"isPartOf\":{\"@id\":\"https:\/\/energy-cities.eu\/fr\/#website\"},\"primaryImageOfPage\":{\"@id\":\"https:\/\/energy-cities.eu\/fr\/travel-to-andria-where-sky-and-city-meet-and-evolve-as-one\/#primaryimage\"},\"datePublished\":\"2023-09-15T13:09:31+00:00\",\"dateModified\":\"2023-10-02T07:24:51+00:00\",\"description\":\"Dans le cadre de la journ\u00e9e d'inspiration d'Energy Cities \u00e0 Mod\u00e8ne, nous vous invitons \u00e0 vous rendre dans la ville fictive d'Andria pour explorer le potentiel de l'\u00e9nergie citoyenne.\",\"breadcrumb\":{\"@id\":\"https:\/\/energy-cities.eu\/fr\/travel-to-andria-where-sky-and-city-meet-and-evolve-as-one\/#breadcrumb\"},\"inLanguage\":\"fr-FR\",\"potentialAction\":[{\"@type\":\"ReadAction\",\"target\":[\"https:\/\/energy-cities.eu\/fr\/travel-to-andria-where-sky-and-city-meet-and-evolve-as-one\/\"]}]},{\"@type\":\"BreadcrumbList\",\"@id\":\"https:\/\/energy-cities.eu\/fr\/travel-to-andria-where-sky-and-city-meet-and-evolve-as-one\/#breadcrumb\",\"itemListElement\":[{\"@type\":\"ListItem\",\"position\":1,\"name\":\"Home\",\"item\":\"https:\/\/energy-cities.eu\/fr\/nous-sommes-un-reseau-europeen-blabla\/\"},{\"@type\":\"ListItem\",\"position\":2,\"name\":\"Voyagez \u00e0 Andria, o\u00f9 le ciel et la ville se rencontrent et \u00e9voluent ensemble\"}]},{\"@type\":\"Article\",\"@id\":\"https:\/\/energy-cities.eu\/fr\/travel-to-andria-where-sky-and-city-meet-and-evolve-as-one\/#article\",\"isPartOf\":{\"@id\":\"https:\/\/energy-cities.eu\/fr\/travel-to-andria-where-sky-and-city-meet-and-evolve-as-one\/#webpage\"},\"author\":{\"@id\":\"https:\/\/energy-cities.eu\/fr\/#\/schema\/person\/4f710c8b7df0a4884b6dcfe26eb8af52\"},\"headline\":\"Voyagez \u00e0 Andria, o\u00f9 le ciel et la ville se rencontrent et \u00e9voluent ensemble\",\"datePublished\":\"2023-09-15T13:09:31+00:00\",\"dateModified\":\"2023-10-02T07:24:51+00:00\",\"mainEntityOfPage\":{\"@id\":\"https:\/\/energy-cities.eu\/fr\/travel-to-andria-where-sky-and-city-meet-and-evolve-as-one\/#webpage\"},\"wordCount\":606,\"commentCount\":0,\"publisher\":{\"@id\":\"https:\/\/energy-cities.eu\/fr\/#organization\"},\"image\":{\"@id\":\"https:\/\/energy-cities.eu\/fr\/travel-to-andria-where-sky-and-city-meet-and-evolve-as-one\/#primaryimage\"},\"thumbnailUrl\":\"https:\/\/energy-cities.eu\/wp-content\/uploads\/2023\/09\/8.png\",\"keywords\":[\"Annual Forum\",\"Energy Cities Forum\",\"Grafting cities\",\"Energy communities\",\"energy poverty\"],\"articleSection\":[\"Actualit\u00e9s\"],\"inLanguage\":\"fr-FR\",\"potentialAction\":[{\"@type\":\"CommentAction\",\"name\":\"Comment\",\"target\":[\"https:\/\/energy-cities.eu\/fr\/travel-to-andria-where-sky-and-city-meet-and-evolve-as-one\/#respond\"]}]},{\"@type\":\"Person\",\"@id\":\"https:\/\/energy-cities.eu\/fr\/#\/schema\/person\/4f710c8b7df0a4884b6dcfe26eb8af52\",\"name\":\"Allison Le Corre\",\"image\":{\"@type\":\"ImageObject\",\"inLanguage\":\"fr-FR\",\"@id\":\"https:\/\/energy-cities.eu\/fr\/#\/schema\/person\/image\/\",\"url\":\"https:\/\/secure.gravatar.com\/avatar\/2e7e85b59cb6a800ec7893fb0a311440?s=96&d=mm&r=g\",\"contentUrl\":\"https:\/\/secure.gravatar.com\/avatar\/2e7e85b59cb6a800ec7893fb0a311440?s=96&d=mm&r=g\",\"caption\":\"Allison Le Corre\"},\"sameAs\":[\"https:\/\/twitter.com\/b.karas\"],\"url\":\"https:\/\/energy-cities.eu\/fr\/staff\/a-lecorre\/\"}]}<\/script>\n<!-- \/ Yoast SEO plugin. -->","yoast_head_json":{"title":"Voyagez \u00e0 Andria, o\u00f9 le ciel et la ville se rencontrent et \u00e9voluent ensemble - Energy Cities","description":"Dans le cadre de la journ\u00e9e d'inspiration d'Energy Cities \u00e0 Mod\u00e8ne, nous vous invitons \u00e0 vous rendre dans la ville fictive d'Andria pour explorer le potentiel de l'\u00e9nergie citoyenne.","robots":{"index":"index","follow":"follow","max-snippet":"max-snippet:-1","max-image-preview":"max-image-preview:large","max-video-preview":"max-video-preview:-1"},"canonical":"https:\/\/energy-cities.eu\/fr\/travel-to-andria-where-sky-and-city-meet-and-evolve-as-one\/","og_locale":"fr_FR","og_type":"article","og_title":"Voyagez \u00e0 Andria, o\u00f9 le ciel et la ville se rencontrent et \u00e9voluent ensemble - Energy Cities","og_description":"Dans le cadre de la journ\u00e9e d'inspiration d'Energy Cities \u00e0 Mod\u00e8ne, nous vous invitons \u00e0 vous rendre dans la ville fictive d'Andria pour explorer le potentiel de l'\u00e9nergie citoyenne.","og_url":"https:\/\/energy-cities.eu\/fr\/travel-to-andria-where-sky-and-city-meet-and-evolve-as-one\/","og_site_name":"Energy Cities","article_publisher":"https:\/\/www.facebook.com\/energycities.eu\/","article_published_time":"2023-09-15T13:09:31+00:00","article_modified_time":"2023-10-02T07:24:51+00:00","og_image":[{"width":1640,"height":924,"url":"https:\/\/energy-cities.eu\/wp-content\/uploads\/2023\/09\/8.png","type":"image\/png"}],"twitter_card":"summary_large_image","twitter_creator":"@b.karas","twitter_site":"@energycities","twitter_misc":{"\u00c9crit par":"Allison Le Corre","Dur\u00e9e de lecture estim\u00e9e":"3 minutes"},"schema":{"@context":"https:\/\/schema.org","@graph":[{"@type":"Organization","@id":"https:\/\/energy-cities.eu\/fr\/#organization","name":"Energy Cities","url":"https:\/\/energy-cities.eu\/fr\/","sameAs":["https:\/\/www.facebook.com\/energycities.eu\/","https:\/\/www.youtube.com\/channel\/UChIHn2wF76JzuTbAjSMs0hQ","https:\/\/fr.wikipedia.org\/wiki\/Energy_Cities","https:\/\/twitter.com\/energycities"],"logo":{"@type":"ImageObject","inLanguage":"fr-FR","@id":"https:\/\/energy-cities.eu\/fr\/#\/schema\/logo\/image\/","url":"https:\/\/energy-cities.eu\/wp-content\/uploads\/2019\/07\/energy-cities-couleur.jpg","contentUrl":"https:\/\/energy-cities.eu\/wp-content\/uploads\/2019\/07\/energy-cities-couleur.jpg","width":3508,"height":2587,"caption":"Energy Cities"},"image":{"@id":"https:\/\/energy-cities.eu\/fr\/#\/schema\/logo\/image\/"}},{"@type":"WebSite","@id":"https:\/\/energy-cities.eu\/fr\/#website","url":"https:\/\/energy-cities.eu\/fr\/","name":"Energy Cities","description":" The European learning community for future-proof cities","publisher":{"@id":"https:\/\/energy-cities.eu\/fr\/#organization"},"potentialAction":[{"@type":"SearchAction","target":{"@type":"EntryPoint","urlTemplate":"https:\/\/energy-cities.eu\/fr\/?s={search_term_string}"},"query-input":"required name=search_term_string"}],"inLanguage":"fr-FR"},{"@type":"ImageObject","inLanguage":"fr-FR","@id":"https:\/\/energy-cities.eu\/fr\/travel-to-andria-where-sky-and-city-meet-and-evolve-as-one\/#primaryimage","url":"https:\/\/energy-cities.eu\/wp-content\/uploads\/2023\/09\/8.png","contentUrl":"https:\/\/energy-cities.eu\/wp-content\/uploads\/2023\/09\/8.png","width":1640,"height":924,"caption":"Andria, journey through Italo Calvino's Invisible Cities, community energy, Energy Cities inspirational day in Modena, Grafting Cities"},{"@type":"WebPage","@id":"https:\/\/energy-cities.eu\/fr\/travel-to-andria-where-sky-and-city-meet-and-evolve-as-one\/#webpage","url":"https:\/\/energy-cities.eu\/fr\/travel-to-andria-where-sky-and-city-meet-and-evolve-as-one\/","name":"Voyagez \u00e0 Andria, o\u00f9 le ciel et la ville se rencontrent et \u00e9voluent ensemble - Energy Cities","isPartOf":{"@id":"https:\/\/energy-cities.eu\/fr\/#website"},"primaryImageOfPage":{"@id":"https:\/\/energy-cities.eu\/fr\/travel-to-andria-where-sky-and-city-meet-and-evolve-as-one\/#primaryimage"},"datePublished":"2023-09-15T13:09:31+00:00","dateModified":"2023-10-02T07:24:51+00:00","description":"Dans le cadre de la journ\u00e9e d'inspiration d'Energy Cities \u00e0 Mod\u00e8ne, nous vous invitons \u00e0 vous rendre dans la ville fictive d'Andria pour explorer le potentiel de l'\u00e9nergie citoyenne.","breadcrumb":{"@id":"https:\/\/energy-cities.eu\/fr\/travel-to-andria-where-sky-and-city-meet-and-evolve-as-one\/#breadcrumb"},"inLanguage":"fr-FR","potentialAction":[{"@type":"ReadAction","target":["https:\/\/energy-cities.eu\/fr\/travel-to-andria-where-sky-and-city-meet-and-evolve-as-one\/"]}]},{"@type":"BreadcrumbList","@id":"https:\/\/energy-cities.eu\/fr\/travel-to-andria-where-sky-and-city-meet-and-evolve-as-one\/#breadcrumb","itemListElement":[{"@type":"ListItem","position":1,"name":"Home","item":"https:\/\/energy-cities.eu\/fr\/nous-sommes-un-reseau-europeen-blabla\/"},{"@type":"ListItem","position":2,"name":"Voyagez \u00e0 Andria, o\u00f9 le ciel et la ville se rencontrent et \u00e9voluent ensemble"}]},{"@type":"Article","@id":"https:\/\/energy-cities.eu\/fr\/travel-to-andria-where-sky-and-city-meet-and-evolve-as-one\/#article","isPartOf":{"@id":"https:\/\/energy-cities.eu\/fr\/travel-to-andria-where-sky-and-city-meet-and-evolve-as-one\/#webpage"},"author":{"@id":"https:\/\/energy-cities.eu\/fr\/#\/schema\/person\/4f710c8b7df0a4884b6dcfe26eb8af52"},"headline":"Voyagez \u00e0 Andria, o\u00f9 le ciel et la ville se rencontrent et \u00e9voluent ensemble","datePublished":"2023-09-15T13:09:31+00:00","dateModified":"2023-10-02T07:24:51+00:00","mainEntityOfPage":{"@id":"https:\/\/energy-cities.eu\/fr\/travel-to-andria-where-sky-and-city-meet-and-evolve-as-one\/#webpage"},"wordCount":606,"commentCount":0,"publisher":{"@id":"https:\/\/energy-cities.eu\/fr\/#organization"},"image":{"@id":"https:\/\/energy-cities.eu\/fr\/travel-to-andria-where-sky-and-city-meet-and-evolve-as-one\/#primaryimage"},"thumbnailUrl":"https:\/\/energy-cities.eu\/wp-content\/uploads\/2023\/09\/8.png","keywords":["Annual Forum","Energy Cities Forum","Grafting cities","Energy communities","energy poverty"],"articleSection":["Actualit\u00e9s"],"inLanguage":"fr-FR","potentialAction":[{"@type":"CommentAction","name":"Comment","target":["https:\/\/energy-cities.eu\/fr\/travel-to-andria-where-sky-and-city-meet-and-evolve-as-one\/#respond"]}]},{"@type":"Person","@id":"https:\/\/energy-cities.eu\/fr\/#\/schema\/person\/4f710c8b7df0a4884b6dcfe26eb8af52","name":"Allison Le Corre","image":{"@type":"ImageObject","inLanguage":"fr-FR","@id":"https:\/\/energy-cities.eu\/fr\/#\/schema\/person\/image\/","url":"https:\/\/secure.gravatar.com\/avatar\/2e7e85b59cb6a800ec7893fb0a311440?s=96&d=mm&r=g","contentUrl":"https:\/\/secure.gravatar.com\/avatar\/2e7e85b59cb6a800ec7893fb0a311440?s=96&d=mm&r=g","caption":"Allison Le Corre"},"sameAs":["https:\/\/twitter.com\/b.karas"],"url":"https:\/\/energy-cities.eu\/fr\/staff\/a-lecorre\/"}]}},"coauthors":[],"tax_additional":{"categories":{"linked":["<a href=\"https:\/\/energy-cities.eu\/fr\/category\/actualites\/\" class=\"advgb-post-tax-term\">Actualit\u00e9s<\/a>"],"unlinked":["<span class=\"advgb-post-tax-term\">Actualit\u00e9s<\/span>"]},"tags":{"linked":["<a href=\"https:\/\/energy-cities.eu\/fr\/category\/actualites\/\" class=\"advgb-post-tax-term\">Annual Forum<\/a>","<a href=\"https:\/\/energy-cities.eu\/fr\/category\/actualites\/\" class=\"advgb-post-tax-term\">Energy Cities Forum<\/a>","<a href=\"https:\/\/energy-cities.eu\/fr\/category\/actualites\/\" class=\"advgb-post-tax-term\">Grafting cities<\/a>","<a href=\"https:\/\/energy-cities.eu\/fr\/category\/actualites\/\" class=\"advgb-post-tax-term\">Energy communities<\/a>","<a href=\"https:\/\/energy-cities.eu\/fr\/category\/actualites\/\" class=\"advgb-post-tax-term\">energy poverty<\/a>"],"unlinked":["<span class=\"advgb-post-tax-term\">Annual Forum<\/span>","<span class=\"advgb-post-tax-term\">Energy Cities Forum<\/span>","<span class=\"advgb-post-tax-term\">Grafting cities<\/span>","<span class=\"advgb-post-tax-term\">Energy communities<\/span>","<span class=\"advgb-post-tax-term\">energy poverty<\/span>"]}},"comment_count":"0","relative_dates":{"created":"Publi\u00e9 3 ans il y a","modified":"Mis \u00e0 jour 3 ans il y a"},"absolute_dates":{"created":"Publi\u00e9 le 15 septembre 2023","modified":"Mise \u00e0 jour le 02 octobre 2023"},"absolute_dates_time":{"created":"Publi\u00e9 le 15 septembre 2023 3:09  ","modified":"Mise \u00e0 jour le 02 octobre 2023 9:24  "},"featured_img_caption":"","_links":{"self":[{"href":"https:\/\/energy-cities.eu\/fr\/wp-json\/wp\/v2\/posts\/69775"}],"collection":[{"href":"https:\/\/energy-cities.eu\/fr\/wp-json\/wp\/v2\/posts"}],"about":[{"href":"https:\/\/energy-cities.eu\/fr\/wp-json\/wp\/v2\/types\/post"}],"author":[{"embeddable":true,"href":"https:\/\/energy-cities.eu\/fr\/wp-json\/wp\/v2\/users\/62"}],"replies":[{"embeddable":true,"href":"https:\/\/energy-cities.eu\/fr\/wp-json\/wp\/v2\/comments?post=69775"}],"version-history":[{"count":14,"href":"https:\/\/energy-cities.eu\/fr\/wp-json\/wp\/v2\/posts\/69775\/revisions"}],"predecessor-version":[{"id":71618,"href":"https:\/\/energy-cities.eu\/fr\/wp-json\/wp\/v2\/posts\/69775\/revisions\/71618"}],"wp:featuredmedia":[{"embeddable":true,"href":"https:\/\/energy-cities.eu\/fr\/wp-json\/wp\/v2\/media\/71230"}],"wp:attachment":[{"href":"https:\/\/energy-cities.eu\/fr\/wp-json\/wp\/v2\/media?parent=69775"}],"wp:term":[{"taxonomy":"category","embeddable":true,"href":"https:\/\/energy-cities.eu\/fr\/wp-json\/wp\/v2\/categories?post=69775"},{"taxonomy":"post_tag","embeddable":true,"href":"https:\/\/energy-cities.eu\/fr\/wp-json\/wp\/v2\/tags?post=69775"},{"taxonomy":"hub","embeddable":true,"href":"https:\/\/energy-cities.eu\/fr\/wp-json\/wp\/v2\/hub?post=69775"},{"taxonomy":"topic","embeddable":true,"href":"https:\/\/energy-cities.eu\/fr\/wp-json\/wp\/v2\/topic?post=69775"},{"taxonomy":"legislative_initiative","embeddable":true,"href":"https:\/\/energy-cities.eu\/fr\/wp-json\/wp\/v2\/legislative_initiative?post=69775"},{"taxonomy":"document_type","embeddable":true,"href":"https:\/\/energy-cities.eu\/fr\/wp-json\/wp\/v2\/document_type?post=69775"}],"curies":[{"name":"wp","href":"https:\/\/api.w.org\/{rel}","templated":true}]}}