{"id":72211,"date":"2023-11-03T13:20:27","date_gmt":"2023-11-03T12:20:27","guid":{"rendered":"https:\/\/energy-cities.eu\/?p=72211"},"modified":"2023-11-03T13:22:28","modified_gmt":"2023-11-03T12:22:28","slug":"comment-inciter-les-villes-a-utiliser-intelligemment-leurs-ressources","status":"publish","type":"post","link":"https:\/\/energy-cities.eu\/fr\/comment-inciter-les-villes-a-utiliser-intelligemment-leurs-ressources\/","title":{"rendered":"Comment inciter les villes \u00e0 utiliser intelligemment leurs ressources ?"},"content":{"rendered":"\n<p>Dans le cadre de sa journ\u00e9e d\u2019inspiration \u00e0 Mod\u00e8ne le 18 octobre dernier, Energy Cities a invit\u00e9 des maires \u00e0 un voyage dans la ville imaginaire de Thekla. L\u2019occasion d\u2019aborder les d\u00e9fis et les opportunit\u00e9s que repr\u00e9sente l\u2019\u00e9laboration de politiques d\u2019utilisation intelligente des ressources. Ils ont ainsi \u00e9voqu\u00e9 l\u2019avenir qu\u2019ils souhaitent pour leurs villes ainsi que les chemins pour y parvenir. Ils ont exprim\u00e9 leur vision d\u2019un avenir durable, qui prenne en compte le bien-\u00eatre de toutes et tous. <\/p>\n\n\n\n<p><a href=\"https:\/\/energy-cities.eu\/travel-to-thekla-where-ongoing-transformation-defies-destruction\/\" target=\"_blank\" rel=\"noreferrer noopener\">Plus d\u2019informations sur notre \u00e9v\u00e9nement ici.<\/a><\/p>\n\n\n\n<h2>Une course effr\u00e9n\u00e9e qu\u2019il est temps d\u2019arr\u00eater<\/h2>\n\n\n\n<p>Dans son discours inaugural, Janez Poto\u010dnik, ancien commissaire europ\u00e9en \u00e0 l\u2019environnement, a rappel\u00e9 aux autorit\u00e9s locales que la consommation mondiale des ressources devrait doubler d\u2019ici 2060. Arr\u00eater cette fuite en avant est devenu une question de survie. \u00c0 Thekla, le d\u00e9bat s\u2019est ainsi concentr\u00e9 sur les ressources et la n\u00e9cessit\u00e9 de recentrer les discussions autour de nos besoins. Il ne s\u2019agit plus de penser les ressources en termes de propri\u00e9t\u00e9 mais en termes de finalit\u00e9 : une personne peut avoir besoin d\u2019utiliser une voiture mais cela n\u2019implique pas automatiquement le besoin d\u2019en poss\u00e9der une. Certaines villes m\u00e8nent d\u00e9j\u00e0 leurs r\u00e9flexions en ce sens mais il faut aujourd\u2019hui que d\u2019autres leur embo\u00eetent le pas. Une <a href=\"https:\/\/energy-cities.eu\/the-abc-of-sufficiency-the-new-superpower-of-cities\/\" target=\"_blank\" rel=\"noreferrer noopener\">approche des ressources bas\u00e9e sur la sobri\u00e9t\u00e9<\/a> nous permettra de red\u00e9finir le sens de la prosp\u00e9rit\u00e9 et de garantir le bien-\u00eatre de toutes et tous. De par leur haut niveau d\u2019autonomie en mati\u00e8re de gouvernance, les villes se placent en moteur du changement. Comme l\u2019a soulign\u00e9 l\u2019ancien commissaire : \u00ab Les probl\u00e8mes se concentrent, certes, dans les villes mais les solutions aussi ! \u00bb<\/p>\n\n\n\n<h2>Les villes peuvent cr\u00e9er des communaut\u00e9s pour mener la transition vers une soci\u00e9t\u00e9 intelligente en mati\u00e8re d\u2019utilisation des ressources<\/h2>\n\n\n\n<p>\u00c0 Thekla, les repr\u00e9sentants municipaux ont partag\u00e9 leur exp\u00e9rience en mati\u00e8re d\u2019\u00e9laboration de politiques pour une baisse de la consommation des ressources. Trois grands enseignements sont ressortis des d\u00e9bats.<\/p>\n\n\n\n<p>1. Les villes ont le pouvoir de cr\u00e9er une communaut\u00e9 forte qui r\u00e9unit toutes sortes de parties prenantes, des habitants aux entreprises. En donnant la main aux citoyens, notamment pour les communaut\u00e9s de l\u2019\u00e9nergie, et en jouant le r\u00f4le de facilitateurs, les villes ont am\u00e9lior\u00e9 le taux d\u2019adoption et de soutien de la transition.<\/p>\n\n\n\n<p>2. Nous avons besoin de politiques audacieuses et de visions f\u00e9d\u00e9ratrices. Les villes disposent d\u2019outils pour favoriser l\u2019\u00e9mergence de nouvelles pratiques, tels les march\u00e9s publics. Un repr\u00e9sentant de la ville su\u00e9doise de V\u00e4xj\u00f6 a pr\u00e9sent\u00e9<a href=\"https:\/\/uia-initiative.eu\/fr\/node\/2058\" target=\"_blank\" rel=\"noreferrer noopener\"> l\u2019initiative \u00ab march\u00e9s pour l\u2019innovation \u00bb<\/a> : la ville r\u00e9clame un service bas\u00e9 sur la sobri\u00e9t\u00e9 qui n\u2019existe pas encore, incitant les parties prenantes priv\u00e9es \u00e0 faire \u00e9voluer leurs pratiques.<\/p>\n\n\n\n<p>3. Un message aux dirigeants nationaux et europ\u00e9ens : Les villes ont besoin de votre soutien ! Les villes manquent autant de moyens et de personnel que du cadre juridique ad\u00e9quat pour permettre l\u2019\u00e9laboration et la mise en place de politiques d\u2019utilisation intelligente des ressources. \u00c0 titre d\u2019exemple, concernant l\u2019\u00e9conomie circulaire, elles ne disposent pas d\u2019une d\u00e9finition et d\u2019opportunit\u00e9s de march\u00e9 pour les mat\u00e9riaux de seconde main.<\/p>\n\n\n\n<h2>Discours, financements, taxation : l\u2019UE doit adopter une approche fond\u00e9e sur les lieux<\/h2>\n\n\n\n<p>Transformer les \u00e9conomies par des mod\u00e8les fond\u00e9s sur l\u2019utilisation intelligente des ressources appelle \u00e0 un discours politique solide. Le pacte vert pour l\u2019Europe a permis de renforcer ce discours, qui existait d\u00e9j\u00e0 au niveau local. Cependant, les repr\u00e9sentants municipaux ont appel\u00e9 l\u2019UE \u00e0 clarifier sa vision \u00e0 long terme et ont exprim\u00e9 le besoin d\u2019\u00eatre guid\u00e9s dans la mise en place du pacte vert et la limitation de la consommation des ressources. Face \u00e0 la complexit\u00e9 des r\u00e8glements et des m\u00e9canismes de financement de l\u2019UE, les autorit\u00e9s locales demandent que l\u2019UE abandonne l\u2019approche par secteur en faveur d\u2019une approche par lieu. Cela faciliterait le travail des autorit\u00e9s locales et r\u00e9gionales et inciterait les d\u00e9cideurs \u00e0 prendre en compte la demande en mati\u00e8re de gestion des ressources. En \u00e9cho \u00e0 la pr\u00e9sentation de Janez Poto\u010dnik, les participants se sont mis d\u2019accord sur la n\u00e9cessit\u00e9 de changer les politiques de taxation au niveau europ\u00e9en. Les prix ne tiennent pas compte des facteurs n\u00e9gatifs ext\u00e9rieurs. Nous devons taxer davantage ce dont nous ne voulons plus, \u00e0 commencer par les combustibles fossiles, et moins taxer ce dont nous avons le plus besoin pour favoriser la transition durable.<\/p>\n\n\n\n<p class=\"light-orange-message\">Vous travaillez pour une autorit\u00e9 locale et n\u2019avez pas pu vous joindre \u00e0 nous \u00e0 Mod\u00e8ne ? Vous avez fait le voyage jusqu\u2019\u00e0 Thekla et souhaitez poursuivre les \u00e9changes ? Bonne nouvelle : des occasions suppl\u00e9mentaires vous attendent dans<a href=\"https:\/\/energy-cities.eu\/fr\/\" target=\"_blank\" rel=\"noreferrer noopener\"> les hubs d\u2019Energy Cities <\/a>!<\/p>\n\n\n\n<p><em>Ce travail a \u00e9t\u00e9 rendu possible gr\u00e2ce au soutien de l\u2019Agence fran\u00e7aise de la transition \u00e9cologique (ADEME)<\/em><\/p>\n","protected":false},"excerpt":{"rendered":"<p>Dans le cadre de sa journ\u00e9e d\u2019inspiration \u00e0 Mod\u00e8ne le 18 octobre dernier, Energy Cities a invit\u00e9 des maires \u00e0 un voyage dans la ville <a href=\"https:\/\/energy-cities.eu\/fr\/comment-inciter-les-villes-a-utiliser-intelligemment-leurs-ressources\/\">[\u2026]<\/a><\/p>\n","protected":false},"author":76,"featured_media":71976,"comment_status":"open","ping_status":"open","sticky":false,"template":"","format":"standard","meta":{"advgb_blocks_editor_width":"","advgb_blocks_columns_visual_guide":"","ub_ctt_via":""},"categories":[4],"tags":[],"hub":[310,308,306,307,309],"topic":[424,438],"legislative_initiative":[],"document_type":[],"acf":[],"author_meta":{"display_name":"Selma Guyon","author_link":"https:\/\/energy-cities.eu\/fr\/staff\/s-guyon\/"},"featured_img":"https:\/\/energy-cities.eu\/wp-content\/uploads\/2023\/10\/2G9A3130-350x233.jpg","featured_image_src":"https:\/\/energy-cities.eu\/wp-content\/uploads\/2023\/10\/2G9A3130-scaled.jpg","author_info":{"display_name":"Selma Guyon","author_link":"https:\/\/energy-cities.eu\/fr\/staff\/s-guyon\/"},"yoast_head":"<!-- This site is optimized with the Yoast SEO plugin v18.8 - https:\/\/yoast.com\/wordpress\/plugins\/seo\/ -->\n<title>Comment inciter les villes \u00e0 utiliser intelligemment leurs ressources ? - Energy Cities<\/title>\n<meta name=\"robots\" content=\"index, follow, max-snippet:-1, max-image-preview:large, max-video-preview:-1\" \/>\n<link rel=\"canonical\" href=\"https:\/\/energy-cities.eu\/fr\/comment-inciter-les-villes-a-utiliser-intelligemment-leurs-ressources\/\" \/>\n<meta property=\"og:locale\" content=\"fr_FR\" \/>\n<meta property=\"og:type\" content=\"article\" \/>\n<meta property=\"og:title\" content=\"Comment inciter les villes \u00e0 utiliser intelligemment leurs ressources ? - Energy Cities\" \/>\n<meta property=\"og:description\" content=\"Dans le cadre de sa journ\u00e9e d\u2019inspiration \u00e0 Mod\u00e8ne le 18 octobre dernier, Energy Cities a invit\u00e9 des maires \u00e0 un voyage dans la ville [\u2026]\" \/>\n<meta property=\"og:url\" content=\"https:\/\/energy-cities.eu\/fr\/comment-inciter-les-villes-a-utiliser-intelligemment-leurs-ressources\/\" \/>\n<meta property=\"og:site_name\" content=\"Energy Cities\" \/>\n<meta property=\"article:publisher\" content=\"https:\/\/www.facebook.com\/energycities.eu\/\" \/>\n<meta property=\"article:published_time\" content=\"2023-11-03T12:20:27+00:00\" \/>\n<meta property=\"article:modified_time\" content=\"2023-11-03T12:22:28+00:00\" \/>\n<meta property=\"og:image\" content=\"https:\/\/energy-cities.eu\/wp-content\/uploads\/2023\/10\/2G9A3130-scaled.jpg\" \/>\n\t<meta property=\"og:image:width\" content=\"2560\" \/>\n\t<meta property=\"og:image:height\" content=\"1707\" \/>\n\t<meta property=\"og:image:type\" content=\"image\/jpeg\" \/>\n<meta name=\"twitter:card\" content=\"summary_large_image\" \/>\n<meta name=\"twitter:creator\" content=\"@energycities\" \/>\n<meta name=\"twitter:site\" content=\"@energycities\" \/>\n<meta name=\"twitter:label1\" content=\"\u00c9crit par\" \/>\n\t<meta name=\"twitter:data1\" content=\"Selma Guyon\" \/>\n\t<meta name=\"twitter:label2\" content=\"Dur\u00e9e de lecture estim\u00e9e\" \/>\n\t<meta name=\"twitter:data2\" content=\"4 minutes\" \/>\n<script type=\"application\/ld+json\" class=\"yoast-schema-graph\">{\"@context\":\"https:\/\/schema.org\",\"@graph\":[{\"@type\":\"Organization\",\"@id\":\"https:\/\/energy-cities.eu\/fr\/#organization\",\"name\":\"Energy Cities\",\"url\":\"https:\/\/energy-cities.eu\/fr\/\",\"sameAs\":[\"https:\/\/www.facebook.com\/energycities.eu\/\",\"https:\/\/www.youtube.com\/channel\/UChIHn2wF76JzuTbAjSMs0hQ\",\"https:\/\/fr.wikipedia.org\/wiki\/Energy_Cities\",\"https:\/\/twitter.com\/energycities\"],\"logo\":{\"@type\":\"ImageObject\",\"inLanguage\":\"fr-FR\",\"@id\":\"https:\/\/energy-cities.eu\/fr\/#\/schema\/logo\/image\/\",\"url\":\"https:\/\/energy-cities.eu\/wp-content\/uploads\/2019\/07\/energy-cities-couleur.jpg\",\"contentUrl\":\"https:\/\/energy-cities.eu\/wp-content\/uploads\/2019\/07\/energy-cities-couleur.jpg\",\"width\":3508,\"height\":2587,\"caption\":\"Energy Cities\"},\"image\":{\"@id\":\"https:\/\/energy-cities.eu\/fr\/#\/schema\/logo\/image\/\"}},{\"@type\":\"WebSite\",\"@id\":\"https:\/\/energy-cities.eu\/fr\/#website\",\"url\":\"https:\/\/energy-cities.eu\/fr\/\",\"name\":\"Energy Cities\",\"description\":\" The European learning community for future-proof cities\",\"publisher\":{\"@id\":\"https:\/\/energy-cities.eu\/fr\/#organization\"},\"potentialAction\":[{\"@type\":\"SearchAction\",\"target\":{\"@type\":\"EntryPoint\",\"urlTemplate\":\"https:\/\/energy-cities.eu\/fr\/?s={search_term_string}\"},\"query-input\":\"required name=search_term_string\"}],\"inLanguage\":\"fr-FR\"},{\"@type\":\"ImageObject\",\"inLanguage\":\"fr-FR\",\"@id\":\"https:\/\/energy-cities.eu\/fr\/comment-inciter-les-villes-a-utiliser-intelligemment-leurs-ressources\/#primaryimage\",\"url\":\"https:\/\/energy-cities.eu\/wp-content\/uploads\/2023\/10\/2G9A3130-scaled.jpg\",\"contentUrl\":\"https:\/\/energy-cities.eu\/wp-content\/uploads\/2023\/10\/2G9A3130-scaled.jpg\",\"width\":2560,\"height\":1707,\"caption\":\"Credit: Federica Marchi\"},{\"@type\":\"WebPage\",\"@id\":\"https:\/\/energy-cities.eu\/fr\/comment-inciter-les-villes-a-utiliser-intelligemment-leurs-ressources\/#webpage\",\"url\":\"https:\/\/energy-cities.eu\/fr\/comment-inciter-les-villes-a-utiliser-intelligemment-leurs-ressources\/\",\"name\":\"Comment inciter les villes \u00e0 utiliser intelligemment leurs ressources ? - Energy Cities\",\"isPartOf\":{\"@id\":\"https:\/\/energy-cities.eu\/fr\/#website\"},\"primaryImageOfPage\":{\"@id\":\"https:\/\/energy-cities.eu\/fr\/comment-inciter-les-villes-a-utiliser-intelligemment-leurs-ressources\/#primaryimage\"},\"datePublished\":\"2023-11-03T12:20:27+00:00\",\"dateModified\":\"2023-11-03T12:22:28+00:00\",\"breadcrumb\":{\"@id\":\"https:\/\/energy-cities.eu\/fr\/comment-inciter-les-villes-a-utiliser-intelligemment-leurs-ressources\/#breadcrumb\"},\"inLanguage\":\"fr-FR\",\"potentialAction\":[{\"@type\":\"ReadAction\",\"target\":[\"https:\/\/energy-cities.eu\/fr\/comment-inciter-les-villes-a-utiliser-intelligemment-leurs-ressources\/\"]}]},{\"@type\":\"BreadcrumbList\",\"@id\":\"https:\/\/energy-cities.eu\/fr\/comment-inciter-les-villes-a-utiliser-intelligemment-leurs-ressources\/#breadcrumb\",\"itemListElement\":[{\"@type\":\"ListItem\",\"position\":1,\"name\":\"Home\",\"item\":\"https:\/\/energy-cities.eu\/fr\/nous-sommes-un-reseau-europeen-blabla\/\"},{\"@type\":\"ListItem\",\"position\":2,\"name\":\"Comment inciter les villes \u00e0 utiliser intelligemment leurs ressources ?\"}]},{\"@type\":\"Article\",\"@id\":\"https:\/\/energy-cities.eu\/fr\/comment-inciter-les-villes-a-utiliser-intelligemment-leurs-ressources\/#article\",\"isPartOf\":{\"@id\":\"https:\/\/energy-cities.eu\/fr\/comment-inciter-les-villes-a-utiliser-intelligemment-leurs-ressources\/#webpage\"},\"author\":{\"@id\":\"https:\/\/energy-cities.eu\/fr\/#\/schema\/person\/8123b71c42828f8e3ada85ad7db77eb2\"},\"headline\":\"Comment inciter les villes \u00e0 utiliser intelligemment leurs ressources ?\",\"datePublished\":\"2023-11-03T12:20:27+00:00\",\"dateModified\":\"2023-11-03T12:22:28+00:00\",\"mainEntityOfPage\":{\"@id\":\"https:\/\/energy-cities.eu\/fr\/comment-inciter-les-villes-a-utiliser-intelligemment-leurs-ressources\/#webpage\"},\"wordCount\":875,\"commentCount\":0,\"publisher\":{\"@id\":\"https:\/\/energy-cities.eu\/fr\/#organization\"},\"image\":{\"@id\":\"https:\/\/energy-cities.eu\/fr\/comment-inciter-les-villes-a-utiliser-intelligemment-leurs-ressources\/#primaryimage\"},\"thumbnailUrl\":\"https:\/\/energy-cities.eu\/wp-content\/uploads\/2023\/10\/2G9A3130-scaled.jpg\",\"articleSection\":[\"Actualit\u00e9s\"],\"inLanguage\":\"fr-FR\",\"potentialAction\":[{\"@type\":\"CommentAction\",\"name\":\"Comment\",\"target\":[\"https:\/\/energy-cities.eu\/fr\/comment-inciter-les-villes-a-utiliser-intelligemment-leurs-ressources\/#respond\"]}]},{\"@type\":\"Person\",\"@id\":\"https:\/\/energy-cities.eu\/fr\/#\/schema\/person\/8123b71c42828f8e3ada85ad7db77eb2\",\"name\":\"Selma Guyon\",\"image\":{\"@type\":\"ImageObject\",\"inLanguage\":\"fr-FR\",\"@id\":\"https:\/\/energy-cities.eu\/fr\/#\/schema\/person\/image\/\",\"url\":\"https:\/\/secure.gravatar.com\/avatar\/80b0e04a2f7c5d7dde598dda4cbf16e2?s=96&d=mm&r=g\",\"contentUrl\":\"https:\/\/secure.gravatar.com\/avatar\/80b0e04a2f7c5d7dde598dda4cbf16e2?s=96&d=mm&r=g\",\"caption\":\"Selma Guyon\"},\"sameAs\":[\"https:\/\/twitter.com\/energycities\"],\"url\":\"https:\/\/energy-cities.eu\/fr\/staff\/s-guyon\/\"}]}<\/script>\n<!-- \/ Yoast SEO plugin. -->","yoast_head_json":{"title":"Comment inciter les villes \u00e0 utiliser intelligemment leurs ressources ? - Energy Cities","robots":{"index":"index","follow":"follow","max-snippet":"max-snippet:-1","max-image-preview":"max-image-preview:large","max-video-preview":"max-video-preview:-1"},"canonical":"https:\/\/energy-cities.eu\/fr\/comment-inciter-les-villes-a-utiliser-intelligemment-leurs-ressources\/","og_locale":"fr_FR","og_type":"article","og_title":"Comment inciter les villes \u00e0 utiliser intelligemment leurs ressources ? - Energy Cities","og_description":"Dans le cadre de sa journ\u00e9e d\u2019inspiration \u00e0 Mod\u00e8ne le 18 octobre dernier, Energy Cities a invit\u00e9 des maires \u00e0 un voyage dans la ville [\u2026]","og_url":"https:\/\/energy-cities.eu\/fr\/comment-inciter-les-villes-a-utiliser-intelligemment-leurs-ressources\/","og_site_name":"Energy Cities","article_publisher":"https:\/\/www.facebook.com\/energycities.eu\/","article_published_time":"2023-11-03T12:20:27+00:00","article_modified_time":"2023-11-03T12:22:28+00:00","og_image":[{"width":2560,"height":1707,"url":"https:\/\/energy-cities.eu\/wp-content\/uploads\/2023\/10\/2G9A3130-scaled.jpg","type":"image\/jpeg"}],"twitter_card":"summary_large_image","twitter_creator":"@energycities","twitter_site":"@energycities","twitter_misc":{"\u00c9crit par":"Selma Guyon","Dur\u00e9e de lecture estim\u00e9e":"4 minutes"},"schema":{"@context":"https:\/\/schema.org","@graph":[{"@type":"Organization","@id":"https:\/\/energy-cities.eu\/fr\/#organization","name":"Energy Cities","url":"https:\/\/energy-cities.eu\/fr\/","sameAs":["https:\/\/www.facebook.com\/energycities.eu\/","https:\/\/www.youtube.com\/channel\/UChIHn2wF76JzuTbAjSMs0hQ","https:\/\/fr.wikipedia.org\/wiki\/Energy_Cities","https:\/\/twitter.com\/energycities"],"logo":{"@type":"ImageObject","inLanguage":"fr-FR","@id":"https:\/\/energy-cities.eu\/fr\/#\/schema\/logo\/image\/","url":"https:\/\/energy-cities.eu\/wp-content\/uploads\/2019\/07\/energy-cities-couleur.jpg","contentUrl":"https:\/\/energy-cities.eu\/wp-content\/uploads\/2019\/07\/energy-cities-couleur.jpg","width":3508,"height":2587,"caption":"Energy Cities"},"image":{"@id":"https:\/\/energy-cities.eu\/fr\/#\/schema\/logo\/image\/"}},{"@type":"WebSite","@id":"https:\/\/energy-cities.eu\/fr\/#website","url":"https:\/\/energy-cities.eu\/fr\/","name":"Energy Cities","description":" The European learning community for future-proof cities","publisher":{"@id":"https:\/\/energy-cities.eu\/fr\/#organization"},"potentialAction":[{"@type":"SearchAction","target":{"@type":"EntryPoint","urlTemplate":"https:\/\/energy-cities.eu\/fr\/?s={search_term_string}"},"query-input":"required name=search_term_string"}],"inLanguage":"fr-FR"},{"@type":"ImageObject","inLanguage":"fr-FR","@id":"https:\/\/energy-cities.eu\/fr\/comment-inciter-les-villes-a-utiliser-intelligemment-leurs-ressources\/#primaryimage","url":"https:\/\/energy-cities.eu\/wp-content\/uploads\/2023\/10\/2G9A3130-scaled.jpg","contentUrl":"https:\/\/energy-cities.eu\/wp-content\/uploads\/2023\/10\/2G9A3130-scaled.jpg","width":2560,"height":1707,"caption":"Credit: Federica Marchi"},{"@type":"WebPage","@id":"https:\/\/energy-cities.eu\/fr\/comment-inciter-les-villes-a-utiliser-intelligemment-leurs-ressources\/#webpage","url":"https:\/\/energy-cities.eu\/fr\/comment-inciter-les-villes-a-utiliser-intelligemment-leurs-ressources\/","name":"Comment inciter les villes \u00e0 utiliser intelligemment leurs ressources ? - Energy Cities","isPartOf":{"@id":"https:\/\/energy-cities.eu\/fr\/#website"},"primaryImageOfPage":{"@id":"https:\/\/energy-cities.eu\/fr\/comment-inciter-les-villes-a-utiliser-intelligemment-leurs-ressources\/#primaryimage"},"datePublished":"2023-11-03T12:20:27+00:00","dateModified":"2023-11-03T12:22:28+00:00","breadcrumb":{"@id":"https:\/\/energy-cities.eu\/fr\/comment-inciter-les-villes-a-utiliser-intelligemment-leurs-ressources\/#breadcrumb"},"inLanguage":"fr-FR","potentialAction":[{"@type":"ReadAction","target":["https:\/\/energy-cities.eu\/fr\/comment-inciter-les-villes-a-utiliser-intelligemment-leurs-ressources\/"]}]},{"@type":"BreadcrumbList","@id":"https:\/\/energy-cities.eu\/fr\/comment-inciter-les-villes-a-utiliser-intelligemment-leurs-ressources\/#breadcrumb","itemListElement":[{"@type":"ListItem","position":1,"name":"Home","item":"https:\/\/energy-cities.eu\/fr\/nous-sommes-un-reseau-europeen-blabla\/"},{"@type":"ListItem","position":2,"name":"Comment inciter les villes \u00e0 utiliser intelligemment leurs ressources ?"}]},{"@type":"Article","@id":"https:\/\/energy-cities.eu\/fr\/comment-inciter-les-villes-a-utiliser-intelligemment-leurs-ressources\/#article","isPartOf":{"@id":"https:\/\/energy-cities.eu\/fr\/comment-inciter-les-villes-a-utiliser-intelligemment-leurs-ressources\/#webpage"},"author":{"@id":"https:\/\/energy-cities.eu\/fr\/#\/schema\/person\/8123b71c42828f8e3ada85ad7db77eb2"},"headline":"Comment inciter les villes \u00e0 utiliser intelligemment leurs ressources ?","datePublished":"2023-11-03T12:20:27+00:00","dateModified":"2023-11-03T12:22:28+00:00","mainEntityOfPage":{"@id":"https:\/\/energy-cities.eu\/fr\/comment-inciter-les-villes-a-utiliser-intelligemment-leurs-ressources\/#webpage"},"wordCount":875,"commentCount":0,"publisher":{"@id":"https:\/\/energy-cities.eu\/fr\/#organization"},"image":{"@id":"https:\/\/energy-cities.eu\/fr\/comment-inciter-les-villes-a-utiliser-intelligemment-leurs-ressources\/#primaryimage"},"thumbnailUrl":"https:\/\/energy-cities.eu\/wp-content\/uploads\/2023\/10\/2G9A3130-scaled.jpg","articleSection":["Actualit\u00e9s"],"inLanguage":"fr-FR","potentialAction":[{"@type":"CommentAction","name":"Comment","target":["https:\/\/energy-cities.eu\/fr\/comment-inciter-les-villes-a-utiliser-intelligemment-leurs-ressources\/#respond"]}]},{"@type":"Person","@id":"https:\/\/energy-cities.eu\/fr\/#\/schema\/person\/8123b71c42828f8e3ada85ad7db77eb2","name":"Selma Guyon","image":{"@type":"ImageObject","inLanguage":"fr-FR","@id":"https:\/\/energy-cities.eu\/fr\/#\/schema\/person\/image\/","url":"https:\/\/secure.gravatar.com\/avatar\/80b0e04a2f7c5d7dde598dda4cbf16e2?s=96&d=mm&r=g","contentUrl":"https:\/\/secure.gravatar.com\/avatar\/80b0e04a2f7c5d7dde598dda4cbf16e2?s=96&d=mm&r=g","caption":"Selma Guyon"},"sameAs":["https:\/\/twitter.com\/energycities"],"url":"https:\/\/energy-cities.eu\/fr\/staff\/s-guyon\/"}]}},"coauthors":[],"tax_additional":{"categories":{"linked":["<a href=\"https:\/\/energy-cities.eu\/fr\/category\/actualites\/\" class=\"advgb-post-tax-term\">Actualit\u00e9s<\/a>"],"unlinked":["<span class=\"advgb-post-tax-term\">Actualit\u00e9s<\/span>"]}},"comment_count":"0","relative_dates":{"created":"Publi\u00e9 2 ans il y a","modified":"Mis \u00e0 jour 2 ans il y a"},"absolute_dates":{"created":"Publi\u00e9 le 03 novembre 2023","modified":"Mise \u00e0 jour le 03 novembre 2023"},"absolute_dates_time":{"created":"Publi\u00e9 le 03 novembre 2023 1:20  ","modified":"Mise \u00e0 jour le 03 novembre 2023 1:22  "},"featured_img_caption":"Credit: Federica Marchi","_links":{"self":[{"href":"https:\/\/energy-cities.eu\/fr\/wp-json\/wp\/v2\/posts\/72211"}],"collection":[{"href":"https:\/\/energy-cities.eu\/fr\/wp-json\/wp\/v2\/posts"}],"about":[{"href":"https:\/\/energy-cities.eu\/fr\/wp-json\/wp\/v2\/types\/post"}],"author":[{"embeddable":true,"href":"https:\/\/energy-cities.eu\/fr\/wp-json\/wp\/v2\/users\/76"}],"replies":[{"embeddable":true,"href":"https:\/\/energy-cities.eu\/fr\/wp-json\/wp\/v2\/comments?post=72211"}],"version-history":[{"count":2,"href":"https:\/\/energy-cities.eu\/fr\/wp-json\/wp\/v2\/posts\/72211\/revisions"}],"predecessor-version":[{"id":72219,"href":"https:\/\/energy-cities.eu\/fr\/wp-json\/wp\/v2\/posts\/72211\/revisions\/72219"}],"wp:featuredmedia":[{"embeddable":true,"href":"https:\/\/energy-cities.eu\/fr\/wp-json\/wp\/v2\/media\/71976"}],"wp:attachment":[{"href":"https:\/\/energy-cities.eu\/fr\/wp-json\/wp\/v2\/media?parent=72211"}],"wp:term":[{"taxonomy":"category","embeddable":true,"href":"https:\/\/energy-cities.eu\/fr\/wp-json\/wp\/v2\/categories?post=72211"},{"taxonomy":"post_tag","embeddable":true,"href":"https:\/\/energy-cities.eu\/fr\/wp-json\/wp\/v2\/tags?post=72211"},{"taxonomy":"hub","embeddable":true,"href":"https:\/\/energy-cities.eu\/fr\/wp-json\/wp\/v2\/hub?post=72211"},{"taxonomy":"topic","embeddable":true,"href":"https:\/\/energy-cities.eu\/fr\/wp-json\/wp\/v2\/topic?post=72211"},{"taxonomy":"legislative_initiative","embeddable":true,"href":"https:\/\/energy-cities.eu\/fr\/wp-json\/wp\/v2\/legislative_initiative?post=72211"},{"taxonomy":"document_type","embeddable":true,"href":"https:\/\/energy-cities.eu\/fr\/wp-json\/wp\/v2\/document_type?post=72211"}],"curies":[{"name":"wp","href":"https:\/\/api.w.org\/{rel}","templated":true}]}}