{"id":73099,"date":"2023-11-10T14:54:42","date_gmt":"2023-11-10T13:54:42","guid":{"rendered":"https:\/\/energy-cities.eu\/lasting-renewable-and-fair-solutions\/"},"modified":"2023-11-21T10:11:35","modified_gmt":"2023-11-21T09:11:35","slug":"solutions-renouvelables-durables-et-justes","status":"publish","type":"post","link":"https:\/\/energy-cities.eu\/fr\/solutions-renouvelables-durables-et-justes\/","title":{"rendered":"Des solutions renouvelables durables et justes"},"content":{"rendered":"\n<p><strong><strong>Lors de la journ\u00e9e d\u2019inspiration d\u2019Energy Cities, qui s\u2019est tenue le 18 octobre dernier \u00e0 Mod\u00e8ne, sp\u00e9cialistes et militants des \u00e9nergies renouvelables se sont r\u00e9unis dans la <\/strong><a href=\"https:\/\/energy-cities.eu\/travel-to-andria-where-sky-and-city-meet-and-evolve-as-one\/\">ville imaginaire d\u2019Andria<\/a><strong>. Le temps d\u2019une journ\u00e9e, nous y avons d\u00e9battu des d\u00e9fis que repr\u00e9sentent l\u2019acc\u00e8s \u00e0 l\u2019\u00e9nergie (renouvelable) et la justice \u00e9nerg\u00e9tique pour toutes et tous. Pas besoin de GPS pour visiter Andria et ses ateliers particuli\u00e8rement anim\u00e9s. Empathie et bienveillance ont servi de guides.<\/strong><\/strong><\/p>\n\n\n\n<div class=\"wp-block-image\"><figure class=\"aligncenter size-large is-resized\"><img loading=\"lazy\" src=\"https:\/\/energy-cities.eu\/wp-content\/uploads\/2023\/11\/Senza-fosile-1024x576.jpg\" alt=\"\" class=\"wp-image-72396\" width=\"649\" height=\"364\" srcset=\"https:\/\/energy-cities.eu\/wp-content\/uploads\/2023\/11\/Senza-fosile-1024x576.jpg 1024w, https:\/\/energy-cities.eu\/wp-content\/uploads\/2023\/11\/Senza-fosile-350x197.jpg 350w, https:\/\/energy-cities.eu\/wp-content\/uploads\/2023\/11\/Senza-fosile-1536x864.jpg 1536w, https:\/\/energy-cities.eu\/wp-content\/uploads\/2023\/11\/Senza-fosile-2048x1152.jpg 2048w, https:\/\/energy-cities.eu\/wp-content\/uploads\/2023\/11\/Senza-fosile-700x394.jpg 700w, https:\/\/energy-cities.eu\/wp-content\/uploads\/2023\/11\/Senza-fosile-533x300.jpg 533w, https:\/\/energy-cities.eu\/wp-content\/uploads\/2023\/11\/Senza-fosile-1600x900.jpg 1600w\" sizes=\"(max-width: 649px) 100vw, 649px\" \/><\/figure><\/div>\n\n\n\n<h2><strong><strong>1<sup>er<\/sup> enseignement\u00a0: Nous devons donner une place aux citoyens invisibles si nous voulons une transition \u00e9nerg\u00e9tique juste et efficace. Ceux sont eux qui fournissent l\u2019\u00e9nergie dont nous avons tous besoin\u00a0!\u00a0<\/strong><\/strong><\/h2>\n\n\n\n<p>Abordant le th\u00e8me de la pr\u00e9carit\u00e9 \u00e9nerg\u00e9tique, nous avons cherch\u00e9 les moyens de donner de l\u2019espace et de la visibilit\u00e9 \u00e0 celles et ceux qui se trouvent souvent dans l\u2019angle mort des politiques. Comment leur faire de la place dans le processus de prise de d\u00e9cision et comment les impliquer pleinement dans la transition \u00e9nerg\u00e9tique\u00a0? Que peuvent-ils nous apprendre\u00a0? Et pourquoi appelons-nous \u00ab\u00a0vuln\u00e9rables\u00a0\u00bb les plus forts et les plus r\u00e9silients\u00a0?<\/p>\n\n\n\n<p>Jan de Pauw, ing\u00e9nieur de projet \u00e0 la coop\u00e9rative d\u2019\u00e9nergie citoyenne Ecopower et conseiller \u00e9nergie de la ville d\u2019Eeklo (Belgique), a \u00e9t\u00e9 une grande source d\u2019inspiration. Il a pr\u00e9sent\u00e9 le formidable programme de soutien contre la pr\u00e9carit\u00e9 \u00e9nerg\u00e9tique lanc\u00e9 par la municipalit\u00e9 d\u2019Eeklo en partenariat avec Ecopower. Ce plan, d\u00e9velopp\u00e9 dans le cadre du projet POWER\u00a0UP, permettra aux foyers \u00e0 faibles revenus de devenir membres d\u2019une coop\u00e9rative \u00e9nerg\u00e9tique. Comment\u00a0? La ville pr\u00e9finance des parts de la coop\u00e9rative et les pr\u00eate \u00e0 des personnes qui seraient incapables d\u2019en payer seules le co\u00fbt. Au fil des ans, les b\u00e9n\u00e9ficiaires rembourseront leur part par petites mensualit\u00e9s. Cependant, d\u00e8s le premier jour, les actionnaires seront membres de plein droit de la coop\u00e9rative Ecopower\u00a0: ils pourront obtenir une \u00e9nergie renouvelable \u00e0 un prix juste et auront une voix dans le processus de prise de d\u00e9cision d\u2019Ecopower. Gr\u00e2ce \u00e0 ce fonds \u00e9volutif, l&rsquo;\u00e9nergie renouvelable locale deviendra accessible \u00e0 toutes et \u00e0 tous. Une premi\u00e8re en Europe, que pourraient imiter d&rsquo;autres collectivit\u00e9s locales d\u00e9sireuses d&rsquo;aider les personnes en situation de pr\u00e9carit\u00e9 \u00e9nerg\u00e9tique.<\/p>\n\n\n\n<p class=\"beige-message\">?\ufe0f\u200d?\ufe0f \u00a0Retrouvez les enseignements des d\u00e9bats du groupe sur le <a href=\"https:\/\/www.socialenergyplayers.eu\/news\/modena\/\">site POWER UP<\/a>.<\/p>\n\n\n\n<h2><strong><strong>2<sup>e<\/sup> enseignement\u00a0: Les obstacles juridiques appellent \u00e0 la patience mais ne justifient pas l\u2019immobilisme<\/strong><\/strong><\/h2>\n\n\n\n<p>L\u2019Italie devait publier un d\u00e9cret national sur les communaut\u00e9s de l\u2019\u00e9nergie il y a plusieurs mois de cela. Impatients, nous avons organis\u00e9 avec Confcooperative, dans le cadre du programme de renforcement des capacit\u00e9s <a href=\"https:\/\/www.sccale203050.eu\/\">SCCALE 203050<\/a>, une <strong>session de formation sur les communaut\u00e9s de l\u2019\u00e9nergie pour les fonctionnaires italiens<\/strong>. En d\u00e9pit d\u2019un cadre juridique complexe et long \u00e0 mettre en place, les autorit\u00e9s locales s\u2019affairent \u00e0 d\u00e9ployer les \u00e9nergies renouvelables et \u00e0 les mettre entre les mains des citoyens. Elles souhaitent se former d\u00e8s \u00e0 pr\u00e9sent et entendent renforcer leur collaboration avec les citoyens autour de projets d&rsquo;\u00e9nergie renouvelable\u00a0! Les participants ont ainsi pu s\u2019inspirer d\u2019exemples de r\u00e9ussite et ont profit\u00e9 des conseils d&rsquo;homologues italiens sur les \u00e9tapes pratiques de la cr\u00e9ation d&rsquo;une communaut\u00e9 de l&rsquo;\u00e9nergie.<\/p>\n\n\n\n<p class=\"beige-message\">?\ufe0f\u200d?\ufe0f Vous souhaitez monter en comp\u00e9tence en mati\u00e8re de communaut\u00e9 de l\u2019\u00e9nergie\u00a0? Regardez d\u00e8s \u00e0 pr\u00e9sent la <a href=\"https:\/\/energy-cities.eu\/new-community-energy-espresso-training\/\" target=\"_blank\" rel=\"noreferrer noopener\">session de formation Espresso d\u2019Energy Cities<\/a>. Vos baristas vous pr\u00e9parent un d\u00e9licieux caf\u00e9\u00a0!<\/p>\n\n\n\n<h2><strong><strong>3<sup>e<\/sup> enseignement: Il faut identifier clairement les espaces municipaux et les rendre accessibles \u00e0 toute la communaut\u00e9<\/strong><\/strong><\/h2>\n\n\n\n<div class=\"wp-block-image\"><figure class=\"aligncenter size-large is-resized\"><img loading=\"lazy\" src=\"https:\/\/energy-cities.eu\/wp-content\/uploads\/2023\/11\/DSC_0350-1024x683.jpg\" alt=\"\" class=\"wp-image-72394\" width=\"658\" height=\"439\" srcset=\"https:\/\/energy-cities.eu\/wp-content\/uploads\/2023\/11\/DSC_0350-1024x683.jpg 1024w, https:\/\/energy-cities.eu\/wp-content\/uploads\/2023\/11\/DSC_0350-350x233.jpg 350w, https:\/\/energy-cities.eu\/wp-content\/uploads\/2023\/11\/DSC_0350-1536x1024.jpg 1536w, https:\/\/energy-cities.eu\/wp-content\/uploads\/2023\/11\/DSC_0350-2048x1365.jpg 2048w, https:\/\/energy-cities.eu\/wp-content\/uploads\/2023\/11\/DSC_0350-700x467.jpg 700w, https:\/\/energy-cities.eu\/wp-content\/uploads\/2023\/11\/DSC_0350-450x300.jpg 450w, https:\/\/energy-cities.eu\/wp-content\/uploads\/2023\/11\/DSC_0350-1350x900.jpg 1350w\" sizes=\"(max-width: 658px) 100vw, 658px\" \/><figcaption>Photo: Energy Cities<\/figcaption><\/figure><\/div>\n\n\n\n<p>L&rsquo;atelier de l&rsquo;apr\u00e8s-midi se concentrait sur les biens publics pour l&rsquo;\u00e9nergie communautaire locale. Ensemble, nous avons explor\u00e9 tous les lieux o\u00f9 l&rsquo;\u00e9nergie renouvelable pouvait trouver sa place dans une ville\u00a0: toits, fa\u00e7ades, parkings, r\u00e9servoirs d&rsquo;eau, friches industrielles, m\u00eame les cimeti\u00e8res\u00a0! Cette \u00e9nergie reste en grande partie inexploit\u00e9e, car ni les collectivit\u00e9s locales ni les autres acteurs ne savent comment produire ou consommer de l&rsquo;\u00e9nergie localement.<\/p>\n\n\n\n<p>Apr\u00e8s l\u2019introduction de l&rsquo;atelier, Anik\u00a0Lehman-Tron, du service de l&rsquo;\u00e9nergie de la ville de Besan\u00e7on (France), a pr\u00e9sent\u00e9 l&rsquo;approche de sa ville. Elle est revenue sur sa strat\u00e9gie visant \u00e0 quantifier l&rsquo;\u00e9nergie renouvelable disponible, \u00e0 cartographier les espaces pertinents et \u00e0 identifier les consommateurs et les producteurs dans le quartier de Planoise. Planoise est un quartier \u00e0 faibles revenus, avec une grande mixit\u00e9 sociale. Apr\u00e8s la pr\u00e9sentation, le public a pu s\u2019adonner \u00e0 une s\u00e9ance de questions-r\u00e9ponses. Tous les participants se sont ensuite retrouv\u00e9s devant une immense carte du quartier de Planoise pour effectuer une analyse collective des espaces et se livrer \u00e0 un exercice autour de l&rsquo;offre et de la demande en mati\u00e8re d&rsquo;\u00e9nergies renouvelables.<\/p>\n\n\n\n<p>Anna Francis d&rsquo;Energy Cities a ensuite pr\u00e9sent\u00e9 l&rsquo;<a href=\"http:\/\/www.energy-cities.eu\/lifeloop\">outil de mise en relation des actifs LIFE\u00a0LOOP<\/a>. Avec un lancement pr\u00e9vu en d\u00e9cembre, LIFE LOOP est la toute premi\u00e8re plateforme europ\u00e9enne qui permet aux villes de montrer \u00e0 leurs habitants combien elles se soucient du d\u00e9veloppement des \u00e9nergies renouvelables et donnent un espace \u00e0 ceux qui souhaitent investir dans ce domaine\u00a0!<\/p>\n\n\n\n<p>La <a href=\"https:\/\/energy-cities.eu\/inspiring-mind\/we-cannot-let-our-cultural-heritage-to-go-to-ruins-and-we-have-to-address-this-issues\/\">ville croate de Pore\u010d<\/a> a conclu ce rendez-vous en racontant son aventure r\u00e9ussie, <a href=\"https:\/\/balkangreenenergynews.com\/harnessing-the-sun-western-balkans-solar-revolution-and-the-success-stories-of-three-cities\/\">Balkan Solar Roofs<\/a>. S\u2019\u00e9tant dot\u00e9e d\u2019une politique locale ambitieuse, qui a donn\u00e9 naissance au \u00ab\u00a0Sunny Office\u00a0\u00bb, premier guichet unique de la r\u00e9gion, elle a fait avancer le d\u00e9veloppement des \u00e9nergies renouvelables \u00e0 pas de g\u00e9ant.<\/p>\n\n\n\n<p><strong><strong>Nos \u00e9changes auraient pu se poursuivre, tant sur les contraintes fonci\u00e8res pour les \u00e9nergies renouvelables urbaines, que sur les d\u00e9fis li\u00e9s aux donn\u00e9es ou \u00e0 la mod\u00e9lisation, la participation et la mani\u00e8re dont nous prenons en compte et impliquons les personnes vuln\u00e9rables&#8230; mais le soleil s\u2019est couch\u00e9 sur les petites rues d&rsquo;Andria.<\/strong><\/strong><\/p>\n","protected":false},"excerpt":{"rendered":"<p>Andria a \u00e9t\u00e9 notre lieu de discussion sur les d\u00e9fis \u00e0 relever pour assurer l&rsquo;acc\u00e8s \u00e0 l&rsquo;\u00e9nergie (renouvelable) et la justice \u00e9nerg\u00e9tique pour tous. Nous avons parcouru tout le chemin qui m\u00e8ne des biens publics \u00e0 l&rsquo;\u00e9nergie produite par les personnes, y compris celles qui se trouvent dans des situations de vuln\u00e9rabilit\u00e9.<\/p>\n","protected":false},"author":25,"featured_media":72397,"comment_status":"open","ping_status":"open","sticky":false,"template":"","format":"standard","meta":{"advgb_blocks_editor_width":"","advgb_blocks_columns_visual_guide":"","ub_ctt_via":""},"categories":[4],"tags":[],"hub":[306],"topic":[101,361,429],"legislative_initiative":[],"document_type":[],"acf":[],"author_meta":{"display_name":"Miriam Eisermann","author_link":"https:\/\/energy-cities.eu\/fr\/staff\/m-eisermann\/"},"featured_img":"https:\/\/energy-cities.eu\/wp-content\/uploads\/2023\/11\/Senza-fosile-350x197.jpg","featured_image_src":"https:\/\/energy-cities.eu\/wp-content\/uploads\/2023\/11\/Senza-fosile-scaled.jpg","author_info":{"display_name":"Miriam Eisermann","author_link":"https:\/\/energy-cities.eu\/fr\/staff\/m-eisermann\/"},"yoast_head":"<!-- This site is optimized with the Yoast SEO plugin v18.8 - https:\/\/yoast.com\/wordpress\/plugins\/seo\/ -->\n<title>Des solutions renouvelables durables et justes - Energy Cities<\/title>\n<meta name=\"robots\" content=\"index, follow, max-snippet:-1, max-image-preview:large, max-video-preview:-1\" \/>\n<link rel=\"canonical\" href=\"https:\/\/energy-cities.eu\/fr\/solutions-renouvelables-durables-et-justes\/\" \/>\n<meta property=\"og:locale\" content=\"fr_FR\" \/>\n<meta property=\"og:type\" content=\"article\" \/>\n<meta property=\"og:title\" content=\"Des solutions renouvelables durables et justes - Energy Cities\" \/>\n<meta property=\"og:description\" content=\"Andria a \u00e9t\u00e9 notre lieu de discussion sur les d\u00e9fis \u00e0 relever pour assurer l&#039;acc\u00e8s \u00e0 l&#039;\u00e9nergie (renouvelable) et la justice \u00e9nerg\u00e9tique pour tous. Nous avons parcouru tout le chemin qui m\u00e8ne des biens publics \u00e0 l&#039;\u00e9nergie produite par les personnes, y compris celles qui se trouvent dans des situations de vuln\u00e9rabilit\u00e9.\" \/>\n<meta property=\"og:url\" content=\"https:\/\/energy-cities.eu\/fr\/solutions-renouvelables-durables-et-justes\/\" \/>\n<meta property=\"og:site_name\" content=\"Energy Cities\" \/>\n<meta property=\"article:publisher\" content=\"https:\/\/www.facebook.com\/energycities.eu\/\" \/>\n<meta property=\"article:published_time\" content=\"2023-11-10T13:54:42+00:00\" \/>\n<meta property=\"article:modified_time\" content=\"2023-11-21T09:11:35+00:00\" \/>\n<meta property=\"og:image\" content=\"https:\/\/energy-cities.eu\/wp-content\/uploads\/2023\/11\/Senza-fosile-scaled.jpg\" \/>\n\t<meta property=\"og:image:width\" content=\"2560\" \/>\n\t<meta property=\"og:image:height\" content=\"1440\" \/>\n\t<meta property=\"og:image:type\" content=\"image\/jpeg\" \/>\n<meta name=\"twitter:card\" content=\"summary_large_image\" \/>\n<meta name=\"twitter:creator\" content=\"@atonofnews\" \/>\n<meta name=\"twitter:site\" content=\"@energycities\" \/>\n<meta name=\"twitter:label1\" content=\"\u00c9crit par\" \/>\n\t<meta name=\"twitter:data1\" content=\"Miriam Eisermann\" \/>\n\t<meta name=\"twitter:label2\" content=\"Dur\u00e9e de lecture estim\u00e9e\" \/>\n\t<meta name=\"twitter:data2\" content=\"5 minutes\" \/>\n<script type=\"application\/ld+json\" class=\"yoast-schema-graph\">{\"@context\":\"https:\/\/schema.org\",\"@graph\":[{\"@type\":\"Organization\",\"@id\":\"https:\/\/energy-cities.eu\/fr\/#organization\",\"name\":\"Energy Cities\",\"url\":\"https:\/\/energy-cities.eu\/fr\/\",\"sameAs\":[\"https:\/\/www.facebook.com\/energycities.eu\/\",\"https:\/\/www.youtube.com\/channel\/UChIHn2wF76JzuTbAjSMs0hQ\",\"https:\/\/fr.wikipedia.org\/wiki\/Energy_Cities\",\"https:\/\/twitter.com\/energycities\"],\"logo\":{\"@type\":\"ImageObject\",\"inLanguage\":\"fr-FR\",\"@id\":\"https:\/\/energy-cities.eu\/fr\/#\/schema\/logo\/image\/\",\"url\":\"https:\/\/energy-cities.eu\/wp-content\/uploads\/2019\/07\/energy-cities-couleur.jpg\",\"contentUrl\":\"https:\/\/energy-cities.eu\/wp-content\/uploads\/2019\/07\/energy-cities-couleur.jpg\",\"width\":3508,\"height\":2587,\"caption\":\"Energy Cities\"},\"image\":{\"@id\":\"https:\/\/energy-cities.eu\/fr\/#\/schema\/logo\/image\/\"}},{\"@type\":\"WebSite\",\"@id\":\"https:\/\/energy-cities.eu\/fr\/#website\",\"url\":\"https:\/\/energy-cities.eu\/fr\/\",\"name\":\"Energy Cities\",\"description\":\" The European learning community for future-proof cities\",\"publisher\":{\"@id\":\"https:\/\/energy-cities.eu\/fr\/#organization\"},\"potentialAction\":[{\"@type\":\"SearchAction\",\"target\":{\"@type\":\"EntryPoint\",\"urlTemplate\":\"https:\/\/energy-cities.eu\/fr\/?s={search_term_string}\"},\"query-input\":\"required name=search_term_string\"}],\"inLanguage\":\"fr-FR\"},{\"@type\":\"ImageObject\",\"inLanguage\":\"fr-FR\",\"@id\":\"https:\/\/energy-cities.eu\/fr\/solutions-renouvelables-durables-et-justes\/#primaryimage\",\"url\":\"https:\/\/energy-cities.eu\/wp-content\/uploads\/2023\/11\/Senza-fosile-scaled.jpg\",\"contentUrl\":\"https:\/\/energy-cities.eu\/wp-content\/uploads\/2023\/11\/Senza-fosile-scaled.jpg\",\"width\":2560,\"height\":1440,\"caption\":\"Miriam Eisermann\"},{\"@type\":\"WebPage\",\"@id\":\"https:\/\/energy-cities.eu\/fr\/solutions-renouvelables-durables-et-justes\/#webpage\",\"url\":\"https:\/\/energy-cities.eu\/fr\/solutions-renouvelables-durables-et-justes\/\",\"name\":\"Des solutions renouvelables durables et justes - Energy Cities\",\"isPartOf\":{\"@id\":\"https:\/\/energy-cities.eu\/fr\/#website\"},\"primaryImageOfPage\":{\"@id\":\"https:\/\/energy-cities.eu\/fr\/solutions-renouvelables-durables-et-justes\/#primaryimage\"},\"datePublished\":\"2023-11-10T13:54:42+00:00\",\"dateModified\":\"2023-11-21T09:11:35+00:00\",\"breadcrumb\":{\"@id\":\"https:\/\/energy-cities.eu\/fr\/solutions-renouvelables-durables-et-justes\/#breadcrumb\"},\"inLanguage\":\"fr-FR\",\"potentialAction\":[{\"@type\":\"ReadAction\",\"target\":[\"https:\/\/energy-cities.eu\/fr\/solutions-renouvelables-durables-et-justes\/\"]}]},{\"@type\":\"BreadcrumbList\",\"@id\":\"https:\/\/energy-cities.eu\/fr\/solutions-renouvelables-durables-et-justes\/#breadcrumb\",\"itemListElement\":[{\"@type\":\"ListItem\",\"position\":1,\"name\":\"Home\",\"item\":\"https:\/\/energy-cities.eu\/fr\/nous-sommes-un-reseau-europeen-blabla\/\"},{\"@type\":\"ListItem\",\"position\":2,\"name\":\"Des solutions renouvelables durables et justes\"}]},{\"@type\":\"Article\",\"@id\":\"https:\/\/energy-cities.eu\/fr\/solutions-renouvelables-durables-et-justes\/#article\",\"isPartOf\":{\"@id\":\"https:\/\/energy-cities.eu\/fr\/solutions-renouvelables-durables-et-justes\/#webpage\"},\"author\":{\"@id\":\"https:\/\/energy-cities.eu\/fr\/#\/schema\/person\/3340a219cf35746901977e3cb1dc791a\"},\"headline\":\"Des solutions renouvelables durables et justes\",\"datePublished\":\"2023-11-10T13:54:42+00:00\",\"dateModified\":\"2023-11-21T09:11:35+00:00\",\"mainEntityOfPage\":{\"@id\":\"https:\/\/energy-cities.eu\/fr\/solutions-renouvelables-durables-et-justes\/#webpage\"},\"wordCount\":1006,\"commentCount\":0,\"publisher\":{\"@id\":\"https:\/\/energy-cities.eu\/fr\/#organization\"},\"image\":{\"@id\":\"https:\/\/energy-cities.eu\/fr\/solutions-renouvelables-durables-et-justes\/#primaryimage\"},\"thumbnailUrl\":\"https:\/\/energy-cities.eu\/wp-content\/uploads\/2023\/11\/Senza-fosile-scaled.jpg\",\"articleSection\":[\"Actualit\u00e9s\"],\"inLanguage\":\"fr-FR\",\"potentialAction\":[{\"@type\":\"CommentAction\",\"name\":\"Comment\",\"target\":[\"https:\/\/energy-cities.eu\/fr\/solutions-renouvelables-durables-et-justes\/#respond\"]}]},{\"@type\":\"Person\",\"@id\":\"https:\/\/energy-cities.eu\/fr\/#\/schema\/person\/3340a219cf35746901977e3cb1dc791a\",\"name\":\"Miriam Eisermann\",\"image\":{\"@type\":\"ImageObject\",\"inLanguage\":\"fr-FR\",\"@id\":\"https:\/\/energy-cities.eu\/fr\/#\/schema\/person\/image\/\",\"url\":\"https:\/\/secure.gravatar.com\/avatar\/f1d254f33ec08630330aef416f9899c3?s=96&d=mm&r=g\",\"contentUrl\":\"https:\/\/secure.gravatar.com\/avatar\/f1d254f33ec08630330aef416f9899c3?s=96&d=mm&r=g\",\"caption\":\"Miriam Eisermann\"},\"sameAs\":[\"https:\/\/www.linkedin.com\/in\/miriam-eisermann-82507377\/\",\"https:\/\/twitter.com\/atonofnews\"],\"url\":\"https:\/\/energy-cities.eu\/fr\/staff\/m-eisermann\/\"}]}<\/script>\n<!-- \/ Yoast SEO plugin. -->","yoast_head_json":{"title":"Des solutions renouvelables durables et justes - Energy Cities","robots":{"index":"index","follow":"follow","max-snippet":"max-snippet:-1","max-image-preview":"max-image-preview:large","max-video-preview":"max-video-preview:-1"},"canonical":"https:\/\/energy-cities.eu\/fr\/solutions-renouvelables-durables-et-justes\/","og_locale":"fr_FR","og_type":"article","og_title":"Des solutions renouvelables durables et justes - Energy Cities","og_description":"Andria a \u00e9t\u00e9 notre lieu de discussion sur les d\u00e9fis \u00e0 relever pour assurer l'acc\u00e8s \u00e0 l'\u00e9nergie (renouvelable) et la justice \u00e9nerg\u00e9tique pour tous. Nous avons parcouru tout le chemin qui m\u00e8ne des biens publics \u00e0 l'\u00e9nergie produite par les personnes, y compris celles qui se trouvent dans des situations de vuln\u00e9rabilit\u00e9.","og_url":"https:\/\/energy-cities.eu\/fr\/solutions-renouvelables-durables-et-justes\/","og_site_name":"Energy Cities","article_publisher":"https:\/\/www.facebook.com\/energycities.eu\/","article_published_time":"2023-11-10T13:54:42+00:00","article_modified_time":"2023-11-21T09:11:35+00:00","og_image":[{"width":2560,"height":1440,"url":"https:\/\/energy-cities.eu\/wp-content\/uploads\/2023\/11\/Senza-fosile-scaled.jpg","type":"image\/jpeg"}],"twitter_card":"summary_large_image","twitter_creator":"@atonofnews","twitter_site":"@energycities","twitter_misc":{"\u00c9crit par":"Miriam Eisermann","Dur\u00e9e de lecture estim\u00e9e":"5 minutes"},"schema":{"@context":"https:\/\/schema.org","@graph":[{"@type":"Organization","@id":"https:\/\/energy-cities.eu\/fr\/#organization","name":"Energy Cities","url":"https:\/\/energy-cities.eu\/fr\/","sameAs":["https:\/\/www.facebook.com\/energycities.eu\/","https:\/\/www.youtube.com\/channel\/UChIHn2wF76JzuTbAjSMs0hQ","https:\/\/fr.wikipedia.org\/wiki\/Energy_Cities","https:\/\/twitter.com\/energycities"],"logo":{"@type":"ImageObject","inLanguage":"fr-FR","@id":"https:\/\/energy-cities.eu\/fr\/#\/schema\/logo\/image\/","url":"https:\/\/energy-cities.eu\/wp-content\/uploads\/2019\/07\/energy-cities-couleur.jpg","contentUrl":"https:\/\/energy-cities.eu\/wp-content\/uploads\/2019\/07\/energy-cities-couleur.jpg","width":3508,"height":2587,"caption":"Energy Cities"},"image":{"@id":"https:\/\/energy-cities.eu\/fr\/#\/schema\/logo\/image\/"}},{"@type":"WebSite","@id":"https:\/\/energy-cities.eu\/fr\/#website","url":"https:\/\/energy-cities.eu\/fr\/","name":"Energy Cities","description":" The European learning community for future-proof cities","publisher":{"@id":"https:\/\/energy-cities.eu\/fr\/#organization"},"potentialAction":[{"@type":"SearchAction","target":{"@type":"EntryPoint","urlTemplate":"https:\/\/energy-cities.eu\/fr\/?s={search_term_string}"},"query-input":"required name=search_term_string"}],"inLanguage":"fr-FR"},{"@type":"ImageObject","inLanguage":"fr-FR","@id":"https:\/\/energy-cities.eu\/fr\/solutions-renouvelables-durables-et-justes\/#primaryimage","url":"https:\/\/energy-cities.eu\/wp-content\/uploads\/2023\/11\/Senza-fosile-scaled.jpg","contentUrl":"https:\/\/energy-cities.eu\/wp-content\/uploads\/2023\/11\/Senza-fosile-scaled.jpg","width":2560,"height":1440,"caption":"Miriam Eisermann"},{"@type":"WebPage","@id":"https:\/\/energy-cities.eu\/fr\/solutions-renouvelables-durables-et-justes\/#webpage","url":"https:\/\/energy-cities.eu\/fr\/solutions-renouvelables-durables-et-justes\/","name":"Des solutions renouvelables durables et justes - Energy Cities","isPartOf":{"@id":"https:\/\/energy-cities.eu\/fr\/#website"},"primaryImageOfPage":{"@id":"https:\/\/energy-cities.eu\/fr\/solutions-renouvelables-durables-et-justes\/#primaryimage"},"datePublished":"2023-11-10T13:54:42+00:00","dateModified":"2023-11-21T09:11:35+00:00","breadcrumb":{"@id":"https:\/\/energy-cities.eu\/fr\/solutions-renouvelables-durables-et-justes\/#breadcrumb"},"inLanguage":"fr-FR","potentialAction":[{"@type":"ReadAction","target":["https:\/\/energy-cities.eu\/fr\/solutions-renouvelables-durables-et-justes\/"]}]},{"@type":"BreadcrumbList","@id":"https:\/\/energy-cities.eu\/fr\/solutions-renouvelables-durables-et-justes\/#breadcrumb","itemListElement":[{"@type":"ListItem","position":1,"name":"Home","item":"https:\/\/energy-cities.eu\/fr\/nous-sommes-un-reseau-europeen-blabla\/"},{"@type":"ListItem","position":2,"name":"Des solutions renouvelables durables et justes"}]},{"@type":"Article","@id":"https:\/\/energy-cities.eu\/fr\/solutions-renouvelables-durables-et-justes\/#article","isPartOf":{"@id":"https:\/\/energy-cities.eu\/fr\/solutions-renouvelables-durables-et-justes\/#webpage"},"author":{"@id":"https:\/\/energy-cities.eu\/fr\/#\/schema\/person\/3340a219cf35746901977e3cb1dc791a"},"headline":"Des solutions renouvelables durables et justes","datePublished":"2023-11-10T13:54:42+00:00","dateModified":"2023-11-21T09:11:35+00:00","mainEntityOfPage":{"@id":"https:\/\/energy-cities.eu\/fr\/solutions-renouvelables-durables-et-justes\/#webpage"},"wordCount":1006,"commentCount":0,"publisher":{"@id":"https:\/\/energy-cities.eu\/fr\/#organization"},"image":{"@id":"https:\/\/energy-cities.eu\/fr\/solutions-renouvelables-durables-et-justes\/#primaryimage"},"thumbnailUrl":"https:\/\/energy-cities.eu\/wp-content\/uploads\/2023\/11\/Senza-fosile-scaled.jpg","articleSection":["Actualit\u00e9s"],"inLanguage":"fr-FR","potentialAction":[{"@type":"CommentAction","name":"Comment","target":["https:\/\/energy-cities.eu\/fr\/solutions-renouvelables-durables-et-justes\/#respond"]}]},{"@type":"Person","@id":"https:\/\/energy-cities.eu\/fr\/#\/schema\/person\/3340a219cf35746901977e3cb1dc791a","name":"Miriam Eisermann","image":{"@type":"ImageObject","inLanguage":"fr-FR","@id":"https:\/\/energy-cities.eu\/fr\/#\/schema\/person\/image\/","url":"https:\/\/secure.gravatar.com\/avatar\/f1d254f33ec08630330aef416f9899c3?s=96&d=mm&r=g","contentUrl":"https:\/\/secure.gravatar.com\/avatar\/f1d254f33ec08630330aef416f9899c3?s=96&d=mm&r=g","caption":"Miriam Eisermann"},"sameAs":["https:\/\/www.linkedin.com\/in\/miriam-eisermann-82507377\/","https:\/\/twitter.com\/atonofnews"],"url":"https:\/\/energy-cities.eu\/fr\/staff\/m-eisermann\/"}]}},"coauthors":[],"tax_additional":{"categories":{"linked":["<a href=\"https:\/\/energy-cities.eu\/fr\/category\/actualites\/\" class=\"advgb-post-tax-term\">Actualit\u00e9s<\/a>"],"unlinked":["<span class=\"advgb-post-tax-term\">Actualit\u00e9s<\/span>"]}},"comment_count":"0","relative_dates":{"created":"Publi\u00e9 2 ans il y a","modified":"Mis \u00e0 jour 2 ans il y a"},"absolute_dates":{"created":"Publi\u00e9 le 10 novembre 2023","modified":"Mise \u00e0 jour le 21 novembre 2023"},"absolute_dates_time":{"created":"Publi\u00e9 le 10 novembre 2023 2:54  ","modified":"Mise \u00e0 jour le 21 novembre 2023 10:11  "},"featured_img_caption":"Miriam Eisermann","_links":{"self":[{"href":"https:\/\/energy-cities.eu\/fr\/wp-json\/wp\/v2\/posts\/73099"}],"collection":[{"href":"https:\/\/energy-cities.eu\/fr\/wp-json\/wp\/v2\/posts"}],"about":[{"href":"https:\/\/energy-cities.eu\/fr\/wp-json\/wp\/v2\/types\/post"}],"author":[{"embeddable":true,"href":"https:\/\/energy-cities.eu\/fr\/wp-json\/wp\/v2\/users\/25"}],"replies":[{"embeddable":true,"href":"https:\/\/energy-cities.eu\/fr\/wp-json\/wp\/v2\/comments?post=73099"}],"version-history":[{"count":2,"href":"https:\/\/energy-cities.eu\/fr\/wp-json\/wp\/v2\/posts\/73099\/revisions"}],"predecessor-version":[{"id":73114,"href":"https:\/\/energy-cities.eu\/fr\/wp-json\/wp\/v2\/posts\/73099\/revisions\/73114"}],"wp:featuredmedia":[{"embeddable":true,"href":"https:\/\/energy-cities.eu\/fr\/wp-json\/wp\/v2\/media\/72397"}],"wp:attachment":[{"href":"https:\/\/energy-cities.eu\/fr\/wp-json\/wp\/v2\/media?parent=73099"}],"wp:term":[{"taxonomy":"category","embeddable":true,"href":"https:\/\/energy-cities.eu\/fr\/wp-json\/wp\/v2\/categories?post=73099"},{"taxonomy":"post_tag","embeddable":true,"href":"https:\/\/energy-cities.eu\/fr\/wp-json\/wp\/v2\/tags?post=73099"},{"taxonomy":"hub","embeddable":true,"href":"https:\/\/energy-cities.eu\/fr\/wp-json\/wp\/v2\/hub?post=73099"},{"taxonomy":"topic","embeddable":true,"href":"https:\/\/energy-cities.eu\/fr\/wp-json\/wp\/v2\/topic?post=73099"},{"taxonomy":"legislative_initiative","embeddable":true,"href":"https:\/\/energy-cities.eu\/fr\/wp-json\/wp\/v2\/legislative_initiative?post=73099"},{"taxonomy":"document_type","embeddable":true,"href":"https:\/\/energy-cities.eu\/fr\/wp-json\/wp\/v2\/document_type?post=73099"}],"curies":[{"name":"wp","href":"https:\/\/api.w.org\/{rel}","templated":true}]}}