{"id":73191,"date":"2023-11-23T11:53:35","date_gmt":"2023-11-23T10:53:35","guid":{"rendered":"https:\/\/energy-cities.eu\/?p=73191"},"modified":"2023-11-23T11:59:35","modified_gmt":"2023-11-23T10:59:35","slug":"tisser-des-liens-pour-lavenir-de-votre-ville-comme-a-ersilia","status":"publish","type":"post","link":"https:\/\/energy-cities.eu\/fr\/tisser-des-liens-pour-lavenir-de-votre-ville-comme-a-ersilia\/","title":{"rendered":"Tisser des liens pour l\u2019avenir de votre ville, comme \u00e0 Ersilia"},"content":{"rendered":"\n<p><strong>&nbsp;La <\/strong><a href=\"https:\/\/energy-cities.eu\/fr\/travel-to-ersilia-where-people-relations-are-more-real-than-buildings\/\"><strong>ville d\u2019Ersilia<\/strong><\/a><strong>, telle que d\u00e9crite dans le roman <\/strong><em><strong>Les villes invisibles<\/strong><\/em><strong> d\u2019Italo&nbsp;Calvino, est un lieu o\u00f9 les b\u00e2timents sont maintenus par les liens que les habitant\u00b7es tissent gr\u00e2ce \u00e0 leurs relations. Cette ann\u00e9e, lors de la journ\u00e9e d\u2019inspiration dans le cadre de notre forum annuel, Ersilia a servi de m\u00e9taphore pour repenser la gouvernance locale dans la perspective de b\u00e2tir des villes \u00e0 l\u2019\u00e9preuve du temps, fond\u00e9es sur l\u2019engagement, la coop\u00e9ration et la cr\u00e9ation de relations transversales et g\u00e9n\u00e9ralis\u00e9es.<\/strong><\/p>\n\n\n\n<p>Vous n\u2019avez pas pu visiter Ersilia pendant notre journ\u00e9e d\u2019inspiration \u00e0 Mod\u00e8ne&nbsp;? Voici les moments phares du voyage.<\/p>\n\n\n\n<h2><strong>Mobiliser pour cr\u00e9er un \u00e9cosyst\u00e8me du changement<\/strong><\/h2>\n\n\n\n<p>Ersilia a \u00e9t\u00e9 pleine de surprises, et a permis aux repr\u00e9sentant\u00b7es des villes et aux parties prenantes de repenser de mani\u00e8re cr\u00e9ative la fa\u00e7on dont les relations sont g\u00e9r\u00e9es au niveau local. Tout a commenc\u00e9 avec une histoire mettant en avant une vache, qui a soulev\u00e9 une question&nbsp;: <em><strong>comment une vache peut-elle influencer la conception d\u2019un espace public&nbsp;?<\/strong><\/em><\/p>\n\n\n\n<figure class=\"wp-block-image size-large\"><img loading=\"lazy\" width=\"1024\" height=\"683\" src=\"https:\/\/energy-cities.eu\/wp-content\/uploads\/2023\/11\/2G9A2751-1024x683.jpg\" alt=\"\" class=\"wp-image-73102\" srcset=\"https:\/\/energy-cities.eu\/wp-content\/uploads\/2023\/11\/2G9A2751-1024x683.jpg 1024w, https:\/\/energy-cities.eu\/wp-content\/uploads\/2023\/11\/2G9A2751-350x233.jpg 350w, https:\/\/energy-cities.eu\/wp-content\/uploads\/2023\/11\/2G9A2751-1536x1024.jpg 1536w, https:\/\/energy-cities.eu\/wp-content\/uploads\/2023\/11\/2G9A2751-2048x1365.jpg 2048w, https:\/\/energy-cities.eu\/wp-content\/uploads\/2023\/11\/2G9A2751-700x467.jpg 700w, https:\/\/energy-cities.eu\/wp-content\/uploads\/2023\/11\/2G9A2751-450x300.jpg 450w, https:\/\/energy-cities.eu\/wp-content\/uploads\/2023\/11\/2G9A2751-1350x900.jpg 1350w\" sizes=\"(max-width: 1024px) 100vw, 1024px\" \/><figcaption>Photo: Federica Marchi<\/figcaption><\/figure>\n\n\n\n<p>Une ville norv\u00e9gienne a bouscul\u00e9 les id\u00e9es re\u00e7ues sur les espaces publics en remettant en question la perception que ses habitant\u00b7es avaient d\u2019un parking dont tout le monde semblait se satisfaire. Pour stimuler leur imagination, la ville a introduit une vache dans l\u2019espace public et a commenc\u00e9 \u00e0 offrir des glaces et du lait. Cette initiative a attir\u00e9 l\u2019attention de la population et l\u2019espace est progressivement devenu un lieu de rencontre anim\u00e9, que les gens ont commenc\u00e9 \u00e0 se r\u00e9approprier et \u00e0 transformer en apportant leurs propres si\u00e8ges, plantes et jeux, afin de le rendre plus attrayant. Ainsi, au lieu d\u2019imposer un changement aux habitant\u00b7es, le conseil municipal a transform\u00e9 l\u2019espace public gr\u00e2ce \u00e0 l\u2019engagement et \u00e0 l\u2019imagination de tout le monde.<\/p>\n\n\n\n<p>Comme l\u2019illustre l\u2019exp\u00e9rience de la vache, la mobilisation citoyenne repose sur l\u2019identification et l\u2019engagement des chef\u00b7fes de file, qui ont la volont\u00e9 de prendre des risques et d\u2019initier le changement. C\u2019est comme lancer une soir\u00e9e dansante&nbsp;: on compte sur les plus intr\u00e9pides pour investir la piste de danse et commencer \u00e0 danser pour enfin voir na\u00eetre un mouvement collectif. Par ailleurs, offrir aux convives la possibilit\u00e9 de choisir la musique peut leur donner envie d\u2019aller se tr\u00e9mousser au rythme de leurs chansons pr\u00e9f\u00e9r\u00e9es.<\/p>\n\n\n\n<figure class=\"wp-block-image size-large\"><img loading=\"lazy\" width=\"1024\" height=\"768\" src=\"https:\/\/energy-cities.eu\/wp-content\/uploads\/2023\/11\/IMG_2370-1-1024x768.jpg\" alt=\"\" class=\"wp-image-73110\" srcset=\"https:\/\/energy-cities.eu\/wp-content\/uploads\/2023\/11\/IMG_2370-1-1024x768.jpg 1024w, https:\/\/energy-cities.eu\/wp-content\/uploads\/2023\/11\/IMG_2370-1-333x250.jpg 333w, https:\/\/energy-cities.eu\/wp-content\/uploads\/2023\/11\/IMG_2370-1-1536x1152.jpg 1536w, https:\/\/energy-cities.eu\/wp-content\/uploads\/2023\/11\/IMG_2370-1-2048x1536.jpg 2048w, https:\/\/energy-cities.eu\/wp-content\/uploads\/2023\/11\/IMG_2370-1-700x525.jpg 700w, https:\/\/energy-cities.eu\/wp-content\/uploads\/2023\/11\/IMG_2370-1-400x300.jpg 400w, https:\/\/energy-cities.eu\/wp-content\/uploads\/2023\/11\/IMG_2370-1-667x500.jpg 667w, https:\/\/energy-cities.eu\/wp-content\/uploads\/2023\/11\/IMG_2370-1-1200x900.jpg 1200w\" sizes=\"(max-width: 1024px) 100vw, 1024px\" \/><\/figure>\n\n\n\n<p>Nous pouvons tirer des le\u00e7ons pr\u00e9cieuses de ces deux&nbsp;exemples&nbsp;: pour mobiliser les gens et insuffler un changement, il est n\u00e9cessaire de mettre tout le monde sur un pied d\u2019\u00e9galit\u00e9 afin de garantir l\u2019inclusion, de favoriser une ambiance conviviale propice aux rencontres et de cr\u00e9er un sentiment d\u2019appartenance.<\/p>\n\n\n\n<p>Dans la pratique, les villes peuvent s\u2019inspirer des exp\u00e9riences mises en \u0153uvre par les \u00ab&nbsp;villes-mission&nbsp;\u00bb, des villes pionni\u00e8res qui visent la neutralit\u00e9 carbone \u00e0 l\u2019horizon&nbsp;2030 dans le cadre de la <a href=\"https:\/\/netzerocities.eu\/\">mission \u00ab&nbsp;villes neutres en carbone&nbsp;\u00bb de l\u2019UE<\/a>.<\/p>\n\n\n\n<p>La ville-mission de <strong>Bologne<\/strong>, par exemple, mobilise ses citoyen\u00b7nes \u00e0 travers des laboratoires de quartier et des assembl\u00e9es citoyennes, mais a \u00e9galement mis en place un r\u00f4le innovant d\u00e9di\u00e9 au d\u00e9veloppement de relations&nbsp;: l\u2019agent\u00b7e de proximit\u00e9. Son r\u00f4le consiste pr\u00e9cis\u00e9ment \u00e0 favoriser des liens semblables \u00e0 ceux que l\u2019on peut retrouver \u00e0 Ersilia&nbsp;: cr\u00e9er des relations entre diff\u00e9rents groupes sociaux au sein d\u2019un m\u00eame quartier et faciliter la communication autour des politiques vertes locales.<\/p>\n\n\n\n<p><strong>Amsterdam<\/strong>, une autre ville-mission, a \u00e9galement adopt\u00e9 des approches innovantes pour mobiliser ses citoyen\u00b7nes dans sa transition en exp\u00e9rimentant la th\u00e9orie du donut. En cr\u00e9ant des \u00ab&nbsp;donut deals&nbsp;\u00bb (sorte d\u2019ensemble d\u2019accords de coop\u00e9ration), la coop\u00e9rative Groene&nbsp;Hub mobilise les chef\u00b7fes de file d\u2019un quartier et cr\u00e9e des liens entre ces dernier\u00b7\u00e8res afin de trouver des solutions transversales \u00e0 des probl\u00e8mes communs.<\/p>\n\n\n\n<figure class=\"wp-block-image size-large\"><img loading=\"lazy\" width=\"1024\" height=\"768\" src=\"https:\/\/energy-cities.eu\/wp-content\/uploads\/2023\/11\/IMG_2393-1024x768.jpg\" alt=\"\" class=\"wp-image-73108\" srcset=\"https:\/\/energy-cities.eu\/wp-content\/uploads\/2023\/11\/IMG_2393-1024x768.jpg 1024w, https:\/\/energy-cities.eu\/wp-content\/uploads\/2023\/11\/IMG_2393-333x250.jpg 333w, https:\/\/energy-cities.eu\/wp-content\/uploads\/2023\/11\/IMG_2393-1536x1152.jpg 1536w, https:\/\/energy-cities.eu\/wp-content\/uploads\/2023\/11\/IMG_2393-2048x1536.jpg 2048w, https:\/\/energy-cities.eu\/wp-content\/uploads\/2023\/11\/IMG_2393-700x525.jpg 700w, https:\/\/energy-cities.eu\/wp-content\/uploads\/2023\/11\/IMG_2393-400x300.jpg 400w, https:\/\/energy-cities.eu\/wp-content\/uploads\/2023\/11\/IMG_2393-667x500.jpg 667w, https:\/\/energy-cities.eu\/wp-content\/uploads\/2023\/11\/IMG_2393-1200x900.jpg 1200w\" sizes=\"(max-width: 1024px) 100vw, 1024px\" \/><\/figure>\n\n\n\n<p><strong>D\u00e9cloisonner les administrations locales<\/strong><strong><\/strong><\/p>\n\n\n\n<p>Lors de l\u2019escale \u00e0 Ersilia, les voyageur\u00b7euses n\u2019ont pas seulement d\u00e9couvert comment tisser des liens avec et entre les r\u00e9sident\u00b7es, mais aussi comment cr\u00e9er des liens au sein de leur propre administration, pour \u00e9liminer le cloisonnement et susciter un changement. &nbsp;<\/p>\n\n\n\n<p><strong>Valence<\/strong> a entrepris un changement important dans sa gouvernance locale autour de sa feuille de route pour atteindre la neutralit\u00e9 carbone et les objectifs de sa mission. Toutes les deux&nbsp;semaines, la ville r\u00e9unit les membres de l\u2019ensemble des services et des agences lors de rencontres \u00ab&nbsp;journ\u00e9es mission&nbsp;\u00bb afin de les aligner sur les actions et les approches visant \u00e0 atteindre les objectifs de la mission.<\/p>\n\n\n\n<p>\u00c0 <strong>Florence<\/strong>, la Convention des maires a favoris\u00e9 la formation d\u2019une task-force flexible sur le climat, qui a vu le jour sous la forme d\u2019un groupe de travail en 2011. Compos\u00e9e de 11&nbsp;membres (et \u00e9volutive si besoin), cette task-force joue un r\u00f4le central dans la r\u00e9ponse aux d\u00e9fis pos\u00e9s par le climat. La direction de la ville utilise des outils pour suivre l\u2019avancement de son programme \u00e9nerg\u00e9tique, ce qui lui permet de mobiliser efficacement les parties prenantes en d\u00e9montrant l\u2019impact de ses actions.<\/p>\n\n\n\n<p><strong>Assen<\/strong>, sous l\u2019impulsion de la personne en charge de la strat\u00e9gie de la ville, \u0153uvre \u00e0 d\u00e9cloisonner ses services pour une int\u00e9gration globale de ses politiques. La municipalit\u00e9 a compris que le d\u00e9veloppement \u00e0 long terme n\u00e9cessitait un effort coordonn\u00e9, ce qui a conduit \u00e0 la cr\u00e9ation de ce r\u00f4le de strat\u00e8ge ind\u00e9pendant. La personne qui occupe ce r\u00f4le travaille \u00e0 l\u2019identification des personnes capables d\u2019encourager la collaboration entre les services, identifie les solutions employ\u00e9es dans un service qui pourraient r\u00e9soudre les probl\u00e8mes d\u2019un autre service, et combine les efforts afin de servir les int\u00e9r\u00eats de toutes et tous.<\/p>\n\n\n\n<p>Ces exp\u00e9riences mettent en exergue certains \u00e9l\u00e9ments fondamentaux n\u00e9cessaires pour tisser des relations solides au sein de votre administration locale&nbsp;:<\/p>\n\n\n\n<ol type=\"1\"><li><strong>Faire preuve de flexibilit\u00e9&nbsp;:<\/strong> trouvez un \u00e9quilibre harmonieux entre les structures formelles et informelles, en laissant place \u00e0 l\u2019adaptabilit\u00e9 et \u00e0 la cr\u00e9ativit\u00e9 dans les processus de gouvernance.<\/li><li><strong>D\u00e9finir un objectif clair&nbsp;:<\/strong> d\u00e9finissez une mission forte qui sensibilise les citoyen\u00b7nes et parties prenantes, et les incite \u00e0 s\u2019engager activement.<\/li><li><strong>Promouvoir l\u2019engagement politique \u00e0 long terme&nbsp;:<\/strong> veillez \u00e0 ce que les objectifs \u00e0 long terme fassent l\u2019objet d\u2019un d\u00e9vouement sans faille, en alignant l\u2019ensemble des membres de l\u2019administration sur une m\u00eame vision de la ville.<\/li><li><strong>Nommer un\u00b7e gestionnaire&nbsp;:<\/strong> cr\u00e9ez un espace d\u00e9di\u00e9 aux rencontres et \u00e0 l\u2019innovation en d\u00e9signant une personne qui se chargera de favoriser le d\u00e9cloisonnement et d\u2019encourager la collaboration au sein de cet espace libre.<\/li><li><strong>Commencer au niveau politique&nbsp;:<\/strong> commencez par \u00e9liminer les cloisonnements au niveau politique en faisant preuve d\u2019un esprit d\u2019initiative et d\u2019un engagement forts pour inspirer le changement dans l\u2019ensemble de l&rsquo;organisation.<\/li><\/ol>\n\n\n\n<figure class=\"wp-block-image size-large\"><img loading=\"lazy\" width=\"1024\" height=\"768\" src=\"https:\/\/energy-cities.eu\/wp-content\/uploads\/2023\/11\/IMG_2382-1024x768.jpg\" alt=\"\" class=\"wp-image-73093\" srcset=\"https:\/\/energy-cities.eu\/wp-content\/uploads\/2023\/11\/IMG_2382-1024x768.jpg 1024w, https:\/\/energy-cities.eu\/wp-content\/uploads\/2023\/11\/IMG_2382-333x250.jpg 333w, https:\/\/energy-cities.eu\/wp-content\/uploads\/2023\/11\/IMG_2382-1536x1152.jpg 1536w, https:\/\/energy-cities.eu\/wp-content\/uploads\/2023\/11\/IMG_2382-2048x1536.jpg 2048w, https:\/\/energy-cities.eu\/wp-content\/uploads\/2023\/11\/IMG_2382-700x525.jpg 700w, https:\/\/energy-cities.eu\/wp-content\/uploads\/2023\/11\/IMG_2382-400x300.jpg 400w, https:\/\/energy-cities.eu\/wp-content\/uploads\/2023\/11\/IMG_2382-667x500.jpg 667w, https:\/\/energy-cities.eu\/wp-content\/uploads\/2023\/11\/IMG_2382-1200x900.jpg 1200w\" sizes=\"(max-width: 1024px) 100vw, 1024px\" \/><\/figure>\n\n\n\n<h2>De nouveaux outils pour aider les villes dans leur d\u00e9marche vers la neutralit\u00e9 carbone<\/h2>\n\n\n\n<p>Ersilia nous a aussi montr\u00e9 comment un nouvel outil num\u00e9rique, l\u2019European City Calculator, peut cr\u00e9er des sc\u00e9narios pour aider les d\u00e9cisionnaires \u00e0 fa\u00e7onner des villes adapt\u00e9es aux enjeux de demain gr\u00e2ce \u00e0 une collaboration forte entre municipalit\u00e9s, ONG et parties prenantes concern\u00e9es.&nbsp;<\/p>\n\n\n\n<p>L\u2019<a href=\"https:\/\/europeancitycalculator.eu\/\">European City Calculator<\/a> permet de visualiser et de simuler des sc\u00e9narios de neutralit\u00e9 carbone tout en \u00e9valuant les compromis \u00e0 l\u2019aide de donn\u00e9es scientifiques pr\u00e9cises. D\u00e9but&nbsp;2024, un programme de formation sera mis en place afin de permettre aux autorit\u00e9s publiques de ma\u00eetriser cet outil Web en vue d\u2019une planification efficace de la strat\u00e9gie climatique des villes. Ce programme abordera des sujets tels que l\u2019engagement des parties prenantes locales, la prise de d\u00e9cisions \u00e9clair\u00e9es gr\u00e2ce \u00e0 l\u2019outil mis \u00e0 disposition et la contribution aux plans nationaux pour l\u2019\u00e9nergie et le climat (PNEC).<\/p>\n\n\n\n<p>Dijon M\u00e9tropole, l\u2019une des villes pilotes d\u2019EUCityCalc, a utilis\u00e9 l\u2019outil pour cr\u00e9er des sc\u00e9narios dans les secteurs du transport et de la construction. Les mesures test\u00e9es comprennent notamment la production d\u2019\u00e9nergie propre, l\u2019am\u00e9lioration de la gestion des d\u00e9chets et la mise en place de r\u00e9seaux de transports publics efficaces.<\/p>\n\n\n\n<p>D\u2019autres villes pilotes, <strong>Mantoue<\/strong>, <strong>Sesimbra<\/strong>, <strong>Palmela<\/strong> et <strong>Set\u00fabal<\/strong>, soulignent l\u2019importance de la collecte de donn\u00e9es pour identifier les d\u00e9fis li\u00e9s au climat et insistent sur la n\u00e9cessit\u00e9 de visualiser l\u2019impact des mesures envisag\u00e9es afin d\u2019\u00e9laborer des politiques qui auront une incidence directe sur les citoyen\u00b7nes en toute connaissance de cause. Gr\u00e2ce \u00e0 ce nouvel outil, les villes pilotes organisent des ateliers de co-cr\u00e9ation impliquant les parties prenantes concern\u00e9es dans le d\u00e9veloppement de leurs d\u00e9marches de d\u00e9carbonation.<\/p>\n\n\n\n<div class=\"wp-block-media-text alignwide is-stacked-on-mobile\"><figure class=\"wp-block-media-text__media\"><img loading=\"lazy\" width=\"815\" height=\"1024\" src=\"https:\/\/energy-cities.eu\/wp-content\/uploads\/2023\/09\/graftingcities_seperateimages_ersilia-815x1024.png\" alt=\"Ersilia, local governance at Energy Cities inspirational day in Modena, Grafting Cities, journey through Italo Calvino's invisible cities\" class=\"wp-image-71204 size-full\" srcset=\"https:\/\/energy-cities.eu\/wp-content\/uploads\/2023\/09\/graftingcities_seperateimages_ersilia-815x1024.png 815w, https:\/\/energy-cities.eu\/wp-content\/uploads\/2023\/09\/graftingcities_seperateimages_ersilia-199x250.png 199w, https:\/\/energy-cities.eu\/wp-content\/uploads\/2023\/09\/graftingcities_seperateimages_ersilia-1222x1536.png 1222w, https:\/\/energy-cities.eu\/wp-content\/uploads\/2023\/09\/graftingcities_seperateimages_ersilia-1629x2048.png 1629w, https:\/\/energy-cities.eu\/wp-content\/uploads\/2023\/09\/graftingcities_seperateimages_ersilia-557x700.png 557w, https:\/\/energy-cities.eu\/wp-content\/uploads\/2023\/09\/graftingcities_seperateimages_ersilia-239x300.png 239w, https:\/\/energy-cities.eu\/wp-content\/uploads\/2023\/09\/graftingcities_seperateimages_ersilia-398x500.png 398w, https:\/\/energy-cities.eu\/wp-content\/uploads\/2023\/09\/graftingcities_seperateimages_ersilia-716x900.png 716w, https:\/\/energy-cities.eu\/wp-content\/uploads\/2023\/09\/graftingcities_seperateimages_ersilia-700x880.png 700w\" sizes=\"(max-width: 815px) 100vw, 815px\" \/><\/figure><div class=\"wp-block-media-text__content\">\n<p class=\"has-text-align-center has-large-font-size\"><img loading=\"lazy\" width=\"200\" height=\"200\" class=\"wp-image-50429\" style=\"width: 100px;\" src=\"https:\/\/energy-cities.eu\/wp-content\/uploads\/2022\/06\/Icon-HUB-1.png\" alt=\"\" srcset=\"https:\/\/energy-cities.eu\/wp-content\/uploads\/2022\/06\/Icon-HUB-1.png 200w, https:\/\/energy-cities.eu\/wp-content\/uploads\/2022\/06\/Icon-HUB-1-150x150.png 150w\" sizes=\"(max-width: 200px) 100vw, 200px\" \/><\/p>\n\n\n\n<p class=\"has-text-align-center has-large-font-size\"><a href=\"https:\/\/energy-cities.eu\/fr\/explorer-d-autres-realites-pour-reinventer-nos-villes\/\">Explorer d&rsquo;autres r\u00e9alit\u00e9s pour r\u00e9inventer nos villes<\/a><\/p>\n<\/div><\/div>\n","protected":false},"excerpt":{"rendered":"<p>&nbsp;La ville d\u2019Ersilia, telle que d\u00e9crite dans le roman Les villes invisibles d\u2019Italo&nbsp;Calvino, est un lieu o\u00f9 les b\u00e2timents sont maintenus par les liens que <a href=\"https:\/\/energy-cities.eu\/fr\/tisser-des-liens-pour-lavenir-de-votre-ville-comme-a-ersilia\/\">[\u2026]<\/a><\/p>\n","protected":false},"author":62,"featured_media":73106,"comment_status":"open","ping_status":"open","sticky":false,"template":"","format":"standard","meta":{"advgb_blocks_editor_width":"","advgb_blocks_columns_visual_guide":"","ub_ctt_via":""},"categories":[4],"tags":[],"hub":[310],"topic":[82,102,108,109,361],"legislative_initiative":[],"document_type":[],"acf":[],"author_meta":{"display_name":"Allison Le Corre","author_link":"https:\/\/energy-cities.eu\/fr\/staff\/a-lecorre\/"},"featured_img":"https:\/\/energy-cities.eu\/wp-content\/uploads\/2023\/11\/2G9A2793-350x233.jpg","featured_image_src":"https:\/\/energy-cities.eu\/wp-content\/uploads\/2023\/11\/2G9A2793-scaled.jpg","author_info":{"display_name":"Allison Le Corre","author_link":"https:\/\/energy-cities.eu\/fr\/staff\/a-lecorre\/"},"yoast_head":"<!-- This site is optimized with the Yoast SEO plugin v18.8 - https:\/\/yoast.com\/wordpress\/plugins\/seo\/ -->\n<title>Tisser des liens pour l\u2019avenir de votre ville, comme \u00e0 Ersilia - Energy Cities<\/title>\n<meta name=\"robots\" content=\"index, follow, max-snippet:-1, max-image-preview:large, max-video-preview:-1\" \/>\n<link rel=\"canonical\" href=\"https:\/\/energy-cities.eu\/fr\/tisser-des-liens-pour-lavenir-de-votre-ville-comme-a-ersilia\/\" \/>\n<meta property=\"og:locale\" content=\"fr_FR\" \/>\n<meta property=\"og:type\" content=\"article\" \/>\n<meta property=\"og:title\" content=\"Tisser des liens pour l\u2019avenir de votre ville, comme \u00e0 Ersilia - Energy Cities\" \/>\n<meta property=\"og:description\" content=\"&nbsp;La ville d\u2019Ersilia, telle que d\u00e9crite dans le roman Les villes invisibles d\u2019Italo&nbsp;Calvino, est un lieu o\u00f9 les b\u00e2timents sont maintenus par les liens que [\u2026]\" \/>\n<meta property=\"og:url\" content=\"https:\/\/energy-cities.eu\/fr\/tisser-des-liens-pour-lavenir-de-votre-ville-comme-a-ersilia\/\" \/>\n<meta property=\"og:site_name\" content=\"Energy Cities\" \/>\n<meta property=\"article:publisher\" content=\"https:\/\/www.facebook.com\/energycities.eu\/\" \/>\n<meta property=\"article:published_time\" content=\"2023-11-23T10:53:35+00:00\" \/>\n<meta property=\"article:modified_time\" content=\"2023-11-23T10:59:35+00:00\" \/>\n<meta property=\"og:image\" content=\"https:\/\/energy-cities.eu\/wp-content\/uploads\/2023\/11\/2G9A2793-scaled.jpg\" \/>\n\t<meta property=\"og:image:width\" content=\"2560\" \/>\n\t<meta property=\"og:image:height\" content=\"1707\" \/>\n\t<meta property=\"og:image:type\" content=\"image\/jpeg\" \/>\n<meta name=\"twitter:card\" content=\"summary_large_image\" \/>\n<meta name=\"twitter:creator\" content=\"@b.karas\" \/>\n<meta name=\"twitter:site\" content=\"@energycities\" \/>\n<meta name=\"twitter:label1\" content=\"\u00c9crit par\" \/>\n\t<meta name=\"twitter:data1\" content=\"Allison Le Corre\" \/>\n\t<meta name=\"twitter:label2\" content=\"Dur\u00e9e de lecture estim\u00e9e\" \/>\n\t<meta name=\"twitter:data2\" content=\"8 minutes\" \/>\n<script type=\"application\/ld+json\" class=\"yoast-schema-graph\">{\"@context\":\"https:\/\/schema.org\",\"@graph\":[{\"@type\":\"Organization\",\"@id\":\"https:\/\/energy-cities.eu\/fr\/#organization\",\"name\":\"Energy Cities\",\"url\":\"https:\/\/energy-cities.eu\/fr\/\",\"sameAs\":[\"https:\/\/www.facebook.com\/energycities.eu\/\",\"https:\/\/www.youtube.com\/channel\/UChIHn2wF76JzuTbAjSMs0hQ\",\"https:\/\/fr.wikipedia.org\/wiki\/Energy_Cities\",\"https:\/\/twitter.com\/energycities\"],\"logo\":{\"@type\":\"ImageObject\",\"inLanguage\":\"fr-FR\",\"@id\":\"https:\/\/energy-cities.eu\/fr\/#\/schema\/logo\/image\/\",\"url\":\"https:\/\/energy-cities.eu\/wp-content\/uploads\/2019\/07\/energy-cities-couleur.jpg\",\"contentUrl\":\"https:\/\/energy-cities.eu\/wp-content\/uploads\/2019\/07\/energy-cities-couleur.jpg\",\"width\":3508,\"height\":2587,\"caption\":\"Energy Cities\"},\"image\":{\"@id\":\"https:\/\/energy-cities.eu\/fr\/#\/schema\/logo\/image\/\"}},{\"@type\":\"WebSite\",\"@id\":\"https:\/\/energy-cities.eu\/fr\/#website\",\"url\":\"https:\/\/energy-cities.eu\/fr\/\",\"name\":\"Energy Cities\",\"description\":\" The European learning community for future-proof cities\",\"publisher\":{\"@id\":\"https:\/\/energy-cities.eu\/fr\/#organization\"},\"potentialAction\":[{\"@type\":\"SearchAction\",\"target\":{\"@type\":\"EntryPoint\",\"urlTemplate\":\"https:\/\/energy-cities.eu\/fr\/?s={search_term_string}\"},\"query-input\":\"required name=search_term_string\"}],\"inLanguage\":\"fr-FR\"},{\"@type\":\"ImageObject\",\"inLanguage\":\"fr-FR\",\"@id\":\"https:\/\/energy-cities.eu\/fr\/tisser-des-liens-pour-lavenir-de-votre-ville-comme-a-ersilia\/#primaryimage\",\"url\":\"https:\/\/energy-cities.eu\/wp-content\/uploads\/2023\/11\/2G9A2793-scaled.jpg\",\"contentUrl\":\"https:\/\/energy-cities.eu\/wp-content\/uploads\/2023\/11\/2G9A2793-scaled.jpg\",\"width\":2560,\"height\":1707,\"caption\":\"Photo: Federico Marchi\"},{\"@type\":\"WebPage\",\"@id\":\"https:\/\/energy-cities.eu\/fr\/tisser-des-liens-pour-lavenir-de-votre-ville-comme-a-ersilia\/#webpage\",\"url\":\"https:\/\/energy-cities.eu\/fr\/tisser-des-liens-pour-lavenir-de-votre-ville-comme-a-ersilia\/\",\"name\":\"Tisser des liens pour l\u2019avenir de votre ville, comme \u00e0 Ersilia - Energy Cities\",\"isPartOf\":{\"@id\":\"https:\/\/energy-cities.eu\/fr\/#website\"},\"primaryImageOfPage\":{\"@id\":\"https:\/\/energy-cities.eu\/fr\/tisser-des-liens-pour-lavenir-de-votre-ville-comme-a-ersilia\/#primaryimage\"},\"datePublished\":\"2023-11-23T10:53:35+00:00\",\"dateModified\":\"2023-11-23T10:59:35+00:00\",\"breadcrumb\":{\"@id\":\"https:\/\/energy-cities.eu\/fr\/tisser-des-liens-pour-lavenir-de-votre-ville-comme-a-ersilia\/#breadcrumb\"},\"inLanguage\":\"fr-FR\",\"potentialAction\":[{\"@type\":\"ReadAction\",\"target\":[\"https:\/\/energy-cities.eu\/fr\/tisser-des-liens-pour-lavenir-de-votre-ville-comme-a-ersilia\/\"]}]},{\"@type\":\"BreadcrumbList\",\"@id\":\"https:\/\/energy-cities.eu\/fr\/tisser-des-liens-pour-lavenir-de-votre-ville-comme-a-ersilia\/#breadcrumb\",\"itemListElement\":[{\"@type\":\"ListItem\",\"position\":1,\"name\":\"Home\",\"item\":\"https:\/\/energy-cities.eu\/fr\/nous-sommes-un-reseau-europeen-blabla\/\"},{\"@type\":\"ListItem\",\"position\":2,\"name\":\"Tisser des liens pour l\u2019avenir de votre ville, comme \u00e0 Ersilia\"}]},{\"@type\":\"Article\",\"@id\":\"https:\/\/energy-cities.eu\/fr\/tisser-des-liens-pour-lavenir-de-votre-ville-comme-a-ersilia\/#article\",\"isPartOf\":{\"@id\":\"https:\/\/energy-cities.eu\/fr\/tisser-des-liens-pour-lavenir-de-votre-ville-comme-a-ersilia\/#webpage\"},\"author\":{\"@id\":\"https:\/\/energy-cities.eu\/fr\/#\/schema\/person\/4f710c8b7df0a4884b6dcfe26eb8af52\"},\"headline\":\"Tisser des liens pour l\u2019avenir de votre ville, comme \u00e0 Ersilia\",\"datePublished\":\"2023-11-23T10:53:35+00:00\",\"dateModified\":\"2023-11-23T10:59:35+00:00\",\"mainEntityOfPage\":{\"@id\":\"https:\/\/energy-cities.eu\/fr\/tisser-des-liens-pour-lavenir-de-votre-ville-comme-a-ersilia\/#webpage\"},\"wordCount\":1568,\"commentCount\":0,\"publisher\":{\"@id\":\"https:\/\/energy-cities.eu\/fr\/#organization\"},\"image\":{\"@id\":\"https:\/\/energy-cities.eu\/fr\/tisser-des-liens-pour-lavenir-de-votre-ville-comme-a-ersilia\/#primaryimage\"},\"thumbnailUrl\":\"https:\/\/energy-cities.eu\/wp-content\/uploads\/2023\/11\/2G9A2793-scaled.jpg\",\"articleSection\":[\"Actualit\u00e9s\"],\"inLanguage\":\"fr-FR\",\"potentialAction\":[{\"@type\":\"CommentAction\",\"name\":\"Comment\",\"target\":[\"https:\/\/energy-cities.eu\/fr\/tisser-des-liens-pour-lavenir-de-votre-ville-comme-a-ersilia\/#respond\"]}]},{\"@type\":\"Person\",\"@id\":\"https:\/\/energy-cities.eu\/fr\/#\/schema\/person\/4f710c8b7df0a4884b6dcfe26eb8af52\",\"name\":\"Allison Le Corre\",\"image\":{\"@type\":\"ImageObject\",\"inLanguage\":\"fr-FR\",\"@id\":\"https:\/\/energy-cities.eu\/fr\/#\/schema\/person\/image\/\",\"url\":\"https:\/\/secure.gravatar.com\/avatar\/2e7e85b59cb6a800ec7893fb0a311440?s=96&d=mm&r=g\",\"contentUrl\":\"https:\/\/secure.gravatar.com\/avatar\/2e7e85b59cb6a800ec7893fb0a311440?s=96&d=mm&r=g\",\"caption\":\"Allison Le Corre\"},\"sameAs\":[\"https:\/\/twitter.com\/b.karas\"],\"url\":\"https:\/\/energy-cities.eu\/fr\/staff\/a-lecorre\/\"}]}<\/script>\n<!-- \/ Yoast SEO plugin. -->","yoast_head_json":{"title":"Tisser des liens pour l\u2019avenir de votre ville, comme \u00e0 Ersilia - Energy Cities","robots":{"index":"index","follow":"follow","max-snippet":"max-snippet:-1","max-image-preview":"max-image-preview:large","max-video-preview":"max-video-preview:-1"},"canonical":"https:\/\/energy-cities.eu\/fr\/tisser-des-liens-pour-lavenir-de-votre-ville-comme-a-ersilia\/","og_locale":"fr_FR","og_type":"article","og_title":"Tisser des liens pour l\u2019avenir de votre ville, comme \u00e0 Ersilia - Energy Cities","og_description":"&nbsp;La ville d\u2019Ersilia, telle que d\u00e9crite dans le roman Les villes invisibles d\u2019Italo&nbsp;Calvino, est un lieu o\u00f9 les b\u00e2timents sont maintenus par les liens que [\u2026]","og_url":"https:\/\/energy-cities.eu\/fr\/tisser-des-liens-pour-lavenir-de-votre-ville-comme-a-ersilia\/","og_site_name":"Energy Cities","article_publisher":"https:\/\/www.facebook.com\/energycities.eu\/","article_published_time":"2023-11-23T10:53:35+00:00","article_modified_time":"2023-11-23T10:59:35+00:00","og_image":[{"width":2560,"height":1707,"url":"https:\/\/energy-cities.eu\/wp-content\/uploads\/2023\/11\/2G9A2793-scaled.jpg","type":"image\/jpeg"}],"twitter_card":"summary_large_image","twitter_creator":"@b.karas","twitter_site":"@energycities","twitter_misc":{"\u00c9crit par":"Allison Le Corre","Dur\u00e9e de lecture estim\u00e9e":"8 minutes"},"schema":{"@context":"https:\/\/schema.org","@graph":[{"@type":"Organization","@id":"https:\/\/energy-cities.eu\/fr\/#organization","name":"Energy Cities","url":"https:\/\/energy-cities.eu\/fr\/","sameAs":["https:\/\/www.facebook.com\/energycities.eu\/","https:\/\/www.youtube.com\/channel\/UChIHn2wF76JzuTbAjSMs0hQ","https:\/\/fr.wikipedia.org\/wiki\/Energy_Cities","https:\/\/twitter.com\/energycities"],"logo":{"@type":"ImageObject","inLanguage":"fr-FR","@id":"https:\/\/energy-cities.eu\/fr\/#\/schema\/logo\/image\/","url":"https:\/\/energy-cities.eu\/wp-content\/uploads\/2019\/07\/energy-cities-couleur.jpg","contentUrl":"https:\/\/energy-cities.eu\/wp-content\/uploads\/2019\/07\/energy-cities-couleur.jpg","width":3508,"height":2587,"caption":"Energy Cities"},"image":{"@id":"https:\/\/energy-cities.eu\/fr\/#\/schema\/logo\/image\/"}},{"@type":"WebSite","@id":"https:\/\/energy-cities.eu\/fr\/#website","url":"https:\/\/energy-cities.eu\/fr\/","name":"Energy Cities","description":" The European learning community for future-proof cities","publisher":{"@id":"https:\/\/energy-cities.eu\/fr\/#organization"},"potentialAction":[{"@type":"SearchAction","target":{"@type":"EntryPoint","urlTemplate":"https:\/\/energy-cities.eu\/fr\/?s={search_term_string}"},"query-input":"required name=search_term_string"}],"inLanguage":"fr-FR"},{"@type":"ImageObject","inLanguage":"fr-FR","@id":"https:\/\/energy-cities.eu\/fr\/tisser-des-liens-pour-lavenir-de-votre-ville-comme-a-ersilia\/#primaryimage","url":"https:\/\/energy-cities.eu\/wp-content\/uploads\/2023\/11\/2G9A2793-scaled.jpg","contentUrl":"https:\/\/energy-cities.eu\/wp-content\/uploads\/2023\/11\/2G9A2793-scaled.jpg","width":2560,"height":1707,"caption":"Photo: Federico Marchi"},{"@type":"WebPage","@id":"https:\/\/energy-cities.eu\/fr\/tisser-des-liens-pour-lavenir-de-votre-ville-comme-a-ersilia\/#webpage","url":"https:\/\/energy-cities.eu\/fr\/tisser-des-liens-pour-lavenir-de-votre-ville-comme-a-ersilia\/","name":"Tisser des liens pour l\u2019avenir de votre ville, comme \u00e0 Ersilia - Energy Cities","isPartOf":{"@id":"https:\/\/energy-cities.eu\/fr\/#website"},"primaryImageOfPage":{"@id":"https:\/\/energy-cities.eu\/fr\/tisser-des-liens-pour-lavenir-de-votre-ville-comme-a-ersilia\/#primaryimage"},"datePublished":"2023-11-23T10:53:35+00:00","dateModified":"2023-11-23T10:59:35+00:00","breadcrumb":{"@id":"https:\/\/energy-cities.eu\/fr\/tisser-des-liens-pour-lavenir-de-votre-ville-comme-a-ersilia\/#breadcrumb"},"inLanguage":"fr-FR","potentialAction":[{"@type":"ReadAction","target":["https:\/\/energy-cities.eu\/fr\/tisser-des-liens-pour-lavenir-de-votre-ville-comme-a-ersilia\/"]}]},{"@type":"BreadcrumbList","@id":"https:\/\/energy-cities.eu\/fr\/tisser-des-liens-pour-lavenir-de-votre-ville-comme-a-ersilia\/#breadcrumb","itemListElement":[{"@type":"ListItem","position":1,"name":"Home","item":"https:\/\/energy-cities.eu\/fr\/nous-sommes-un-reseau-europeen-blabla\/"},{"@type":"ListItem","position":2,"name":"Tisser des liens pour l\u2019avenir de votre ville, comme \u00e0 Ersilia"}]},{"@type":"Article","@id":"https:\/\/energy-cities.eu\/fr\/tisser-des-liens-pour-lavenir-de-votre-ville-comme-a-ersilia\/#article","isPartOf":{"@id":"https:\/\/energy-cities.eu\/fr\/tisser-des-liens-pour-lavenir-de-votre-ville-comme-a-ersilia\/#webpage"},"author":{"@id":"https:\/\/energy-cities.eu\/fr\/#\/schema\/person\/4f710c8b7df0a4884b6dcfe26eb8af52"},"headline":"Tisser des liens pour l\u2019avenir de votre ville, comme \u00e0 Ersilia","datePublished":"2023-11-23T10:53:35+00:00","dateModified":"2023-11-23T10:59:35+00:00","mainEntityOfPage":{"@id":"https:\/\/energy-cities.eu\/fr\/tisser-des-liens-pour-lavenir-de-votre-ville-comme-a-ersilia\/#webpage"},"wordCount":1568,"commentCount":0,"publisher":{"@id":"https:\/\/energy-cities.eu\/fr\/#organization"},"image":{"@id":"https:\/\/energy-cities.eu\/fr\/tisser-des-liens-pour-lavenir-de-votre-ville-comme-a-ersilia\/#primaryimage"},"thumbnailUrl":"https:\/\/energy-cities.eu\/wp-content\/uploads\/2023\/11\/2G9A2793-scaled.jpg","articleSection":["Actualit\u00e9s"],"inLanguage":"fr-FR","potentialAction":[{"@type":"CommentAction","name":"Comment","target":["https:\/\/energy-cities.eu\/fr\/tisser-des-liens-pour-lavenir-de-votre-ville-comme-a-ersilia\/#respond"]}]},{"@type":"Person","@id":"https:\/\/energy-cities.eu\/fr\/#\/schema\/person\/4f710c8b7df0a4884b6dcfe26eb8af52","name":"Allison Le Corre","image":{"@type":"ImageObject","inLanguage":"fr-FR","@id":"https:\/\/energy-cities.eu\/fr\/#\/schema\/person\/image\/","url":"https:\/\/secure.gravatar.com\/avatar\/2e7e85b59cb6a800ec7893fb0a311440?s=96&d=mm&r=g","contentUrl":"https:\/\/secure.gravatar.com\/avatar\/2e7e85b59cb6a800ec7893fb0a311440?s=96&d=mm&r=g","caption":"Allison Le Corre"},"sameAs":["https:\/\/twitter.com\/b.karas"],"url":"https:\/\/energy-cities.eu\/fr\/staff\/a-lecorre\/"}]}},"coauthors":[],"tax_additional":{"categories":{"linked":["<a href=\"https:\/\/energy-cities.eu\/fr\/category\/actualites\/\" class=\"advgb-post-tax-term\">Actualit\u00e9s<\/a>"],"unlinked":["<span class=\"advgb-post-tax-term\">Actualit\u00e9s<\/span>"]}},"comment_count":"0","relative_dates":{"created":"Publi\u00e9 2 ans il y a","modified":"Mis \u00e0 jour 2 ans il y a"},"absolute_dates":{"created":"Publi\u00e9 le 23 novembre 2023","modified":"Mise \u00e0 jour le 23 novembre 2023"},"absolute_dates_time":{"created":"Publi\u00e9 le 23 novembre 2023 11:53  ","modified":"Mise \u00e0 jour le 23 novembre 2023 11:59  "},"featured_img_caption":"Photo: Federico Marchi","_links":{"self":[{"href":"https:\/\/energy-cities.eu\/fr\/wp-json\/wp\/v2\/posts\/73191"}],"collection":[{"href":"https:\/\/energy-cities.eu\/fr\/wp-json\/wp\/v2\/posts"}],"about":[{"href":"https:\/\/energy-cities.eu\/fr\/wp-json\/wp\/v2\/types\/post"}],"author":[{"embeddable":true,"href":"https:\/\/energy-cities.eu\/fr\/wp-json\/wp\/v2\/users\/62"}],"replies":[{"embeddable":true,"href":"https:\/\/energy-cities.eu\/fr\/wp-json\/wp\/v2\/comments?post=73191"}],"version-history":[{"count":4,"href":"https:\/\/energy-cities.eu\/fr\/wp-json\/wp\/v2\/posts\/73191\/revisions"}],"predecessor-version":[{"id":73196,"href":"https:\/\/energy-cities.eu\/fr\/wp-json\/wp\/v2\/posts\/73191\/revisions\/73196"}],"wp:featuredmedia":[{"embeddable":true,"href":"https:\/\/energy-cities.eu\/fr\/wp-json\/wp\/v2\/media\/73106"}],"wp:attachment":[{"href":"https:\/\/energy-cities.eu\/fr\/wp-json\/wp\/v2\/media?parent=73191"}],"wp:term":[{"taxonomy":"category","embeddable":true,"href":"https:\/\/energy-cities.eu\/fr\/wp-json\/wp\/v2\/categories?post=73191"},{"taxonomy":"post_tag","embeddable":true,"href":"https:\/\/energy-cities.eu\/fr\/wp-json\/wp\/v2\/tags?post=73191"},{"taxonomy":"hub","embeddable":true,"href":"https:\/\/energy-cities.eu\/fr\/wp-json\/wp\/v2\/hub?post=73191"},{"taxonomy":"topic","embeddable":true,"href":"https:\/\/energy-cities.eu\/fr\/wp-json\/wp\/v2\/topic?post=73191"},{"taxonomy":"legislative_initiative","embeddable":true,"href":"https:\/\/energy-cities.eu\/fr\/wp-json\/wp\/v2\/legislative_initiative?post=73191"},{"taxonomy":"document_type","embeddable":true,"href":"https:\/\/energy-cities.eu\/fr\/wp-json\/wp\/v2\/document_type?post=73191"}],"curies":[{"name":"wp","href":"https:\/\/api.w.org\/{rel}","templated":true}]}}