{"id":73487,"date":"2023-12-18T10:23:23","date_gmt":"2023-12-18T09:23:23","guid":{"rendered":"https:\/\/energy-cities.eu\/?p=73487"},"modified":"2023-12-19T11:16:37","modified_gmt":"2023-12-19T10:16:37","slug":"grenoble-le-service-public-a-lheure-de-la-sobriete","status":"publish","type":"post","link":"https:\/\/energy-cities.eu\/fr\/grenoble-le-service-public-a-lheure-de-la-sobriete\/","title":{"rendered":"Grenoble \u2013 Le service public \u00e0 l\u2019heure de la sobri\u00e9t\u00e9"},"content":{"rendered":"\n<p><em>Cet article est issu d\u2019un entretien avec <strong>Vincent Fristot<\/strong>, Adjoint Finances et Comptabilit\u00e9 \u00e9cologique, transition \u00e9nerg\u00e9tique \u00e0 Grenoble en septembre 2023. <\/em><\/p>\n\n\n\n<p><em>Il a \u00e9t\u00e9 rendu possible gr\u00e2ce au soutien financier de l\u2019ADEM<\/em>E.<\/p>\n\n\n\n<hr class=\"wp-block-separator has-text-color has-background has-white-background-color has-white-color\"\/>\n\n\n\n<p class=\"has-large-font-size light-yellow-message\"><strong><strong>De la sobri\u00e9t\u00e9 sectorielle \u00e0 la sobri\u00e9t\u00e9 g\u00e9n\u00e9ralis\u00e9e<\/strong><\/strong><\/p>\n\n\n\n<p>Partout en Europe, la crise \u00e9nerg\u00e9tique a mis la sobri\u00e9t\u00e9 au go\u00fbt du jour. A <strong>Grenoble<\/strong>, ville qui incarne l\u2019<strong>\u00e9cologie citoyenne depuis 2014<\/strong>, la crise a \u00e9t\u00e9 l\u2019occasion de passer d\u2019une sobri\u00e9t\u00e9 sectorielle \u00e0 une sobri\u00e9t\u00e9 g\u00e9n\u00e9ralis\u00e9e.<\/p>\n\n\n\n<blockquote class=\"wp-block-quote\"><p>\u00ab&nbsp;La crise [\u00e9nerg\u00e9tique] a d\u00e9clench\u00e9 une sobri\u00e9t\u00e9 g\u00e9n\u00e9ralis\u00e9e&nbsp;\u00bb &#8211; Vincent Fristot<\/p><\/blockquote>\n\n\n\n<p>Jusque-l\u00e0, les mesures de sobri\u00e9t\u00e9 concernaient principalement l\u2019\u00e9nergie, et notamment l\u2019\u00e9clairage public. <strong>Les diverses mesures mises en place par la municipalit\u00e9 (baisse de la temp\u00e9rature int\u00e9rieure, climatisation \u00e0 la demande\u2026) ont permis d\u2019\u00e9conomiser 1 million d\u2019euros<\/strong>. Vincent Fristot souligne que la mise en place de ces mesures n\u2019a demand\u00e9 que peu d\u2019investissements financiers.<\/p>\n\n\n\n<p>Mais la contrainte \u00e9conomique n\u2019a pas \u00e9t\u00e9 la seule motivation. En effet, la crise \u00e9nerg\u00e9tique s\u2019est r\u00e9v\u00e9l\u00e9e \u00eatre une v\u00e9ritable opportunit\u00e9 pour d\u00e9ployer de nouvelles politiques de sobri\u00e9t\u00e9 structurelles. L\u2019\u00e9vidence de la raret\u00e9 de certaines ressources (eau, \u00e9nergie\u2026) ont favoris\u00e9 l\u2019acceptation et l\u2019engagement de tous les acteurs, dont les citoyens.<\/p>\n\n\n\n<hr class=\"wp-block-separator has-text-color has-background has-white-background-color has-white-color\"\/>\n\n\n\n<p class=\"has-large-font-size light-yellow-message\"><strong><strong>Gouverner la sobri\u00e9t\u00e9<\/strong><\/strong><\/p>\n\n\n\n<p>La mise \u00e0 l\u2019agenda de la sobri\u00e9t\u00e9 a modifi\u00e9 la mani\u00e8re dont la ville de Grenoble travaille en interne. La transversalit\u00e9 est devenue le maitre mot. La ville a cr\u00e9\u00e9 de <strong>nouveaux postes transversaux pour la mise en place et l\u2019\u00e9valuation des politiques de sobri\u00e9t\u00e9<\/strong>, pour favoriser l\u2019innovation dans ce domaine et pour accompagner les associations. Les agents municipaux ont aussi \u00e9t\u00e9 fortement impliqu\u00e9s. Une commission \u00ab&nbsp;Coordination, Anticipation et R\u00e9ponse \u00e0 la crise Energ\u00e9tique&nbsp;\u00bb (CARE), a \u00e9t\u00e9 mise en place avec le directeur g\u00e9n\u00e9ral des services et les adjoints rattach\u00e9s aux ressources humaines et aux finances. Le suivi et l\u2019\u00e9valuation des politiques de sobri\u00e9t\u00e9 se fait donc au plus haut niveau de la commune.&nbsp;<\/p>\n\n\n\n<hr class=\"wp-block-separator has-text-color has-background has-white-background-color has-white-color\"\/>\n\n\n\n<p class=\"has-large-font-size light-yellow-message\"><strong>\u00ab&nbsp;Grenoble 2040&nbsp;\u00bb une d\u00e9marche de redirection \u00e9cologique<\/strong><\/p>\n\n\n\n<p>La ville de Grenoble a souhait\u00e9 tirer les le\u00e7ons des crises pass\u00e9es (COVID-19, crise \u00e9nerg\u00e9tique\u2026) pour anticiper les crises futures et renforcer sa r\u00e9silience. Depuis 2021 la ville a entam\u00e9 une d\u00e9marche nomm\u00e9e \u00ab&nbsp;<a href=\"https:\/\/www.grenoble.fr\/2852-grenoble-2040.htm\" target=\"_blank\" rel=\"noreferrer noopener\">Grenoble 2040&nbsp;<\/a>\u00bb pour d\u00e9finir ce \u00e0 quoi pourrait ressembler une ville de demain, d\u00e9sirable et sobre. Cette d\u00e9marche collaborative am\u00e8ne la ville \u00e0 <strong>discuter avec les citoyens des changements \u00e0 mener dans les services publics<\/strong>. Elle s\u2019appuie notamment sur le mod\u00e8le du donut, th\u00e9oris\u00e9 par Kate Raworth, qui am\u00e8ne \u00e0 d\u00e9finir un espace s\u00fbr et juste pour l\u2019humanit\u00e9 respectant un plafond environnemental, les limites plan\u00e9taires, et un plancher social. Dans l\u2019optique de red\u00e9finir les trajectoires \u00e0 emprunter, la ville a mis en place des \u00ab<strong>&nbsp;ateliers de redirection \u00e9cologique<\/strong>&nbsp;\u00bb en collaboration avec des citoyens tir\u00e9.es au sort. Le r\u00e9sultat de ces ateliers est une feuille de route qui d\u00e9finit pour chaque domaine (transports, espaces verts, consommation\u2026) ce qu\u2019il faut abandonner, ce qu\u2019il faut garder et ce qu\u2019il faut modifier ou commencer. Cette feuille de route sert aujourd\u2019hui de cap pour la redirection \u00e9cologique \u00e0 la ville de Grenoble.<\/p>\n\n\n\n<blockquote class=\"wp-block-quote\"><p>\u00ab&nbsp;Il faut d\u00e9velopper des <strong>services publics r\u00e9silients<\/strong> avec des ressources en r\u00e9duction, cela impose de faire des choix et peut-\u00eatre de renoncer \u00e0 certaines choses. Le renoncement c\u2019est <strong>red\u00e9finir ensemble les missions prioritaires<\/strong> avec parfois d\u2019autres fa\u00e7ons de faire. \u00bb &#8211; Vincent Fristot<\/p><\/blockquote>\n\n\n\n<hr class=\"wp-block-separator has-text-color has-background has-white-background-color has-white-color\"\/>\n\n\n\n<p class=\"has-large-font-size light-yellow-message\"><strong><strong>Inventer des services publics sobres<\/strong><\/strong><\/p>\n\n\n\n<p>Concr\u00e8tement qu\u2019est-ce que cela change pour la ville de Grenoble&nbsp;?<\/p>\n\n\n\n<p>Cette redirection \u00e9cologique am\u00e8ne Grenoble \u00e0 modifier ses arbitrages. La municipalit\u00e9 a d\u00e9cid\u00e9 de fusionner deux projets voisins&nbsp;: celui d\u2019une nouvelle \u00e9cole et d\u2019une maison de quartier. <strong>La ville a construit l\u2019\u00e9cole Simone Lagrange en pr\u00e9voyant des salles et espaces d\u00e9di\u00e9s aux activit\u00e9s de la maison de quartier<\/strong>. Cet exemple de sobri\u00e9t\u00e9 fonci\u00e8re a \u00e9t\u00e9 syst\u00e9matis\u00e9 par la ville. La commission qui s\u2019occupe de l\u2019affectation des locaux aux associations doit aujourd\u2019hui toujours chercher \u00e0 maximiser les usages.<\/p>\n\n\n\n<p>Un deuxi\u00e8me exemple, celui des piscines, illustre comment la redirection \u00e9cologique rime aussi avec planification et anticipation de la rar\u00e9faction des ressources. En effet, la ville r\u00e9fl\u00e9chit \u00e0 l\u2019avenir de ses piscines municipales, des infrastructures qui consomment beaucoup d\u2019eau et d\u2019\u00e9nergie mais qui jouent un r\u00f4le crucial en permettant \u00e0 chaque citoyen d&rsquo;apprendre \u00e0 nager. En suivant la feuille de route des ateliers de redirection, Grenoble cherche d\u00e9sormais des solutions pour faciliter l&rsquo;acc\u00e8s \u00e0 un lieu de baignade avec un projet de lac ou sur les rivi\u00e8res du territoire.<\/p>\n\n\n\n<p>L\u2019exemple de <strong>Grenoble montre comment une ville peut mettre la sobri\u00e9t\u00e9 tout en haut de son agenda politique<\/strong>. Loin de d\u00e9fendre un retour en arri\u00e8re, la redirection \u00e9cologique vers une ville sobre implique de collaborer \u00e9troitement avec tous les acteurs, des agents municipaux aux citoyens et de red\u00e9finir les priorit\u00e9s.&nbsp;<\/p>\n\n\n\n<hr class=\"wp-block-separator has-text-color has-background has-white-background-color has-white-color\"\/>\n\n\n\n<hr class=\"wp-block-separator has-text-color has-background has-white-background-color has-white-color\"\/>\n\n\n\n<p>Vous voulez mieux comprendre la sobri\u00e9t\u00e9, ce qui la distingue de l\u2019efficacit\u00e9&nbsp;et d\u00e9couvrir le mod\u00e8le du Donut ? Lisez notre glossaire <a href=\"https:\/\/energy-cities.eu\/fr\/publication\/glossaire-evolutif-pour-une-economie-locale-juste-et-econome-en-ressources\/\">\u00ab&nbsp;D\u00e9coder la sobri\u00e9t\u00e9&nbsp;\u00bb<\/a><\/p>\n\n\n\n<p>Vous voulez en savoir plus sur ce que les villes europ\u00e9ennes mettent en place en termes de sobri\u00e9t\u00e9 et comment l\u2019Union Europ\u00e9enne peut les soutenir\u00a0? Lisez notre dernier papier <a href=\"https:\/\/energy-cities.eu\/publication\/sufficiency-the-missing-pillar-for-a-resource-wise-europe\/\">\u00ab<\/a><a href=\"https:\/\/energy-cities.eu\/publication\/sufficiency-the-missing-pillar-for-a-resource-wise-europe\/\" target=\"_blank\" rel=\"noreferrer noopener\">\u00a0Sobri\u00e9t\u00e9 : le pilier manquant pour une Europe \u00e9conome en ressources \u00bb.<\/a><\/p>\n","protected":false},"excerpt":{"rendered":"<p>Cet article est issu d\u2019un entretien avec Vincent Fristot, Adjoint Finances et Comptabilit\u00e9 \u00e9cologique, transition \u00e9nerg\u00e9tique \u00e0 Grenoble en septembre 2023. Il a \u00e9t\u00e9 rendu <a href=\"https:\/\/energy-cities.eu\/fr\/grenoble-le-service-public-a-lheure-de-la-sobriete\/\">[\u2026]<\/a><\/p>\n","protected":false},"author":74,"featured_media":73483,"comment_status":"open","ping_status":"open","sticky":false,"template":"","format":"standard","meta":{"advgb_blocks_editor_width":"","advgb_blocks_columns_visual_guide":"","ub_ctt_via":""},"categories":[4],"tags":[514],"hub":[309],"topic":[344,365,376,418,438],"legislative_initiative":[],"document_type":[],"acf":[],"author_meta":{"display_name":"Simona Aronica","author_link":"https:\/\/energy-cities.eu\/fr\/staff\/s-aronica\/"},"featured_img":"https:\/\/energy-cities.eu\/wp-content\/uploads\/2023\/12\/fabe-collage-diqJhQtHHNk-unsplash-350x234.jpg","featured_image_src":"https:\/\/energy-cities.eu\/wp-content\/uploads\/2023\/12\/fabe-collage-diqJhQtHHNk-unsplash-scaled.jpg","author_info":{"display_name":"Simona Aronica","author_link":"https:\/\/energy-cities.eu\/fr\/staff\/s-aronica\/"},"yoast_head":"<!-- This site is optimized with the Yoast SEO plugin v18.8 - https:\/\/yoast.com\/wordpress\/plugins\/seo\/ -->\n<title>Grenoble \u2013 Le service public \u00e0 l\u2019heure de la sobri\u00e9t\u00e9 - Energy Cities<\/title>\n<meta name=\"robots\" content=\"index, follow, max-snippet:-1, max-image-preview:large, max-video-preview:-1\" \/>\n<link rel=\"canonical\" href=\"https:\/\/energy-cities.eu\/fr\/grenoble-le-service-public-a-lheure-de-la-sobriete\/\" \/>\n<meta property=\"og:locale\" content=\"fr_FR\" \/>\n<meta property=\"og:type\" content=\"article\" \/>\n<meta property=\"og:title\" content=\"Grenoble \u2013 Le service public \u00e0 l\u2019heure de la sobri\u00e9t\u00e9 - Energy Cities\" \/>\n<meta property=\"og:description\" content=\"Cet article est issu d\u2019un entretien avec Vincent Fristot, Adjoint Finances et Comptabilit\u00e9 \u00e9cologique, transition \u00e9nerg\u00e9tique \u00e0 Grenoble en septembre 2023. Il a \u00e9t\u00e9 rendu [\u2026]\" \/>\n<meta property=\"og:url\" content=\"https:\/\/energy-cities.eu\/fr\/grenoble-le-service-public-a-lheure-de-la-sobriete\/\" \/>\n<meta property=\"og:site_name\" content=\"Energy Cities\" \/>\n<meta property=\"article:publisher\" content=\"https:\/\/www.facebook.com\/energycities.eu\/\" \/>\n<meta property=\"article:published_time\" content=\"2023-12-18T09:23:23+00:00\" \/>\n<meta property=\"article:modified_time\" content=\"2023-12-19T10:16:37+00:00\" \/>\n<meta property=\"og:image\" content=\"https:\/\/energy-cities.eu\/wp-content\/uploads\/2023\/12\/fabe-collage-diqJhQtHHNk-unsplash-scaled.jpg\" \/>\n\t<meta property=\"og:image:width\" content=\"2560\" \/>\n\t<meta property=\"og:image:height\" content=\"1709\" \/>\n\t<meta property=\"og:image:type\" content=\"image\/jpeg\" \/>\n<meta name=\"twitter:card\" content=\"summary_large_image\" \/>\n<meta name=\"twitter:creator\" content=\"@b.karas\" \/>\n<meta name=\"twitter:site\" content=\"@energycities\" \/>\n<meta name=\"twitter:label1\" content=\"\u00c9crit par\" \/>\n\t<meta name=\"twitter:data1\" content=\"Simona Aronica\" \/>\n\t<meta name=\"twitter:label2\" content=\"Dur\u00e9e de lecture estim\u00e9e\" \/>\n\t<meta name=\"twitter:data2\" content=\"4 minutes\" \/>\n<script type=\"application\/ld+json\" class=\"yoast-schema-graph\">{\"@context\":\"https:\/\/schema.org\",\"@graph\":[{\"@type\":\"Organization\",\"@id\":\"https:\/\/energy-cities.eu\/fr\/#organization\",\"name\":\"Energy Cities\",\"url\":\"https:\/\/energy-cities.eu\/fr\/\",\"sameAs\":[\"https:\/\/www.facebook.com\/energycities.eu\/\",\"https:\/\/www.youtube.com\/channel\/UChIHn2wF76JzuTbAjSMs0hQ\",\"https:\/\/fr.wikipedia.org\/wiki\/Energy_Cities\",\"https:\/\/twitter.com\/energycities\"],\"logo\":{\"@type\":\"ImageObject\",\"inLanguage\":\"fr-FR\",\"@id\":\"https:\/\/energy-cities.eu\/fr\/#\/schema\/logo\/image\/\",\"url\":\"https:\/\/energy-cities.eu\/wp-content\/uploads\/2019\/07\/energy-cities-couleur.jpg\",\"contentUrl\":\"https:\/\/energy-cities.eu\/wp-content\/uploads\/2019\/07\/energy-cities-couleur.jpg\",\"width\":3508,\"height\":2587,\"caption\":\"Energy Cities\"},\"image\":{\"@id\":\"https:\/\/energy-cities.eu\/fr\/#\/schema\/logo\/image\/\"}},{\"@type\":\"WebSite\",\"@id\":\"https:\/\/energy-cities.eu\/fr\/#website\",\"url\":\"https:\/\/energy-cities.eu\/fr\/\",\"name\":\"Energy Cities\",\"description\":\" The European learning community for future-proof cities\",\"publisher\":{\"@id\":\"https:\/\/energy-cities.eu\/fr\/#organization\"},\"potentialAction\":[{\"@type\":\"SearchAction\",\"target\":{\"@type\":\"EntryPoint\",\"urlTemplate\":\"https:\/\/energy-cities.eu\/fr\/?s={search_term_string}\"},\"query-input\":\"required name=search_term_string\"}],\"inLanguage\":\"fr-FR\"},{\"@type\":\"ImageObject\",\"inLanguage\":\"fr-FR\",\"@id\":\"https:\/\/energy-cities.eu\/fr\/grenoble-le-service-public-a-lheure-de-la-sobriete\/#primaryimage\",\"url\":\"https:\/\/energy-cities.eu\/wp-content\/uploads\/2023\/12\/fabe-collage-diqJhQtHHNk-unsplash-scaled.jpg\",\"contentUrl\":\"https:\/\/energy-cities.eu\/wp-content\/uploads\/2023\/12\/fabe-collage-diqJhQtHHNk-unsplash-scaled.jpg\",\"width\":2560,\"height\":1709,\"caption\":\"Grenoble - Public services in the age of sufficiency\"},{\"@type\":\"WebPage\",\"@id\":\"https:\/\/energy-cities.eu\/fr\/grenoble-le-service-public-a-lheure-de-la-sobriete\/#webpage\",\"url\":\"https:\/\/energy-cities.eu\/fr\/grenoble-le-service-public-a-lheure-de-la-sobriete\/\",\"name\":\"Grenoble \u2013 Le service public \u00e0 l\u2019heure de la sobri\u00e9t\u00e9 - Energy Cities\",\"isPartOf\":{\"@id\":\"https:\/\/energy-cities.eu\/fr\/#website\"},\"primaryImageOfPage\":{\"@id\":\"https:\/\/energy-cities.eu\/fr\/grenoble-le-service-public-a-lheure-de-la-sobriete\/#primaryimage\"},\"datePublished\":\"2023-12-18T09:23:23+00:00\",\"dateModified\":\"2023-12-19T10:16:37+00:00\",\"breadcrumb\":{\"@id\":\"https:\/\/energy-cities.eu\/fr\/grenoble-le-service-public-a-lheure-de-la-sobriete\/#breadcrumb\"},\"inLanguage\":\"fr-FR\",\"potentialAction\":[{\"@type\":\"ReadAction\",\"target\":[\"https:\/\/energy-cities.eu\/fr\/grenoble-le-service-public-a-lheure-de-la-sobriete\/\"]}]},{\"@type\":\"BreadcrumbList\",\"@id\":\"https:\/\/energy-cities.eu\/fr\/grenoble-le-service-public-a-lheure-de-la-sobriete\/#breadcrumb\",\"itemListElement\":[{\"@type\":\"ListItem\",\"position\":1,\"name\":\"Home\",\"item\":\"https:\/\/energy-cities.eu\/fr\/nous-sommes-un-reseau-europeen-blabla\/\"},{\"@type\":\"ListItem\",\"position\":2,\"name\":\"Grenoble \u2013 Le service public \u00e0 l\u2019heure de la sobri\u00e9t\u00e9\"}]},{\"@type\":\"Article\",\"@id\":\"https:\/\/energy-cities.eu\/fr\/grenoble-le-service-public-a-lheure-de-la-sobriete\/#article\",\"isPartOf\":{\"@id\":\"https:\/\/energy-cities.eu\/fr\/grenoble-le-service-public-a-lheure-de-la-sobriete\/#webpage\"},\"author\":{\"@id\":\"https:\/\/energy-cities.eu\/fr\/#\/schema\/person\/a2cdbfaa44d8652c2ea61c7a922ff4a5\"},\"headline\":\"Grenoble \u2013 Le service public \u00e0 l\u2019heure de la sobri\u00e9t\u00e9\",\"datePublished\":\"2023-12-18T09:23:23+00:00\",\"dateModified\":\"2023-12-19T10:16:37+00:00\",\"mainEntityOfPage\":{\"@id\":\"https:\/\/energy-cities.eu\/fr\/grenoble-le-service-public-a-lheure-de-la-sobriete\/#webpage\"},\"wordCount\":977,\"commentCount\":0,\"publisher\":{\"@id\":\"https:\/\/energy-cities.eu\/fr\/#organization\"},\"image\":{\"@id\":\"https:\/\/energy-cities.eu\/fr\/grenoble-le-service-public-a-lheure-de-la-sobriete\/#primaryimage\"},\"thumbnailUrl\":\"https:\/\/energy-cities.eu\/wp-content\/uploads\/2023\/12\/fabe-collage-diqJhQtHHNk-unsplash-scaled.jpg\",\"keywords\":[\"sufficiency\"],\"articleSection\":[\"Actualit\u00e9s\"],\"inLanguage\":\"fr-FR\",\"potentialAction\":[{\"@type\":\"CommentAction\",\"name\":\"Comment\",\"target\":[\"https:\/\/energy-cities.eu\/fr\/grenoble-le-service-public-a-lheure-de-la-sobriete\/#respond\"]}]},{\"@type\":\"Person\",\"@id\":\"https:\/\/energy-cities.eu\/fr\/#\/schema\/person\/a2cdbfaa44d8652c2ea61c7a922ff4a5\",\"name\":\"Simona Aronica\",\"image\":{\"@type\":\"ImageObject\",\"inLanguage\":\"fr-FR\",\"@id\":\"https:\/\/energy-cities.eu\/fr\/#\/schema\/person\/image\/\",\"url\":\"https:\/\/secure.gravatar.com\/avatar\/221540803526cea8c8f9fbdf69b7fab8?s=96&d=mm&r=g\",\"contentUrl\":\"https:\/\/secure.gravatar.com\/avatar\/221540803526cea8c8f9fbdf69b7fab8?s=96&d=mm&r=g\",\"caption\":\"Simona Aronica\"},\"sameAs\":[\"https:\/\/www.linkedin.com\/in\/simona-aronica-709243a0\/\",\"https:\/\/twitter.com\/b.karas\"],\"url\":\"https:\/\/energy-cities.eu\/fr\/staff\/s-aronica\/\"}]}<\/script>\n<!-- \/ Yoast SEO plugin. -->","yoast_head_json":{"title":"Grenoble \u2013 Le service public \u00e0 l\u2019heure de la sobri\u00e9t\u00e9 - Energy Cities","robots":{"index":"index","follow":"follow","max-snippet":"max-snippet:-1","max-image-preview":"max-image-preview:large","max-video-preview":"max-video-preview:-1"},"canonical":"https:\/\/energy-cities.eu\/fr\/grenoble-le-service-public-a-lheure-de-la-sobriete\/","og_locale":"fr_FR","og_type":"article","og_title":"Grenoble \u2013 Le service public \u00e0 l\u2019heure de la sobri\u00e9t\u00e9 - Energy Cities","og_description":"Cet article est issu d\u2019un entretien avec Vincent Fristot, Adjoint Finances et Comptabilit\u00e9 \u00e9cologique, transition \u00e9nerg\u00e9tique \u00e0 Grenoble en septembre 2023. Il a \u00e9t\u00e9 rendu [\u2026]","og_url":"https:\/\/energy-cities.eu\/fr\/grenoble-le-service-public-a-lheure-de-la-sobriete\/","og_site_name":"Energy Cities","article_publisher":"https:\/\/www.facebook.com\/energycities.eu\/","article_published_time":"2023-12-18T09:23:23+00:00","article_modified_time":"2023-12-19T10:16:37+00:00","og_image":[{"width":2560,"height":1709,"url":"https:\/\/energy-cities.eu\/wp-content\/uploads\/2023\/12\/fabe-collage-diqJhQtHHNk-unsplash-scaled.jpg","type":"image\/jpeg"}],"twitter_card":"summary_large_image","twitter_creator":"@b.karas","twitter_site":"@energycities","twitter_misc":{"\u00c9crit par":"Simona Aronica","Dur\u00e9e de lecture estim\u00e9e":"4 minutes"},"schema":{"@context":"https:\/\/schema.org","@graph":[{"@type":"Organization","@id":"https:\/\/energy-cities.eu\/fr\/#organization","name":"Energy Cities","url":"https:\/\/energy-cities.eu\/fr\/","sameAs":["https:\/\/www.facebook.com\/energycities.eu\/","https:\/\/www.youtube.com\/channel\/UChIHn2wF76JzuTbAjSMs0hQ","https:\/\/fr.wikipedia.org\/wiki\/Energy_Cities","https:\/\/twitter.com\/energycities"],"logo":{"@type":"ImageObject","inLanguage":"fr-FR","@id":"https:\/\/energy-cities.eu\/fr\/#\/schema\/logo\/image\/","url":"https:\/\/energy-cities.eu\/wp-content\/uploads\/2019\/07\/energy-cities-couleur.jpg","contentUrl":"https:\/\/energy-cities.eu\/wp-content\/uploads\/2019\/07\/energy-cities-couleur.jpg","width":3508,"height":2587,"caption":"Energy Cities"},"image":{"@id":"https:\/\/energy-cities.eu\/fr\/#\/schema\/logo\/image\/"}},{"@type":"WebSite","@id":"https:\/\/energy-cities.eu\/fr\/#website","url":"https:\/\/energy-cities.eu\/fr\/","name":"Energy Cities","description":" The European learning community for future-proof cities","publisher":{"@id":"https:\/\/energy-cities.eu\/fr\/#organization"},"potentialAction":[{"@type":"SearchAction","target":{"@type":"EntryPoint","urlTemplate":"https:\/\/energy-cities.eu\/fr\/?s={search_term_string}"},"query-input":"required name=search_term_string"}],"inLanguage":"fr-FR"},{"@type":"ImageObject","inLanguage":"fr-FR","@id":"https:\/\/energy-cities.eu\/fr\/grenoble-le-service-public-a-lheure-de-la-sobriete\/#primaryimage","url":"https:\/\/energy-cities.eu\/wp-content\/uploads\/2023\/12\/fabe-collage-diqJhQtHHNk-unsplash-scaled.jpg","contentUrl":"https:\/\/energy-cities.eu\/wp-content\/uploads\/2023\/12\/fabe-collage-diqJhQtHHNk-unsplash-scaled.jpg","width":2560,"height":1709,"caption":"Grenoble - Public services in the age of sufficiency"},{"@type":"WebPage","@id":"https:\/\/energy-cities.eu\/fr\/grenoble-le-service-public-a-lheure-de-la-sobriete\/#webpage","url":"https:\/\/energy-cities.eu\/fr\/grenoble-le-service-public-a-lheure-de-la-sobriete\/","name":"Grenoble \u2013 Le service public \u00e0 l\u2019heure de la sobri\u00e9t\u00e9 - Energy Cities","isPartOf":{"@id":"https:\/\/energy-cities.eu\/fr\/#website"},"primaryImageOfPage":{"@id":"https:\/\/energy-cities.eu\/fr\/grenoble-le-service-public-a-lheure-de-la-sobriete\/#primaryimage"},"datePublished":"2023-12-18T09:23:23+00:00","dateModified":"2023-12-19T10:16:37+00:00","breadcrumb":{"@id":"https:\/\/energy-cities.eu\/fr\/grenoble-le-service-public-a-lheure-de-la-sobriete\/#breadcrumb"},"inLanguage":"fr-FR","potentialAction":[{"@type":"ReadAction","target":["https:\/\/energy-cities.eu\/fr\/grenoble-le-service-public-a-lheure-de-la-sobriete\/"]}]},{"@type":"BreadcrumbList","@id":"https:\/\/energy-cities.eu\/fr\/grenoble-le-service-public-a-lheure-de-la-sobriete\/#breadcrumb","itemListElement":[{"@type":"ListItem","position":1,"name":"Home","item":"https:\/\/energy-cities.eu\/fr\/nous-sommes-un-reseau-europeen-blabla\/"},{"@type":"ListItem","position":2,"name":"Grenoble \u2013 Le service public \u00e0 l\u2019heure de la sobri\u00e9t\u00e9"}]},{"@type":"Article","@id":"https:\/\/energy-cities.eu\/fr\/grenoble-le-service-public-a-lheure-de-la-sobriete\/#article","isPartOf":{"@id":"https:\/\/energy-cities.eu\/fr\/grenoble-le-service-public-a-lheure-de-la-sobriete\/#webpage"},"author":{"@id":"https:\/\/energy-cities.eu\/fr\/#\/schema\/person\/a2cdbfaa44d8652c2ea61c7a922ff4a5"},"headline":"Grenoble \u2013 Le service public \u00e0 l\u2019heure de la sobri\u00e9t\u00e9","datePublished":"2023-12-18T09:23:23+00:00","dateModified":"2023-12-19T10:16:37+00:00","mainEntityOfPage":{"@id":"https:\/\/energy-cities.eu\/fr\/grenoble-le-service-public-a-lheure-de-la-sobriete\/#webpage"},"wordCount":977,"commentCount":0,"publisher":{"@id":"https:\/\/energy-cities.eu\/fr\/#organization"},"image":{"@id":"https:\/\/energy-cities.eu\/fr\/grenoble-le-service-public-a-lheure-de-la-sobriete\/#primaryimage"},"thumbnailUrl":"https:\/\/energy-cities.eu\/wp-content\/uploads\/2023\/12\/fabe-collage-diqJhQtHHNk-unsplash-scaled.jpg","keywords":["sufficiency"],"articleSection":["Actualit\u00e9s"],"inLanguage":"fr-FR","potentialAction":[{"@type":"CommentAction","name":"Comment","target":["https:\/\/energy-cities.eu\/fr\/grenoble-le-service-public-a-lheure-de-la-sobriete\/#respond"]}]},{"@type":"Person","@id":"https:\/\/energy-cities.eu\/fr\/#\/schema\/person\/a2cdbfaa44d8652c2ea61c7a922ff4a5","name":"Simona Aronica","image":{"@type":"ImageObject","inLanguage":"fr-FR","@id":"https:\/\/energy-cities.eu\/fr\/#\/schema\/person\/image\/","url":"https:\/\/secure.gravatar.com\/avatar\/221540803526cea8c8f9fbdf69b7fab8?s=96&d=mm&r=g","contentUrl":"https:\/\/secure.gravatar.com\/avatar\/221540803526cea8c8f9fbdf69b7fab8?s=96&d=mm&r=g","caption":"Simona Aronica"},"sameAs":["https:\/\/www.linkedin.com\/in\/simona-aronica-709243a0\/","https:\/\/twitter.com\/b.karas"],"url":"https:\/\/energy-cities.eu\/fr\/staff\/s-aronica\/"}]}},"coauthors":[],"tax_additional":{"categories":{"linked":["<a href=\"https:\/\/energy-cities.eu\/fr\/category\/actualites\/\" class=\"advgb-post-tax-term\">Actualit\u00e9s<\/a>"],"unlinked":["<span class=\"advgb-post-tax-term\">Actualit\u00e9s<\/span>"]},"tags":{"linked":["<a href=\"https:\/\/energy-cities.eu\/fr\/category\/actualites\/\" class=\"advgb-post-tax-term\">sufficiency<\/a>"],"unlinked":["<span class=\"advgb-post-tax-term\">sufficiency<\/span>"]}},"comment_count":"0","relative_dates":{"created":"Publi\u00e9 2 ans il y a","modified":"Mis \u00e0 jour 2 ans il y a"},"absolute_dates":{"created":"Publi\u00e9 le 18 d\u00e9cembre 2023","modified":"Mise \u00e0 jour le 19 d\u00e9cembre 2023"},"absolute_dates_time":{"created":"Publi\u00e9 le 18 d\u00e9cembre 2023 10:23  ","modified":"Mise \u00e0 jour le 19 d\u00e9cembre 2023 11:16  "},"featured_img_caption":"Grenoble - Public services in the age of sufficiency ","_links":{"self":[{"href":"https:\/\/energy-cities.eu\/fr\/wp-json\/wp\/v2\/posts\/73487"}],"collection":[{"href":"https:\/\/energy-cities.eu\/fr\/wp-json\/wp\/v2\/posts"}],"about":[{"href":"https:\/\/energy-cities.eu\/fr\/wp-json\/wp\/v2\/types\/post"}],"author":[{"embeddable":true,"href":"https:\/\/energy-cities.eu\/fr\/wp-json\/wp\/v2\/users\/74"}],"replies":[{"embeddable":true,"href":"https:\/\/energy-cities.eu\/fr\/wp-json\/wp\/v2\/comments?post=73487"}],"version-history":[{"count":20,"href":"https:\/\/energy-cities.eu\/fr\/wp-json\/wp\/v2\/posts\/73487\/revisions"}],"predecessor-version":[{"id":73678,"href":"https:\/\/energy-cities.eu\/fr\/wp-json\/wp\/v2\/posts\/73487\/revisions\/73678"}],"wp:featuredmedia":[{"embeddable":true,"href":"https:\/\/energy-cities.eu\/fr\/wp-json\/wp\/v2\/media\/73483"}],"wp:attachment":[{"href":"https:\/\/energy-cities.eu\/fr\/wp-json\/wp\/v2\/media?parent=73487"}],"wp:term":[{"taxonomy":"category","embeddable":true,"href":"https:\/\/energy-cities.eu\/fr\/wp-json\/wp\/v2\/categories?post=73487"},{"taxonomy":"post_tag","embeddable":true,"href":"https:\/\/energy-cities.eu\/fr\/wp-json\/wp\/v2\/tags?post=73487"},{"taxonomy":"hub","embeddable":true,"href":"https:\/\/energy-cities.eu\/fr\/wp-json\/wp\/v2\/hub?post=73487"},{"taxonomy":"topic","embeddable":true,"href":"https:\/\/energy-cities.eu\/fr\/wp-json\/wp\/v2\/topic?post=73487"},{"taxonomy":"legislative_initiative","embeddable":true,"href":"https:\/\/energy-cities.eu\/fr\/wp-json\/wp\/v2\/legislative_initiative?post=73487"},{"taxonomy":"document_type","embeddable":true,"href":"https:\/\/energy-cities.eu\/fr\/wp-json\/wp\/v2\/document_type?post=73487"}],"curies":[{"name":"wp","href":"https:\/\/api.w.org\/{rel}","templated":true}]}}