{"id":73990,"date":"2024-01-12T16:40:41","date_gmt":"2024-01-12T15:40:41","guid":{"rendered":"https:\/\/energy-cities.eu\/?p=73990"},"modified":"2024-02-01T09:45:30","modified_gmt":"2024-02-01T08:45:30","slug":"ne-manquez-pas-ces-evenements-pour-accelerer-la-transition-de-nos-villes-vers-la-neutralite-climatique","status":"publish","type":"post","link":"https:\/\/energy-cities.eu\/fr\/ne-manquez-pas-ces-evenements-pour-accelerer-la-transition-de-nos-villes-vers-la-neutralite-climatique\/","title":{"rendered":"Ne manquez pas ces \u00e9v\u00e9nements pour acc\u00e9l\u00e9rer la transition de nos villes vers la neutralit\u00e9 climatique !"},"content":{"rendered":"\n<p>2024 sera une grande ann\u00e9e pour les villes ! Avec la finalisation du Green Deal de l&rsquo;UE, ce sera le moment de sa mise en \u0153uvre, au niveau national mais surtout au niveau local. Il sera tr\u00e8s important pour Energy Cities d&rsquo;offrir\/promouvoir aupr\u00e8s de nos membres autant d&rsquo;opportunit\u00e9s d&rsquo;apprentissage et de rencontres que possible, afin d&rsquo;\u00e9changer et de trouver des solutions innovantes \u00e0 des d\u00e9fis locaux partag\u00e9s.<\/p>\n\n\n\n<p>Notez ces dates dans votre agenda, ne manquez pas ces \u00e9v\u00e9nements cl\u00e9s pour acc\u00e9l\u00e9rer la transition vers la neutralit\u00e9 climatique. N&rsquo;oubliez pas non plus de vous inscrire aux <a href=\"https:\/\/energy-cities.eu\/fr\/hubs\/\" target=\"_blank\" rel=\"noreferrer noopener\">Hubs d&rsquo;Energy Cities<\/a> pour \u00eatre inform\u00e9 des mises \u00e0 jour et des programmes d\u00e9taill\u00e9s.<\/p>\n\n\n\n<h4>SOMMET CLIMATE CHANCE EUROPE 2024 &#8211; 8 ET 9 F\u00c9VRIER, LI\u00c8GE (BELGIQUE)<\/h4>\n\n\n\n<p>Ce sommet sera un \u00e9v\u00e9nement majeur dans l&rsquo;agenda de la pr\u00e9sidence belge du Conseil de l&rsquo;Union europ\u00e9enne au premier semestre 2024. Il se concentrera sur l&rsquo;adaptation au changement climatique, les solutions bas\u00e9es sur la nature et la r\u00e9silience.<\/p>\n\n\n\n<p>Plus d&rsquo;informations sur <a href=\"https:\/\/scce24wallonie.eu\/en\/\">https:\/\/scce24wallonie.eu\/en\/<\/a><\/p>\n\n\n\n<h4>SOMMET EUROP\u00c9EN DES R\u00c9GIONS ET DES VILLES &#8211; 18 ET 19 MARS, MONS (BELGIQUE)<\/h4>\n\n\n\n<p>Organis\u00e9 par le Comit\u00e9 europ\u00e9en des r\u00e9gions avec la R\u00e9gion wallonne et la Pr\u00e9sidence belge du Conseil de l&rsquo;Union europ\u00e9enne, le 10e Sommet europ\u00e9en des r\u00e9gions et des villes apportera un \u00e9clairage nouveau sur des th\u00e8mes qui sont au c\u0153ur des pr\u00e9occupations des citoyens, tels que la d\u00e9mocratie, le d\u00e9veloppement durable, l&rsquo;avenir de l&rsquo;Union europ\u00e9enne et son \u00e9largissement, la n\u00e9cessit\u00e9 d&rsquo;assurer la coh\u00e9sion sociale, \u00e9conomique et territoriale, ou encore la gestion des cons\u00e9quences de la guerre en l&rsquo;Ukraine.<\/p>\n\n\n\n<p><a href=\"https:\/\/ec.europa.eu\/regional_policy\/whats-new\/newsroom\/29-01-2024-join-the-european-summit-of-regions-and-cities_en\" target=\"_blank\" rel=\"noreferrer noopener\">Plus d&rsquo;informations ici<\/a><\/p>\n\n\n\n<h4>TRANSFORMER LE PACTE VERT EUROP\u00c9EN EN ACTION LOCALE &#8211; 15 MARS, BRUXELLES (BELGIQUE)<\/h4>\n\n\n\n<p>Cet \u00e9v\u00e9nement de haut niveau, organis\u00e9 dans le cadre de la pr\u00e9sidence belge du Conseil de l&rsquo;UE, vise \u00e0 mobiliser 550 maires autour du paquet l\u00e9gislatif \u00ab\u00a0Fit for 55\u00a0\u00bb et \u00e0 voir comment localiser le Green Deal europ\u00e9en et faire avancer sa mise en \u0153uvre. Il est organis\u00e9e avec le soutien de toutes les principales initiatives de l&rsquo;UE en faveur des villes.<\/p>\n\n\n\n<p>Pour en savoir plus, consultez le site<a href=\" https:\/\/abbflanders.be\/greendeal\"> https:\/\/abbflanders.be\/greendeal<\/a><\/p>\n\n\n\n<h4>EUROPE, COOPERONS 2024 &#8211; FORUM DE COOPERATION INTERREGIONALE &#8211; 21 ET 22 MARS, ANVERS (BELGIQUE)<\/h4>\n\n\n\n<p>Rejoignez-nous pour c\u00e9l\u00e9brer la coop\u00e9ration, lancer un nouvel appel \u00e0 propositions de projets et accueillir de nouveaux pays dans le programme Interreg Europe ! L&rsquo;\u00e9v\u00e9nement 2024 rassemble des personnes int\u00e9ress\u00e9es par la coop\u00e9ration interr\u00e9gionale de toute l&rsquo;Europe. Vous envisagez de poser votre candidature ? Vous recherchez des partenaires de projet ? Vous cherchez des conseils ou de l&rsquo;inspiration pour des projets de coop\u00e9ration r\u00e9ussis ? Vous vous demandez comment b\u00e9n\u00e9ficier des services de la plateforme d&rsquo;apprentissage des politiques d&rsquo;Interreg ? Cet \u00e9v\u00e9nement est pour vous.<\/p>\n\n\n\n<p>Plus d&rsquo;informations sur <a href=\"https:\/\/www.interregeurope.eu\/event\/europecooperates2024\" target=\"_blank\" rel=\"noreferrer noopener\">https:\/\/www.interregeurope.eu\/event\/europecooperates2024<\/a><\/p>\n\n\n\n<h4>ATELIERS URBAINS POUR \u00c9CHANGER DES BONNES PRATIQUES ET DES ENSEIGNEMENTS<\/h4>\n\n\n\n<p>Dans le cadre du projet de recherche \u00ab\u00a0Social Science and Humanities for Climate, Energy and Transport Research Excellence\u00a0\u00bb (SSH CENTRE), nous organisons 6 ateliers sur diff\u00e9rents sujets importants pour les municipalit\u00e9s :<\/p>\n\n\n\n<ul><li>Plateforme num\u00e9rique mobilit\u00e9 &#8211; 3 et 4 avril \u00e0 \u010ca\u010dak (Serbie).<\/li><li>Ressources et circularit\u00e9 &#8211; 10 et 11 avril \u00e0 Grenoble (France)<\/li><li>\u00c9nergie communautaire &#8211; 10 et 11 avril \u00e0 Arnhem (Pays-Bas)<\/li><li>Communaut\u00e9s de mobilit\u00e9 &#8211; 17 et 18 avril \u00e0 Porto (Portugal)<\/li><li>Strat\u00e9gies climatiques locales &#8211; 23 et 24 avril \u00e0 Valence (Espagne)<\/li><li>Chauffage et refroidissement sans \u00e9nergie fossile &#8211; 7 et 8 mai \u00e0 Rijeka (Croatie)<\/li><\/ul>\n\n\n\n<p>Pour en savoir plus, consultez le site <a href=\"https:\/\/sshcentre.eu\/\">https:\/\/sshcentre.eu\/<\/a><\/p>\n\n\n\n<h4>SEMAINE EUROP\u00c9ENNE DE L&rsquo;\u00c9NERGIE DURABLE &#8211; 11 AU 13 JUIN, BRUXELLES (BELGIQUE) ET EN LIGNE<\/h4>\n\n\n\n<p>Le th\u00e8me de l&rsquo;\u00e9dition 2024 de l&rsquo;EUSEW, le plus grand \u00e9v\u00e9nement annuel organis\u00e9 par la Commission europ\u00e9enne consacr\u00e9 aux \u00e9nergies renouvelables et \u00e0 l&rsquo;utilisation efficace de l&rsquo;\u00e9nergie en Europe, sera \u00ab\u00a0Des solutions \u00e9nerg\u00e9tiques nettes z\u00e9ro pour une Europe comp\u00e9titive\u00a0\u00bb.<\/p>\n\n\n\n<p>L&rsquo;ordre du jour est encore en cours d&rsquo;\u00e9laboration, mais au cours de cette semaine, nous pr\u00e9voyons \u00e9galement de lancer officiellement la premi\u00e8re communaut\u00e9 de pratique europ\u00e9enne pour d\u00e9ployer le d\u00e9veloppement de services int\u00e9gr\u00e9s de r\u00e9novation r\u00e9sidentielle, les One-Stop-Shops (OSS) pour la r\u00e9novation \u00e9nerg\u00e9tique r\u00e9sidentielle, dans le cadre de notre projet <a href=\"https:\/\/energy-cities.eu\/project\/eu-peers\/\" target=\"_blank\" rel=\"noreferrer noopener\">EU Peers<\/a>.<\/p>\n\n\n\n<h4>FORUM ANNUEL D&rsquo;ENERGY CITIES &#8211; 26 ET 27 JUIN, VALENCE (ESPAGNE)<\/h4>\n\n\n\n<p>Cette ann\u00e9e, notre forum annuel aura lieu en m\u00eame temps que la conf\u00e9rence de la Mission \u00ab\u00a0Villes\u00a0\u00bb de l&rsquo;Union Europ\u00e9enne dans la capitale verte de l&rsquo;UE 2024.<\/p>\n\n\n\n<p>\u00c0 peine 8 mois apr\u00e8s notre dernier forum annuel \u00e0 Mod\u00e8ne, nous sommes motiv\u00e9s pour poursuivre notre voyage vers les villes invisibles. Notre objectif est de d\u00e9voiler les initiatives remarquables que nos membres ont men\u00e9es pour \u00ab\u00a0greffer\u00a0\u00bb leurs villes, en mettant en lumi\u00e8re les efforts de transformation des communaut\u00e9s locales qui remod\u00e8lent les paysages urbains.<\/p>\n\n\n\n<p>Nous invitons tous nos membres et les villes int\u00e9ress\u00e9es \u00e0 nous rejoindre \u00e0 Valence, pour continuer ce voyage inspirant avec nous !<\/p>\n\n\n\n<p>Pour en savoir plus, consultez le site <a href=\"https:\/\/energy-cities.eu\/event\/annual-forum-of-energy-cities\/\">https:\/\/energy-cities.eu\/event\/annual-forum-of-energy-cities\/<\/a><\/p>\n\n\n\n<h4>FORUM DES VILLES VERTES &#8211; DU 2 AU 8 SEPTEMBRE, BRASOV (ROUMANIE)<\/h4>\n\n\n\n<p>Cette ann\u00e9e encore, nous nous associerons \u00e0 notre membre Brasov pour organiser le plus grand \u00e9v\u00e9nement de Roumanie consacr\u00e9 \u00e0 la durabilit\u00e9 environnementale.<\/p>\n\n\n\n<h4>ASSISES EUROP\u00c9ENNES DE LA TRANSITION \u00c9NERG\u00c9TIQUE &#8211; 10 AU 12 SEPTEMBRE, DUNKERQUE (FRANCE)<\/h4>\n\n\n\n<p>Le plus important \u00e9v\u00e9nement sur la transition \u00e9nerg\u00e9tique pour les municipalit\u00e9s fran\u00e7aises sera l&rsquo;occasion de pr\u00e9senter vos actions, de partager vos projets et de d\u00e9battre de vos id\u00e9es au cours de l&rsquo;un des nombreux ateliers et panels organis\u00e9s \u00e0 Dunkerque.<\/p>\n\n\n\n<p>Plus d&rsquo;informations sur <a href=\"https:\/\/assises-energie.org\/ \">https:\/\/assises-energie.org\/ <\/a><\/p>\n\n\n\n<h4>SEMAINE EUROP\u00c9ENNE DES R\u00c9GIONS ET DES VILLES &#8211; OCTOBRE, BRUXELLES (BELGIQUE)<\/h4>\n\n\n\n<p>Comme chaque ann\u00e9e, la Semaine europ\u00e9enne des r\u00e9gions et des villes r\u00e9unira \u00e0 Bruxelles des repr\u00e9sentants des collectivit\u00e9s locales de toute l&rsquo;Europe. De plus amples informations seront bient\u00f4t disponibles \u00e0 l&rsquo;adresse suivante <a href=\"https:\/\/regions-and-cities.europa.eu\">https:\/\/regions-and-cities.europa.eu<\/a><\/p>\n","protected":false},"excerpt":{"rendered":"<p>2024 sera une grande ann\u00e9e pour les villes ! Avec la finalisation du Green Deal de l&rsquo;UE, ce sera le moment de sa mise en <a href=\"https:\/\/energy-cities.eu\/fr\/ne-manquez-pas-ces-evenements-pour-accelerer-la-transition-de-nos-villes-vers-la-neutralite-climatique\/\">[\u2026]<\/a><\/p>\n","protected":false},"author":29,"featured_media":73977,"comment_status":"open","ping_status":"open","sticky":false,"template":"","format":"standard","meta":{"advgb_blocks_editor_width":"","advgb_blocks_columns_visual_guide":"","ub_ctt_via":""},"categories":[4],"tags":[],"hub":[310,308,306,307,309],"topic":[],"legislative_initiative":[],"document_type":[],"acf":[],"author_meta":{"display_name":"Sara Giovannini","author_link":"https:\/\/energy-cities.eu\/fr\/staff\/s-giovannini\/"},"featured_img":"https:\/\/energy-cities.eu\/wp-content\/uploads\/2024\/01\/jonny-james-7Gemum4jjFk-unsplash-350x233.jpg","featured_image_src":"https:\/\/energy-cities.eu\/wp-content\/uploads\/2024\/01\/jonny-james-7Gemum4jjFk-unsplash-scaled.jpg","author_info":{"display_name":"Sara Giovannini","author_link":"https:\/\/energy-cities.eu\/fr\/staff\/s-giovannini\/"},"yoast_head":"<!-- This site is optimized with the Yoast SEO plugin v18.8 - https:\/\/yoast.com\/wordpress\/plugins\/seo\/ -->\n<title>Ne manquez pas ces \u00e9v\u00e9nements pour acc\u00e9l\u00e9rer la transition de nos villes vers la neutralit\u00e9 climatique ! - Energy Cities<\/title>\n<meta name=\"robots\" content=\"index, follow, max-snippet:-1, max-image-preview:large, max-video-preview:-1\" \/>\n<link rel=\"canonical\" href=\"https:\/\/energy-cities.eu\/fr\/ne-manquez-pas-ces-evenements-pour-accelerer-la-transition-de-nos-villes-vers-la-neutralite-climatique\/\" \/>\n<meta property=\"og:locale\" content=\"fr_FR\" \/>\n<meta property=\"og:type\" content=\"article\" \/>\n<meta property=\"og:title\" content=\"Ne manquez pas ces \u00e9v\u00e9nements pour acc\u00e9l\u00e9rer la transition de nos villes vers la neutralit\u00e9 climatique ! - Energy Cities\" \/>\n<meta property=\"og:description\" content=\"2024 sera une grande ann\u00e9e pour les villes ! Avec la finalisation du Green Deal de l&rsquo;UE, ce sera le moment de sa mise en [\u2026]\" \/>\n<meta property=\"og:url\" content=\"https:\/\/energy-cities.eu\/fr\/ne-manquez-pas-ces-evenements-pour-accelerer-la-transition-de-nos-villes-vers-la-neutralite-climatique\/\" \/>\n<meta property=\"og:site_name\" content=\"Energy Cities\" \/>\n<meta property=\"article:publisher\" content=\"https:\/\/www.facebook.com\/energycities.eu\/\" \/>\n<meta property=\"article:published_time\" content=\"2024-01-12T15:40:41+00:00\" \/>\n<meta property=\"article:modified_time\" content=\"2024-02-01T08:45:30+00:00\" \/>\n<meta property=\"og:image\" content=\"https:\/\/energy-cities.eu\/wp-content\/uploads\/2024\/01\/jonny-james-7Gemum4jjFk-unsplash-scaled.jpg\" \/>\n\t<meta property=\"og:image:width\" content=\"2560\" \/>\n\t<meta property=\"og:image:height\" content=\"1707\" \/>\n\t<meta property=\"og:image:type\" content=\"image\/jpeg\" \/>\n<meta name=\"twitter:card\" content=\"summary_large_image\" \/>\n<meta name=\"twitter:creator\" content=\"@Giovannini_S\" \/>\n<meta name=\"twitter:site\" content=\"@energycities\" \/>\n<meta name=\"twitter:label1\" content=\"\u00c9crit par\" \/>\n\t<meta name=\"twitter:data1\" content=\"Sara Giovannini\" \/>\n\t<meta name=\"twitter:label2\" content=\"Dur\u00e9e de lecture estim\u00e9e\" \/>\n\t<meta name=\"twitter:data2\" content=\"4 minutes\" \/>\n<script type=\"application\/ld+json\" class=\"yoast-schema-graph\">{\"@context\":\"https:\/\/schema.org\",\"@graph\":[{\"@type\":\"Organization\",\"@id\":\"https:\/\/energy-cities.eu\/fr\/#organization\",\"name\":\"Energy Cities\",\"url\":\"https:\/\/energy-cities.eu\/fr\/\",\"sameAs\":[\"https:\/\/www.facebook.com\/energycities.eu\/\",\"https:\/\/www.youtube.com\/channel\/UChIHn2wF76JzuTbAjSMs0hQ\",\"https:\/\/fr.wikipedia.org\/wiki\/Energy_Cities\",\"https:\/\/twitter.com\/energycities\"],\"logo\":{\"@type\":\"ImageObject\",\"inLanguage\":\"fr-FR\",\"@id\":\"https:\/\/energy-cities.eu\/fr\/#\/schema\/logo\/image\/\",\"url\":\"https:\/\/energy-cities.eu\/wp-content\/uploads\/2019\/07\/energy-cities-couleur.jpg\",\"contentUrl\":\"https:\/\/energy-cities.eu\/wp-content\/uploads\/2019\/07\/energy-cities-couleur.jpg\",\"width\":3508,\"height\":2587,\"caption\":\"Energy Cities\"},\"image\":{\"@id\":\"https:\/\/energy-cities.eu\/fr\/#\/schema\/logo\/image\/\"}},{\"@type\":\"WebSite\",\"@id\":\"https:\/\/energy-cities.eu\/fr\/#website\",\"url\":\"https:\/\/energy-cities.eu\/fr\/\",\"name\":\"Energy Cities\",\"description\":\" The European learning community for future-proof cities\",\"publisher\":{\"@id\":\"https:\/\/energy-cities.eu\/fr\/#organization\"},\"potentialAction\":[{\"@type\":\"SearchAction\",\"target\":{\"@type\":\"EntryPoint\",\"urlTemplate\":\"https:\/\/energy-cities.eu\/fr\/?s={search_term_string}\"},\"query-input\":\"required name=search_term_string\"}],\"inLanguage\":\"fr-FR\"},{\"@type\":\"ImageObject\",\"inLanguage\":\"fr-FR\",\"@id\":\"https:\/\/energy-cities.eu\/fr\/ne-manquez-pas-ces-evenements-pour-accelerer-la-transition-de-nos-villes-vers-la-neutralite-climatique\/#primaryimage\",\"url\":\"https:\/\/energy-cities.eu\/wp-content\/uploads\/2024\/01\/jonny-james-7Gemum4jjFk-unsplash-scaled.jpg\",\"contentUrl\":\"https:\/\/energy-cities.eu\/wp-content\/uploads\/2024\/01\/jonny-james-7Gemum4jjFk-unsplash-scaled.jpg\",\"width\":2560,\"height\":1707,\"caption\":\"Credit: Jonny James on Unsplash\"},{\"@type\":\"WebPage\",\"@id\":\"https:\/\/energy-cities.eu\/fr\/ne-manquez-pas-ces-evenements-pour-accelerer-la-transition-de-nos-villes-vers-la-neutralite-climatique\/#webpage\",\"url\":\"https:\/\/energy-cities.eu\/fr\/ne-manquez-pas-ces-evenements-pour-accelerer-la-transition-de-nos-villes-vers-la-neutralite-climatique\/\",\"name\":\"Ne manquez pas ces \u00e9v\u00e9nements pour acc\u00e9l\u00e9rer la transition de nos villes vers la neutralit\u00e9 climatique ! - Energy Cities\",\"isPartOf\":{\"@id\":\"https:\/\/energy-cities.eu\/fr\/#website\"},\"primaryImageOfPage\":{\"@id\":\"https:\/\/energy-cities.eu\/fr\/ne-manquez-pas-ces-evenements-pour-accelerer-la-transition-de-nos-villes-vers-la-neutralite-climatique\/#primaryimage\"},\"datePublished\":\"2024-01-12T15:40:41+00:00\",\"dateModified\":\"2024-02-01T08:45:30+00:00\",\"breadcrumb\":{\"@id\":\"https:\/\/energy-cities.eu\/fr\/ne-manquez-pas-ces-evenements-pour-accelerer-la-transition-de-nos-villes-vers-la-neutralite-climatique\/#breadcrumb\"},\"inLanguage\":\"fr-FR\",\"potentialAction\":[{\"@type\":\"ReadAction\",\"target\":[\"https:\/\/energy-cities.eu\/fr\/ne-manquez-pas-ces-evenements-pour-accelerer-la-transition-de-nos-villes-vers-la-neutralite-climatique\/\"]}]},{\"@type\":\"BreadcrumbList\",\"@id\":\"https:\/\/energy-cities.eu\/fr\/ne-manquez-pas-ces-evenements-pour-accelerer-la-transition-de-nos-villes-vers-la-neutralite-climatique\/#breadcrumb\",\"itemListElement\":[{\"@type\":\"ListItem\",\"position\":1,\"name\":\"Home\",\"item\":\"https:\/\/energy-cities.eu\/fr\/nous-sommes-un-reseau-europeen-blabla\/\"},{\"@type\":\"ListItem\",\"position\":2,\"name\":\"Ne manquez pas ces \u00e9v\u00e9nements pour acc\u00e9l\u00e9rer la transition de nos villes vers la neutralit\u00e9 climatique !\"}]},{\"@type\":\"Article\",\"@id\":\"https:\/\/energy-cities.eu\/fr\/ne-manquez-pas-ces-evenements-pour-accelerer-la-transition-de-nos-villes-vers-la-neutralite-climatique\/#article\",\"isPartOf\":{\"@id\":\"https:\/\/energy-cities.eu\/fr\/ne-manquez-pas-ces-evenements-pour-accelerer-la-transition-de-nos-villes-vers-la-neutralite-climatique\/#webpage\"},\"author\":{\"@id\":\"https:\/\/energy-cities.eu\/fr\/#\/schema\/person\/73f112310a36882313788a50db45fe68\"},\"headline\":\"Ne manquez pas ces \u00e9v\u00e9nements pour acc\u00e9l\u00e9rer la transition de nos villes vers la neutralit\u00e9 climatique !\",\"datePublished\":\"2024-01-12T15:40:41+00:00\",\"dateModified\":\"2024-02-01T08:45:30+00:00\",\"mainEntityOfPage\":{\"@id\":\"https:\/\/energy-cities.eu\/fr\/ne-manquez-pas-ces-evenements-pour-accelerer-la-transition-de-nos-villes-vers-la-neutralite-climatique\/#webpage\"},\"wordCount\":1026,\"commentCount\":0,\"publisher\":{\"@id\":\"https:\/\/energy-cities.eu\/fr\/#organization\"},\"image\":{\"@id\":\"https:\/\/energy-cities.eu\/fr\/ne-manquez-pas-ces-evenements-pour-accelerer-la-transition-de-nos-villes-vers-la-neutralite-climatique\/#primaryimage\"},\"thumbnailUrl\":\"https:\/\/energy-cities.eu\/wp-content\/uploads\/2024\/01\/jonny-james-7Gemum4jjFk-unsplash-scaled.jpg\",\"articleSection\":[\"Actualit\u00e9s\"],\"inLanguage\":\"fr-FR\",\"potentialAction\":[{\"@type\":\"CommentAction\",\"name\":\"Comment\",\"target\":[\"https:\/\/energy-cities.eu\/fr\/ne-manquez-pas-ces-evenements-pour-accelerer-la-transition-de-nos-villes-vers-la-neutralite-climatique\/#respond\"]}]},{\"@type\":\"Person\",\"@id\":\"https:\/\/energy-cities.eu\/fr\/#\/schema\/person\/73f112310a36882313788a50db45fe68\",\"name\":\"Sara Giovannini\",\"image\":{\"@type\":\"ImageObject\",\"inLanguage\":\"fr-FR\",\"@id\":\"https:\/\/energy-cities.eu\/fr\/#\/schema\/person\/image\/\",\"url\":\"https:\/\/secure.gravatar.com\/avatar\/ed06f04ad82b63908c4b0461665a3717?s=96&d=mm&r=g\",\"contentUrl\":\"https:\/\/secure.gravatar.com\/avatar\/ed06f04ad82b63908c4b0461665a3717?s=96&d=mm&r=g\",\"caption\":\"Sara Giovannini\"},\"sameAs\":[\"https:\/\/twitter.com\/Giovannini_S\"],\"url\":\"https:\/\/energy-cities.eu\/fr\/staff\/s-giovannini\/\"}]}<\/script>\n<!-- \/ Yoast SEO plugin. -->","yoast_head_json":{"title":"Ne manquez pas ces \u00e9v\u00e9nements pour acc\u00e9l\u00e9rer la transition de nos villes vers la neutralit\u00e9 climatique ! - Energy Cities","robots":{"index":"index","follow":"follow","max-snippet":"max-snippet:-1","max-image-preview":"max-image-preview:large","max-video-preview":"max-video-preview:-1"},"canonical":"https:\/\/energy-cities.eu\/fr\/ne-manquez-pas-ces-evenements-pour-accelerer-la-transition-de-nos-villes-vers-la-neutralite-climatique\/","og_locale":"fr_FR","og_type":"article","og_title":"Ne manquez pas ces \u00e9v\u00e9nements pour acc\u00e9l\u00e9rer la transition de nos villes vers la neutralit\u00e9 climatique ! - Energy Cities","og_description":"2024 sera une grande ann\u00e9e pour les villes ! Avec la finalisation du Green Deal de l&rsquo;UE, ce sera le moment de sa mise en [\u2026]","og_url":"https:\/\/energy-cities.eu\/fr\/ne-manquez-pas-ces-evenements-pour-accelerer-la-transition-de-nos-villes-vers-la-neutralite-climatique\/","og_site_name":"Energy Cities","article_publisher":"https:\/\/www.facebook.com\/energycities.eu\/","article_published_time":"2024-01-12T15:40:41+00:00","article_modified_time":"2024-02-01T08:45:30+00:00","og_image":[{"width":2560,"height":1707,"url":"https:\/\/energy-cities.eu\/wp-content\/uploads\/2024\/01\/jonny-james-7Gemum4jjFk-unsplash-scaled.jpg","type":"image\/jpeg"}],"twitter_card":"summary_large_image","twitter_creator":"@Giovannini_S","twitter_site":"@energycities","twitter_misc":{"\u00c9crit par":"Sara Giovannini","Dur\u00e9e de lecture estim\u00e9e":"4 minutes"},"schema":{"@context":"https:\/\/schema.org","@graph":[{"@type":"Organization","@id":"https:\/\/energy-cities.eu\/fr\/#organization","name":"Energy Cities","url":"https:\/\/energy-cities.eu\/fr\/","sameAs":["https:\/\/www.facebook.com\/energycities.eu\/","https:\/\/www.youtube.com\/channel\/UChIHn2wF76JzuTbAjSMs0hQ","https:\/\/fr.wikipedia.org\/wiki\/Energy_Cities","https:\/\/twitter.com\/energycities"],"logo":{"@type":"ImageObject","inLanguage":"fr-FR","@id":"https:\/\/energy-cities.eu\/fr\/#\/schema\/logo\/image\/","url":"https:\/\/energy-cities.eu\/wp-content\/uploads\/2019\/07\/energy-cities-couleur.jpg","contentUrl":"https:\/\/energy-cities.eu\/wp-content\/uploads\/2019\/07\/energy-cities-couleur.jpg","width":3508,"height":2587,"caption":"Energy Cities"},"image":{"@id":"https:\/\/energy-cities.eu\/fr\/#\/schema\/logo\/image\/"}},{"@type":"WebSite","@id":"https:\/\/energy-cities.eu\/fr\/#website","url":"https:\/\/energy-cities.eu\/fr\/","name":"Energy Cities","description":" The European learning community for future-proof cities","publisher":{"@id":"https:\/\/energy-cities.eu\/fr\/#organization"},"potentialAction":[{"@type":"SearchAction","target":{"@type":"EntryPoint","urlTemplate":"https:\/\/energy-cities.eu\/fr\/?s={search_term_string}"},"query-input":"required name=search_term_string"}],"inLanguage":"fr-FR"},{"@type":"ImageObject","inLanguage":"fr-FR","@id":"https:\/\/energy-cities.eu\/fr\/ne-manquez-pas-ces-evenements-pour-accelerer-la-transition-de-nos-villes-vers-la-neutralite-climatique\/#primaryimage","url":"https:\/\/energy-cities.eu\/wp-content\/uploads\/2024\/01\/jonny-james-7Gemum4jjFk-unsplash-scaled.jpg","contentUrl":"https:\/\/energy-cities.eu\/wp-content\/uploads\/2024\/01\/jonny-james-7Gemum4jjFk-unsplash-scaled.jpg","width":2560,"height":1707,"caption":"Credit: Jonny James on Unsplash"},{"@type":"WebPage","@id":"https:\/\/energy-cities.eu\/fr\/ne-manquez-pas-ces-evenements-pour-accelerer-la-transition-de-nos-villes-vers-la-neutralite-climatique\/#webpage","url":"https:\/\/energy-cities.eu\/fr\/ne-manquez-pas-ces-evenements-pour-accelerer-la-transition-de-nos-villes-vers-la-neutralite-climatique\/","name":"Ne manquez pas ces \u00e9v\u00e9nements pour acc\u00e9l\u00e9rer la transition de nos villes vers la neutralit\u00e9 climatique ! - Energy Cities","isPartOf":{"@id":"https:\/\/energy-cities.eu\/fr\/#website"},"primaryImageOfPage":{"@id":"https:\/\/energy-cities.eu\/fr\/ne-manquez-pas-ces-evenements-pour-accelerer-la-transition-de-nos-villes-vers-la-neutralite-climatique\/#primaryimage"},"datePublished":"2024-01-12T15:40:41+00:00","dateModified":"2024-02-01T08:45:30+00:00","breadcrumb":{"@id":"https:\/\/energy-cities.eu\/fr\/ne-manquez-pas-ces-evenements-pour-accelerer-la-transition-de-nos-villes-vers-la-neutralite-climatique\/#breadcrumb"},"inLanguage":"fr-FR","potentialAction":[{"@type":"ReadAction","target":["https:\/\/energy-cities.eu\/fr\/ne-manquez-pas-ces-evenements-pour-accelerer-la-transition-de-nos-villes-vers-la-neutralite-climatique\/"]}]},{"@type":"BreadcrumbList","@id":"https:\/\/energy-cities.eu\/fr\/ne-manquez-pas-ces-evenements-pour-accelerer-la-transition-de-nos-villes-vers-la-neutralite-climatique\/#breadcrumb","itemListElement":[{"@type":"ListItem","position":1,"name":"Home","item":"https:\/\/energy-cities.eu\/fr\/nous-sommes-un-reseau-europeen-blabla\/"},{"@type":"ListItem","position":2,"name":"Ne manquez pas ces \u00e9v\u00e9nements pour acc\u00e9l\u00e9rer la transition de nos villes vers la neutralit\u00e9 climatique !"}]},{"@type":"Article","@id":"https:\/\/energy-cities.eu\/fr\/ne-manquez-pas-ces-evenements-pour-accelerer-la-transition-de-nos-villes-vers-la-neutralite-climatique\/#article","isPartOf":{"@id":"https:\/\/energy-cities.eu\/fr\/ne-manquez-pas-ces-evenements-pour-accelerer-la-transition-de-nos-villes-vers-la-neutralite-climatique\/#webpage"},"author":{"@id":"https:\/\/energy-cities.eu\/fr\/#\/schema\/person\/73f112310a36882313788a50db45fe68"},"headline":"Ne manquez pas ces \u00e9v\u00e9nements pour acc\u00e9l\u00e9rer la transition de nos villes vers la neutralit\u00e9 climatique !","datePublished":"2024-01-12T15:40:41+00:00","dateModified":"2024-02-01T08:45:30+00:00","mainEntityOfPage":{"@id":"https:\/\/energy-cities.eu\/fr\/ne-manquez-pas-ces-evenements-pour-accelerer-la-transition-de-nos-villes-vers-la-neutralite-climatique\/#webpage"},"wordCount":1026,"commentCount":0,"publisher":{"@id":"https:\/\/energy-cities.eu\/fr\/#organization"},"image":{"@id":"https:\/\/energy-cities.eu\/fr\/ne-manquez-pas-ces-evenements-pour-accelerer-la-transition-de-nos-villes-vers-la-neutralite-climatique\/#primaryimage"},"thumbnailUrl":"https:\/\/energy-cities.eu\/wp-content\/uploads\/2024\/01\/jonny-james-7Gemum4jjFk-unsplash-scaled.jpg","articleSection":["Actualit\u00e9s"],"inLanguage":"fr-FR","potentialAction":[{"@type":"CommentAction","name":"Comment","target":["https:\/\/energy-cities.eu\/fr\/ne-manquez-pas-ces-evenements-pour-accelerer-la-transition-de-nos-villes-vers-la-neutralite-climatique\/#respond"]}]},{"@type":"Person","@id":"https:\/\/energy-cities.eu\/fr\/#\/schema\/person\/73f112310a36882313788a50db45fe68","name":"Sara Giovannini","image":{"@type":"ImageObject","inLanguage":"fr-FR","@id":"https:\/\/energy-cities.eu\/fr\/#\/schema\/person\/image\/","url":"https:\/\/secure.gravatar.com\/avatar\/ed06f04ad82b63908c4b0461665a3717?s=96&d=mm&r=g","contentUrl":"https:\/\/secure.gravatar.com\/avatar\/ed06f04ad82b63908c4b0461665a3717?s=96&d=mm&r=g","caption":"Sara Giovannini"},"sameAs":["https:\/\/twitter.com\/Giovannini_S"],"url":"https:\/\/energy-cities.eu\/fr\/staff\/s-giovannini\/"}]}},"coauthors":[],"tax_additional":{"categories":{"linked":["<a href=\"https:\/\/energy-cities.eu\/fr\/category\/actualites\/\" class=\"advgb-post-tax-term\">Actualit\u00e9s<\/a>"],"unlinked":["<span class=\"advgb-post-tax-term\">Actualit\u00e9s<\/span>"]}},"comment_count":"0","relative_dates":{"created":"Publi\u00e9 2 ans il y a","modified":"Mis \u00e0 jour 2 ans il y a"},"absolute_dates":{"created":"Publi\u00e9 le 12 janvier 2024","modified":"Mise \u00e0 jour le 01 f\u00e9vrier 2024"},"absolute_dates_time":{"created":"Publi\u00e9 le 12 janvier 2024 4:40  ","modified":"Mise \u00e0 jour le 01 f\u00e9vrier 2024 9:45  "},"featured_img_caption":"Credit: Jonny James on Unsplash","_links":{"self":[{"href":"https:\/\/energy-cities.eu\/fr\/wp-json\/wp\/v2\/posts\/73990"}],"collection":[{"href":"https:\/\/energy-cities.eu\/fr\/wp-json\/wp\/v2\/posts"}],"about":[{"href":"https:\/\/energy-cities.eu\/fr\/wp-json\/wp\/v2\/types\/post"}],"author":[{"embeddable":true,"href":"https:\/\/energy-cities.eu\/fr\/wp-json\/wp\/v2\/users\/29"}],"replies":[{"embeddable":true,"href":"https:\/\/energy-cities.eu\/fr\/wp-json\/wp\/v2\/comments?post=73990"}],"version-history":[{"count":8,"href":"https:\/\/energy-cities.eu\/fr\/wp-json\/wp\/v2\/posts\/73990\/revisions"}],"predecessor-version":[{"id":74387,"href":"https:\/\/energy-cities.eu\/fr\/wp-json\/wp\/v2\/posts\/73990\/revisions\/74387"}],"wp:featuredmedia":[{"embeddable":true,"href":"https:\/\/energy-cities.eu\/fr\/wp-json\/wp\/v2\/media\/73977"}],"wp:attachment":[{"href":"https:\/\/energy-cities.eu\/fr\/wp-json\/wp\/v2\/media?parent=73990"}],"wp:term":[{"taxonomy":"category","embeddable":true,"href":"https:\/\/energy-cities.eu\/fr\/wp-json\/wp\/v2\/categories?post=73990"},{"taxonomy":"post_tag","embeddable":true,"href":"https:\/\/energy-cities.eu\/fr\/wp-json\/wp\/v2\/tags?post=73990"},{"taxonomy":"hub","embeddable":true,"href":"https:\/\/energy-cities.eu\/fr\/wp-json\/wp\/v2\/hub?post=73990"},{"taxonomy":"topic","embeddable":true,"href":"https:\/\/energy-cities.eu\/fr\/wp-json\/wp\/v2\/topic?post=73990"},{"taxonomy":"legislative_initiative","embeddable":true,"href":"https:\/\/energy-cities.eu\/fr\/wp-json\/wp\/v2\/legislative_initiative?post=73990"},{"taxonomy":"document_type","embeddable":true,"href":"https:\/\/energy-cities.eu\/fr\/wp-json\/wp\/v2\/document_type?post=73990"}],"curies":[{"name":"wp","href":"https:\/\/api.w.org\/{rel}","templated":true}]}}