{"id":74992,"date":"2024-02-15T09:58:25","date_gmt":"2024-02-15T08:58:25","guid":{"rendered":"https:\/\/energy-cities.eu\/?p=74992"},"modified":"2024-02-15T10:03:39","modified_gmt":"2024-02-15T09:03:39","slug":"celebrons-les-15-ans-de-la-convention-des-maires","status":"publish","type":"post","link":"https:\/\/energy-cities.eu\/fr\/celebrons-les-15-ans-de-la-convention-des-maires\/","title":{"rendered":"C\u00e9l\u00e9brons les 15 ans de la Convention des Maires &#8211; Europe !"},"content":{"rendered":"\n<div class=\"wp-block-image\"><figure class=\"aligncenter size-large is-resized\"><img loading=\"lazy\" src=\"https:\/\/energy-cities.eu\/wp-content\/uploads\/2024\/02\/3429004992_a4fb044086_o-1024x602.jpg\" alt=\"\" class=\"wp-image-74658\" width=\"805\" height=\"471\" srcset=\"https:\/\/energy-cities.eu\/wp-content\/uploads\/2024\/02\/3429004992_a4fb044086_o-350x206.jpg 350w, https:\/\/energy-cities.eu\/wp-content\/uploads\/2024\/02\/3429004992_a4fb044086_o-700x411.jpg 700w, https:\/\/energy-cities.eu\/wp-content\/uploads\/2024\/02\/3429004992_a4fb044086_o-511x300.jpg 511w\" sizes=\"(max-width: 805px) 100vw, 805px\" \/><\/figure><\/div>\n\n\n\n<p>Il y a exactement 15 ans, 370 maires se sont r\u00e9unis au Parlement europ\u00e9en le 10 f\u00e9vrier 2009 pour lancer officiellement la Convention des Maires. Ils se sont r\u00e9unis pour s&rsquo;engager \u00e0 lutter contre les \u00e9missions de CO\u00b2 au-del\u00e0 des objectifs de l&rsquo;UE pour 2020, en les r\u00e9duisant d&rsquo;au moins 20 % sur leurs territoires respectifs. Cette premi\u00e8re c\u00e9r\u00e9monie a envoy\u00e9 un message fort, mettant en lumi\u00e8re la position proactive des dirigeants locaux dans la lutte contre le changement climatique, alors que les nations du monde entier tardent \u00e0 l&rsquo;inscrire \u00e0 leur ordre du jour.<\/p>\n\n\n\n<div class=\"wp-block-columns\">\n<div class=\"wp-block-column\">\n<div class=\"wp-block-image\"><figure class=\"aligncenter size-large is-resized\"><img loading=\"lazy\" src=\"https:\/\/energy-cities.eu\/wp-content\/uploads\/2024\/02\/3428195313_53545274ae_o-1024x562.jpg\" alt=\"\" class=\"wp-image-74660\" width=\"402\" height=\"220\" srcset=\"https:\/\/energy-cities.eu\/wp-content\/uploads\/2024\/02\/3428195313_53545274ae_o-1024x562.jpg 1024w, https:\/\/energy-cities.eu\/wp-content\/uploads\/2024\/02\/3428195313_53545274ae_o-350x192.jpg 350w, https:\/\/energy-cities.eu\/wp-content\/uploads\/2024\/02\/3428195313_53545274ae_o-1536x843.jpg 1536w, https:\/\/energy-cities.eu\/wp-content\/uploads\/2024\/02\/3428195313_53545274ae_o-700x384.jpg 700w, https:\/\/energy-cities.eu\/wp-content\/uploads\/2024\/02\/3428195313_53545274ae_o-547x300.jpg 547w, https:\/\/energy-cities.eu\/wp-content\/uploads\/2024\/02\/3428195313_53545274ae_o-1640x900.jpg 1640w, https:\/\/energy-cities.eu\/wp-content\/uploads\/2024\/02\/3428195313_53545274ae_o.jpg 2048w\" sizes=\"(max-width: 402px) 100vw, 402px\" \/><\/figure><\/div>\n<\/div>\n\n\n\n<div class=\"wp-block-column\">\n<div class=\"wp-block-image\"><figure class=\"aligncenter size-large is-resized\"><img loading=\"lazy\" src=\"https:\/\/energy-cities.eu\/wp-content\/uploads\/2024\/02\/3428191695_1df77e5750_o-1024x673.jpg\" alt=\"\" class=\"wp-image-74662\" width=\"337\" height=\"221\" srcset=\"https:\/\/energy-cities.eu\/wp-content\/uploads\/2024\/02\/3428191695_1df77e5750_o-1024x673.jpg 1024w, https:\/\/energy-cities.eu\/wp-content\/uploads\/2024\/02\/3428191695_1df77e5750_o-350x230.jpg 350w, https:\/\/energy-cities.eu\/wp-content\/uploads\/2024\/02\/3428191695_1df77e5750_o-1536x1009.jpg 1536w, https:\/\/energy-cities.eu\/wp-content\/uploads\/2024\/02\/3428191695_1df77e5750_o-700x460.jpg 700w, https:\/\/energy-cities.eu\/wp-content\/uploads\/2024\/02\/3428191695_1df77e5750_o-457x300.jpg 457w, https:\/\/energy-cities.eu\/wp-content\/uploads\/2024\/02\/3428191695_1df77e5750_o-1370x900.jpg 1370w, https:\/\/energy-cities.eu\/wp-content\/uploads\/2024\/02\/3428191695_1df77e5750_o.jpg 2047w\" sizes=\"(max-width: 337px) 100vw, 337px\" \/><\/figure><\/div>\n<\/div>\n<\/div>\n\n\n\n<h2>L&rsquo;\u00e9volution de la Convention des Maires<\/h2>\n\n\n\n<p>Depuis ce jour, il est clair que les collectivit\u00e9s locales ont continu\u00e9 \u00e0 donner le ton, en ouvrant la voie \u00e0 l&rsquo;action climatique, aux c\u00f4t\u00e9s de l&rsquo;Union europ\u00e9enne. Le mouvement a pris de l&rsquo;ampleur et, des 370 villes initiales, la communaut\u00e9 du Pacte de l&rsquo;UE compte aujourd&rsquo;hui plus de 11 000 villes signataires. Les coordinateurs et les partenaires territoriaux &#8211; principalement des gouvernements r\u00e9gionaux, des agences de l&rsquo;\u00e9nergie et des associations nationales &#8211; sont \u00e9galement devenus des acteurs cl\u00e9s de l&rsquo;initiative, faisant progresser une approche multi-niveaux de l&rsquo;action climatique. En raison de son succ\u00e8s, l&rsquo;initiative est devenue mondiale en 2016, avec la Convention Globale des Maires.<\/p>\n\n\n\n<p>La lutte mondiale contre le changement climatique s&rsquo;\u00e9tant intensifi\u00e9e et \u00e9tant devenue plus globale, l&rsquo;initiative a \u00e9galement \u00e9volu\u00e9 pour englober des mesures allant au-del\u00e0 de l&rsquo;att\u00e9nuation. Depuis 2014, les villes int\u00e8grent l&rsquo;adaptation au climat dans leurs plans afin de rendre les territoires locaux plus r\u00e9sistants aux risques climatiques croissants. Dans le m\u00eame temps, la pauvret\u00e9 \u00e9nerg\u00e9tique est \u00e9galement devenue un pilier, garantissant que les gouvernements locaux travaillent \u00e0 une transition juste et \u00e9quitable pour tous.<\/p>\n\n\n\n<h2>En route vers 2050<\/h2>\n\n\n\n<p>Depuis 15 ans, les maires s&rsquo;attaquent \u00e0 la question du changement climatique et revoient leurs ambitions \u00e0 la hausse, \u00e0 l&rsquo;instar de l&rsquo;Union europ\u00e9enne, en s&rsquo;alignant sur les objectifs de 2030 et, \u00e0 terme, sur l&rsquo;objectif de neutralit\u00e9 climatique \u00e0 l&rsquo;horizon 2050. Dans le cadre de la <a href=\"https:\/\/research-and-innovation.ec.europa.eu\/funding\/funding-opportunities\/funding-programmes-and-open-calls\/horizon-europe\/eu-missions-horizon-europe\/climate-neutral-and-smart-cities_en\">Mission europ\u00e9enne des villes intelligentes et climatiquement neutres<\/a>, lanc\u00e9e en 2022, une poign\u00e9e de signataires de la Convention, parmi les plus audacieux, vont m\u00eame au-del\u00e0 de ces objectifs, en visant la neutralit\u00e9 climatique d&rsquo;ici \u00e0 2030.<\/p>\n\n\n\n<p>Cette semaine, la Commission Europ\u00e9enne a communiqu\u00e9 sa recommandation pour un objectif de r\u00e9duction de 90 % des \u00e9missions d&rsquo;ici 2040. Le vice-pr\u00e9sident de la Commission europ\u00e9enne, Maro\u0161 \u0160ef\u010dovi\u010d, a reconnu que le seul moyen d&rsquo;atteindre les objectifs est d&rsquo;engager les autorit\u00e9s locales et r\u00e9gionales.<\/p>\n\n\n\n<blockquote class=\"wp-block-quote\"><p>\u00ab\u00a0Sans les maires, sans les autorit\u00e9s locales, nous ne pouvons pas construire le Green Deal. Impliquez-les autant que possible, ce sont des amis, des alli\u00e9s et tr\u00e8s souvent ils sont plus ambitieux que le gouvernement national parce qu&rsquo;ils savent qu&rsquo;en cas d&rsquo;inondation ou d&rsquo;incendie, les citoyens frappent d&rsquo;abord \u00e0 la porte du maire local avant de s&rsquo;adresser \u00e0 l&rsquo;UE ou au gouvernement national. Nous devons donc travailler avec eux et trouver les meilleures modalit\u00e9s possibles pour cr\u00e9er des synergies et unir nos forces.\u00a0\u00bb &#8211; Maro\u0161 \u0160ef\u010dovi\u010d, vice-pr\u00e9sident ex\u00e9cutif de la Commission europ\u00e9enne en charge du Green Deal europ\u00e9en.<\/p><\/blockquote>\n\n\n\n<p>Au fur et \u00e0 mesure que les ambitions grandissent et que les efforts s&rsquo;acc\u00e9l\u00e8rent, le panorama des initiatives s&rsquo;alignant sur les efforts de la Convention des Maires s&rsquo;est multipli\u00e9. En s&rsquo;associant \u00e0 bon nombre de ces initiatives europ\u00e9ennes cl\u00e9s (telles que&nbsp;<a href=\"https:\/\/smart-cities-marketplace.ec.europa.eu\/\">Smart Cities Marketplace<\/a>,&nbsp;<a href=\"https:\/\/www.eucityfacility.eu\/home.html\">the European City Facility<\/a>,&nbsp;<a href=\"https:\/\/energy-poverty.ec.europa.eu\/index_en\">Energy Poverty Advisory Hub<\/a>,&nbsp;<a href=\"https:\/\/cinea.ec.europa.eu\/programmes\/life\/clean-energy-transition_en#life-clean-energy-transition-sub-programme\">CINEA LIFE projects<\/a>, et bien d&rsquo;autres), La Convention des Maires est devenue un point d&rsquo;entr\u00e9e crucial pour les gouvernements locaux qui cherchent \u00e0 agir sur le changement climatique.<\/p>\n\n\n\n<p>Le chemin \u00e0 parcourir est encore difficile. Les villes ont besoin de capacit\u00e9s et de fonds pour \u00e9laborer et mettre en \u0153uvre leurs plans d&rsquo;action. Elles doivent \u00eatre impliqu\u00e9es dans le processus de prise de d\u00e9cision au niveau national, pour une action climatique globale et coordonn\u00e9e entre les diff\u00e9rents niveaux de gouvernement.<\/p>\n\n\n\n<h2>Une nouvelle \u00e8re pour la Convention des Maires<\/h2>\n\n\n\n<p>La Convention des Maires entre dans une nouvelle \u00e8re, o\u00f9 la mise en \u0153uvre du Green Deal europ\u00e9en deviendra un \u00e9l\u00e9ment central. Le Pacte de l&rsquo;UE continuera \u00e0 donner aux villes de toutes tailles les moyens d&rsquo;agir, en s&rsquo;alignant sur les objectifs de l&rsquo;UE pour 2030 et 2040, afin d&rsquo;atteindre ensemble la neutralit\u00e9 climatique d&rsquo;ici 2050.<\/p>\n\n\n\n<p>La Convention des Maires veillera \u00e0 ce qu&rsquo;ils le fassent en r\u00e9affirmant toujours le r\u00f4le essentiel des maires, en soulignant le potentiel des gouvernements locaux \u00e0 mobiliser tout le monde dans le voyage de l&rsquo;Europe vers un avenir juste et sans carbone.<\/p>\n\n\n\n<p class=\"light-blue-message\">Rejoignez-nous le 15 mars \u00e0 la conf\u00e9rence de haut niveau <a href=\"https:\/\/abbflanders.be\/greendeal\">\u201cTranslating the EU Green Deal into local action<\/a>\u00ab\u00a0. Organis\u00e9e par le gouvernement flamand dans le cadre de la pr\u00e9sidence belge du Conseil europ\u00e9en, cette conf\u00e9rence vise \u00e0 rassembler 550 maires et responsables r\u00e9gionaux qui sont \u00ab\u00a0pr\u00eats pour 55\u00a0\u00bb au Parlement europ\u00e9en. Il s&rsquo;agit d&rsquo;une occasion unique d&rsquo;unifier les voix locales et r\u00e9gionales au c\u0153ur de l&rsquo;Union europ\u00e9enne juste avant les \u00e9lections europ\u00e9ennes, et de montrer \u00e0 tous ce dont ils sont capables, lorsqu&rsquo;on leur donne les moyens et la capacit\u00e9 de mettre en \u0153uvre.<\/p>\n\n\n\n<p class=\"has-text-align-center has-white-color has-text-color has-medium-font-size blue-message\"><a href=\"https:\/\/ep-events.secure.europarl.europa.eu\/events\/HLC_GreenDeal\/e\/ce\/\"><strong>INSCRIVEZ-VOUS ICI.<\/strong><\/a><\/p>\n\n\n\n<p><sub>Cr\u00e9dits Photo:<\/sub> <em><sub>Paul O&rsquo;Driscoll<\/sub><\/em><\/p>\n","protected":false},"excerpt":{"rendered":"<p>Il y a exactement 15 ans, 370 maires se sont r\u00e9unis au Parlement europ\u00e9en le 10 f\u00e9vrier 2009 pour lancer officiellement la Convention des Maires. <a href=\"https:\/\/energy-cities.eu\/fr\/celebrons-les-15-ans-de-la-convention-des-maires\/\">[\u2026]<\/a><\/p>\n","protected":false},"author":69,"featured_media":74718,"comment_status":"open","ping_status":"open","sticky":false,"template":"","format":"standard","meta":{"advgb_blocks_editor_width":"","advgb_blocks_columns_visual_guide":"","ub_ctt_via":""},"categories":[4],"tags":[],"hub":[310],"topic":[296,380],"legislative_initiative":[],"document_type":[],"acf":[],"author_meta":{"display_name":"Eva Lopes","author_link":"https:\/\/energy-cities.eu\/fr\/staff\/e-lopes\/"},"featured_img":"https:\/\/energy-cities.eu\/wp-content\/uploads\/2024\/02\/nikhita-singhal-k8y9HrzonOQ-unsplash-350x233.jpg","featured_image_src":"https:\/\/energy-cities.eu\/wp-content\/uploads\/2024\/02\/nikhita-singhal-k8y9HrzonOQ-unsplash.jpg","author_info":{"display_name":"Eva Lopes","author_link":"https:\/\/energy-cities.eu\/fr\/staff\/e-lopes\/"},"yoast_head":"<!-- This site is optimized with the Yoast SEO plugin v18.8 - https:\/\/yoast.com\/wordpress\/plugins\/seo\/ -->\n<title>C\u00e9l\u00e9brons les 15 ans de la Convention des Maires - Europe ! - Energy Cities<\/title>\n<meta name=\"description\" content=\"15 ans apr\u00e8s la premi\u00e8re c\u00e9r\u00e9monie de la Convention des maires, l&#039;initiative se pr\u00e9pare \u00e0 une nouvelle \u00e8re dans laquelle la mise en \u0153uvre du Green Deal europ\u00e9en au niveau local occupera le devant de la sc\u00e8ne.\" \/>\n<meta name=\"robots\" content=\"index, follow, max-snippet:-1, max-image-preview:large, max-video-preview:-1\" \/>\n<link rel=\"canonical\" href=\"https:\/\/energy-cities.eu\/fr\/celebrons-les-15-ans-de-la-convention-des-maires\/\" \/>\n<meta property=\"og:locale\" content=\"fr_FR\" \/>\n<meta property=\"og:type\" content=\"article\" \/>\n<meta property=\"og:title\" content=\"C\u00e9l\u00e9brons les 15 ans de la Convention des Maires - Europe ! - Energy Cities\" \/>\n<meta property=\"og:description\" content=\"15 ans apr\u00e8s la premi\u00e8re c\u00e9r\u00e9monie de la Convention des maires, l&#039;initiative se pr\u00e9pare \u00e0 une nouvelle \u00e8re dans laquelle la mise en \u0153uvre du Green Deal europ\u00e9en au niveau local occupera le devant de la sc\u00e8ne.\" \/>\n<meta property=\"og:url\" content=\"https:\/\/energy-cities.eu\/fr\/celebrons-les-15-ans-de-la-convention-des-maires\/\" \/>\n<meta property=\"og:site_name\" content=\"Energy Cities\" \/>\n<meta property=\"article:publisher\" content=\"https:\/\/www.facebook.com\/energycities.eu\/\" \/>\n<meta property=\"article:published_time\" content=\"2024-02-15T08:58:25+00:00\" \/>\n<meta property=\"article:modified_time\" content=\"2024-02-15T09:03:39+00:00\" \/>\n<meta property=\"og:image\" content=\"https:\/\/energy-cities.eu\/wp-content\/uploads\/2024\/02\/nikhita-singhal-k8y9HrzonOQ-unsplash.jpg\" \/>\n\t<meta property=\"og:image:width\" content=\"2304\" \/>\n\t<meta property=\"og:image:height\" content=\"1536\" \/>\n\t<meta property=\"og:image:type\" content=\"image\/jpeg\" \/>\n<meta name=\"twitter:card\" content=\"summary_large_image\" \/>\n<meta name=\"twitter:creator\" content=\"@b.karas\" \/>\n<meta name=\"twitter:site\" content=\"@energycities\" \/>\n<meta name=\"twitter:label1\" content=\"\u00c9crit par\" \/>\n\t<meta name=\"twitter:data1\" content=\"Eva Lopes\" \/>\n\t<meta name=\"twitter:label2\" content=\"Dur\u00e9e de lecture estim\u00e9e\" \/>\n\t<meta name=\"twitter:data2\" content=\"5 minutes\" \/>\n<script type=\"application\/ld+json\" class=\"yoast-schema-graph\">{\"@context\":\"https:\/\/schema.org\",\"@graph\":[{\"@type\":\"Organization\",\"@id\":\"https:\/\/energy-cities.eu\/fr\/#organization\",\"name\":\"Energy Cities\",\"url\":\"https:\/\/energy-cities.eu\/fr\/\",\"sameAs\":[\"https:\/\/www.facebook.com\/energycities.eu\/\",\"https:\/\/www.youtube.com\/channel\/UChIHn2wF76JzuTbAjSMs0hQ\",\"https:\/\/fr.wikipedia.org\/wiki\/Energy_Cities\",\"https:\/\/twitter.com\/energycities\"],\"logo\":{\"@type\":\"ImageObject\",\"inLanguage\":\"fr-FR\",\"@id\":\"https:\/\/energy-cities.eu\/fr\/#\/schema\/logo\/image\/\",\"url\":\"https:\/\/energy-cities.eu\/wp-content\/uploads\/2019\/07\/energy-cities-couleur.jpg\",\"contentUrl\":\"https:\/\/energy-cities.eu\/wp-content\/uploads\/2019\/07\/energy-cities-couleur.jpg\",\"width\":3508,\"height\":2587,\"caption\":\"Energy Cities\"},\"image\":{\"@id\":\"https:\/\/energy-cities.eu\/fr\/#\/schema\/logo\/image\/\"}},{\"@type\":\"WebSite\",\"@id\":\"https:\/\/energy-cities.eu\/fr\/#website\",\"url\":\"https:\/\/energy-cities.eu\/fr\/\",\"name\":\"Energy Cities\",\"description\":\" The European learning community for future-proof cities\",\"publisher\":{\"@id\":\"https:\/\/energy-cities.eu\/fr\/#organization\"},\"potentialAction\":[{\"@type\":\"SearchAction\",\"target\":{\"@type\":\"EntryPoint\",\"urlTemplate\":\"https:\/\/energy-cities.eu\/fr\/?s={search_term_string}\"},\"query-input\":\"required name=search_term_string\"}],\"inLanguage\":\"fr-FR\"},{\"@type\":\"ImageObject\",\"inLanguage\":\"fr-FR\",\"@id\":\"https:\/\/energy-cities.eu\/fr\/celebrons-les-15-ans-de-la-convention-des-maires\/#primaryimage\",\"url\":\"https:\/\/energy-cities.eu\/wp-content\/uploads\/2024\/02\/nikhita-singhal-k8y9HrzonOQ-unsplash.jpg\",\"contentUrl\":\"https:\/\/energy-cities.eu\/wp-content\/uploads\/2024\/02\/nikhita-singhal-k8y9HrzonOQ-unsplash.jpg\",\"width\":2304,\"height\":1536,\"caption\":\"15 years of Covenant of Mayors Europe initiative\"},{\"@type\":\"WebPage\",\"@id\":\"https:\/\/energy-cities.eu\/fr\/celebrons-les-15-ans-de-la-convention-des-maires\/#webpage\",\"url\":\"https:\/\/energy-cities.eu\/fr\/celebrons-les-15-ans-de-la-convention-des-maires\/\",\"name\":\"C\u00e9l\u00e9brons les 15 ans de la Convention des Maires - Europe ! - Energy Cities\",\"isPartOf\":{\"@id\":\"https:\/\/energy-cities.eu\/fr\/#website\"},\"primaryImageOfPage\":{\"@id\":\"https:\/\/energy-cities.eu\/fr\/celebrons-les-15-ans-de-la-convention-des-maires\/#primaryimage\"},\"datePublished\":\"2024-02-15T08:58:25+00:00\",\"dateModified\":\"2024-02-15T09:03:39+00:00\",\"description\":\"15 ans apr\u00e8s la premi\u00e8re c\u00e9r\u00e9monie de la Convention des maires, l'initiative se pr\u00e9pare \u00e0 une nouvelle \u00e8re dans laquelle la mise en \u0153uvre du Green Deal europ\u00e9en au niveau local occupera le devant de la sc\u00e8ne.\",\"breadcrumb\":{\"@id\":\"https:\/\/energy-cities.eu\/fr\/celebrons-les-15-ans-de-la-convention-des-maires\/#breadcrumb\"},\"inLanguage\":\"fr-FR\",\"potentialAction\":[{\"@type\":\"ReadAction\",\"target\":[\"https:\/\/energy-cities.eu\/fr\/celebrons-les-15-ans-de-la-convention-des-maires\/\"]}]},{\"@type\":\"BreadcrumbList\",\"@id\":\"https:\/\/energy-cities.eu\/fr\/celebrons-les-15-ans-de-la-convention-des-maires\/#breadcrumb\",\"itemListElement\":[{\"@type\":\"ListItem\",\"position\":1,\"name\":\"Home\",\"item\":\"https:\/\/energy-cities.eu\/fr\/nous-sommes-un-reseau-europeen-blabla\/\"},{\"@type\":\"ListItem\",\"position\":2,\"name\":\"C\u00e9l\u00e9brons les 15 ans de la Convention des Maires - Europe !\"}]},{\"@type\":\"Article\",\"@id\":\"https:\/\/energy-cities.eu\/fr\/celebrons-les-15-ans-de-la-convention-des-maires\/#article\",\"isPartOf\":{\"@id\":\"https:\/\/energy-cities.eu\/fr\/celebrons-les-15-ans-de-la-convention-des-maires\/#webpage\"},\"author\":{\"@id\":\"https:\/\/energy-cities.eu\/fr\/#\/schema\/person\/f5264d91f106437f7a57fcb90fafb122\"},\"headline\":\"C\u00e9l\u00e9brons les 15 ans de la Convention des Maires &#8211; Europe !\",\"datePublished\":\"2024-02-15T08:58:25+00:00\",\"dateModified\":\"2024-02-15T09:03:39+00:00\",\"mainEntityOfPage\":{\"@id\":\"https:\/\/energy-cities.eu\/fr\/celebrons-les-15-ans-de-la-convention-des-maires\/#webpage\"},\"wordCount\":889,\"commentCount\":0,\"publisher\":{\"@id\":\"https:\/\/energy-cities.eu\/fr\/#organization\"},\"image\":{\"@id\":\"https:\/\/energy-cities.eu\/fr\/celebrons-les-15-ans-de-la-convention-des-maires\/#primaryimage\"},\"thumbnailUrl\":\"https:\/\/energy-cities.eu\/wp-content\/uploads\/2024\/02\/nikhita-singhal-k8y9HrzonOQ-unsplash.jpg\",\"articleSection\":[\"Actualit\u00e9s\"],\"inLanguage\":\"fr-FR\",\"potentialAction\":[{\"@type\":\"CommentAction\",\"name\":\"Comment\",\"target\":[\"https:\/\/energy-cities.eu\/fr\/celebrons-les-15-ans-de-la-convention-des-maires\/#respond\"]}]},{\"@type\":\"Person\",\"@id\":\"https:\/\/energy-cities.eu\/fr\/#\/schema\/person\/f5264d91f106437f7a57fcb90fafb122\",\"name\":\"Eva Lopes\",\"image\":{\"@type\":\"ImageObject\",\"inLanguage\":\"fr-FR\",\"@id\":\"https:\/\/energy-cities.eu\/fr\/#\/schema\/person\/image\/\",\"url\":\"https:\/\/secure.gravatar.com\/avatar\/7cade72d68d67debb3c1371fb75d1281?s=96&d=mm&r=g\",\"contentUrl\":\"https:\/\/secure.gravatar.com\/avatar\/7cade72d68d67debb3c1371fb75d1281?s=96&d=mm&r=g\",\"caption\":\"Eva Lopes\"},\"sameAs\":[\"https:\/\/twitter.com\/b.karas\"],\"url\":\"https:\/\/energy-cities.eu\/fr\/staff\/e-lopes\/\"}]}<\/script>\n<!-- \/ Yoast SEO plugin. -->","yoast_head_json":{"title":"C\u00e9l\u00e9brons les 15 ans de la Convention des Maires - Europe ! - Energy Cities","description":"15 ans apr\u00e8s la premi\u00e8re c\u00e9r\u00e9monie de la Convention des maires, l'initiative se pr\u00e9pare \u00e0 une nouvelle \u00e8re dans laquelle la mise en \u0153uvre du Green Deal europ\u00e9en au niveau local occupera le devant de la sc\u00e8ne.","robots":{"index":"index","follow":"follow","max-snippet":"max-snippet:-1","max-image-preview":"max-image-preview:large","max-video-preview":"max-video-preview:-1"},"canonical":"https:\/\/energy-cities.eu\/fr\/celebrons-les-15-ans-de-la-convention-des-maires\/","og_locale":"fr_FR","og_type":"article","og_title":"C\u00e9l\u00e9brons les 15 ans de la Convention des Maires - Europe ! - Energy Cities","og_description":"15 ans apr\u00e8s la premi\u00e8re c\u00e9r\u00e9monie de la Convention des maires, l'initiative se pr\u00e9pare \u00e0 une nouvelle \u00e8re dans laquelle la mise en \u0153uvre du Green Deal europ\u00e9en au niveau local occupera le devant de la sc\u00e8ne.","og_url":"https:\/\/energy-cities.eu\/fr\/celebrons-les-15-ans-de-la-convention-des-maires\/","og_site_name":"Energy Cities","article_publisher":"https:\/\/www.facebook.com\/energycities.eu\/","article_published_time":"2024-02-15T08:58:25+00:00","article_modified_time":"2024-02-15T09:03:39+00:00","og_image":[{"width":2304,"height":1536,"url":"https:\/\/energy-cities.eu\/wp-content\/uploads\/2024\/02\/nikhita-singhal-k8y9HrzonOQ-unsplash.jpg","type":"image\/jpeg"}],"twitter_card":"summary_large_image","twitter_creator":"@b.karas","twitter_site":"@energycities","twitter_misc":{"\u00c9crit par":"Eva Lopes","Dur\u00e9e de lecture estim\u00e9e":"5 minutes"},"schema":{"@context":"https:\/\/schema.org","@graph":[{"@type":"Organization","@id":"https:\/\/energy-cities.eu\/fr\/#organization","name":"Energy Cities","url":"https:\/\/energy-cities.eu\/fr\/","sameAs":["https:\/\/www.facebook.com\/energycities.eu\/","https:\/\/www.youtube.com\/channel\/UChIHn2wF76JzuTbAjSMs0hQ","https:\/\/fr.wikipedia.org\/wiki\/Energy_Cities","https:\/\/twitter.com\/energycities"],"logo":{"@type":"ImageObject","inLanguage":"fr-FR","@id":"https:\/\/energy-cities.eu\/fr\/#\/schema\/logo\/image\/","url":"https:\/\/energy-cities.eu\/wp-content\/uploads\/2019\/07\/energy-cities-couleur.jpg","contentUrl":"https:\/\/energy-cities.eu\/wp-content\/uploads\/2019\/07\/energy-cities-couleur.jpg","width":3508,"height":2587,"caption":"Energy Cities"},"image":{"@id":"https:\/\/energy-cities.eu\/fr\/#\/schema\/logo\/image\/"}},{"@type":"WebSite","@id":"https:\/\/energy-cities.eu\/fr\/#website","url":"https:\/\/energy-cities.eu\/fr\/","name":"Energy Cities","description":" The European learning community for future-proof cities","publisher":{"@id":"https:\/\/energy-cities.eu\/fr\/#organization"},"potentialAction":[{"@type":"SearchAction","target":{"@type":"EntryPoint","urlTemplate":"https:\/\/energy-cities.eu\/fr\/?s={search_term_string}"},"query-input":"required name=search_term_string"}],"inLanguage":"fr-FR"},{"@type":"ImageObject","inLanguage":"fr-FR","@id":"https:\/\/energy-cities.eu\/fr\/celebrons-les-15-ans-de-la-convention-des-maires\/#primaryimage","url":"https:\/\/energy-cities.eu\/wp-content\/uploads\/2024\/02\/nikhita-singhal-k8y9HrzonOQ-unsplash.jpg","contentUrl":"https:\/\/energy-cities.eu\/wp-content\/uploads\/2024\/02\/nikhita-singhal-k8y9HrzonOQ-unsplash.jpg","width":2304,"height":1536,"caption":"15 years of Covenant of Mayors Europe initiative"},{"@type":"WebPage","@id":"https:\/\/energy-cities.eu\/fr\/celebrons-les-15-ans-de-la-convention-des-maires\/#webpage","url":"https:\/\/energy-cities.eu\/fr\/celebrons-les-15-ans-de-la-convention-des-maires\/","name":"C\u00e9l\u00e9brons les 15 ans de la Convention des Maires - Europe ! - Energy Cities","isPartOf":{"@id":"https:\/\/energy-cities.eu\/fr\/#website"},"primaryImageOfPage":{"@id":"https:\/\/energy-cities.eu\/fr\/celebrons-les-15-ans-de-la-convention-des-maires\/#primaryimage"},"datePublished":"2024-02-15T08:58:25+00:00","dateModified":"2024-02-15T09:03:39+00:00","description":"15 ans apr\u00e8s la premi\u00e8re c\u00e9r\u00e9monie de la Convention des maires, l'initiative se pr\u00e9pare \u00e0 une nouvelle \u00e8re dans laquelle la mise en \u0153uvre du Green Deal europ\u00e9en au niveau local occupera le devant de la sc\u00e8ne.","breadcrumb":{"@id":"https:\/\/energy-cities.eu\/fr\/celebrons-les-15-ans-de-la-convention-des-maires\/#breadcrumb"},"inLanguage":"fr-FR","potentialAction":[{"@type":"ReadAction","target":["https:\/\/energy-cities.eu\/fr\/celebrons-les-15-ans-de-la-convention-des-maires\/"]}]},{"@type":"BreadcrumbList","@id":"https:\/\/energy-cities.eu\/fr\/celebrons-les-15-ans-de-la-convention-des-maires\/#breadcrumb","itemListElement":[{"@type":"ListItem","position":1,"name":"Home","item":"https:\/\/energy-cities.eu\/fr\/nous-sommes-un-reseau-europeen-blabla\/"},{"@type":"ListItem","position":2,"name":"C\u00e9l\u00e9brons les 15 ans de la Convention des Maires - Europe !"}]},{"@type":"Article","@id":"https:\/\/energy-cities.eu\/fr\/celebrons-les-15-ans-de-la-convention-des-maires\/#article","isPartOf":{"@id":"https:\/\/energy-cities.eu\/fr\/celebrons-les-15-ans-de-la-convention-des-maires\/#webpage"},"author":{"@id":"https:\/\/energy-cities.eu\/fr\/#\/schema\/person\/f5264d91f106437f7a57fcb90fafb122"},"headline":"C\u00e9l\u00e9brons les 15 ans de la Convention des Maires &#8211; Europe !","datePublished":"2024-02-15T08:58:25+00:00","dateModified":"2024-02-15T09:03:39+00:00","mainEntityOfPage":{"@id":"https:\/\/energy-cities.eu\/fr\/celebrons-les-15-ans-de-la-convention-des-maires\/#webpage"},"wordCount":889,"commentCount":0,"publisher":{"@id":"https:\/\/energy-cities.eu\/fr\/#organization"},"image":{"@id":"https:\/\/energy-cities.eu\/fr\/celebrons-les-15-ans-de-la-convention-des-maires\/#primaryimage"},"thumbnailUrl":"https:\/\/energy-cities.eu\/wp-content\/uploads\/2024\/02\/nikhita-singhal-k8y9HrzonOQ-unsplash.jpg","articleSection":["Actualit\u00e9s"],"inLanguage":"fr-FR","potentialAction":[{"@type":"CommentAction","name":"Comment","target":["https:\/\/energy-cities.eu\/fr\/celebrons-les-15-ans-de-la-convention-des-maires\/#respond"]}]},{"@type":"Person","@id":"https:\/\/energy-cities.eu\/fr\/#\/schema\/person\/f5264d91f106437f7a57fcb90fafb122","name":"Eva Lopes","image":{"@type":"ImageObject","inLanguage":"fr-FR","@id":"https:\/\/energy-cities.eu\/fr\/#\/schema\/person\/image\/","url":"https:\/\/secure.gravatar.com\/avatar\/7cade72d68d67debb3c1371fb75d1281?s=96&d=mm&r=g","contentUrl":"https:\/\/secure.gravatar.com\/avatar\/7cade72d68d67debb3c1371fb75d1281?s=96&d=mm&r=g","caption":"Eva Lopes"},"sameAs":["https:\/\/twitter.com\/b.karas"],"url":"https:\/\/energy-cities.eu\/fr\/staff\/e-lopes\/"}]}},"coauthors":[],"tax_additional":{"categories":{"linked":["<a href=\"https:\/\/energy-cities.eu\/fr\/category\/actualites\/\" class=\"advgb-post-tax-term\">Actualit\u00e9s<\/a>"],"unlinked":["<span class=\"advgb-post-tax-term\">Actualit\u00e9s<\/span>"]}},"comment_count":"0","relative_dates":{"created":"Publi\u00e9 2 ans il y a","modified":"Mis \u00e0 jour 2 ans il y a"},"absolute_dates":{"created":"Publi\u00e9 le 15 f\u00e9vrier 2024","modified":"Mise \u00e0 jour le 15 f\u00e9vrier 2024"},"absolute_dates_time":{"created":"Publi\u00e9 le 15 f\u00e9vrier 2024 9:58  ","modified":"Mise \u00e0 jour le 15 f\u00e9vrier 2024 10:03  "},"featured_img_caption":"15 years of Covenant of Mayors Europe initiative","_links":{"self":[{"href":"https:\/\/energy-cities.eu\/fr\/wp-json\/wp\/v2\/posts\/74992"}],"collection":[{"href":"https:\/\/energy-cities.eu\/fr\/wp-json\/wp\/v2\/posts"}],"about":[{"href":"https:\/\/energy-cities.eu\/fr\/wp-json\/wp\/v2\/types\/post"}],"author":[{"embeddable":true,"href":"https:\/\/energy-cities.eu\/fr\/wp-json\/wp\/v2\/users\/69"}],"replies":[{"embeddable":true,"href":"https:\/\/energy-cities.eu\/fr\/wp-json\/wp\/v2\/comments?post=74992"}],"version-history":[{"count":4,"href":"https:\/\/energy-cities.eu\/fr\/wp-json\/wp\/v2\/posts\/74992\/revisions"}],"predecessor-version":[{"id":74997,"href":"https:\/\/energy-cities.eu\/fr\/wp-json\/wp\/v2\/posts\/74992\/revisions\/74997"}],"wp:featuredmedia":[{"embeddable":true,"href":"https:\/\/energy-cities.eu\/fr\/wp-json\/wp\/v2\/media\/74718"}],"wp:attachment":[{"href":"https:\/\/energy-cities.eu\/fr\/wp-json\/wp\/v2\/media?parent=74992"}],"wp:term":[{"taxonomy":"category","embeddable":true,"href":"https:\/\/energy-cities.eu\/fr\/wp-json\/wp\/v2\/categories?post=74992"},{"taxonomy":"post_tag","embeddable":true,"href":"https:\/\/energy-cities.eu\/fr\/wp-json\/wp\/v2\/tags?post=74992"},{"taxonomy":"hub","embeddable":true,"href":"https:\/\/energy-cities.eu\/fr\/wp-json\/wp\/v2\/hub?post=74992"},{"taxonomy":"topic","embeddable":true,"href":"https:\/\/energy-cities.eu\/fr\/wp-json\/wp\/v2\/topic?post=74992"},{"taxonomy":"legislative_initiative","embeddable":true,"href":"https:\/\/energy-cities.eu\/fr\/wp-json\/wp\/v2\/legislative_initiative?post=74992"},{"taxonomy":"document_type","embeddable":true,"href":"https:\/\/energy-cities.eu\/fr\/wp-json\/wp\/v2\/document_type?post=74992"}],"curies":[{"name":"wp","href":"https:\/\/api.w.org\/{rel}","templated":true}]}}