{"id":80155,"date":"2024-09-04T10:08:09","date_gmt":"2024-09-04T08:08:09","guid":{"rendered":"https:\/\/energy-cities.eu\/citizens-engagement-for-effective-food-strategies\/"},"modified":"2024-09-05T11:35:22","modified_gmt":"2024-09-05T09:35:22","slug":"engagement-des-citoyens-pour-strategies-alimentaires-efficaces","status":"publish","type":"post","link":"https:\/\/energy-cities.eu\/fr\/engagement-des-citoyens-pour-strategies-alimentaires-efficaces\/","title":{"rendered":"L&rsquo;engagement des citoyens pour des strat\u00e9gies alimentaires efficaces"},"content":{"rendered":"\n<p><strong>Comment soutenir une cha\u00eene alimentaire de production et de distribution courte ?<\/strong>&nbsp;<\/p>\n\n\n\n<p><strong>Comment encourager une consommation alimentaire plus \u00e9quitable et plus saine ?<\/strong>&nbsp;<\/p>\n\n\n\n<p><strong>En tant qu&rsquo;invit\u00e9s du dernier webinaire <a href=\"https:\/\/energy-cities.eu\/fr\/projet\/tandem\/\" target=\"_blank\" rel=\"noreferrer noopener\">TANDEM<\/a>, des repr\u00e9sentants d&rsquo;institutions et d&rsquo;autorit\u00e9s locales fran\u00e7aises et allemandes ont partag\u00e9 des id\u00e9es et des exp\u00e9riences sur les diff\u00e9rentes strat\u00e9gies alimentaires mises en \u0153uvre dans leurs pays.<\/strong>\u00a0<\/p>\n\n\n\n<h2>Diff\u00e9rentes approches, m\u00eame objectif\u00a0<\/h2>\n\n\n\n<p><strong>Laurie Lecoq<\/strong>, cheffe-adjointe du bureau de la politique de l&rsquo;alimentation au minist\u00e8re fran\u00e7ais de l&rsquo;Agriculture et de la Souverainet\u00e9 Alimentaire, a pr\u00e9sent\u00e9 les<strong> <a href=\"https:\/\/agriculture.gouv.fr\/projets-alimentaires-territoriaux#:~:text=Les%20projets%20alimentaires%20territoriaux%20(PAT)%20ont%20l'ambition%20de,de%20sant%C3%A9%20de%20ce%20territoire.\" target=\"_blank\" rel=\"noreferrer noopener\">Projets Alimentaires Territoriaux<\/a> <\/strong>(PAT), en soulignant leur r\u00f4le crucial dans la promotion d&rsquo;une alimentation locale, durable et solidaire. Encadr\u00e9s par l&rsquo;\u00c9tat, ces projets visent \u00e0 <strong>renforcer la r\u00e9silience alimentaire<\/strong> en impliquant divers acteurs locaux tels que les agriculteurs, les communaut\u00e9s, les associations et les citoyens.\u00a0<\/p>\n\n\n\n<p>Alexander Schrode, directeur ex\u00e9cutif de l&rsquo;association <a href=\"https:\/\/nahhaft.de\/\" target=\"_blank\" rel=\"noreferrer noopener\">Nahhaft e.V.<\/a>, a expliqu\u00e9 qu&rsquo;en Allemagne, les strat\u00e9gies alimentaires locales, bien que similaires dans leurs objectifs, se distinguent par une approche plus d\u00e9centralis\u00e9e et souvent <strong>initi\u00e9e par les citoyens<\/strong>, avec un soutien des autorit\u00e9s locales elles-m\u00eames limit\u00e9es en ressources.\u00a0<\/p>\n\n\n\n<h2>L&rsquo;exp\u00e9rience de Freiburg et du PETR S\u00e9lestat Alsace Centrale\u00a0<\/h2>\n\n\n\n<p>Deux exp\u00e9riences locales ont illustr\u00e9 les diff\u00e9rences et les similitudes entre les deux pays. La discussion s&rsquo;est particuli\u00e8rement concentr\u00e9e sur les projets men\u00e9s dans la ville allemande de Freiburg et le territoire fran\u00e7ais du PETR S\u00e9lestat Alsace Centrale.\u00a0<\/p>\n\n\n\n<p><strong>Robert Gundlach<\/strong>, responsable de la protection du climat \u00e0 Freiburg, et <strong>Markus Fugmann<\/strong> du conseil de l&rsquo;alimentation ont parl\u00e9 du projet de <strong>Conseil de l&rsquo;Alimentation<\/strong>, un groupe qui joue un r\u00f4le cl\u00e9 dans l&rsquo;\u00e9laboration et la mise en \u0153uvre des strat\u00e9gies alimentaires locales. Compos\u00e9 de professionnels issus de diff\u00e9rents secteurs (agriculture, sant\u00e9, \u00e9ducation et commerce), le Conseil de l&rsquo;Alimentation favorise une <strong>approche participative et inclusive pour r\u00e9pondre aux d\u00e9fis alimentaires <\/strong>de la r\u00e9gion.\u00a0<\/p>\n\n\n\n<p><strong>Blanca Linz<\/strong>, charg\u00e9e de mission d\u00e9veloppement territorial du PETR de S\u00e9lestat, a pr\u00e9sent\u00e9 avec fiert\u00e9 le d\u00e9veloppement du <a href=\"https:\/\/selestat-alsace-centrale.fr\/alimentation\/projet-alimentaire-territorial\/\" target=\"_blank\" rel=\"noreferrer noopener\">projet alimentaire territorial<\/a>. Gr\u00e2ce \u00e0 un r\u00e9seau d&rsquo;acteurs locaux et au soutien des autorit\u00e9s locales, ce projet vise \u00e0 <strong>renforcer les circuits courts, promouvoir les produits locaux et durables, et sensibiliser la population<\/strong> \u00e0 l&rsquo;importance d&rsquo;une alimentation saine et locale.\u00a0<\/p>\n\n\n\n<p>Depuis 2014, le projet TANDEM soutient la formation de partenariats franco-allemands pour la protection du climat. Curieux d&rsquo;en savoir plus ? Visitez le<a href=\"http:\/\/www.ville-tandem.eu\/\" target=\"_blank\" rel=\"noreferrer noopener\"> site web de TANDEM<\/a> !\u00a0<\/p>\n\n\n\n<p class=\"has-light-green-cyan-background-color has-background\">T\u00e9l\u00e9charger <a href=\"https:\/\/ville-tandem.eu\/wp-content\/uploads\/2024\/07\/PPT_strategies-alimentaires_site-1.pdf\" target=\"_blank\" rel=\"noreferrer noopener\"><strong>ici<\/strong> <\/a>la pr\u00e9sentation <em>(en allemand et en fran\u00e7ais)<\/em><\/p>\n","protected":false},"excerpt":{"rendered":"<p>Comment soutenir une cha\u00eene alimentaire de production et de distribution courte ?&nbsp; Comment encourager une consommation alimentaire plus \u00e9quitable et plus saine ?&nbsp; En tant <a href=\"https:\/\/energy-cities.eu\/fr\/engagement-des-citoyens-pour-strategies-alimentaires-efficaces\/\">[\u2026]<\/a><\/p>\n","protected":false},"author":74,"featured_media":80117,"comment_status":"open","ping_status":"open","sticky":false,"template":"","format":"standard","meta":{"advgb_blocks_editor_width":"","advgb_blocks_columns_visual_guide":"","ub_ctt_via":""},"categories":[4],"tags":[526,527,528],"hub":[307],"topic":[113,319,357,361,372],"legislative_initiative":[],"document_type":[],"acf":[],"author_meta":{"display_name":"Simona Aronica","author_link":"https:\/\/energy-cities.eu\/fr\/staff\/s-aronica\/"},"featured_img":"https:\/\/energy-cities.eu\/wp-content\/uploads\/2024\/09\/getty-images-TpB8JdB384Y-unsplash-350x233.jpg","featured_image_src":"https:\/\/energy-cities.eu\/wp-content\/uploads\/2024\/09\/getty-images-TpB8JdB384Y-unsplash.jpg","author_info":{"display_name":"Simona Aronica","author_link":"https:\/\/energy-cities.eu\/fr\/staff\/s-aronica\/"},"yoast_head":"<!-- This site is optimized with the Yoast SEO plugin v18.8 - https:\/\/yoast.com\/wordpress\/plugins\/seo\/ -->\n<title>L&#039;engagement des citoyens pour des strat\u00e9gies alimentaires efficaces - Energy Cities<\/title>\n<meta name=\"robots\" content=\"index, follow, max-snippet:-1, max-image-preview:large, max-video-preview:-1\" \/>\n<link rel=\"canonical\" href=\"https:\/\/energy-cities.eu\/fr\/engagement-des-citoyens-pour-strategies-alimentaires-efficaces\/\" \/>\n<meta property=\"og:locale\" content=\"fr_FR\" \/>\n<meta property=\"og:type\" content=\"article\" \/>\n<meta property=\"og:title\" content=\"L&#039;engagement des citoyens pour des strat\u00e9gies alimentaires efficaces - Energy Cities\" \/>\n<meta property=\"og:description\" content=\"Comment soutenir une cha\u00eene alimentaire de production et de distribution courte ?&nbsp; Comment encourager une consommation alimentaire plus \u00e9quitable et plus saine ?&nbsp; En tant [\u2026]\" \/>\n<meta property=\"og:url\" content=\"https:\/\/energy-cities.eu\/fr\/engagement-des-citoyens-pour-strategies-alimentaires-efficaces\/\" \/>\n<meta property=\"og:site_name\" content=\"Energy Cities\" \/>\n<meta property=\"article:publisher\" content=\"https:\/\/www.facebook.com\/energycities.eu\/\" \/>\n<meta property=\"article:published_time\" content=\"2024-09-04T08:08:09+00:00\" \/>\n<meta property=\"article:modified_time\" content=\"2024-09-05T09:35:22+00:00\" \/>\n<meta property=\"og:image\" content=\"https:\/\/energy-cities.eu\/wp-content\/uploads\/2024\/09\/getty-images-TpB8JdB384Y-unsplash.jpg\" \/>\n\t<meta property=\"og:image:width\" content=\"2400\" \/>\n\t<meta property=\"og:image:height\" content=\"1600\" \/>\n\t<meta property=\"og:image:type\" content=\"image\/jpeg\" \/>\n<meta name=\"twitter:card\" content=\"summary_large_image\" \/>\n<meta name=\"twitter:creator\" content=\"@b.karas\" \/>\n<meta name=\"twitter:site\" content=\"@energycities\" \/>\n<meta name=\"twitter:label1\" content=\"\u00c9crit par\" \/>\n\t<meta name=\"twitter:data1\" content=\"Simona Aronica\" \/>\n\t<meta name=\"twitter:label2\" content=\"Dur\u00e9e de lecture estim\u00e9e\" \/>\n\t<meta name=\"twitter:data2\" content=\"2 minutes\" \/>\n<script type=\"application\/ld+json\" class=\"yoast-schema-graph\">{\"@context\":\"https:\/\/schema.org\",\"@graph\":[{\"@type\":\"Organization\",\"@id\":\"https:\/\/energy-cities.eu\/fr\/#organization\",\"name\":\"Energy Cities\",\"url\":\"https:\/\/energy-cities.eu\/fr\/\",\"sameAs\":[\"https:\/\/www.facebook.com\/energycities.eu\/\",\"https:\/\/www.youtube.com\/channel\/UChIHn2wF76JzuTbAjSMs0hQ\",\"https:\/\/fr.wikipedia.org\/wiki\/Energy_Cities\",\"https:\/\/twitter.com\/energycities\"],\"logo\":{\"@type\":\"ImageObject\",\"inLanguage\":\"fr-FR\",\"@id\":\"https:\/\/energy-cities.eu\/fr\/#\/schema\/logo\/image\/\",\"url\":\"https:\/\/energy-cities.eu\/wp-content\/uploads\/2019\/07\/energy-cities-couleur.jpg\",\"contentUrl\":\"https:\/\/energy-cities.eu\/wp-content\/uploads\/2019\/07\/energy-cities-couleur.jpg\",\"width\":3508,\"height\":2587,\"caption\":\"Energy Cities\"},\"image\":{\"@id\":\"https:\/\/energy-cities.eu\/fr\/#\/schema\/logo\/image\/\"}},{\"@type\":\"WebSite\",\"@id\":\"https:\/\/energy-cities.eu\/fr\/#website\",\"url\":\"https:\/\/energy-cities.eu\/fr\/\",\"name\":\"Energy Cities\",\"description\":\" The European learning community for future-proof cities\",\"publisher\":{\"@id\":\"https:\/\/energy-cities.eu\/fr\/#organization\"},\"potentialAction\":[{\"@type\":\"SearchAction\",\"target\":{\"@type\":\"EntryPoint\",\"urlTemplate\":\"https:\/\/energy-cities.eu\/fr\/?s={search_term_string}\"},\"query-input\":\"required name=search_term_string\"}],\"inLanguage\":\"fr-FR\"},{\"@type\":\"ImageObject\",\"inLanguage\":\"fr-FR\",\"@id\":\"https:\/\/energy-cities.eu\/fr\/engagement-des-citoyens-pour-strategies-alimentaires-efficaces\/#primaryimage\",\"url\":\"https:\/\/energy-cities.eu\/wp-content\/uploads\/2024\/09\/getty-images-TpB8JdB384Y-unsplash.jpg\",\"contentUrl\":\"https:\/\/energy-cities.eu\/wp-content\/uploads\/2024\/09\/getty-images-TpB8JdB384Y-unsplash.jpg\",\"width\":2400,\"height\":1600,\"caption\":\"Citizens\u2019 engagement for effective food strategies\"},{\"@type\":\"WebPage\",\"@id\":\"https:\/\/energy-cities.eu\/fr\/engagement-des-citoyens-pour-strategies-alimentaires-efficaces\/#webpage\",\"url\":\"https:\/\/energy-cities.eu\/fr\/engagement-des-citoyens-pour-strategies-alimentaires-efficaces\/\",\"name\":\"L'engagement des citoyens pour des strat\u00e9gies alimentaires efficaces - Energy Cities\",\"isPartOf\":{\"@id\":\"https:\/\/energy-cities.eu\/fr\/#website\"},\"primaryImageOfPage\":{\"@id\":\"https:\/\/energy-cities.eu\/fr\/engagement-des-citoyens-pour-strategies-alimentaires-efficaces\/#primaryimage\"},\"datePublished\":\"2024-09-04T08:08:09+00:00\",\"dateModified\":\"2024-09-05T09:35:22+00:00\",\"breadcrumb\":{\"@id\":\"https:\/\/energy-cities.eu\/fr\/engagement-des-citoyens-pour-strategies-alimentaires-efficaces\/#breadcrumb\"},\"inLanguage\":\"fr-FR\",\"potentialAction\":[{\"@type\":\"ReadAction\",\"target\":[\"https:\/\/energy-cities.eu\/fr\/engagement-des-citoyens-pour-strategies-alimentaires-efficaces\/\"]}]},{\"@type\":\"BreadcrumbList\",\"@id\":\"https:\/\/energy-cities.eu\/fr\/engagement-des-citoyens-pour-strategies-alimentaires-efficaces\/#breadcrumb\",\"itemListElement\":[{\"@type\":\"ListItem\",\"position\":1,\"name\":\"Home\",\"item\":\"https:\/\/energy-cities.eu\/fr\/nous-sommes-un-reseau-europeen-blabla\/\"},{\"@type\":\"ListItem\",\"position\":2,\"name\":\"L'engagement des citoyens pour des strat\u00e9gies alimentaires efficaces\"}]},{\"@type\":\"Article\",\"@id\":\"https:\/\/energy-cities.eu\/fr\/engagement-des-citoyens-pour-strategies-alimentaires-efficaces\/#article\",\"isPartOf\":{\"@id\":\"https:\/\/energy-cities.eu\/fr\/engagement-des-citoyens-pour-strategies-alimentaires-efficaces\/#webpage\"},\"author\":{\"@id\":\"https:\/\/energy-cities.eu\/fr\/#\/schema\/person\/a2cdbfaa44d8652c2ea61c7a922ff4a5\"},\"headline\":\"L&rsquo;engagement des citoyens pour des strat\u00e9gies alimentaires efficaces\",\"datePublished\":\"2024-09-04T08:08:09+00:00\",\"dateModified\":\"2024-09-05T09:35:22+00:00\",\"mainEntityOfPage\":{\"@id\":\"https:\/\/energy-cities.eu\/fr\/engagement-des-citoyens-pour-strategies-alimentaires-efficaces\/#webpage\"},\"wordCount\":446,\"commentCount\":0,\"publisher\":{\"@id\":\"https:\/\/energy-cities.eu\/fr\/#organization\"},\"image\":{\"@id\":\"https:\/\/energy-cities.eu\/fr\/engagement-des-citoyens-pour-strategies-alimentaires-efficaces\/#primaryimage\"},\"thumbnailUrl\":\"https:\/\/energy-cities.eu\/wp-content\/uploads\/2024\/09\/getty-images-TpB8JdB384Y-unsplash.jpg\",\"keywords\":[\"food communities\",\"food systems\",\"local governments\"],\"articleSection\":[\"Actualit\u00e9s\"],\"inLanguage\":\"fr-FR\",\"potentialAction\":[{\"@type\":\"CommentAction\",\"name\":\"Comment\",\"target\":[\"https:\/\/energy-cities.eu\/fr\/engagement-des-citoyens-pour-strategies-alimentaires-efficaces\/#respond\"]}]},{\"@type\":\"Person\",\"@id\":\"https:\/\/energy-cities.eu\/fr\/#\/schema\/person\/a2cdbfaa44d8652c2ea61c7a922ff4a5\",\"name\":\"Simona Aronica\",\"image\":{\"@type\":\"ImageObject\",\"inLanguage\":\"fr-FR\",\"@id\":\"https:\/\/energy-cities.eu\/fr\/#\/schema\/person\/image\/\",\"url\":\"https:\/\/secure.gravatar.com\/avatar\/221540803526cea8c8f9fbdf69b7fab8?s=96&d=mm&r=g\",\"contentUrl\":\"https:\/\/secure.gravatar.com\/avatar\/221540803526cea8c8f9fbdf69b7fab8?s=96&d=mm&r=g\",\"caption\":\"Simona Aronica\"},\"sameAs\":[\"https:\/\/www.linkedin.com\/in\/simona-aronica-709243a0\/\",\"https:\/\/twitter.com\/b.karas\"],\"url\":\"https:\/\/energy-cities.eu\/fr\/staff\/s-aronica\/\"}]}<\/script>\n<!-- \/ Yoast SEO plugin. -->","yoast_head_json":{"title":"L'engagement des citoyens pour des strat\u00e9gies alimentaires efficaces - Energy Cities","robots":{"index":"index","follow":"follow","max-snippet":"max-snippet:-1","max-image-preview":"max-image-preview:large","max-video-preview":"max-video-preview:-1"},"canonical":"https:\/\/energy-cities.eu\/fr\/engagement-des-citoyens-pour-strategies-alimentaires-efficaces\/","og_locale":"fr_FR","og_type":"article","og_title":"L'engagement des citoyens pour des strat\u00e9gies alimentaires efficaces - Energy Cities","og_description":"Comment soutenir une cha\u00eene alimentaire de production et de distribution courte ?&nbsp; Comment encourager une consommation alimentaire plus \u00e9quitable et plus saine ?&nbsp; En tant [\u2026]","og_url":"https:\/\/energy-cities.eu\/fr\/engagement-des-citoyens-pour-strategies-alimentaires-efficaces\/","og_site_name":"Energy Cities","article_publisher":"https:\/\/www.facebook.com\/energycities.eu\/","article_published_time":"2024-09-04T08:08:09+00:00","article_modified_time":"2024-09-05T09:35:22+00:00","og_image":[{"width":2400,"height":1600,"url":"https:\/\/energy-cities.eu\/wp-content\/uploads\/2024\/09\/getty-images-TpB8JdB384Y-unsplash.jpg","type":"image\/jpeg"}],"twitter_card":"summary_large_image","twitter_creator":"@b.karas","twitter_site":"@energycities","twitter_misc":{"\u00c9crit par":"Simona Aronica","Dur\u00e9e de lecture estim\u00e9e":"2 minutes"},"schema":{"@context":"https:\/\/schema.org","@graph":[{"@type":"Organization","@id":"https:\/\/energy-cities.eu\/fr\/#organization","name":"Energy Cities","url":"https:\/\/energy-cities.eu\/fr\/","sameAs":["https:\/\/www.facebook.com\/energycities.eu\/","https:\/\/www.youtube.com\/channel\/UChIHn2wF76JzuTbAjSMs0hQ","https:\/\/fr.wikipedia.org\/wiki\/Energy_Cities","https:\/\/twitter.com\/energycities"],"logo":{"@type":"ImageObject","inLanguage":"fr-FR","@id":"https:\/\/energy-cities.eu\/fr\/#\/schema\/logo\/image\/","url":"https:\/\/energy-cities.eu\/wp-content\/uploads\/2019\/07\/energy-cities-couleur.jpg","contentUrl":"https:\/\/energy-cities.eu\/wp-content\/uploads\/2019\/07\/energy-cities-couleur.jpg","width":3508,"height":2587,"caption":"Energy Cities"},"image":{"@id":"https:\/\/energy-cities.eu\/fr\/#\/schema\/logo\/image\/"}},{"@type":"WebSite","@id":"https:\/\/energy-cities.eu\/fr\/#website","url":"https:\/\/energy-cities.eu\/fr\/","name":"Energy Cities","description":" The European learning community for future-proof cities","publisher":{"@id":"https:\/\/energy-cities.eu\/fr\/#organization"},"potentialAction":[{"@type":"SearchAction","target":{"@type":"EntryPoint","urlTemplate":"https:\/\/energy-cities.eu\/fr\/?s={search_term_string}"},"query-input":"required name=search_term_string"}],"inLanguage":"fr-FR"},{"@type":"ImageObject","inLanguage":"fr-FR","@id":"https:\/\/energy-cities.eu\/fr\/engagement-des-citoyens-pour-strategies-alimentaires-efficaces\/#primaryimage","url":"https:\/\/energy-cities.eu\/wp-content\/uploads\/2024\/09\/getty-images-TpB8JdB384Y-unsplash.jpg","contentUrl":"https:\/\/energy-cities.eu\/wp-content\/uploads\/2024\/09\/getty-images-TpB8JdB384Y-unsplash.jpg","width":2400,"height":1600,"caption":"Citizens\u2019 engagement for effective food strategies"},{"@type":"WebPage","@id":"https:\/\/energy-cities.eu\/fr\/engagement-des-citoyens-pour-strategies-alimentaires-efficaces\/#webpage","url":"https:\/\/energy-cities.eu\/fr\/engagement-des-citoyens-pour-strategies-alimentaires-efficaces\/","name":"L'engagement des citoyens pour des strat\u00e9gies alimentaires efficaces - Energy Cities","isPartOf":{"@id":"https:\/\/energy-cities.eu\/fr\/#website"},"primaryImageOfPage":{"@id":"https:\/\/energy-cities.eu\/fr\/engagement-des-citoyens-pour-strategies-alimentaires-efficaces\/#primaryimage"},"datePublished":"2024-09-04T08:08:09+00:00","dateModified":"2024-09-05T09:35:22+00:00","breadcrumb":{"@id":"https:\/\/energy-cities.eu\/fr\/engagement-des-citoyens-pour-strategies-alimentaires-efficaces\/#breadcrumb"},"inLanguage":"fr-FR","potentialAction":[{"@type":"ReadAction","target":["https:\/\/energy-cities.eu\/fr\/engagement-des-citoyens-pour-strategies-alimentaires-efficaces\/"]}]},{"@type":"BreadcrumbList","@id":"https:\/\/energy-cities.eu\/fr\/engagement-des-citoyens-pour-strategies-alimentaires-efficaces\/#breadcrumb","itemListElement":[{"@type":"ListItem","position":1,"name":"Home","item":"https:\/\/energy-cities.eu\/fr\/nous-sommes-un-reseau-europeen-blabla\/"},{"@type":"ListItem","position":2,"name":"L'engagement des citoyens pour des strat\u00e9gies alimentaires efficaces"}]},{"@type":"Article","@id":"https:\/\/energy-cities.eu\/fr\/engagement-des-citoyens-pour-strategies-alimentaires-efficaces\/#article","isPartOf":{"@id":"https:\/\/energy-cities.eu\/fr\/engagement-des-citoyens-pour-strategies-alimentaires-efficaces\/#webpage"},"author":{"@id":"https:\/\/energy-cities.eu\/fr\/#\/schema\/person\/a2cdbfaa44d8652c2ea61c7a922ff4a5"},"headline":"L&rsquo;engagement des citoyens pour des strat\u00e9gies alimentaires efficaces","datePublished":"2024-09-04T08:08:09+00:00","dateModified":"2024-09-05T09:35:22+00:00","mainEntityOfPage":{"@id":"https:\/\/energy-cities.eu\/fr\/engagement-des-citoyens-pour-strategies-alimentaires-efficaces\/#webpage"},"wordCount":446,"commentCount":0,"publisher":{"@id":"https:\/\/energy-cities.eu\/fr\/#organization"},"image":{"@id":"https:\/\/energy-cities.eu\/fr\/engagement-des-citoyens-pour-strategies-alimentaires-efficaces\/#primaryimage"},"thumbnailUrl":"https:\/\/energy-cities.eu\/wp-content\/uploads\/2024\/09\/getty-images-TpB8JdB384Y-unsplash.jpg","keywords":["food communities","food systems","local governments"],"articleSection":["Actualit\u00e9s"],"inLanguage":"fr-FR","potentialAction":[{"@type":"CommentAction","name":"Comment","target":["https:\/\/energy-cities.eu\/fr\/engagement-des-citoyens-pour-strategies-alimentaires-efficaces\/#respond"]}]},{"@type":"Person","@id":"https:\/\/energy-cities.eu\/fr\/#\/schema\/person\/a2cdbfaa44d8652c2ea61c7a922ff4a5","name":"Simona Aronica","image":{"@type":"ImageObject","inLanguage":"fr-FR","@id":"https:\/\/energy-cities.eu\/fr\/#\/schema\/person\/image\/","url":"https:\/\/secure.gravatar.com\/avatar\/221540803526cea8c8f9fbdf69b7fab8?s=96&d=mm&r=g","contentUrl":"https:\/\/secure.gravatar.com\/avatar\/221540803526cea8c8f9fbdf69b7fab8?s=96&d=mm&r=g","caption":"Simona Aronica"},"sameAs":["https:\/\/www.linkedin.com\/in\/simona-aronica-709243a0\/","https:\/\/twitter.com\/b.karas"],"url":"https:\/\/energy-cities.eu\/fr\/staff\/s-aronica\/"}]}},"coauthors":[],"tax_additional":{"categories":{"linked":["<a href=\"https:\/\/energy-cities.eu\/fr\/category\/actualites\/\" class=\"advgb-post-tax-term\">Actualit\u00e9s<\/a>"],"unlinked":["<span class=\"advgb-post-tax-term\">Actualit\u00e9s<\/span>"]},"tags":{"linked":["<a href=\"https:\/\/energy-cities.eu\/fr\/category\/actualites\/\" class=\"advgb-post-tax-term\">food communities<\/a>","<a href=\"https:\/\/energy-cities.eu\/fr\/category\/actualites\/\" class=\"advgb-post-tax-term\">food systems<\/a>","<a href=\"https:\/\/energy-cities.eu\/fr\/category\/actualites\/\" class=\"advgb-post-tax-term\">local governments<\/a>"],"unlinked":["<span class=\"advgb-post-tax-term\">food communities<\/span>","<span class=\"advgb-post-tax-term\">food systems<\/span>","<span class=\"advgb-post-tax-term\">local governments<\/span>"]}},"comment_count":"0","relative_dates":{"created":"Publi\u00e9 2 ans il y a","modified":"Mis \u00e0 jour 2 ans il y a"},"absolute_dates":{"created":"Publi\u00e9 le 04 septembre 2024","modified":"Mise \u00e0 jour le 05 septembre 2024"},"absolute_dates_time":{"created":"Publi\u00e9 le 04 septembre 2024 10:08  ","modified":"Mise \u00e0 jour le 05 septembre 2024 11:35  "},"featured_img_caption":"Citizens\u2019 engagement for effective food strategies ","_links":{"self":[{"href":"https:\/\/energy-cities.eu\/fr\/wp-json\/wp\/v2\/posts\/80155"}],"collection":[{"href":"https:\/\/energy-cities.eu\/fr\/wp-json\/wp\/v2\/posts"}],"about":[{"href":"https:\/\/energy-cities.eu\/fr\/wp-json\/wp\/v2\/types\/post"}],"author":[{"embeddable":true,"href":"https:\/\/energy-cities.eu\/fr\/wp-json\/wp\/v2\/users\/74"}],"replies":[{"embeddable":true,"href":"https:\/\/energy-cities.eu\/fr\/wp-json\/wp\/v2\/comments?post=80155"}],"version-history":[{"count":3,"href":"https:\/\/energy-cities.eu\/fr\/wp-json\/wp\/v2\/posts\/80155\/revisions"}],"predecessor-version":[{"id":80160,"href":"https:\/\/energy-cities.eu\/fr\/wp-json\/wp\/v2\/posts\/80155\/revisions\/80160"}],"wp:featuredmedia":[{"embeddable":true,"href":"https:\/\/energy-cities.eu\/fr\/wp-json\/wp\/v2\/media\/80117"}],"wp:attachment":[{"href":"https:\/\/energy-cities.eu\/fr\/wp-json\/wp\/v2\/media?parent=80155"}],"wp:term":[{"taxonomy":"category","embeddable":true,"href":"https:\/\/energy-cities.eu\/fr\/wp-json\/wp\/v2\/categories?post=80155"},{"taxonomy":"post_tag","embeddable":true,"href":"https:\/\/energy-cities.eu\/fr\/wp-json\/wp\/v2\/tags?post=80155"},{"taxonomy":"hub","embeddable":true,"href":"https:\/\/energy-cities.eu\/fr\/wp-json\/wp\/v2\/hub?post=80155"},{"taxonomy":"topic","embeddable":true,"href":"https:\/\/energy-cities.eu\/fr\/wp-json\/wp\/v2\/topic?post=80155"},{"taxonomy":"legislative_initiative","embeddable":true,"href":"https:\/\/energy-cities.eu\/fr\/wp-json\/wp\/v2\/legislative_initiative?post=80155"},{"taxonomy":"document_type","embeddable":true,"href":"https:\/\/energy-cities.eu\/fr\/wp-json\/wp\/v2\/document_type?post=80155"}],"curies":[{"name":"wp","href":"https:\/\/api.w.org\/{rel}","templated":true}]}}