{"id":81872,"date":"2024-11-05T08:45:33","date_gmt":"2024-11-05T07:45:33","guid":{"rendered":"https:\/\/energy-cities.eu\/local-sustainable-food-produced-by-ghents-citizens\/"},"modified":"2024-11-05T09:47:17","modified_gmt":"2024-11-05T08:47:17","slug":"alimentation-locale-durable-produite-par-citoyens-gand","status":"publish","type":"post","link":"https:\/\/energy-cities.eu\/fr\/alimentation-locale-durable-produite-par-citoyens-gand\/","title":{"rendered":"Alimentation locale et durable produite par les citoyens de Gand"},"content":{"rendered":"\n<p><strong>Gand s&rsquo;est positionn\u00e9e comme une pionni\u00e8re des syst\u00e8mes alimentaires durables, avec l&rsquo;agriculture p\u00e9riurbaine au c\u0153ur de sa politique alimentaire urbaine. L&rsquo;initiative <a href=\"https:\/\/participatie.stad.gent\/nl-BE\/folders\/gent-en-garde-projectmap\" target=\"_blank\" rel=\"noreferrer noopener\">Gent en Garde<\/a>, lanc\u00e9e en 2013, a cr\u00e9\u00e9 un Conseil de Politique Alimentaire d\u00e9di\u00e9 (<em><a href=\"https:\/\/stad.gent\/nl\/groen-milieu\/stadsbestuur\/wat-doet-het-bestuur\/de-gentse-voedselraad\" target=\"_blank\" rel=\"noreferrer noopener\">De Gentse Voedselraad<\/a><\/em>) pour aborder de mani\u00e8re globale les d\u00e9fis du syst\u00e8me alimentaire local. Les membres du conseil incluent des initiatives citoyennes, des entreprises locales (comme des restaurateurs) et des d\u00e9cideurs politiques.<\/strong><\/p>\n\n\n\n<p>Historiquement, Gand dispose de nombreuses petites exploitations agricoles en p\u00e9riph\u00e9rie de la ville. Ces terres, qui servent de zones de transition entre l\u2019urbain et le rural, remettent en question la longue dichotomie entre ces deux sph\u00e8res. Les organisations de base s\u2019efforcent depuis longtemps de pr\u00e9server ces terres, et au cours de l\u2019ann\u00e9e derni\u00e8re, la ville elle-m\u00eame a a<strong>id\u00e9 les agriculteurs urbains en leur donnant acc\u00e8s aux terres, en leur fournissant des infrastructures et en mettant \u00e0 disposition des plateformes de partage de connaissances.<\/strong><\/p>\n\n\n\n<h4>Priorit\u00e9 politique : pr\u00e9server les terres agricoles publiques<\/h4>\n\n\n\n<p>Un exemple notable est celui de <em>De Hongerige Stad<\/em> (Ville Affam\u00e9e), un mouvement citoyen qui a men\u00e9 campagne pour la pr\u00e9servation des terres agricoles publiques \u00e0 Gand. Ce mouvement a d\u00e9but\u00e9 apr\u00e8s la vente de 450 hectares de terres agricoles appartenant au CPAS de Gand (agence d\u2019aide sociale) \u00e0 un investisseur priv\u00e9 pour un prix avantageux. Depuis lors<strong>, la pr\u00e9servation des terres agricoles publiques est devenue une priorit\u00e9 sur l&rsquo;agenda local<\/strong>. C&rsquo;est ainsi qu&rsquo;a vu le jour le projet Goedinge, un projet pilote dans lequel <strong>10 hectares de terres appartenant \u00e0 la Ville de Gand sont mis gratuitement \u00e0 disposition pour la production alimentaire locale et durable par les citoyens<\/strong>. (<a href=\"https:\/\/stad.gent\/en\/city-governance-organisation\/city-policy\/ghents-climate-actions\/sustainable-food#93963\" target=\"_blank\" rel=\"noreferrer noopener\">plus d&rsquo;information<\/a>)<\/p>\n\n\n\n<p>L\u2019\u00e9tape d\u2019apr\u00e8s a \u00e9t\u00e9 d\u2019acqu\u00e9rir trois hectares de terre pr\u00e8s de Bruxelles, d\u00e9di\u00e9s \u00e0 <strong>l&rsquo;agriculture en circuit court<\/strong>. Cette acquisition met en \u00e9vidence le potentiel ainsi que l&rsquo;urgence d&rsquo;une gouvernance coordonn\u00e9e et \u00e0 plusieurs niveaux pour faciliter les politiques alimentaires urbaines et allouer strat\u00e9giquement les <strong>terres publiques \u00e0 la production alimentaire.<\/strong><\/p>\n\n\n\n<p>Bien que la ville ait soutenu la s\u00e9curisation et la pr\u00e9servation de certains espaces agricoles dans le cadre de l\u2019initiative <em>Gent en Garde<\/em>, elle continue de travailler sur une politique de <strong>zonage solide pour prot\u00e9ger ces terres \u00e0 long terme<\/strong>. Une telle mesure est essentielle pour toutes les villes et pourrait inclure des actions telles que la pr\u00e9servation des terres agricoles, une l\u00e9gislation sur le droit d&rsquo;exploiter, des r\u00e8glements de zonage et d&rsquo;utilisation des terres, ainsi que des plans de d\u00e9veloppement de quartier.<\/p>\n\n\n\n<figure class=\"wp-block-gallery has-nested-images columns-default is-cropped\">\n<figure class=\"wp-block-image size-large\"><img loading=\"lazy\" width=\"1024\" height=\"683\" data-id=\"81865\"  src=\"https:\/\/energy-cities.eu\/wp-content\/uploads\/2024\/11\/image-ghent-random-2-1024x683.jpg\" alt=\"\" class=\"wp-image-81865\" srcset=\"https:\/\/energy-cities.eu\/wp-content\/uploads\/2024\/11\/image-ghent-random-2-1024x683.jpg 1024w, https:\/\/energy-cities.eu\/wp-content\/uploads\/2024\/11\/image-ghent-random-2-350x233.jpg 350w, https:\/\/energy-cities.eu\/wp-content\/uploads\/2024\/11\/image-ghent-random-2-1536x1024.jpg 1536w, https:\/\/energy-cities.eu\/wp-content\/uploads\/2024\/11\/image-ghent-random-2-2048x1365.jpg 2048w, https:\/\/energy-cities.eu\/wp-content\/uploads\/2024\/11\/image-ghent-random-2-700x467.jpg 700w, https:\/\/energy-cities.eu\/wp-content\/uploads\/2024\/11\/image-ghent-random-2-450x300.jpg 450w, https:\/\/energy-cities.eu\/wp-content\/uploads\/2024\/11\/image-ghent-random-2-1350x900.jpg 1350w\" sizes=\"(max-width: 1024px) 100vw, 1024px\" \/><\/figure>\n\n\n\n<figure class=\"wp-block-image size-large\"><img loading=\"lazy\" width=\"1024\" height=\"683\" data-id=\"81863\"  src=\"https:\/\/energy-cities.eu\/wp-content\/uploads\/2024\/11\/IMG_7224-1024x683.jpg\" alt=\"\" class=\"wp-image-81863\" srcset=\"https:\/\/energy-cities.eu\/wp-content\/uploads\/2024\/11\/IMG_7224-1024x683.jpg 1024w, https:\/\/energy-cities.eu\/wp-content\/uploads\/2024\/11\/IMG_7224-350x233.jpg 350w, https:\/\/energy-cities.eu\/wp-content\/uploads\/2024\/11\/IMG_7224-1536x1024.jpg 1536w, https:\/\/energy-cities.eu\/wp-content\/uploads\/2024\/11\/IMG_7224-2048x1365.jpg 2048w, https:\/\/energy-cities.eu\/wp-content\/uploads\/2024\/11\/IMG_7224-700x467.jpg 700w, https:\/\/energy-cities.eu\/wp-content\/uploads\/2024\/11\/IMG_7224-450x300.jpg 450w, https:\/\/energy-cities.eu\/wp-content\/uploads\/2024\/11\/IMG_7224-1350x900.jpg 1350w\" sizes=\"(max-width: 1024px) 100vw, 1024px\" \/><\/figure>\n<figcaption class=\"blocks-gallery-caption\"><em>Ghent, Novembre 2023 &#8211; De Hongerige Stad <\/em><\/figcaption><\/figure>\n\n\n\n<h5><strong>Le HUB des syst\u00e8mes alimentaires d\u2019Energy Cities<\/strong><\/h5>\n\n\n\n<p>Vous souhaitez en savoir plus sur les strat\u00e9gies alimentaires urbaines pour acc\u00e9l\u00e9rer la transition vers des syst\u00e8mes alimentaires durables et r\u00e9silients dans votre ville ? Abonnez-vous \u00e0 la newsletter du <em><a href=\"https:\/\/energy-cities.eu\/fr\/hub\/alimentation-durable\/\" target=\"_blank\" rel=\"noreferrer noopener\">HUB Syst\u00e8mes alimentaires durables et politiques fonci\u00e8res<\/a> <\/em>et ne manquez aucune actualit\u00e9 ou histoire inspirante !<\/p>\n","protected":false},"excerpt":{"rendered":"<p>Gand s&rsquo;est positionn\u00e9e comme une pionni\u00e8re des syst\u00e8mes alimentaires durables, avec l&rsquo;agriculture p\u00e9riurbaine au c\u0153ur de sa politique alimentaire urbaine. L&rsquo;initiative Gent en Garde, lanc\u00e9e <a href=\"https:\/\/energy-cities.eu\/fr\/alimentation-locale-durable-produite-par-citoyens-gand\/\">[\u2026]<\/a><\/p>\n","protected":false},"author":87,"featured_media":81868,"comment_status":"open","ping_status":"open","sticky":false,"template":"","format":"standard","meta":{"advgb_blocks_editor_width":"","advgb_blocks_columns_visual_guide":"","ub_ctt_via":""},"categories":[4],"tags":[],"hub":[307],"topic":[319,344,357,541],"legislative_initiative":[],"document_type":[],"acf":[],"author_meta":{"display_name":"Stella Archontaki","author_link":"https:\/\/energy-cities.eu\/fr\/staff\/s-archontaki\/"},"featured_img":"https:\/\/energy-cities.eu\/wp-content\/uploads\/2024\/11\/MG_7181-350x233.jpg","featured_image_src":"https:\/\/energy-cities.eu\/wp-content\/uploads\/2024\/11\/MG_7181-scaled.jpg","author_info":{"display_name":"Stella Archontaki","author_link":"https:\/\/energy-cities.eu\/fr\/staff\/s-archontaki\/"},"yoast_head":"<!-- This site is optimized with the Yoast SEO plugin v18.8 - https:\/\/yoast.com\/wordpress\/plugins\/seo\/ -->\n<title>Alimentation locale et durable produite par les citoyens de Gand - Energy Cities<\/title>\n<meta name=\"robots\" content=\"index, follow, max-snippet:-1, max-image-preview:large, max-video-preview:-1\" \/>\n<link rel=\"canonical\" href=\"https:\/\/energy-cities.eu\/fr\/alimentation-locale-durable-produite-par-citoyens-gand\/\" \/>\n<meta property=\"og:locale\" content=\"fr_FR\" \/>\n<meta property=\"og:type\" content=\"article\" \/>\n<meta property=\"og:title\" content=\"Alimentation locale et durable produite par les citoyens de Gand - Energy Cities\" \/>\n<meta property=\"og:description\" content=\"Gand s&rsquo;est positionn\u00e9e comme une pionni\u00e8re des syst\u00e8mes alimentaires durables, avec l&rsquo;agriculture p\u00e9riurbaine au c\u0153ur de sa politique alimentaire urbaine. L&rsquo;initiative Gent en Garde, lanc\u00e9e [\u2026]\" \/>\n<meta property=\"og:url\" content=\"https:\/\/energy-cities.eu\/fr\/alimentation-locale-durable-produite-par-citoyens-gand\/\" \/>\n<meta property=\"og:site_name\" content=\"Energy Cities\" \/>\n<meta property=\"article:publisher\" content=\"https:\/\/www.facebook.com\/energycities.eu\/\" \/>\n<meta property=\"article:published_time\" content=\"2024-11-05T07:45:33+00:00\" \/>\n<meta property=\"article:modified_time\" content=\"2024-11-05T08:47:17+00:00\" \/>\n<meta property=\"og:image\" content=\"https:\/\/energy-cities.eu\/wp-content\/uploads\/2024\/11\/MG_7181-scaled.jpg\" \/>\n\t<meta property=\"og:image:width\" content=\"2560\" \/>\n\t<meta property=\"og:image:height\" content=\"1707\" \/>\n\t<meta property=\"og:image:type\" content=\"image\/jpeg\" \/>\n<meta name=\"twitter:card\" content=\"summary_large_image\" \/>\n<meta name=\"twitter:creator\" content=\"@s.archontaki\" \/>\n<meta name=\"twitter:site\" content=\"@energycities\" \/>\n<meta name=\"twitter:label1\" content=\"\u00c9crit par\" \/>\n\t<meta name=\"twitter:data1\" content=\"Stella Archontaki\" \/>\n\t<meta name=\"twitter:label2\" content=\"Dur\u00e9e de lecture estim\u00e9e\" \/>\n\t<meta name=\"twitter:data2\" content=\"3 minutes\" \/>\n<script type=\"application\/ld+json\" class=\"yoast-schema-graph\">{\"@context\":\"https:\/\/schema.org\",\"@graph\":[{\"@type\":\"Organization\",\"@id\":\"https:\/\/energy-cities.eu\/fr\/#organization\",\"name\":\"Energy Cities\",\"url\":\"https:\/\/energy-cities.eu\/fr\/\",\"sameAs\":[\"https:\/\/www.facebook.com\/energycities.eu\/\",\"https:\/\/www.youtube.com\/channel\/UChIHn2wF76JzuTbAjSMs0hQ\",\"https:\/\/fr.wikipedia.org\/wiki\/Energy_Cities\",\"https:\/\/twitter.com\/energycities\"],\"logo\":{\"@type\":\"ImageObject\",\"inLanguage\":\"fr-FR\",\"@id\":\"https:\/\/energy-cities.eu\/fr\/#\/schema\/logo\/image\/\",\"url\":\"https:\/\/energy-cities.eu\/wp-content\/uploads\/2019\/07\/energy-cities-couleur.jpg\",\"contentUrl\":\"https:\/\/energy-cities.eu\/wp-content\/uploads\/2019\/07\/energy-cities-couleur.jpg\",\"width\":3508,\"height\":2587,\"caption\":\"Energy Cities\"},\"image\":{\"@id\":\"https:\/\/energy-cities.eu\/fr\/#\/schema\/logo\/image\/\"}},{\"@type\":\"WebSite\",\"@id\":\"https:\/\/energy-cities.eu\/fr\/#website\",\"url\":\"https:\/\/energy-cities.eu\/fr\/\",\"name\":\"Energy Cities\",\"description\":\" The European learning community for future-proof cities\",\"publisher\":{\"@id\":\"https:\/\/energy-cities.eu\/fr\/#organization\"},\"potentialAction\":[{\"@type\":\"SearchAction\",\"target\":{\"@type\":\"EntryPoint\",\"urlTemplate\":\"https:\/\/energy-cities.eu\/fr\/?s={search_term_string}\"},\"query-input\":\"required name=search_term_string\"}],\"inLanguage\":\"fr-FR\"},{\"@type\":\"ImageObject\",\"inLanguage\":\"fr-FR\",\"@id\":\"https:\/\/energy-cities.eu\/fr\/alimentation-locale-durable-produite-par-citoyens-gand\/#primaryimage\",\"url\":\"https:\/\/energy-cities.eu\/wp-content\/uploads\/2024\/11\/MG_7181-scaled.jpg\",\"contentUrl\":\"https:\/\/energy-cities.eu\/wp-content\/uploads\/2024\/11\/MG_7181-scaled.jpg\",\"width\":2560,\"height\":1707,\"caption\":\"Ghent municipality\"},{\"@type\":\"WebPage\",\"@id\":\"https:\/\/energy-cities.eu\/fr\/alimentation-locale-durable-produite-par-citoyens-gand\/#webpage\",\"url\":\"https:\/\/energy-cities.eu\/fr\/alimentation-locale-durable-produite-par-citoyens-gand\/\",\"name\":\"Alimentation locale et durable produite par les citoyens de Gand - Energy Cities\",\"isPartOf\":{\"@id\":\"https:\/\/energy-cities.eu\/fr\/#website\"},\"primaryImageOfPage\":{\"@id\":\"https:\/\/energy-cities.eu\/fr\/alimentation-locale-durable-produite-par-citoyens-gand\/#primaryimage\"},\"datePublished\":\"2024-11-05T07:45:33+00:00\",\"dateModified\":\"2024-11-05T08:47:17+00:00\",\"breadcrumb\":{\"@id\":\"https:\/\/energy-cities.eu\/fr\/alimentation-locale-durable-produite-par-citoyens-gand\/#breadcrumb\"},\"inLanguage\":\"fr-FR\",\"potentialAction\":[{\"@type\":\"ReadAction\",\"target\":[\"https:\/\/energy-cities.eu\/fr\/alimentation-locale-durable-produite-par-citoyens-gand\/\"]}]},{\"@type\":\"BreadcrumbList\",\"@id\":\"https:\/\/energy-cities.eu\/fr\/alimentation-locale-durable-produite-par-citoyens-gand\/#breadcrumb\",\"itemListElement\":[{\"@type\":\"ListItem\",\"position\":1,\"name\":\"Home\",\"item\":\"https:\/\/energy-cities.eu\/fr\/nous-sommes-un-reseau-europeen-blabla\/\"},{\"@type\":\"ListItem\",\"position\":2,\"name\":\"Alimentation locale et durable produite par les citoyens de Gand\"}]},{\"@type\":\"Article\",\"@id\":\"https:\/\/energy-cities.eu\/fr\/alimentation-locale-durable-produite-par-citoyens-gand\/#article\",\"isPartOf\":{\"@id\":\"https:\/\/energy-cities.eu\/fr\/alimentation-locale-durable-produite-par-citoyens-gand\/#webpage\"},\"author\":{\"@id\":\"https:\/\/energy-cities.eu\/fr\/#\/schema\/person\/c3f6dd380556fa59d877ef8ab2ccd7d1\"},\"headline\":\"Alimentation locale et durable produite par les citoyens de Gand\",\"datePublished\":\"2024-11-05T07:45:33+00:00\",\"dateModified\":\"2024-11-05T08:47:17+00:00\",\"mainEntityOfPage\":{\"@id\":\"https:\/\/energy-cities.eu\/fr\/alimentation-locale-durable-produite-par-citoyens-gand\/#webpage\"},\"wordCount\":513,\"commentCount\":0,\"publisher\":{\"@id\":\"https:\/\/energy-cities.eu\/fr\/#organization\"},\"image\":{\"@id\":\"https:\/\/energy-cities.eu\/fr\/alimentation-locale-durable-produite-par-citoyens-gand\/#primaryimage\"},\"thumbnailUrl\":\"https:\/\/energy-cities.eu\/wp-content\/uploads\/2024\/11\/MG_7181-scaled.jpg\",\"articleSection\":[\"Actualit\u00e9s\"],\"inLanguage\":\"fr-FR\",\"potentialAction\":[{\"@type\":\"CommentAction\",\"name\":\"Comment\",\"target\":[\"https:\/\/energy-cities.eu\/fr\/alimentation-locale-durable-produite-par-citoyens-gand\/#respond\"]}]},{\"@type\":\"Person\",\"@id\":\"https:\/\/energy-cities.eu\/fr\/#\/schema\/person\/c3f6dd380556fa59d877ef8ab2ccd7d1\",\"name\":\"Stella Archontaki\",\"image\":{\"@type\":\"ImageObject\",\"inLanguage\":\"fr-FR\",\"@id\":\"https:\/\/energy-cities.eu\/fr\/#\/schema\/person\/image\/\",\"url\":\"https:\/\/secure.gravatar.com\/avatar\/376793842512e52e2b49cf42ba5199e4?s=96&d=mm&r=g\",\"contentUrl\":\"https:\/\/secure.gravatar.com\/avatar\/376793842512e52e2b49cf42ba5199e4?s=96&d=mm&r=g\",\"caption\":\"Stella Archontaki\"},\"sameAs\":[\"https:\/\/twitter.com\/s.archontaki\"],\"url\":\"https:\/\/energy-cities.eu\/fr\/staff\/s-archontaki\/\"}]}<\/script>\n<!-- \/ Yoast SEO plugin. -->","yoast_head_json":{"title":"Alimentation locale et durable produite par les citoyens de Gand - Energy Cities","robots":{"index":"index","follow":"follow","max-snippet":"max-snippet:-1","max-image-preview":"max-image-preview:large","max-video-preview":"max-video-preview:-1"},"canonical":"https:\/\/energy-cities.eu\/fr\/alimentation-locale-durable-produite-par-citoyens-gand\/","og_locale":"fr_FR","og_type":"article","og_title":"Alimentation locale et durable produite par les citoyens de Gand - Energy Cities","og_description":"Gand s&rsquo;est positionn\u00e9e comme une pionni\u00e8re des syst\u00e8mes alimentaires durables, avec l&rsquo;agriculture p\u00e9riurbaine au c\u0153ur de sa politique alimentaire urbaine. L&rsquo;initiative Gent en Garde, lanc\u00e9e [\u2026]","og_url":"https:\/\/energy-cities.eu\/fr\/alimentation-locale-durable-produite-par-citoyens-gand\/","og_site_name":"Energy Cities","article_publisher":"https:\/\/www.facebook.com\/energycities.eu\/","article_published_time":"2024-11-05T07:45:33+00:00","article_modified_time":"2024-11-05T08:47:17+00:00","og_image":[{"width":2560,"height":1707,"url":"https:\/\/energy-cities.eu\/wp-content\/uploads\/2024\/11\/MG_7181-scaled.jpg","type":"image\/jpeg"}],"twitter_card":"summary_large_image","twitter_creator":"@s.archontaki","twitter_site":"@energycities","twitter_misc":{"\u00c9crit par":"Stella Archontaki","Dur\u00e9e de lecture estim\u00e9e":"3 minutes"},"schema":{"@context":"https:\/\/schema.org","@graph":[{"@type":"Organization","@id":"https:\/\/energy-cities.eu\/fr\/#organization","name":"Energy Cities","url":"https:\/\/energy-cities.eu\/fr\/","sameAs":["https:\/\/www.facebook.com\/energycities.eu\/","https:\/\/www.youtube.com\/channel\/UChIHn2wF76JzuTbAjSMs0hQ","https:\/\/fr.wikipedia.org\/wiki\/Energy_Cities","https:\/\/twitter.com\/energycities"],"logo":{"@type":"ImageObject","inLanguage":"fr-FR","@id":"https:\/\/energy-cities.eu\/fr\/#\/schema\/logo\/image\/","url":"https:\/\/energy-cities.eu\/wp-content\/uploads\/2019\/07\/energy-cities-couleur.jpg","contentUrl":"https:\/\/energy-cities.eu\/wp-content\/uploads\/2019\/07\/energy-cities-couleur.jpg","width":3508,"height":2587,"caption":"Energy Cities"},"image":{"@id":"https:\/\/energy-cities.eu\/fr\/#\/schema\/logo\/image\/"}},{"@type":"WebSite","@id":"https:\/\/energy-cities.eu\/fr\/#website","url":"https:\/\/energy-cities.eu\/fr\/","name":"Energy Cities","description":" The European learning community for future-proof cities","publisher":{"@id":"https:\/\/energy-cities.eu\/fr\/#organization"},"potentialAction":[{"@type":"SearchAction","target":{"@type":"EntryPoint","urlTemplate":"https:\/\/energy-cities.eu\/fr\/?s={search_term_string}"},"query-input":"required name=search_term_string"}],"inLanguage":"fr-FR"},{"@type":"ImageObject","inLanguage":"fr-FR","@id":"https:\/\/energy-cities.eu\/fr\/alimentation-locale-durable-produite-par-citoyens-gand\/#primaryimage","url":"https:\/\/energy-cities.eu\/wp-content\/uploads\/2024\/11\/MG_7181-scaled.jpg","contentUrl":"https:\/\/energy-cities.eu\/wp-content\/uploads\/2024\/11\/MG_7181-scaled.jpg","width":2560,"height":1707,"caption":"Ghent municipality"},{"@type":"WebPage","@id":"https:\/\/energy-cities.eu\/fr\/alimentation-locale-durable-produite-par-citoyens-gand\/#webpage","url":"https:\/\/energy-cities.eu\/fr\/alimentation-locale-durable-produite-par-citoyens-gand\/","name":"Alimentation locale et durable produite par les citoyens de Gand - Energy Cities","isPartOf":{"@id":"https:\/\/energy-cities.eu\/fr\/#website"},"primaryImageOfPage":{"@id":"https:\/\/energy-cities.eu\/fr\/alimentation-locale-durable-produite-par-citoyens-gand\/#primaryimage"},"datePublished":"2024-11-05T07:45:33+00:00","dateModified":"2024-11-05T08:47:17+00:00","breadcrumb":{"@id":"https:\/\/energy-cities.eu\/fr\/alimentation-locale-durable-produite-par-citoyens-gand\/#breadcrumb"},"inLanguage":"fr-FR","potentialAction":[{"@type":"ReadAction","target":["https:\/\/energy-cities.eu\/fr\/alimentation-locale-durable-produite-par-citoyens-gand\/"]}]},{"@type":"BreadcrumbList","@id":"https:\/\/energy-cities.eu\/fr\/alimentation-locale-durable-produite-par-citoyens-gand\/#breadcrumb","itemListElement":[{"@type":"ListItem","position":1,"name":"Home","item":"https:\/\/energy-cities.eu\/fr\/nous-sommes-un-reseau-europeen-blabla\/"},{"@type":"ListItem","position":2,"name":"Alimentation locale et durable produite par les citoyens de Gand"}]},{"@type":"Article","@id":"https:\/\/energy-cities.eu\/fr\/alimentation-locale-durable-produite-par-citoyens-gand\/#article","isPartOf":{"@id":"https:\/\/energy-cities.eu\/fr\/alimentation-locale-durable-produite-par-citoyens-gand\/#webpage"},"author":{"@id":"https:\/\/energy-cities.eu\/fr\/#\/schema\/person\/c3f6dd380556fa59d877ef8ab2ccd7d1"},"headline":"Alimentation locale et durable produite par les citoyens de Gand","datePublished":"2024-11-05T07:45:33+00:00","dateModified":"2024-11-05T08:47:17+00:00","mainEntityOfPage":{"@id":"https:\/\/energy-cities.eu\/fr\/alimentation-locale-durable-produite-par-citoyens-gand\/#webpage"},"wordCount":513,"commentCount":0,"publisher":{"@id":"https:\/\/energy-cities.eu\/fr\/#organization"},"image":{"@id":"https:\/\/energy-cities.eu\/fr\/alimentation-locale-durable-produite-par-citoyens-gand\/#primaryimage"},"thumbnailUrl":"https:\/\/energy-cities.eu\/wp-content\/uploads\/2024\/11\/MG_7181-scaled.jpg","articleSection":["Actualit\u00e9s"],"inLanguage":"fr-FR","potentialAction":[{"@type":"CommentAction","name":"Comment","target":["https:\/\/energy-cities.eu\/fr\/alimentation-locale-durable-produite-par-citoyens-gand\/#respond"]}]},{"@type":"Person","@id":"https:\/\/energy-cities.eu\/fr\/#\/schema\/person\/c3f6dd380556fa59d877ef8ab2ccd7d1","name":"Stella Archontaki","image":{"@type":"ImageObject","inLanguage":"fr-FR","@id":"https:\/\/energy-cities.eu\/fr\/#\/schema\/person\/image\/","url":"https:\/\/secure.gravatar.com\/avatar\/376793842512e52e2b49cf42ba5199e4?s=96&d=mm&r=g","contentUrl":"https:\/\/secure.gravatar.com\/avatar\/376793842512e52e2b49cf42ba5199e4?s=96&d=mm&r=g","caption":"Stella Archontaki"},"sameAs":["https:\/\/twitter.com\/s.archontaki"],"url":"https:\/\/energy-cities.eu\/fr\/staff\/s-archontaki\/"}]}},"coauthors":[],"tax_additional":{"categories":{"linked":["<a href=\"https:\/\/energy-cities.eu\/fr\/category\/actualites\/\" class=\"advgb-post-tax-term\">Actualit\u00e9s<\/a>"],"unlinked":["<span class=\"advgb-post-tax-term\">Actualit\u00e9s<\/span>"]}},"comment_count":"0","relative_dates":{"created":"Publi\u00e9 1 an il y a","modified":"Mis \u00e0 jour 1 an il y a"},"absolute_dates":{"created":"Publi\u00e9 le 05 novembre 2024","modified":"Mise \u00e0 jour le 05 novembre 2024"},"absolute_dates_time":{"created":"Publi\u00e9 le 05 novembre 2024 8:45  ","modified":"Mise \u00e0 jour le 05 novembre 2024 9:47  "},"featured_img_caption":"Ghent municipality","_links":{"self":[{"href":"https:\/\/energy-cities.eu\/fr\/wp-json\/wp\/v2\/posts\/81872"}],"collection":[{"href":"https:\/\/energy-cities.eu\/fr\/wp-json\/wp\/v2\/posts"}],"about":[{"href":"https:\/\/energy-cities.eu\/fr\/wp-json\/wp\/v2\/types\/post"}],"author":[{"embeddable":true,"href":"https:\/\/energy-cities.eu\/fr\/wp-json\/wp\/v2\/users\/87"}],"replies":[{"embeddable":true,"href":"https:\/\/energy-cities.eu\/fr\/wp-json\/wp\/v2\/comments?post=81872"}],"version-history":[{"count":9,"href":"https:\/\/energy-cities.eu\/fr\/wp-json\/wp\/v2\/posts\/81872\/revisions"}],"predecessor-version":[{"id":81890,"href":"https:\/\/energy-cities.eu\/fr\/wp-json\/wp\/v2\/posts\/81872\/revisions\/81890"}],"wp:featuredmedia":[{"embeddable":true,"href":"https:\/\/energy-cities.eu\/fr\/wp-json\/wp\/v2\/media\/81868"}],"wp:attachment":[{"href":"https:\/\/energy-cities.eu\/fr\/wp-json\/wp\/v2\/media?parent=81872"}],"wp:term":[{"taxonomy":"category","embeddable":true,"href":"https:\/\/energy-cities.eu\/fr\/wp-json\/wp\/v2\/categories?post=81872"},{"taxonomy":"post_tag","embeddable":true,"href":"https:\/\/energy-cities.eu\/fr\/wp-json\/wp\/v2\/tags?post=81872"},{"taxonomy":"hub","embeddable":true,"href":"https:\/\/energy-cities.eu\/fr\/wp-json\/wp\/v2\/hub?post=81872"},{"taxonomy":"topic","embeddable":true,"href":"https:\/\/energy-cities.eu\/fr\/wp-json\/wp\/v2\/topic?post=81872"},{"taxonomy":"legislative_initiative","embeddable":true,"href":"https:\/\/energy-cities.eu\/fr\/wp-json\/wp\/v2\/legislative_initiative?post=81872"},{"taxonomy":"document_type","embeddable":true,"href":"https:\/\/energy-cities.eu\/fr\/wp-json\/wp\/v2\/document_type?post=81872"}],"curies":[{"name":"wp","href":"https:\/\/api.w.org\/{rel}","templated":true}]}}