{"id":82120,"date":"2024-11-19T15:42:33","date_gmt":"2024-11-19T14:42:33","guid":{"rendered":"https:\/\/energy-cities.eu\/?p=82120"},"modified":"2024-11-19T15:46:04","modified_gmt":"2024-11-19T14:46:04","slug":"favoriser-la-collaboration-intersectorielle-pour-des-villes-plus-durables","status":"publish","type":"post","link":"https:\/\/energy-cities.eu\/fr\/favoriser-la-collaboration-intersectorielle-pour-des-villes-plus-durables\/","title":{"rendered":"Favoriser la collaboration intersectorielle pour des villes plus durables"},"content":{"rendered":"\n<p><strong>Comment les villes peuvent-elles d\u00e9velopper des solutions socialement innovantes pour faire avancer leur transition climatique ?<\/strong><\/p>\n\n\n\n<p>Un cours gratuit destin\u00e9 aux chercheurs\u00b7ses et aux professionnel\u00b7les de la politique vient d&rsquo;\u00eatre publi\u00e9. Le<a href=\"https:\/\/localtransitionslearning.eu\/enrol\/index.php?id=43\"> programme de courtage en connaissances des sciences sociales et humaines (SSH)<\/a> permettra aux participant\u00b7es d&rsquo;acqu\u00e9rir les comp\u00e9tences n\u00e9cessaires pour transformer des id\u00e9es complexes sur le d\u00e9veloppement durable en solutions pratiques pour les d\u00e9cideurs et d\u00e9cideuses politiques au niveau de la ville. En s&rsquo;inscrivant, les personnes peuvent apprendre \u00e0 exploiter le pouvoir du <em>courtage en connaissances<\/em>, en explorant la mani\u00e8re de jeter un pont entre les sciences sociales et humaines et la politique de d\u00e9veloppement durable.<\/p>\n\n\n\n<p>Co-d\u00e9velopp\u00e9e par Energy Cities et h\u00e9berg\u00e9e sur la plateforme d&rsquo;apprentissage Local Transitions, la<a href=\"https:\/\/localtransitionslearning.eu\/enrol\/index.php?id=43\"> formation<\/a> est compos\u00e9e de deux le\u00e7ons, toutes deux d\u00e9j\u00e0 disponibles. Gr\u00e2ce \u00e0 de courtes vid\u00e9os et \u00e0 des activit\u00e9s interactives, les participant\u00b7es acquerront les comp\u00e9tences n\u00e9cessaires pour <strong>favoriser des collaborations fructueuses<\/strong>.<\/p>\n\n\n\n<p><em>Un cours de courte dur\u00e9e et engageant pour renforcer vos comp\u00e9tences tout en optimisant votre temps<\/em><\/p>\n\n\n\n<p>Ce que vous pourrez y apprendre en bref :<\/p>\n\n\n\n<ul><li>Pourquoi les sciences sociales et humaines sont importantes pour la politique de durabilit\u00e9<\/li><li>Reconna\u00eetre les principaux d\u00e9fis auxquels les travailleurs\u00b7ses politiques sont confront\u00e9\u00b7es dans leurs r\u00f4les quotidiens<\/li><li>\u00c9viter les erreurs courantes dans l&rsquo;interface recherche-politique<\/li><li>Identifier ce qu&rsquo;est le courtage en connaissances et ce qu&rsquo;il n&rsquo;est pas !<\/li><li>D\u00e9cider du type de courtier en connaissances que vous souhaitez \u00eatre<\/li><li>Choisir les activit\u00e9s de courtage appropri\u00e9es en fonction des ressources disponibles<\/li><li>Surmonter les d\u00e9fis pos\u00e9s par le courtage de connaissances dans la vie r\u00e9elle<\/li><li>Dans l&rsquo;ensemble, vous serez en mesure de mieux planifier et mettre en \u0153uvre des initiatives de courtage de connaissances !<\/li><\/ul>\n\n\n\n<p><strong>Vous souhaitez participer \u00e0 la formation<\/strong>? <a href=\"https:\/\/localtransitionslearning.eu\/enrol\/index.php?id=43\">Inscrivez-vous ici<\/a> avant le 20 d\u00e9cembre afin de disposer d&rsquo;au moins 4 semaines pour compl\u00e9ter les t\u00e2ches d&rsquo;apprentissage et obtenir la certification.<\/p>\n\n\n\n<p><em>Ce cours a \u00e9t\u00e9 d\u00e9velopp\u00e9 dans le cadre du projet financ\u00e9 par l&rsquo;UE \u00ab Social Sciences and Humanities for Climate, Energy and Transport Research Excellence \u00bb.<\/em> <em>Le projet soutient les collaborations intersectorielles et permet aux citoyens et aux r\u00e9seaux de d\u00e9velopper des solutions socialement innovantes pour la transition climatique de l&rsquo;UE.<\/em> <em>Pour en savoir plus <\/em><a href=\"https:\/\/sshcentre.eu\/\"><em>, cliquez ici<\/em><\/a><em>.<\/em><\/p>\n","protected":false},"excerpt":{"rendered":"<p>Comment les villes peuvent-elles d\u00e9velopper des solutions socialement innovantes pour faire avancer leur transition climatique ? Un cours gratuit destin\u00e9 aux chercheurs\u00b7ses et aux professionnel\u00b7les <a href=\"https:\/\/energy-cities.eu\/fr\/favoriser-la-collaboration-intersectorielle-pour-des-villes-plus-durables\/\">[\u2026]<\/a><\/p>\n","protected":false},"author":29,"featured_media":82107,"comment_status":"open","ping_status":"open","sticky":false,"template":"","format":"standard","meta":{"advgb_blocks_editor_width":"","advgb_blocks_columns_visual_guide":"","ub_ctt_via":""},"categories":[4],"tags":[],"hub":[310,308,306,307,309],"topic":[109,296,372,382,384,431],"legislative_initiative":[],"document_type":[],"acf":[],"author_meta":{"display_name":"Sara Giovannini","author_link":"https:\/\/energy-cities.eu\/fr\/staff\/s-giovannini\/"},"featured_img":"https:\/\/energy-cities.eu\/wp-content\/uploads\/2024\/11\/josh-calabrese-Ev1XqeVL2wI-unsplash-350x233.jpg","featured_image_src":"https:\/\/energy-cities.eu\/wp-content\/uploads\/2024\/11\/josh-calabrese-Ev1XqeVL2wI-unsplash-scaled.jpg","author_info":{"display_name":"Sara Giovannini","author_link":"https:\/\/energy-cities.eu\/fr\/staff\/s-giovannini\/"},"yoast_head":"<!-- This site is optimized with the Yoast SEO plugin v18.8 - https:\/\/yoast.com\/wordpress\/plugins\/seo\/ -->\n<title>Favoriser la collaboration intersectorielle pour des villes plus durables - Energy Cities<\/title>\n<meta name=\"robots\" content=\"index, follow, max-snippet:-1, max-image-preview:large, max-video-preview:-1\" \/>\n<link rel=\"canonical\" href=\"https:\/\/energy-cities.eu\/fr\/favoriser-la-collaboration-intersectorielle-pour-des-villes-plus-durables\/\" \/>\n<meta property=\"og:locale\" content=\"fr_FR\" \/>\n<meta property=\"og:type\" content=\"article\" \/>\n<meta property=\"og:title\" content=\"Favoriser la collaboration intersectorielle pour des villes plus durables - Energy Cities\" \/>\n<meta property=\"og:description\" content=\"Comment les villes peuvent-elles d\u00e9velopper des solutions socialement innovantes pour faire avancer leur transition climatique ? Un cours gratuit destin\u00e9 aux chercheurs\u00b7ses et aux professionnel\u00b7les [\u2026]\" \/>\n<meta property=\"og:url\" content=\"https:\/\/energy-cities.eu\/fr\/favoriser-la-collaboration-intersectorielle-pour-des-villes-plus-durables\/\" \/>\n<meta property=\"og:site_name\" content=\"Energy Cities\" \/>\n<meta property=\"article:publisher\" content=\"https:\/\/www.facebook.com\/energycities.eu\/\" \/>\n<meta property=\"article:published_time\" content=\"2024-11-19T14:42:33+00:00\" \/>\n<meta property=\"article:modified_time\" content=\"2024-11-19T14:46:04+00:00\" \/>\n<meta property=\"og:image\" content=\"https:\/\/energy-cities.eu\/wp-content\/uploads\/2024\/11\/josh-calabrese-Ev1XqeVL2wI-unsplash-scaled.jpg\" \/>\n\t<meta property=\"og:image:width\" content=\"2560\" \/>\n\t<meta property=\"og:image:height\" content=\"1707\" \/>\n\t<meta property=\"og:image:type\" content=\"image\/jpeg\" \/>\n<meta name=\"twitter:card\" content=\"summary_large_image\" \/>\n<meta name=\"twitter:creator\" content=\"@Giovannini_S\" \/>\n<meta name=\"twitter:site\" content=\"@energycities\" \/>\n<meta name=\"twitter:label1\" content=\"\u00c9crit par\" \/>\n\t<meta name=\"twitter:data1\" content=\"Sara Giovannini\" \/>\n\t<meta name=\"twitter:label2\" content=\"Dur\u00e9e de lecture estim\u00e9e\" \/>\n\t<meta name=\"twitter:data2\" content=\"2 minutes\" \/>\n<script type=\"application\/ld+json\" class=\"yoast-schema-graph\">{\"@context\":\"https:\/\/schema.org\",\"@graph\":[{\"@type\":\"Organization\",\"@id\":\"https:\/\/energy-cities.eu\/fr\/#organization\",\"name\":\"Energy Cities\",\"url\":\"https:\/\/energy-cities.eu\/fr\/\",\"sameAs\":[\"https:\/\/www.facebook.com\/energycities.eu\/\",\"https:\/\/www.youtube.com\/channel\/UChIHn2wF76JzuTbAjSMs0hQ\",\"https:\/\/fr.wikipedia.org\/wiki\/Energy_Cities\",\"https:\/\/twitter.com\/energycities\"],\"logo\":{\"@type\":\"ImageObject\",\"inLanguage\":\"fr-FR\",\"@id\":\"https:\/\/energy-cities.eu\/fr\/#\/schema\/logo\/image\/\",\"url\":\"https:\/\/energy-cities.eu\/wp-content\/uploads\/2019\/07\/energy-cities-couleur.jpg\",\"contentUrl\":\"https:\/\/energy-cities.eu\/wp-content\/uploads\/2019\/07\/energy-cities-couleur.jpg\",\"width\":3508,\"height\":2587,\"caption\":\"Energy Cities\"},\"image\":{\"@id\":\"https:\/\/energy-cities.eu\/fr\/#\/schema\/logo\/image\/\"}},{\"@type\":\"WebSite\",\"@id\":\"https:\/\/energy-cities.eu\/fr\/#website\",\"url\":\"https:\/\/energy-cities.eu\/fr\/\",\"name\":\"Energy Cities\",\"description\":\" The European learning community for future-proof cities\",\"publisher\":{\"@id\":\"https:\/\/energy-cities.eu\/fr\/#organization\"},\"potentialAction\":[{\"@type\":\"SearchAction\",\"target\":{\"@type\":\"EntryPoint\",\"urlTemplate\":\"https:\/\/energy-cities.eu\/fr\/?s={search_term_string}\"},\"query-input\":\"required name=search_term_string\"}],\"inLanguage\":\"fr-FR\"},{\"@type\":\"ImageObject\",\"inLanguage\":\"fr-FR\",\"@id\":\"https:\/\/energy-cities.eu\/fr\/favoriser-la-collaboration-intersectorielle-pour-des-villes-plus-durables\/#primaryimage\",\"url\":\"https:\/\/energy-cities.eu\/wp-content\/uploads\/2024\/11\/josh-calabrese-Ev1XqeVL2wI-unsplash-scaled.jpg\",\"contentUrl\":\"https:\/\/energy-cities.eu\/wp-content\/uploads\/2024\/11\/josh-calabrese-Ev1XqeVL2wI-unsplash-scaled.jpg\",\"width\":2560,\"height\":1707,\"caption\":\"Empowering cross-sectoral collaboration for more sustainable cities\"},{\"@type\":\"WebPage\",\"@id\":\"https:\/\/energy-cities.eu\/fr\/favoriser-la-collaboration-intersectorielle-pour-des-villes-plus-durables\/#webpage\",\"url\":\"https:\/\/energy-cities.eu\/fr\/favoriser-la-collaboration-intersectorielle-pour-des-villes-plus-durables\/\",\"name\":\"Favoriser la collaboration intersectorielle pour des villes plus durables - Energy Cities\",\"isPartOf\":{\"@id\":\"https:\/\/energy-cities.eu\/fr\/#website\"},\"primaryImageOfPage\":{\"@id\":\"https:\/\/energy-cities.eu\/fr\/favoriser-la-collaboration-intersectorielle-pour-des-villes-plus-durables\/#primaryimage\"},\"datePublished\":\"2024-11-19T14:42:33+00:00\",\"dateModified\":\"2024-11-19T14:46:04+00:00\",\"breadcrumb\":{\"@id\":\"https:\/\/energy-cities.eu\/fr\/favoriser-la-collaboration-intersectorielle-pour-des-villes-plus-durables\/#breadcrumb\"},\"inLanguage\":\"fr-FR\",\"potentialAction\":[{\"@type\":\"ReadAction\",\"target\":[\"https:\/\/energy-cities.eu\/fr\/favoriser-la-collaboration-intersectorielle-pour-des-villes-plus-durables\/\"]}]},{\"@type\":\"BreadcrumbList\",\"@id\":\"https:\/\/energy-cities.eu\/fr\/favoriser-la-collaboration-intersectorielle-pour-des-villes-plus-durables\/#breadcrumb\",\"itemListElement\":[{\"@type\":\"ListItem\",\"position\":1,\"name\":\"Home\",\"item\":\"https:\/\/energy-cities.eu\/fr\/nous-sommes-un-reseau-europeen-blabla\/\"},{\"@type\":\"ListItem\",\"position\":2,\"name\":\"Favoriser la collaboration intersectorielle pour des villes plus durables\"}]},{\"@type\":\"Article\",\"@id\":\"https:\/\/energy-cities.eu\/fr\/favoriser-la-collaboration-intersectorielle-pour-des-villes-plus-durables\/#article\",\"isPartOf\":{\"@id\":\"https:\/\/energy-cities.eu\/fr\/favoriser-la-collaboration-intersectorielle-pour-des-villes-plus-durables\/#webpage\"},\"author\":{\"@id\":\"https:\/\/energy-cities.eu\/fr\/#\/schema\/person\/73f112310a36882313788a50db45fe68\"},\"headline\":\"Favoriser la collaboration intersectorielle pour des villes plus durables\",\"datePublished\":\"2024-11-19T14:42:33+00:00\",\"dateModified\":\"2024-11-19T14:46:04+00:00\",\"mainEntityOfPage\":{\"@id\":\"https:\/\/energy-cities.eu\/fr\/favoriser-la-collaboration-intersectorielle-pour-des-villes-plus-durables\/#webpage\"},\"wordCount\":402,\"commentCount\":0,\"publisher\":{\"@id\":\"https:\/\/energy-cities.eu\/fr\/#organization\"},\"image\":{\"@id\":\"https:\/\/energy-cities.eu\/fr\/favoriser-la-collaboration-intersectorielle-pour-des-villes-plus-durables\/#primaryimage\"},\"thumbnailUrl\":\"https:\/\/energy-cities.eu\/wp-content\/uploads\/2024\/11\/josh-calabrese-Ev1XqeVL2wI-unsplash-scaled.jpg\",\"articleSection\":[\"Actualit\u00e9s\"],\"inLanguage\":\"fr-FR\",\"potentialAction\":[{\"@type\":\"CommentAction\",\"name\":\"Comment\",\"target\":[\"https:\/\/energy-cities.eu\/fr\/favoriser-la-collaboration-intersectorielle-pour-des-villes-plus-durables\/#respond\"]}]},{\"@type\":\"Person\",\"@id\":\"https:\/\/energy-cities.eu\/fr\/#\/schema\/person\/73f112310a36882313788a50db45fe68\",\"name\":\"Sara Giovannini\",\"image\":{\"@type\":\"ImageObject\",\"inLanguage\":\"fr-FR\",\"@id\":\"https:\/\/energy-cities.eu\/fr\/#\/schema\/person\/image\/\",\"url\":\"https:\/\/secure.gravatar.com\/avatar\/ed06f04ad82b63908c4b0461665a3717?s=96&d=mm&r=g\",\"contentUrl\":\"https:\/\/secure.gravatar.com\/avatar\/ed06f04ad82b63908c4b0461665a3717?s=96&d=mm&r=g\",\"caption\":\"Sara Giovannini\"},\"sameAs\":[\"https:\/\/twitter.com\/Giovannini_S\"],\"url\":\"https:\/\/energy-cities.eu\/fr\/staff\/s-giovannini\/\"}]}<\/script>\n<!-- \/ Yoast SEO plugin. -->","yoast_head_json":{"title":"Favoriser la collaboration intersectorielle pour des villes plus durables - Energy Cities","robots":{"index":"index","follow":"follow","max-snippet":"max-snippet:-1","max-image-preview":"max-image-preview:large","max-video-preview":"max-video-preview:-1"},"canonical":"https:\/\/energy-cities.eu\/fr\/favoriser-la-collaboration-intersectorielle-pour-des-villes-plus-durables\/","og_locale":"fr_FR","og_type":"article","og_title":"Favoriser la collaboration intersectorielle pour des villes plus durables - Energy Cities","og_description":"Comment les villes peuvent-elles d\u00e9velopper des solutions socialement innovantes pour faire avancer leur transition climatique ? Un cours gratuit destin\u00e9 aux chercheurs\u00b7ses et aux professionnel\u00b7les [\u2026]","og_url":"https:\/\/energy-cities.eu\/fr\/favoriser-la-collaboration-intersectorielle-pour-des-villes-plus-durables\/","og_site_name":"Energy Cities","article_publisher":"https:\/\/www.facebook.com\/energycities.eu\/","article_published_time":"2024-11-19T14:42:33+00:00","article_modified_time":"2024-11-19T14:46:04+00:00","og_image":[{"width":2560,"height":1707,"url":"https:\/\/energy-cities.eu\/wp-content\/uploads\/2024\/11\/josh-calabrese-Ev1XqeVL2wI-unsplash-scaled.jpg","type":"image\/jpeg"}],"twitter_card":"summary_large_image","twitter_creator":"@Giovannini_S","twitter_site":"@energycities","twitter_misc":{"\u00c9crit par":"Sara Giovannini","Dur\u00e9e de lecture estim\u00e9e":"2 minutes"},"schema":{"@context":"https:\/\/schema.org","@graph":[{"@type":"Organization","@id":"https:\/\/energy-cities.eu\/fr\/#organization","name":"Energy Cities","url":"https:\/\/energy-cities.eu\/fr\/","sameAs":["https:\/\/www.facebook.com\/energycities.eu\/","https:\/\/www.youtube.com\/channel\/UChIHn2wF76JzuTbAjSMs0hQ","https:\/\/fr.wikipedia.org\/wiki\/Energy_Cities","https:\/\/twitter.com\/energycities"],"logo":{"@type":"ImageObject","inLanguage":"fr-FR","@id":"https:\/\/energy-cities.eu\/fr\/#\/schema\/logo\/image\/","url":"https:\/\/energy-cities.eu\/wp-content\/uploads\/2019\/07\/energy-cities-couleur.jpg","contentUrl":"https:\/\/energy-cities.eu\/wp-content\/uploads\/2019\/07\/energy-cities-couleur.jpg","width":3508,"height":2587,"caption":"Energy Cities"},"image":{"@id":"https:\/\/energy-cities.eu\/fr\/#\/schema\/logo\/image\/"}},{"@type":"WebSite","@id":"https:\/\/energy-cities.eu\/fr\/#website","url":"https:\/\/energy-cities.eu\/fr\/","name":"Energy Cities","description":" The European learning community for future-proof cities","publisher":{"@id":"https:\/\/energy-cities.eu\/fr\/#organization"},"potentialAction":[{"@type":"SearchAction","target":{"@type":"EntryPoint","urlTemplate":"https:\/\/energy-cities.eu\/fr\/?s={search_term_string}"},"query-input":"required name=search_term_string"}],"inLanguage":"fr-FR"},{"@type":"ImageObject","inLanguage":"fr-FR","@id":"https:\/\/energy-cities.eu\/fr\/favoriser-la-collaboration-intersectorielle-pour-des-villes-plus-durables\/#primaryimage","url":"https:\/\/energy-cities.eu\/wp-content\/uploads\/2024\/11\/josh-calabrese-Ev1XqeVL2wI-unsplash-scaled.jpg","contentUrl":"https:\/\/energy-cities.eu\/wp-content\/uploads\/2024\/11\/josh-calabrese-Ev1XqeVL2wI-unsplash-scaled.jpg","width":2560,"height":1707,"caption":"Empowering cross-sectoral collaboration for more sustainable cities"},{"@type":"WebPage","@id":"https:\/\/energy-cities.eu\/fr\/favoriser-la-collaboration-intersectorielle-pour-des-villes-plus-durables\/#webpage","url":"https:\/\/energy-cities.eu\/fr\/favoriser-la-collaboration-intersectorielle-pour-des-villes-plus-durables\/","name":"Favoriser la collaboration intersectorielle pour des villes plus durables - Energy Cities","isPartOf":{"@id":"https:\/\/energy-cities.eu\/fr\/#website"},"primaryImageOfPage":{"@id":"https:\/\/energy-cities.eu\/fr\/favoriser-la-collaboration-intersectorielle-pour-des-villes-plus-durables\/#primaryimage"},"datePublished":"2024-11-19T14:42:33+00:00","dateModified":"2024-11-19T14:46:04+00:00","breadcrumb":{"@id":"https:\/\/energy-cities.eu\/fr\/favoriser-la-collaboration-intersectorielle-pour-des-villes-plus-durables\/#breadcrumb"},"inLanguage":"fr-FR","potentialAction":[{"@type":"ReadAction","target":["https:\/\/energy-cities.eu\/fr\/favoriser-la-collaboration-intersectorielle-pour-des-villes-plus-durables\/"]}]},{"@type":"BreadcrumbList","@id":"https:\/\/energy-cities.eu\/fr\/favoriser-la-collaboration-intersectorielle-pour-des-villes-plus-durables\/#breadcrumb","itemListElement":[{"@type":"ListItem","position":1,"name":"Home","item":"https:\/\/energy-cities.eu\/fr\/nous-sommes-un-reseau-europeen-blabla\/"},{"@type":"ListItem","position":2,"name":"Favoriser la collaboration intersectorielle pour des villes plus durables"}]},{"@type":"Article","@id":"https:\/\/energy-cities.eu\/fr\/favoriser-la-collaboration-intersectorielle-pour-des-villes-plus-durables\/#article","isPartOf":{"@id":"https:\/\/energy-cities.eu\/fr\/favoriser-la-collaboration-intersectorielle-pour-des-villes-plus-durables\/#webpage"},"author":{"@id":"https:\/\/energy-cities.eu\/fr\/#\/schema\/person\/73f112310a36882313788a50db45fe68"},"headline":"Favoriser la collaboration intersectorielle pour des villes plus durables","datePublished":"2024-11-19T14:42:33+00:00","dateModified":"2024-11-19T14:46:04+00:00","mainEntityOfPage":{"@id":"https:\/\/energy-cities.eu\/fr\/favoriser-la-collaboration-intersectorielle-pour-des-villes-plus-durables\/#webpage"},"wordCount":402,"commentCount":0,"publisher":{"@id":"https:\/\/energy-cities.eu\/fr\/#organization"},"image":{"@id":"https:\/\/energy-cities.eu\/fr\/favoriser-la-collaboration-intersectorielle-pour-des-villes-plus-durables\/#primaryimage"},"thumbnailUrl":"https:\/\/energy-cities.eu\/wp-content\/uploads\/2024\/11\/josh-calabrese-Ev1XqeVL2wI-unsplash-scaled.jpg","articleSection":["Actualit\u00e9s"],"inLanguage":"fr-FR","potentialAction":[{"@type":"CommentAction","name":"Comment","target":["https:\/\/energy-cities.eu\/fr\/favoriser-la-collaboration-intersectorielle-pour-des-villes-plus-durables\/#respond"]}]},{"@type":"Person","@id":"https:\/\/energy-cities.eu\/fr\/#\/schema\/person\/73f112310a36882313788a50db45fe68","name":"Sara Giovannini","image":{"@type":"ImageObject","inLanguage":"fr-FR","@id":"https:\/\/energy-cities.eu\/fr\/#\/schema\/person\/image\/","url":"https:\/\/secure.gravatar.com\/avatar\/ed06f04ad82b63908c4b0461665a3717?s=96&d=mm&r=g","contentUrl":"https:\/\/secure.gravatar.com\/avatar\/ed06f04ad82b63908c4b0461665a3717?s=96&d=mm&r=g","caption":"Sara Giovannini"},"sameAs":["https:\/\/twitter.com\/Giovannini_S"],"url":"https:\/\/energy-cities.eu\/fr\/staff\/s-giovannini\/"}]}},"coauthors":[],"tax_additional":{"categories":{"linked":["<a href=\"https:\/\/energy-cities.eu\/fr\/category\/actualites\/\" class=\"advgb-post-tax-term\">Actualit\u00e9s<\/a>"],"unlinked":["<span class=\"advgb-post-tax-term\">Actualit\u00e9s<\/span>"]}},"comment_count":"0","relative_dates":{"created":"Publi\u00e9 1 an il y a","modified":"Mis \u00e0 jour 1 an il y a"},"absolute_dates":{"created":"Publi\u00e9 le 19 novembre 2024","modified":"Mise \u00e0 jour le 19 novembre 2024"},"absolute_dates_time":{"created":"Publi\u00e9 le 19 novembre 2024 3:42  ","modified":"Mise \u00e0 jour le 19 novembre 2024 3:46  "},"featured_img_caption":"","_links":{"self":[{"href":"https:\/\/energy-cities.eu\/fr\/wp-json\/wp\/v2\/posts\/82120"}],"collection":[{"href":"https:\/\/energy-cities.eu\/fr\/wp-json\/wp\/v2\/posts"}],"about":[{"href":"https:\/\/energy-cities.eu\/fr\/wp-json\/wp\/v2\/types\/post"}],"author":[{"embeddable":true,"href":"https:\/\/energy-cities.eu\/fr\/wp-json\/wp\/v2\/users\/29"}],"replies":[{"embeddable":true,"href":"https:\/\/energy-cities.eu\/fr\/wp-json\/wp\/v2\/comments?post=82120"}],"version-history":[{"count":5,"href":"https:\/\/energy-cities.eu\/fr\/wp-json\/wp\/v2\/posts\/82120\/revisions"}],"predecessor-version":[{"id":82136,"href":"https:\/\/energy-cities.eu\/fr\/wp-json\/wp\/v2\/posts\/82120\/revisions\/82136"}],"wp:featuredmedia":[{"embeddable":true,"href":"https:\/\/energy-cities.eu\/fr\/wp-json\/wp\/v2\/media\/82107"}],"wp:attachment":[{"href":"https:\/\/energy-cities.eu\/fr\/wp-json\/wp\/v2\/media?parent=82120"}],"wp:term":[{"taxonomy":"category","embeddable":true,"href":"https:\/\/energy-cities.eu\/fr\/wp-json\/wp\/v2\/categories?post=82120"},{"taxonomy":"post_tag","embeddable":true,"href":"https:\/\/energy-cities.eu\/fr\/wp-json\/wp\/v2\/tags?post=82120"},{"taxonomy":"hub","embeddable":true,"href":"https:\/\/energy-cities.eu\/fr\/wp-json\/wp\/v2\/hub?post=82120"},{"taxonomy":"topic","embeddable":true,"href":"https:\/\/energy-cities.eu\/fr\/wp-json\/wp\/v2\/topic?post=82120"},{"taxonomy":"legislative_initiative","embeddable":true,"href":"https:\/\/energy-cities.eu\/fr\/wp-json\/wp\/v2\/legislative_initiative?post=82120"},{"taxonomy":"document_type","embeddable":true,"href":"https:\/\/energy-cities.eu\/fr\/wp-json\/wp\/v2\/document_type?post=82120"}],"curies":[{"name":"wp","href":"https:\/\/api.w.org\/{rel}","templated":true}]}}