{"id":82177,"date":"2024-11-20T16:59:34","date_gmt":"2024-11-20T15:59:34","guid":{"rendered":"https:\/\/energy-cities.eu\/?p=82177"},"modified":"2024-11-25T15:49:46","modified_gmt":"2024-11-25T14:49:46","slug":"des-energies-renouvelables-a-leconomie-circulaire-venez-debattre-et-vous-informer-lors-de-forum-annuel-denergy-cities","status":"publish","type":"post","link":"https:\/\/energy-cities.eu\/fr\/des-energies-renouvelables-a-leconomie-circulaire-venez-debattre-et-vous-informer-lors-de-forum-annuel-denergy-cities\/","title":{"rendered":"Des \u00e9nergies renouvelables \u00e0 l&rsquo;\u00e9conomie circulaire : venez d\u00e9battre et vous informer lors du forum annuel d&rsquo;Energy Cities!"},"content":{"rendered":"\n<p>A l\u2019occasion de notre <a href=\"https:\/\/energy-cities.eu\/fr\/besancon-2025\/\" target=\"_blank\" rel=\"noreferrer noopener\">Forum annuel 2025<\/a> (8, 9 &amp; 10 Avril 2025), nous r\u00e9unirons une assembl\u00e9e de toute l&rsquo;Europe \u00e0 Besan\u00e7on, une ville membre fran\u00e7aise dynamique et tr\u00e8s engag\u00e9e dans sa transition vers la neutralit\u00e9 climatique.<\/p>\n\n\n\n<p>Nous travaillons \u00e0 la mise place d\u2019un programme vari\u00e9, avec de nombreuses occasions pour les praticien\u00b7nes et repr\u00e9sentant\u00b7es des villes de travailler en r\u00e9seau, d&rsquo;apprendre les un\u00b7es des autres et de d\u00e9velopper de nouvelles id\u00e9es pour de futures collaborations. Vous rencontrerez un grand nombre de nos villes membres, mais aussi des organisations partenaires de longue date et des experts des villes.<\/p>\n\n\n\n<p>Entre autres activit\u00e9s, vous pourrez choisir entre cinq parcours th\u00e9matiques, destin\u00e9es \u00e0 renforcer les liens non seulement entre les villes, mais aussi avec les citoyen\u00b7nes, et \u00e0 trouver des solutions collectives pour cr\u00e9er des villes plus justes, plus vertes et plus saines.<\/p>\n\n\n\n<h4>Parcours n\u00b01 : S\u2019engager pour coop\u00e9rer<\/h4>\n\n\n\n<p>Coop\u00e9rer avec les citoyen\u00b7nes et les autres acteurs et actrices locales, les faire participer \u00e0 l&rsquo;\u00e9laboration de projets, implique un changement d&rsquo;attitude de la part de la collectivit\u00e9 locale ainsi que de nouvelles approches participatives de la gouvernance. Comment y parvenir ? Comment s&rsquo;inspirer des m\u00e9thodes qui ont fait leurs preuves ?<\/p>\n\n\n\n<h4>Parcours n\u00b0 2&nbsp;: Repenser les partenariats pour un \u201cterritoire 100% renouvelable\u201d<\/h4>\n\n\n\n<p>Pr\u00e9voir le d\u00e9ploiement \u00e0 grande \u00e9chelle des \u00e9nergies renouvelables en milieu urbain (chaleur et \u00e9lectricit\u00e9), c&rsquo;est aussi inventer de nouveaux modes de co-investissement et de partenariats qui contribuent au bien-\u00eatre des habitant\u00b7es, en r\u00e9duisant leur facture \u00e9nerg\u00e9tique et en am\u00e9liorant la qualit\u00e9 de l&rsquo;air. Quels sont les types de collaboration possibles ? Quels r\u00f4les les municipalit\u00e9s peuvent-elles jouer pour favoriser ces partenariats ?<\/p>\n\n\n\n<h4>Parcours n\u00b0 3 : Faire mieux avec moins<\/h4>\n\n\n\n<p>Faire mieux avec moins, c&rsquo;est par exemple favoriser la r\u00e9utilisation des mat\u00e9riaux et d\u00e9velopper de nouvelles formations, s&rsquo;engager dans le low-tech, limiter l&rsquo;\u00e9talement urbain et la construction excessive. Comment les villes int\u00e8grent-elles cette r\u00e9flexion dans leurs politiques ?<\/p>\n\n\n\n<h4>Parcours n\u00b0 4&nbsp;: Manger bon et local<\/h4>\n\n\n\n<p><a id=\"_msocom_1\"><\/a>L&rsquo;alimentation est un enjeu culturel et social majeur et est beaucoup plus li\u00e9e aux questions \u00e9nerg\u00e9tiques qu&rsquo;on ne le pense.&nbsp; Comment construire une politique agricole et alimentaire au service de la sant\u00e9 des habitants ? Comment les villes peuvent-elles d\u00e9velopper leurs ceintures vertes tout en pr\u00e9servant les ressources fonci\u00e8res ?<\/p>\n\n\n\n<h4>Parcours n\u00b0 5 : adapter la ville au changement climatique<\/h4>\n\n\n\n<p>Les \u00e9cosyst\u00e8mes urbains sont tr\u00e8s sensibles au r\u00e9chauffement climatique : \u00eelots de chaleur, ruissellement des eaux de pluie sur des sols tr\u00e8s artificialis\u00e9s, d\u00e9gradation de la qualit\u00e9 de l&rsquo;air, etc. Ces effets menacent les fonctions vitales des zones urbaines, en d\u00e9truisant les infrastructures et les r\u00e9seaux. Comment les actrices et acteurs locaux peuvent anticiper et s&rsquo;adapter ?<\/p>\n\n\n\n<p><strong>Suivez ce fil pour d\u00e9couvrir le programme de l&rsquo;\u00e9v\u00e9nement dans les semaines \u00e0 venir !<\/strong><\/p>\n\n\n\n<p><em><em>Quel meilleur endroit que Besan\u00e7on pour c\u00e9l\u00e9brer les 35 ann\u00e9es d&rsquo;Energy Cities pass\u00e9es \u00e0 travailler avec les villes, pour les villes ? Si vous voulez comprendre ce que signifie faire partie de notre r\u00e9seau, regardez la vid\u00e9o ci-dessous&#8230; Et <\/em><a href=\"https:\/\/www.linkedin.com\/company\/energy-cities\"><em>suivez-nous sur LinkedIn<\/em><\/a><em> pour plus d\u2019information.<\/em><\/em><\/p>\n\n\n\n<iframe loading=\"lazy\" width=\"984\" height=\"554\" src=\"https:\/\/www.youtube.com\/embed\/OozVGSTcS0g?si=FAKuuFwtj1WBmnih\" title=\"YouTube video player\" frameborder=\"0\" allow=\"accelerometer; autoplay; clipboard-write; encrypted-media; gyroscope; picture-in-picture; web-share\" referrerpolicy=\"strict-origin-when-cross-origin\" allowfullscreen=\"\"><\/iframe>\n","protected":false},"excerpt":{"rendered":"<p>A l\u2019occasion de notre Forum annuel 2025 (8, 9 &amp; 10 Avril 2025), nous r\u00e9unirons une assembl\u00e9e de toute l&rsquo;Europe \u00e0 Besan\u00e7on, une ville membre <a href=\"https:\/\/energy-cities.eu\/fr\/des-energies-renouvelables-a-leconomie-circulaire-venez-debattre-et-vous-informer-lors-de-forum-annuel-denergy-cities\/\">[\u2026]<\/a><\/p>\n","protected":false},"author":29,"featured_media":82189,"comment_status":"open","ping_status":"open","sticky":false,"template":"","format":"standard","meta":{"advgb_blocks_editor_width":"","advgb_blocks_columns_visual_guide":"","ub_ctt_via":""},"categories":[4],"tags":[533],"hub":[310,308,306,307,309],"topic":[109],"legislative_initiative":[],"document_type":[],"acf":[],"author_meta":{"display_name":"Sara Giovannini","author_link":"https:\/\/energy-cities.eu\/fr\/staff\/s-giovannini\/"},"featured_img":"https:\/\/energy-cities.eu\/wp-content\/uploads\/2024\/11\/Besancon_c_Leonid-Andronov_shutterstock-350x226.jpg","featured_image_src":"https:\/\/energy-cities.eu\/wp-content\/uploads\/2024\/11\/Besancon_c_Leonid-Andronov_shutterstock-scaled.jpg","author_info":{"display_name":"Sara Giovannini","author_link":"https:\/\/energy-cities.eu\/fr\/staff\/s-giovannini\/"},"yoast_head":"<!-- This site is optimized with the Yoast SEO plugin v18.8 - https:\/\/yoast.com\/wordpress\/plugins\/seo\/ -->\n<title>Des \u00e9nergies renouvelables \u00e0 l&#039;\u00e9conomie circulaire : venez d\u00e9battre et vous informer lors du forum annuel d&#039;Energy Cities! - Energy Cities<\/title>\n<meta name=\"robots\" content=\"index, follow, max-snippet:-1, max-image-preview:large, max-video-preview:-1\" \/>\n<link rel=\"canonical\" href=\"https:\/\/energy-cities.eu\/fr\/des-energies-renouvelables-a-leconomie-circulaire-venez-debattre-et-vous-informer-lors-de-forum-annuel-denergy-cities\/\" \/>\n<meta property=\"og:locale\" content=\"fr_FR\" \/>\n<meta property=\"og:type\" content=\"article\" \/>\n<meta property=\"og:title\" content=\"Des \u00e9nergies renouvelables \u00e0 l&#039;\u00e9conomie circulaire : venez d\u00e9battre et vous informer lors du forum annuel d&#039;Energy Cities! - Energy Cities\" \/>\n<meta property=\"og:description\" content=\"A l\u2019occasion de notre Forum annuel 2025 (8, 9 &amp; 10 Avril 2025), nous r\u00e9unirons une assembl\u00e9e de toute l&rsquo;Europe \u00e0 Besan\u00e7on, une ville membre [\u2026]\" \/>\n<meta property=\"og:url\" content=\"https:\/\/energy-cities.eu\/fr\/des-energies-renouvelables-a-leconomie-circulaire-venez-debattre-et-vous-informer-lors-de-forum-annuel-denergy-cities\/\" \/>\n<meta property=\"og:site_name\" content=\"Energy Cities\" \/>\n<meta property=\"article:publisher\" content=\"https:\/\/www.facebook.com\/energycities.eu\/\" \/>\n<meta property=\"article:published_time\" content=\"2024-11-20T15:59:34+00:00\" \/>\n<meta property=\"article:modified_time\" content=\"2024-11-25T14:49:46+00:00\" \/>\n<meta property=\"og:image\" content=\"https:\/\/energy-cities.eu\/wp-content\/uploads\/2024\/11\/Besancon_c_Leonid-Andronov_shutterstock-scaled.jpg\" \/>\n\t<meta property=\"og:image:width\" content=\"2560\" \/>\n\t<meta property=\"og:image:height\" content=\"1654\" \/>\n\t<meta property=\"og:image:type\" content=\"image\/jpeg\" \/>\n<meta name=\"twitter:card\" content=\"summary_large_image\" \/>\n<meta name=\"twitter:creator\" content=\"@Giovannini_S\" \/>\n<meta name=\"twitter:site\" content=\"@energycities\" \/>\n<meta name=\"twitter:label1\" content=\"\u00c9crit par\" \/>\n\t<meta name=\"twitter:data1\" content=\"Sara Giovannini\" \/>\n\t<meta name=\"twitter:label2\" content=\"Dur\u00e9e de lecture estim\u00e9e\" \/>\n\t<meta name=\"twitter:data2\" content=\"3 minutes\" \/>\n<script type=\"application\/ld+json\" class=\"yoast-schema-graph\">{\"@context\":\"https:\/\/schema.org\",\"@graph\":[{\"@type\":\"Organization\",\"@id\":\"https:\/\/energy-cities.eu\/fr\/#organization\",\"name\":\"Energy Cities\",\"url\":\"https:\/\/energy-cities.eu\/fr\/\",\"sameAs\":[\"https:\/\/www.facebook.com\/energycities.eu\/\",\"https:\/\/www.youtube.com\/channel\/UChIHn2wF76JzuTbAjSMs0hQ\",\"https:\/\/fr.wikipedia.org\/wiki\/Energy_Cities\",\"https:\/\/twitter.com\/energycities\"],\"logo\":{\"@type\":\"ImageObject\",\"inLanguage\":\"fr-FR\",\"@id\":\"https:\/\/energy-cities.eu\/fr\/#\/schema\/logo\/image\/\",\"url\":\"https:\/\/energy-cities.eu\/wp-content\/uploads\/2019\/07\/energy-cities-couleur.jpg\",\"contentUrl\":\"https:\/\/energy-cities.eu\/wp-content\/uploads\/2019\/07\/energy-cities-couleur.jpg\",\"width\":3508,\"height\":2587,\"caption\":\"Energy Cities\"},\"image\":{\"@id\":\"https:\/\/energy-cities.eu\/fr\/#\/schema\/logo\/image\/\"}},{\"@type\":\"WebSite\",\"@id\":\"https:\/\/energy-cities.eu\/fr\/#website\",\"url\":\"https:\/\/energy-cities.eu\/fr\/\",\"name\":\"Energy Cities\",\"description\":\" The European learning community for future-proof cities\",\"publisher\":{\"@id\":\"https:\/\/energy-cities.eu\/fr\/#organization\"},\"potentialAction\":[{\"@type\":\"SearchAction\",\"target\":{\"@type\":\"EntryPoint\",\"urlTemplate\":\"https:\/\/energy-cities.eu\/fr\/?s={search_term_string}\"},\"query-input\":\"required name=search_term_string\"}],\"inLanguage\":\"fr-FR\"},{\"@type\":\"ImageObject\",\"inLanguage\":\"fr-FR\",\"@id\":\"https:\/\/energy-cities.eu\/fr\/des-energies-renouvelables-a-leconomie-circulaire-venez-debattre-et-vous-informer-lors-de-forum-annuel-denergy-cities\/#primaryimage\",\"url\":\"https:\/\/energy-cities.eu\/wp-content\/uploads\/2024\/11\/Besancon_c_Leonid-Andronov_shutterstock-scaled.jpg\",\"contentUrl\":\"https:\/\/energy-cities.eu\/wp-content\/uploads\/2024\/11\/Besancon_c_Leonid-Andronov_shutterstock-scaled.jpg\",\"width\":2560,\"height\":1654,\"caption\":\"Credit: Leonid Andronov\"},{\"@type\":\"WebPage\",\"@id\":\"https:\/\/energy-cities.eu\/fr\/des-energies-renouvelables-a-leconomie-circulaire-venez-debattre-et-vous-informer-lors-de-forum-annuel-denergy-cities\/#webpage\",\"url\":\"https:\/\/energy-cities.eu\/fr\/des-energies-renouvelables-a-leconomie-circulaire-venez-debattre-et-vous-informer-lors-de-forum-annuel-denergy-cities\/\",\"name\":\"Des \u00e9nergies renouvelables \u00e0 l'\u00e9conomie circulaire : venez d\u00e9battre et vous informer lors du forum annuel d'Energy Cities! - Energy Cities\",\"isPartOf\":{\"@id\":\"https:\/\/energy-cities.eu\/fr\/#website\"},\"primaryImageOfPage\":{\"@id\":\"https:\/\/energy-cities.eu\/fr\/des-energies-renouvelables-a-leconomie-circulaire-venez-debattre-et-vous-informer-lors-de-forum-annuel-denergy-cities\/#primaryimage\"},\"datePublished\":\"2024-11-20T15:59:34+00:00\",\"dateModified\":\"2024-11-25T14:49:46+00:00\",\"breadcrumb\":{\"@id\":\"https:\/\/energy-cities.eu\/fr\/des-energies-renouvelables-a-leconomie-circulaire-venez-debattre-et-vous-informer-lors-de-forum-annuel-denergy-cities\/#breadcrumb\"},\"inLanguage\":\"fr-FR\",\"potentialAction\":[{\"@type\":\"ReadAction\",\"target\":[\"https:\/\/energy-cities.eu\/fr\/des-energies-renouvelables-a-leconomie-circulaire-venez-debattre-et-vous-informer-lors-de-forum-annuel-denergy-cities\/\"]}]},{\"@type\":\"BreadcrumbList\",\"@id\":\"https:\/\/energy-cities.eu\/fr\/des-energies-renouvelables-a-leconomie-circulaire-venez-debattre-et-vous-informer-lors-de-forum-annuel-denergy-cities\/#breadcrumb\",\"itemListElement\":[{\"@type\":\"ListItem\",\"position\":1,\"name\":\"Home\",\"item\":\"https:\/\/energy-cities.eu\/fr\/nous-sommes-un-reseau-europeen-blabla\/\"},{\"@type\":\"ListItem\",\"position\":2,\"name\":\"Des \u00e9nergies renouvelables \u00e0 l'\u00e9conomie circulaire : venez d\u00e9battre et vous informer lors du forum annuel d'Energy Cities!\"}]},{\"@type\":\"Article\",\"@id\":\"https:\/\/energy-cities.eu\/fr\/des-energies-renouvelables-a-leconomie-circulaire-venez-debattre-et-vous-informer-lors-de-forum-annuel-denergy-cities\/#article\",\"isPartOf\":{\"@id\":\"https:\/\/energy-cities.eu\/fr\/des-energies-renouvelables-a-leconomie-circulaire-venez-debattre-et-vous-informer-lors-de-forum-annuel-denergy-cities\/#webpage\"},\"author\":{\"@id\":\"https:\/\/energy-cities.eu\/fr\/#\/schema\/person\/73f112310a36882313788a50db45fe68\"},\"headline\":\"Des \u00e9nergies renouvelables \u00e0 l&rsquo;\u00e9conomie circulaire : venez d\u00e9battre et vous informer lors du forum annuel d&rsquo;Energy Cities!\",\"datePublished\":\"2024-11-20T15:59:34+00:00\",\"dateModified\":\"2024-11-25T14:49:46+00:00\",\"mainEntityOfPage\":{\"@id\":\"https:\/\/energy-cities.eu\/fr\/des-energies-renouvelables-a-leconomie-circulaire-venez-debattre-et-vous-informer-lors-de-forum-annuel-denergy-cities\/#webpage\"},\"wordCount\":555,\"commentCount\":0,\"publisher\":{\"@id\":\"https:\/\/energy-cities.eu\/fr\/#organization\"},\"image\":{\"@id\":\"https:\/\/energy-cities.eu\/fr\/des-energies-renouvelables-a-leconomie-circulaire-venez-debattre-et-vous-informer-lors-de-forum-annuel-denergy-cities\/#primaryimage\"},\"thumbnailUrl\":\"https:\/\/energy-cities.eu\/wp-content\/uploads\/2024\/11\/Besancon_c_Leonid-Andronov_shutterstock-scaled.jpg\",\"keywords\":[\"Besancon-2025-fr\"],\"articleSection\":[\"Actualit\u00e9s\"],\"inLanguage\":\"fr-FR\",\"potentialAction\":[{\"@type\":\"CommentAction\",\"name\":\"Comment\",\"target\":[\"https:\/\/energy-cities.eu\/fr\/des-energies-renouvelables-a-leconomie-circulaire-venez-debattre-et-vous-informer-lors-de-forum-annuel-denergy-cities\/#respond\"]}]},{\"@type\":\"Person\",\"@id\":\"https:\/\/energy-cities.eu\/fr\/#\/schema\/person\/73f112310a36882313788a50db45fe68\",\"name\":\"Sara Giovannini\",\"image\":{\"@type\":\"ImageObject\",\"inLanguage\":\"fr-FR\",\"@id\":\"https:\/\/energy-cities.eu\/fr\/#\/schema\/person\/image\/\",\"url\":\"https:\/\/secure.gravatar.com\/avatar\/ed06f04ad82b63908c4b0461665a3717?s=96&d=mm&r=g\",\"contentUrl\":\"https:\/\/secure.gravatar.com\/avatar\/ed06f04ad82b63908c4b0461665a3717?s=96&d=mm&r=g\",\"caption\":\"Sara Giovannini\"},\"sameAs\":[\"https:\/\/twitter.com\/Giovannini_S\"],\"url\":\"https:\/\/energy-cities.eu\/fr\/staff\/s-giovannini\/\"}]}<\/script>\n<!-- \/ Yoast SEO plugin. -->","yoast_head_json":{"title":"Des \u00e9nergies renouvelables \u00e0 l'\u00e9conomie circulaire : venez d\u00e9battre et vous informer lors du forum annuel d'Energy Cities! - Energy Cities","robots":{"index":"index","follow":"follow","max-snippet":"max-snippet:-1","max-image-preview":"max-image-preview:large","max-video-preview":"max-video-preview:-1"},"canonical":"https:\/\/energy-cities.eu\/fr\/des-energies-renouvelables-a-leconomie-circulaire-venez-debattre-et-vous-informer-lors-de-forum-annuel-denergy-cities\/","og_locale":"fr_FR","og_type":"article","og_title":"Des \u00e9nergies renouvelables \u00e0 l'\u00e9conomie circulaire : venez d\u00e9battre et vous informer lors du forum annuel d'Energy Cities! - Energy Cities","og_description":"A l\u2019occasion de notre Forum annuel 2025 (8, 9 &amp; 10 Avril 2025), nous r\u00e9unirons une assembl\u00e9e de toute l&rsquo;Europe \u00e0 Besan\u00e7on, une ville membre [\u2026]","og_url":"https:\/\/energy-cities.eu\/fr\/des-energies-renouvelables-a-leconomie-circulaire-venez-debattre-et-vous-informer-lors-de-forum-annuel-denergy-cities\/","og_site_name":"Energy Cities","article_publisher":"https:\/\/www.facebook.com\/energycities.eu\/","article_published_time":"2024-11-20T15:59:34+00:00","article_modified_time":"2024-11-25T14:49:46+00:00","og_image":[{"width":2560,"height":1654,"url":"https:\/\/energy-cities.eu\/wp-content\/uploads\/2024\/11\/Besancon_c_Leonid-Andronov_shutterstock-scaled.jpg","type":"image\/jpeg"}],"twitter_card":"summary_large_image","twitter_creator":"@Giovannini_S","twitter_site":"@energycities","twitter_misc":{"\u00c9crit par":"Sara Giovannini","Dur\u00e9e de lecture estim\u00e9e":"3 minutes"},"schema":{"@context":"https:\/\/schema.org","@graph":[{"@type":"Organization","@id":"https:\/\/energy-cities.eu\/fr\/#organization","name":"Energy Cities","url":"https:\/\/energy-cities.eu\/fr\/","sameAs":["https:\/\/www.facebook.com\/energycities.eu\/","https:\/\/www.youtube.com\/channel\/UChIHn2wF76JzuTbAjSMs0hQ","https:\/\/fr.wikipedia.org\/wiki\/Energy_Cities","https:\/\/twitter.com\/energycities"],"logo":{"@type":"ImageObject","inLanguage":"fr-FR","@id":"https:\/\/energy-cities.eu\/fr\/#\/schema\/logo\/image\/","url":"https:\/\/energy-cities.eu\/wp-content\/uploads\/2019\/07\/energy-cities-couleur.jpg","contentUrl":"https:\/\/energy-cities.eu\/wp-content\/uploads\/2019\/07\/energy-cities-couleur.jpg","width":3508,"height":2587,"caption":"Energy Cities"},"image":{"@id":"https:\/\/energy-cities.eu\/fr\/#\/schema\/logo\/image\/"}},{"@type":"WebSite","@id":"https:\/\/energy-cities.eu\/fr\/#website","url":"https:\/\/energy-cities.eu\/fr\/","name":"Energy Cities","description":" The European learning community for future-proof cities","publisher":{"@id":"https:\/\/energy-cities.eu\/fr\/#organization"},"potentialAction":[{"@type":"SearchAction","target":{"@type":"EntryPoint","urlTemplate":"https:\/\/energy-cities.eu\/fr\/?s={search_term_string}"},"query-input":"required name=search_term_string"}],"inLanguage":"fr-FR"},{"@type":"ImageObject","inLanguage":"fr-FR","@id":"https:\/\/energy-cities.eu\/fr\/des-energies-renouvelables-a-leconomie-circulaire-venez-debattre-et-vous-informer-lors-de-forum-annuel-denergy-cities\/#primaryimage","url":"https:\/\/energy-cities.eu\/wp-content\/uploads\/2024\/11\/Besancon_c_Leonid-Andronov_shutterstock-scaled.jpg","contentUrl":"https:\/\/energy-cities.eu\/wp-content\/uploads\/2024\/11\/Besancon_c_Leonid-Andronov_shutterstock-scaled.jpg","width":2560,"height":1654,"caption":"Credit: Leonid Andronov"},{"@type":"WebPage","@id":"https:\/\/energy-cities.eu\/fr\/des-energies-renouvelables-a-leconomie-circulaire-venez-debattre-et-vous-informer-lors-de-forum-annuel-denergy-cities\/#webpage","url":"https:\/\/energy-cities.eu\/fr\/des-energies-renouvelables-a-leconomie-circulaire-venez-debattre-et-vous-informer-lors-de-forum-annuel-denergy-cities\/","name":"Des \u00e9nergies renouvelables \u00e0 l'\u00e9conomie circulaire : venez d\u00e9battre et vous informer lors du forum annuel d'Energy Cities! - Energy Cities","isPartOf":{"@id":"https:\/\/energy-cities.eu\/fr\/#website"},"primaryImageOfPage":{"@id":"https:\/\/energy-cities.eu\/fr\/des-energies-renouvelables-a-leconomie-circulaire-venez-debattre-et-vous-informer-lors-de-forum-annuel-denergy-cities\/#primaryimage"},"datePublished":"2024-11-20T15:59:34+00:00","dateModified":"2024-11-25T14:49:46+00:00","breadcrumb":{"@id":"https:\/\/energy-cities.eu\/fr\/des-energies-renouvelables-a-leconomie-circulaire-venez-debattre-et-vous-informer-lors-de-forum-annuel-denergy-cities\/#breadcrumb"},"inLanguage":"fr-FR","potentialAction":[{"@type":"ReadAction","target":["https:\/\/energy-cities.eu\/fr\/des-energies-renouvelables-a-leconomie-circulaire-venez-debattre-et-vous-informer-lors-de-forum-annuel-denergy-cities\/"]}]},{"@type":"BreadcrumbList","@id":"https:\/\/energy-cities.eu\/fr\/des-energies-renouvelables-a-leconomie-circulaire-venez-debattre-et-vous-informer-lors-de-forum-annuel-denergy-cities\/#breadcrumb","itemListElement":[{"@type":"ListItem","position":1,"name":"Home","item":"https:\/\/energy-cities.eu\/fr\/nous-sommes-un-reseau-europeen-blabla\/"},{"@type":"ListItem","position":2,"name":"Des \u00e9nergies renouvelables \u00e0 l'\u00e9conomie circulaire : venez d\u00e9battre et vous informer lors du forum annuel d'Energy Cities!"}]},{"@type":"Article","@id":"https:\/\/energy-cities.eu\/fr\/des-energies-renouvelables-a-leconomie-circulaire-venez-debattre-et-vous-informer-lors-de-forum-annuel-denergy-cities\/#article","isPartOf":{"@id":"https:\/\/energy-cities.eu\/fr\/des-energies-renouvelables-a-leconomie-circulaire-venez-debattre-et-vous-informer-lors-de-forum-annuel-denergy-cities\/#webpage"},"author":{"@id":"https:\/\/energy-cities.eu\/fr\/#\/schema\/person\/73f112310a36882313788a50db45fe68"},"headline":"Des \u00e9nergies renouvelables \u00e0 l&rsquo;\u00e9conomie circulaire : venez d\u00e9battre et vous informer lors du forum annuel d&rsquo;Energy Cities!","datePublished":"2024-11-20T15:59:34+00:00","dateModified":"2024-11-25T14:49:46+00:00","mainEntityOfPage":{"@id":"https:\/\/energy-cities.eu\/fr\/des-energies-renouvelables-a-leconomie-circulaire-venez-debattre-et-vous-informer-lors-de-forum-annuel-denergy-cities\/#webpage"},"wordCount":555,"commentCount":0,"publisher":{"@id":"https:\/\/energy-cities.eu\/fr\/#organization"},"image":{"@id":"https:\/\/energy-cities.eu\/fr\/des-energies-renouvelables-a-leconomie-circulaire-venez-debattre-et-vous-informer-lors-de-forum-annuel-denergy-cities\/#primaryimage"},"thumbnailUrl":"https:\/\/energy-cities.eu\/wp-content\/uploads\/2024\/11\/Besancon_c_Leonid-Andronov_shutterstock-scaled.jpg","keywords":["Besancon-2025-fr"],"articleSection":["Actualit\u00e9s"],"inLanguage":"fr-FR","potentialAction":[{"@type":"CommentAction","name":"Comment","target":["https:\/\/energy-cities.eu\/fr\/des-energies-renouvelables-a-leconomie-circulaire-venez-debattre-et-vous-informer-lors-de-forum-annuel-denergy-cities\/#respond"]}]},{"@type":"Person","@id":"https:\/\/energy-cities.eu\/fr\/#\/schema\/person\/73f112310a36882313788a50db45fe68","name":"Sara Giovannini","image":{"@type":"ImageObject","inLanguage":"fr-FR","@id":"https:\/\/energy-cities.eu\/fr\/#\/schema\/person\/image\/","url":"https:\/\/secure.gravatar.com\/avatar\/ed06f04ad82b63908c4b0461665a3717?s=96&d=mm&r=g","contentUrl":"https:\/\/secure.gravatar.com\/avatar\/ed06f04ad82b63908c4b0461665a3717?s=96&d=mm&r=g","caption":"Sara Giovannini"},"sameAs":["https:\/\/twitter.com\/Giovannini_S"],"url":"https:\/\/energy-cities.eu\/fr\/staff\/s-giovannini\/"}]}},"coauthors":[],"tax_additional":{"categories":{"linked":["<a href=\"https:\/\/energy-cities.eu\/fr\/category\/actualites\/\" class=\"advgb-post-tax-term\">Actualit\u00e9s<\/a>"],"unlinked":["<span class=\"advgb-post-tax-term\">Actualit\u00e9s<\/span>"]},"tags":{"linked":["<a href=\"https:\/\/energy-cities.eu\/fr\/category\/actualites\/\" class=\"advgb-post-tax-term\">Besancon-2025-fr<\/a>"],"unlinked":["<span class=\"advgb-post-tax-term\">Besancon-2025-fr<\/span>"]}},"comment_count":"0","relative_dates":{"created":"Publi\u00e9 1 an il y a","modified":"Mis \u00e0 jour 1 an il y a"},"absolute_dates":{"created":"Publi\u00e9 le 20 novembre 2024","modified":"Mise \u00e0 jour le 25 novembre 2024"},"absolute_dates_time":{"created":"Publi\u00e9 le 20 novembre 2024 4:59  ","modified":"Mise \u00e0 jour le 25 novembre 2024 3:49  "},"featured_img_caption":"Credit: Leonid Andronov","_links":{"self":[{"href":"https:\/\/energy-cities.eu\/fr\/wp-json\/wp\/v2\/posts\/82177"}],"collection":[{"href":"https:\/\/energy-cities.eu\/fr\/wp-json\/wp\/v2\/posts"}],"about":[{"href":"https:\/\/energy-cities.eu\/fr\/wp-json\/wp\/v2\/types\/post"}],"author":[{"embeddable":true,"href":"https:\/\/energy-cities.eu\/fr\/wp-json\/wp\/v2\/users\/29"}],"replies":[{"embeddable":true,"href":"https:\/\/energy-cities.eu\/fr\/wp-json\/wp\/v2\/comments?post=82177"}],"version-history":[{"count":18,"href":"https:\/\/energy-cities.eu\/fr\/wp-json\/wp\/v2\/posts\/82177\/revisions"}],"predecessor-version":[{"id":82235,"href":"https:\/\/energy-cities.eu\/fr\/wp-json\/wp\/v2\/posts\/82177\/revisions\/82235"}],"wp:featuredmedia":[{"embeddable":true,"href":"https:\/\/energy-cities.eu\/fr\/wp-json\/wp\/v2\/media\/82189"}],"wp:attachment":[{"href":"https:\/\/energy-cities.eu\/fr\/wp-json\/wp\/v2\/media?parent=82177"}],"wp:term":[{"taxonomy":"category","embeddable":true,"href":"https:\/\/energy-cities.eu\/fr\/wp-json\/wp\/v2\/categories?post=82177"},{"taxonomy":"post_tag","embeddable":true,"href":"https:\/\/energy-cities.eu\/fr\/wp-json\/wp\/v2\/tags?post=82177"},{"taxonomy":"hub","embeddable":true,"href":"https:\/\/energy-cities.eu\/fr\/wp-json\/wp\/v2\/hub?post=82177"},{"taxonomy":"topic","embeddable":true,"href":"https:\/\/energy-cities.eu\/fr\/wp-json\/wp\/v2\/topic?post=82177"},{"taxonomy":"legislative_initiative","embeddable":true,"href":"https:\/\/energy-cities.eu\/fr\/wp-json\/wp\/v2\/legislative_initiative?post=82177"},{"taxonomy":"document_type","embeddable":true,"href":"https:\/\/energy-cities.eu\/fr\/wp-json\/wp\/v2\/document_type?post=82177"}],"curies":[{"name":"wp","href":"https:\/\/api.w.org\/{rel}","templated":true}]}}