{"id":83714,"date":"2025-01-08T13:44:49","date_gmt":"2025-01-08T12:44:49","guid":{"rendered":"https:\/\/energy-cities.eu\/a-climate-assembly-for-your-citys-administration-inspirations-from-lyon\/"},"modified":"2025-01-21T09:10:51","modified_gmt":"2025-01-21T08:10:51","slug":"une-convention-pour-climat-pour-administration-votre-ville-inspirations-lyonnaises","status":"publish","type":"post","link":"https:\/\/energy-cities.eu\/fr\/une-convention-pour-climat-pour-administration-votre-ville-inspirations-lyonnaises\/","title":{"rendered":"Une convention pour le climat pour l\u2019administration de votre ville\u00a0? Inspirations lyonnaises"},"content":{"rendered":"\n<p><strong><strong>Les conventions citoyennes sont un outil puissant pour faire participer des populations diverses \u00e0 la prise de d\u00e9cision d\u00e9mocratique. Lyon a port\u00e9 ce mod\u00e8le \u00e0 un niveau in\u00e9dit en y apportant une touche innovante\u00a0: l\u2019application du mod\u00e8le de la convention citoyenne pour mobiliser le personnel municipal. La Convention citoyenne pour le climat des agent\u00b7es (3CA), lanc\u00e9e par la ville de Lyon, r\u00e9invente la mani\u00e8re dont les administrations de service public peuvent montrer l\u2019exemple en relevant des d\u00e9fis urgents tels que la transition \u00e9cologique, l\u2019inclusion et la d\u00e9mocratie.<\/strong><\/strong><\/p>\n\n\n\n<h2>Une approche innovante\u00a0: les agent\u00b7es au c\u0153ur d\u2019une convention pour le climat<\/h2>\n\n\n\n<p>La 3CA repr\u00e9sente une initiative in\u00e9dite visant \u00e0 transformer le service public municipal. En impliquant ses agent\u00b7es dans la r\u00e9solution collaborative des probl\u00e8mes, la ville de Lyon veut s\u2019assurer que l\u2019administration publique n\u2019est pas seulement l\u00e0 pour faciliter la transition \u00e9cologique et d\u00e9mocratique, mais pour en \u00eatre le chef de file.<\/p>\n\n\n\n<p>Cette initiative a d\u00e9but\u00e9 le <strong>19\u00a0septembre\u00a02023<\/strong> pour aboutir le <strong>17\u00a0septembre\u00a02024<\/strong> \u00e0 la remise d\u2019un livret de propositions concr\u00e8tes au maire, aux adjoints et au conseil ex\u00e9cutif de Lyon. Le processus mobilise les agent\u00b7es sur des sujets essentiels tels que la biodiversit\u00e9, la transition \u00e9cologique, la sant\u00e9, la mobilit\u00e9, la gestion des d\u00e9chets et les conditions de travail.<\/p>\n\n\n\n<h2>Le processus\u00a0: un cadre pour l\u2019engagement civique dans l\u2019administration publique<\/h2>\n\n\n\n<h3>1. Recrutement et formation<\/h3>\n\n\n\n<p>Au total, 74\u00a0agent\u00b7es ont \u00e9t\u00e9 tir\u00e9\u00b7es au sort pour prendre part \u00e0 l\u2019initiative, garantissant ainsi une repr\u00e9sentation diversifi\u00e9e de l\u2019administration municipale. Apr\u00e8s leur s\u00e9lection, les participant\u00b7es ont suivi six sessions de sensibilisation. Ces sessions ont combin\u00e9 des conf\u00e9rences, des visites de sites, des activit\u00e9s interactives et des discussions avec des acteurs locaux et des sp\u00e9cialistes, tant internes qu\u2019externes. Cette pr\u00e9paration solide a permis aux participants de comprendre les d\u00e9fis multiples de la transition \u00e9cologique.<\/p>\n\n\n\n<h3>2. Id\u00e9ation collaborative<\/h3>\n\n\n\n<p>Les agent\u00b7es ont form\u00e9 des groupes de travail, avec plus de 50\u00a0participant\u00b7es collaborant activement \u00e0 l\u2019\u00e9laboration de propositions concr\u00e8tes. Des conseils m\u00e9thodologiques ont \u00e9t\u00e9 apport\u00e9s par le biais de quatre sessions de production. Les participant\u00b7es ont re\u00e7u l\u2019aide de sp\u00e9cialistes internes et externes, ainsi que par des agent\u00b7es b\u00e9n\u00e9voles de l\u2019administration municipale.<\/p>\n\n\n\n<h3>3. D\u00e9lib\u00e9ration et consensus<\/h3>\n\n\n\n<p>Les propositions finales ont \u00e9t\u00e9 approuv\u00e9es selon le principe de l\u2019<strong>adoption par consentement<\/strong>, garantissant que les recommandations refl\u00e8tent un large accord entre les participant\u00b7es. Cette approche collaborative a favoris\u00e9 un sentiment d\u2019adh\u00e9sion et de responsabilit\u00e9 collective.<\/p>\n\n\n\n<h2>Les r\u00e9sultats\u00a0: des propositions concr\u00e8tes \u00e9manant de tous les services<\/h2>\n\n\n\n<p>Apr\u00e8s une ann\u00e9e de d\u00e9lib\u00e9rations, la convention a produit un livret complet comprenant\u00a0:<\/p>\n\n\n\n<ul><li><strong><strong>Cinq avis<\/strong> <\/strong>sur deux questions fondamentales pos\u00e9es par la municipalit\u00e9\u00a0:<\/li><\/ul>\n\n\n\n<ol><li><em>\u00c0 quoi ressemblerait une administration exemplaire dans la conduite de la transition \u00e9cologique\u00a0?<\/em><\/li><li><em>Comment les services publics peuvent-ils continuer \u00e0 fonctionner pendant les vagues de chaleur tout en pr\u00e9servant la sant\u00e9 du personnel\u00a0?<\/em><\/li><\/ol>\n\n\n\n<ul><li><strong><strong>Douze propositions<\/strong> <\/strong>d\u2019organisation administrative et de politiques publiques municipales ax\u00e9es sur la transition \u00e9cologique. Les propositions ont \u00e9t\u00e9 organis\u00e9es en cinq blocs th\u00e9matiques\u00a0: conditions de travail, perturbateurs endocriniens, utilisation de l\u2019eau en ville, biodiversit\u00e9 et solidarit\u00e9.<\/li><\/ul>\n\n\n\n<p>Chaque recommandation comprend une analyse d\u00e9taill\u00e9e du contexte, des objectifs, des \u00e9tapes de mise en \u0153uvre, des services responsables, des conditions de r\u00e9ussite et des indicateurs mesurables.<\/p>\n\n\n\n<h2>Les r\u00e9sultats\u00a0: un meilleur plan, mais surtout une meilleure gouvernance<\/h2>\n\n\n\n<p>Les recommandations de la convention ont contribu\u00e9 de mani\u00e8re significative \u00e0 l\u2019objectif de <strong>neutralit\u00e9 climatique du territoire d\u2019ici 2030<\/strong> port\u00e9 par la ville de Lyon. En mobilisant l\u2019ensemble de l\u2019administration municipale autour de ses objectifs climatiques, Lyon tire parti de l\u2019expertise et de l\u2019engagement de son personnel, tous services confondus, pour trouver des solutions collaboratives aux d\u00e9fis de la transition. Adapter le mod\u00e8le de la convention citoyenne pour mobiliser l\u2019administration publique de cette mani\u00e8re peut aider une municipalit\u00e9 \u00e0 \u00e9liminer les cloisonnements et \u00e0 r\u00e9inventer sa gouvernance interne autour de la transition \u00e9cologique.<\/p>\n\n\n\n<p>Le processus est aussi important que le r\u00e9sultat. La ville de Lyon a m\u00e9ticuleusement document\u00e9 chaque \u00e9tape, la convention ayant d\u00e9fini soigneusement chaque proposition, expos\u00e9 les conditions de sa mise en \u0153uvre et \u00e9tabli un calendrier r\u00e9aliste pour mener \u00e0 bien une transformation significative.<\/p>\n\n\n\n<h2>Votre ville pourrait-elle reproduire ce mod\u00e8le\u00a0?<\/h2>\n\n\n\n<p><strong><strong>Pour en savoir plus, cliquez <\/strong><a href=\"https:\/\/energy-cities.eu\/wp-content\/uploads\/2024\/11\/Lyon-Covention-Citoyenne-pour-le-Climat-et-les-agents_EN.pdf\" target=\"_blank\" rel=\"noreferrer noopener\"><strong>ici<\/strong><\/a><strong>.<\/strong><\/strong><\/p>\n\n\n\n<p class=\"has-medium-font-size light-blue-message\">Vous souhaitez vous inspirer des conventions citoyennes locales \u00e0 travers l\u2019Europe\u00a0? <a href=\"https:\/\/energy-cities.eu\/wp-content\/uploads\/2024\/11\/Citizens-Assemblies-Factsheets-2024.pdf\" target=\"_blank\" rel=\"noreferrer noopener\">Consultez notre publication.<\/a><\/p>\n","protected":false},"excerpt":{"rendered":"<p>L&rsquo;Assembl\u00e9e des agent\u00b7es pour le climat de Lyon est un exemple inspirant de la mani\u00e8re dont on peut utiliser le mod\u00e8le des assembl\u00e9es de citoyen\u00b7es pour inciter l&rsquo;administration de la ville \u00e0 s&rsquo;attaquer aux probl\u00e8mes climatiques et lui donner les moyens de le faire.<\/p>\n","protected":false},"author":62,"featured_media":83379,"comment_status":"open","ping_status":"open","sticky":false,"template":"","format":"standard","meta":{"advgb_blocks_editor_width":"","advgb_blocks_columns_visual_guide":"","ub_ctt_via":""},"categories":[4],"tags":[],"hub":[310],"topic":[82,361],"legislative_initiative":[],"document_type":[],"acf":[],"author_meta":{"display_name":"Allison Le Corre","author_link":"https:\/\/energy-cities.eu\/fr\/staff\/a-lecorre\/"},"featured_img":"https:\/\/energy-cities.eu\/wp-content\/uploads\/2025\/01\/Lyon-350x233.png","featured_image_src":"https:\/\/energy-cities.eu\/wp-content\/uploads\/2025\/01\/Lyon.png","author_info":{"display_name":"Allison Le Corre","author_link":"https:\/\/energy-cities.eu\/fr\/staff\/a-lecorre\/"},"yoast_head":"<!-- This site is optimized with the Yoast SEO plugin v18.8 - https:\/\/yoast.com\/wordpress\/plugins\/seo\/ -->\n<title>Une convention pour le climat pour l\u2019administration de votre ville\u00a0? Inspirations lyonnaises - Energy Cities<\/title>\n<meta name=\"description\" content=\"Lyon\u2019s Climate Assembly of Civil Servants is an inspiring example of how to use the model of citizens&#039; assemblies to engage and empower your city&#039;s administration to tackle climate issues.\" \/>\n<meta name=\"robots\" content=\"index, follow, max-snippet:-1, max-image-preview:large, max-video-preview:-1\" \/>\n<link rel=\"canonical\" href=\"https:\/\/energy-cities.eu\/fr\/une-convention-pour-climat-pour-administration-votre-ville-inspirations-lyonnaises\/\" \/>\n<meta property=\"og:locale\" content=\"fr_FR\" \/>\n<meta property=\"og:type\" content=\"article\" \/>\n<meta property=\"og:title\" content=\"Une convention pour le climat pour l\u2019administration de votre ville\u00a0? Inspirations lyonnaises - Energy Cities\" \/>\n<meta property=\"og:description\" content=\"Lyon\u2019s Climate Assembly of Civil Servants is an inspiring example of how to use the model of citizens&#039; assemblies to engage and empower your city&#039;s administration to tackle climate issues.\" \/>\n<meta property=\"og:url\" content=\"https:\/\/energy-cities.eu\/fr\/une-convention-pour-climat-pour-administration-votre-ville-inspirations-lyonnaises\/\" \/>\n<meta property=\"og:site_name\" content=\"Energy Cities\" \/>\n<meta property=\"article:publisher\" content=\"https:\/\/www.facebook.com\/energycities.eu\/\" \/>\n<meta property=\"article:published_time\" content=\"2025-01-08T12:44:49+00:00\" \/>\n<meta property=\"article:modified_time\" content=\"2025-01-21T08:10:51+00:00\" \/>\n<meta property=\"og:image\" content=\"https:\/\/energy-cities.eu\/wp-content\/uploads\/2025\/01\/Lyon-1024x683.png\" \/>\n\t<meta property=\"og:image:width\" content=\"1024\" \/>\n\t<meta property=\"og:image:height\" content=\"683\" \/>\n\t<meta property=\"og:image:type\" content=\"image\/png\" \/>\n<meta name=\"twitter:card\" content=\"summary_large_image\" \/>\n<meta name=\"twitter:creator\" content=\"@b.karas\" \/>\n<meta name=\"twitter:site\" content=\"@energycities\" \/>\n<meta name=\"twitter:label1\" content=\"\u00c9crit par\" \/>\n\t<meta name=\"twitter:data1\" content=\"Allison Le Corre\" \/>\n\t<meta name=\"twitter:label2\" content=\"Dur\u00e9e de lecture estim\u00e9e\" \/>\n\t<meta name=\"twitter:data2\" content=\"4 minutes\" \/>\n<script type=\"application\/ld+json\" class=\"yoast-schema-graph\">{\"@context\":\"https:\/\/schema.org\",\"@graph\":[{\"@type\":\"Organization\",\"@id\":\"https:\/\/energy-cities.eu\/fr\/#organization\",\"name\":\"Energy Cities\",\"url\":\"https:\/\/energy-cities.eu\/fr\/\",\"sameAs\":[\"https:\/\/www.facebook.com\/energycities.eu\/\",\"https:\/\/www.youtube.com\/channel\/UChIHn2wF76JzuTbAjSMs0hQ\",\"https:\/\/fr.wikipedia.org\/wiki\/Energy_Cities\",\"https:\/\/twitter.com\/energycities\"],\"logo\":{\"@type\":\"ImageObject\",\"inLanguage\":\"fr-FR\",\"@id\":\"https:\/\/energy-cities.eu\/fr\/#\/schema\/logo\/image\/\",\"url\":\"https:\/\/energy-cities.eu\/wp-content\/uploads\/2019\/07\/energy-cities-couleur.jpg\",\"contentUrl\":\"https:\/\/energy-cities.eu\/wp-content\/uploads\/2019\/07\/energy-cities-couleur.jpg\",\"width\":3508,\"height\":2587,\"caption\":\"Energy Cities\"},\"image\":{\"@id\":\"https:\/\/energy-cities.eu\/fr\/#\/schema\/logo\/image\/\"}},{\"@type\":\"WebSite\",\"@id\":\"https:\/\/energy-cities.eu\/fr\/#website\",\"url\":\"https:\/\/energy-cities.eu\/fr\/\",\"name\":\"Energy Cities\",\"description\":\" The European learning community for future-proof cities\",\"publisher\":{\"@id\":\"https:\/\/energy-cities.eu\/fr\/#organization\"},\"potentialAction\":[{\"@type\":\"SearchAction\",\"target\":{\"@type\":\"EntryPoint\",\"urlTemplate\":\"https:\/\/energy-cities.eu\/fr\/?s={search_term_string}\"},\"query-input\":\"required name=search_term_string\"}],\"inLanguage\":\"fr-FR\"},{\"@type\":\"ImageObject\",\"inLanguage\":\"fr-FR\",\"@id\":\"https:\/\/energy-cities.eu\/fr\/une-convention-pour-climat-pour-administration-votre-ville-inspirations-lyonnaises\/#primaryimage\",\"url\":\"https:\/\/energy-cities.eu\/wp-content\/uploads\/2025\/01\/Lyon.png\",\"contentUrl\":\"https:\/\/energy-cities.eu\/wp-content\/uploads\/2025\/01\/Lyon.png\",\"width\":1488,\"height\":992,\"caption\":\"Lyon\"},{\"@type\":\"WebPage\",\"@id\":\"https:\/\/energy-cities.eu\/fr\/une-convention-pour-climat-pour-administration-votre-ville-inspirations-lyonnaises\/#webpage\",\"url\":\"https:\/\/energy-cities.eu\/fr\/une-convention-pour-climat-pour-administration-votre-ville-inspirations-lyonnaises\/\",\"name\":\"Une convention pour le climat pour l\u2019administration de votre ville\u00a0? Inspirations lyonnaises - Energy Cities\",\"isPartOf\":{\"@id\":\"https:\/\/energy-cities.eu\/fr\/#website\"},\"primaryImageOfPage\":{\"@id\":\"https:\/\/energy-cities.eu\/fr\/une-convention-pour-climat-pour-administration-votre-ville-inspirations-lyonnaises\/#primaryimage\"},\"datePublished\":\"2025-01-08T12:44:49+00:00\",\"dateModified\":\"2025-01-21T08:10:51+00:00\",\"description\":\"Lyon\u2019s Climate Assembly of Civil Servants is an inspiring example of how to use the model of citizens' assemblies to engage and empower your city's administration to tackle climate issues.\",\"breadcrumb\":{\"@id\":\"https:\/\/energy-cities.eu\/fr\/une-convention-pour-climat-pour-administration-votre-ville-inspirations-lyonnaises\/#breadcrumb\"},\"inLanguage\":\"fr-FR\",\"potentialAction\":[{\"@type\":\"ReadAction\",\"target\":[\"https:\/\/energy-cities.eu\/fr\/une-convention-pour-climat-pour-administration-votre-ville-inspirations-lyonnaises\/\"]}]},{\"@type\":\"BreadcrumbList\",\"@id\":\"https:\/\/energy-cities.eu\/fr\/une-convention-pour-climat-pour-administration-votre-ville-inspirations-lyonnaises\/#breadcrumb\",\"itemListElement\":[{\"@type\":\"ListItem\",\"position\":1,\"name\":\"Home\",\"item\":\"https:\/\/energy-cities.eu\/fr\/nous-sommes-un-reseau-europeen-blabla\/\"},{\"@type\":\"ListItem\",\"position\":2,\"name\":\"Une convention pour le climat pour l\u2019administration de votre ville\u00a0? Inspirations lyonnaises\"}]},{\"@type\":\"Article\",\"@id\":\"https:\/\/energy-cities.eu\/fr\/une-convention-pour-climat-pour-administration-votre-ville-inspirations-lyonnaises\/#article\",\"isPartOf\":{\"@id\":\"https:\/\/energy-cities.eu\/fr\/une-convention-pour-climat-pour-administration-votre-ville-inspirations-lyonnaises\/#webpage\"},\"author\":{\"@id\":\"https:\/\/energy-cities.eu\/fr\/#\/schema\/person\/4f710c8b7df0a4884b6dcfe26eb8af52\"},\"headline\":\"Une convention pour le climat pour l\u2019administration de votre ville\u00a0? Inspirations lyonnaises\",\"datePublished\":\"2025-01-08T12:44:49+00:00\",\"dateModified\":\"2025-01-21T08:10:51+00:00\",\"mainEntityOfPage\":{\"@id\":\"https:\/\/energy-cities.eu\/fr\/une-convention-pour-climat-pour-administration-votre-ville-inspirations-lyonnaises\/#webpage\"},\"wordCount\":795,\"commentCount\":0,\"publisher\":{\"@id\":\"https:\/\/energy-cities.eu\/fr\/#organization\"},\"image\":{\"@id\":\"https:\/\/energy-cities.eu\/fr\/une-convention-pour-climat-pour-administration-votre-ville-inspirations-lyonnaises\/#primaryimage\"},\"thumbnailUrl\":\"https:\/\/energy-cities.eu\/wp-content\/uploads\/2025\/01\/Lyon.png\",\"articleSection\":[\"Actualit\u00e9s\"],\"inLanguage\":\"fr-FR\",\"potentialAction\":[{\"@type\":\"CommentAction\",\"name\":\"Comment\",\"target\":[\"https:\/\/energy-cities.eu\/fr\/une-convention-pour-climat-pour-administration-votre-ville-inspirations-lyonnaises\/#respond\"]}]},{\"@type\":\"Person\",\"@id\":\"https:\/\/energy-cities.eu\/fr\/#\/schema\/person\/4f710c8b7df0a4884b6dcfe26eb8af52\",\"name\":\"Allison Le Corre\",\"image\":{\"@type\":\"ImageObject\",\"inLanguage\":\"fr-FR\",\"@id\":\"https:\/\/energy-cities.eu\/fr\/#\/schema\/person\/image\/\",\"url\":\"https:\/\/secure.gravatar.com\/avatar\/2e7e85b59cb6a800ec7893fb0a311440?s=96&d=mm&r=g\",\"contentUrl\":\"https:\/\/secure.gravatar.com\/avatar\/2e7e85b59cb6a800ec7893fb0a311440?s=96&d=mm&r=g\",\"caption\":\"Allison Le Corre\"},\"sameAs\":[\"https:\/\/twitter.com\/b.karas\"],\"url\":\"https:\/\/energy-cities.eu\/fr\/staff\/a-lecorre\/\"}]}<\/script>\n<!-- \/ Yoast SEO plugin. -->","yoast_head_json":{"title":"Une convention pour le climat pour l\u2019administration de votre ville\u00a0? Inspirations lyonnaises - Energy Cities","description":"Lyon\u2019s Climate Assembly of Civil Servants is an inspiring example of how to use the model of citizens' assemblies to engage and empower your city's administration to tackle climate issues.","robots":{"index":"index","follow":"follow","max-snippet":"max-snippet:-1","max-image-preview":"max-image-preview:large","max-video-preview":"max-video-preview:-1"},"canonical":"https:\/\/energy-cities.eu\/fr\/une-convention-pour-climat-pour-administration-votre-ville-inspirations-lyonnaises\/","og_locale":"fr_FR","og_type":"article","og_title":"Une convention pour le climat pour l\u2019administration de votre ville\u00a0? Inspirations lyonnaises - Energy Cities","og_description":"Lyon\u2019s Climate Assembly of Civil Servants is an inspiring example of how to use the model of citizens' assemblies to engage and empower your city's administration to tackle climate issues.","og_url":"https:\/\/energy-cities.eu\/fr\/une-convention-pour-climat-pour-administration-votre-ville-inspirations-lyonnaises\/","og_site_name":"Energy Cities","article_publisher":"https:\/\/www.facebook.com\/energycities.eu\/","article_published_time":"2025-01-08T12:44:49+00:00","article_modified_time":"2025-01-21T08:10:51+00:00","og_image":[{"width":1024,"height":683,"url":"https:\/\/energy-cities.eu\/wp-content\/uploads\/2025\/01\/Lyon-1024x683.png","type":"image\/png"}],"twitter_card":"summary_large_image","twitter_creator":"@b.karas","twitter_site":"@energycities","twitter_misc":{"\u00c9crit par":"Allison Le Corre","Dur\u00e9e de lecture estim\u00e9e":"4 minutes"},"schema":{"@context":"https:\/\/schema.org","@graph":[{"@type":"Organization","@id":"https:\/\/energy-cities.eu\/fr\/#organization","name":"Energy Cities","url":"https:\/\/energy-cities.eu\/fr\/","sameAs":["https:\/\/www.facebook.com\/energycities.eu\/","https:\/\/www.youtube.com\/channel\/UChIHn2wF76JzuTbAjSMs0hQ","https:\/\/fr.wikipedia.org\/wiki\/Energy_Cities","https:\/\/twitter.com\/energycities"],"logo":{"@type":"ImageObject","inLanguage":"fr-FR","@id":"https:\/\/energy-cities.eu\/fr\/#\/schema\/logo\/image\/","url":"https:\/\/energy-cities.eu\/wp-content\/uploads\/2019\/07\/energy-cities-couleur.jpg","contentUrl":"https:\/\/energy-cities.eu\/wp-content\/uploads\/2019\/07\/energy-cities-couleur.jpg","width":3508,"height":2587,"caption":"Energy Cities"},"image":{"@id":"https:\/\/energy-cities.eu\/fr\/#\/schema\/logo\/image\/"}},{"@type":"WebSite","@id":"https:\/\/energy-cities.eu\/fr\/#website","url":"https:\/\/energy-cities.eu\/fr\/","name":"Energy Cities","description":" The European learning community for future-proof cities","publisher":{"@id":"https:\/\/energy-cities.eu\/fr\/#organization"},"potentialAction":[{"@type":"SearchAction","target":{"@type":"EntryPoint","urlTemplate":"https:\/\/energy-cities.eu\/fr\/?s={search_term_string}"},"query-input":"required name=search_term_string"}],"inLanguage":"fr-FR"},{"@type":"ImageObject","inLanguage":"fr-FR","@id":"https:\/\/energy-cities.eu\/fr\/une-convention-pour-climat-pour-administration-votre-ville-inspirations-lyonnaises\/#primaryimage","url":"https:\/\/energy-cities.eu\/wp-content\/uploads\/2025\/01\/Lyon.png","contentUrl":"https:\/\/energy-cities.eu\/wp-content\/uploads\/2025\/01\/Lyon.png","width":1488,"height":992,"caption":"Lyon"},{"@type":"WebPage","@id":"https:\/\/energy-cities.eu\/fr\/une-convention-pour-climat-pour-administration-votre-ville-inspirations-lyonnaises\/#webpage","url":"https:\/\/energy-cities.eu\/fr\/une-convention-pour-climat-pour-administration-votre-ville-inspirations-lyonnaises\/","name":"Une convention pour le climat pour l\u2019administration de votre ville\u00a0? Inspirations lyonnaises - Energy Cities","isPartOf":{"@id":"https:\/\/energy-cities.eu\/fr\/#website"},"primaryImageOfPage":{"@id":"https:\/\/energy-cities.eu\/fr\/une-convention-pour-climat-pour-administration-votre-ville-inspirations-lyonnaises\/#primaryimage"},"datePublished":"2025-01-08T12:44:49+00:00","dateModified":"2025-01-21T08:10:51+00:00","description":"Lyon\u2019s Climate Assembly of Civil Servants is an inspiring example of how to use the model of citizens' assemblies to engage and empower your city's administration to tackle climate issues.","breadcrumb":{"@id":"https:\/\/energy-cities.eu\/fr\/une-convention-pour-climat-pour-administration-votre-ville-inspirations-lyonnaises\/#breadcrumb"},"inLanguage":"fr-FR","potentialAction":[{"@type":"ReadAction","target":["https:\/\/energy-cities.eu\/fr\/une-convention-pour-climat-pour-administration-votre-ville-inspirations-lyonnaises\/"]}]},{"@type":"BreadcrumbList","@id":"https:\/\/energy-cities.eu\/fr\/une-convention-pour-climat-pour-administration-votre-ville-inspirations-lyonnaises\/#breadcrumb","itemListElement":[{"@type":"ListItem","position":1,"name":"Home","item":"https:\/\/energy-cities.eu\/fr\/nous-sommes-un-reseau-europeen-blabla\/"},{"@type":"ListItem","position":2,"name":"Une convention pour le climat pour l\u2019administration de votre ville\u00a0? Inspirations lyonnaises"}]},{"@type":"Article","@id":"https:\/\/energy-cities.eu\/fr\/une-convention-pour-climat-pour-administration-votre-ville-inspirations-lyonnaises\/#article","isPartOf":{"@id":"https:\/\/energy-cities.eu\/fr\/une-convention-pour-climat-pour-administration-votre-ville-inspirations-lyonnaises\/#webpage"},"author":{"@id":"https:\/\/energy-cities.eu\/fr\/#\/schema\/person\/4f710c8b7df0a4884b6dcfe26eb8af52"},"headline":"Une convention pour le climat pour l\u2019administration de votre ville\u00a0? Inspirations lyonnaises","datePublished":"2025-01-08T12:44:49+00:00","dateModified":"2025-01-21T08:10:51+00:00","mainEntityOfPage":{"@id":"https:\/\/energy-cities.eu\/fr\/une-convention-pour-climat-pour-administration-votre-ville-inspirations-lyonnaises\/#webpage"},"wordCount":795,"commentCount":0,"publisher":{"@id":"https:\/\/energy-cities.eu\/fr\/#organization"},"image":{"@id":"https:\/\/energy-cities.eu\/fr\/une-convention-pour-climat-pour-administration-votre-ville-inspirations-lyonnaises\/#primaryimage"},"thumbnailUrl":"https:\/\/energy-cities.eu\/wp-content\/uploads\/2025\/01\/Lyon.png","articleSection":["Actualit\u00e9s"],"inLanguage":"fr-FR","potentialAction":[{"@type":"CommentAction","name":"Comment","target":["https:\/\/energy-cities.eu\/fr\/une-convention-pour-climat-pour-administration-votre-ville-inspirations-lyonnaises\/#respond"]}]},{"@type":"Person","@id":"https:\/\/energy-cities.eu\/fr\/#\/schema\/person\/4f710c8b7df0a4884b6dcfe26eb8af52","name":"Allison Le Corre","image":{"@type":"ImageObject","inLanguage":"fr-FR","@id":"https:\/\/energy-cities.eu\/fr\/#\/schema\/person\/image\/","url":"https:\/\/secure.gravatar.com\/avatar\/2e7e85b59cb6a800ec7893fb0a311440?s=96&d=mm&r=g","contentUrl":"https:\/\/secure.gravatar.com\/avatar\/2e7e85b59cb6a800ec7893fb0a311440?s=96&d=mm&r=g","caption":"Allison Le Corre"},"sameAs":["https:\/\/twitter.com\/b.karas"],"url":"https:\/\/energy-cities.eu\/fr\/staff\/a-lecorre\/"}]}},"coauthors":[],"tax_additional":{"categories":{"linked":["<a href=\"https:\/\/energy-cities.eu\/fr\/category\/actualites\/\" class=\"advgb-post-tax-term\">Actualit\u00e9s<\/a>"],"unlinked":["<span class=\"advgb-post-tax-term\">Actualit\u00e9s<\/span>"]}},"comment_count":"0","relative_dates":{"created":"Publi\u00e9 1 an il y a","modified":"Mis \u00e0 jour 1 an il y a"},"absolute_dates":{"created":"Publi\u00e9 le 08 janvier 2025","modified":"Mise \u00e0 jour le 21 janvier 2025"},"absolute_dates_time":{"created":"Publi\u00e9 le 08 janvier 2025 1:44  ","modified":"Mise \u00e0 jour le 21 janvier 2025 9:10  "},"featured_img_caption":"","_links":{"self":[{"href":"https:\/\/energy-cities.eu\/fr\/wp-json\/wp\/v2\/posts\/83714"}],"collection":[{"href":"https:\/\/energy-cities.eu\/fr\/wp-json\/wp\/v2\/posts"}],"about":[{"href":"https:\/\/energy-cities.eu\/fr\/wp-json\/wp\/v2\/types\/post"}],"author":[{"embeddable":true,"href":"https:\/\/energy-cities.eu\/fr\/wp-json\/wp\/v2\/users\/62"}],"replies":[{"embeddable":true,"href":"https:\/\/energy-cities.eu\/fr\/wp-json\/wp\/v2\/comments?post=83714"}],"version-history":[{"count":5,"href":"https:\/\/energy-cities.eu\/fr\/wp-json\/wp\/v2\/posts\/83714\/revisions"}],"predecessor-version":[{"id":83720,"href":"https:\/\/energy-cities.eu\/fr\/wp-json\/wp\/v2\/posts\/83714\/revisions\/83720"}],"wp:featuredmedia":[{"embeddable":true,"href":"https:\/\/energy-cities.eu\/fr\/wp-json\/wp\/v2\/media\/83379"}],"wp:attachment":[{"href":"https:\/\/energy-cities.eu\/fr\/wp-json\/wp\/v2\/media?parent=83714"}],"wp:term":[{"taxonomy":"category","embeddable":true,"href":"https:\/\/energy-cities.eu\/fr\/wp-json\/wp\/v2\/categories?post=83714"},{"taxonomy":"post_tag","embeddable":true,"href":"https:\/\/energy-cities.eu\/fr\/wp-json\/wp\/v2\/tags?post=83714"},{"taxonomy":"hub","embeddable":true,"href":"https:\/\/energy-cities.eu\/fr\/wp-json\/wp\/v2\/hub?post=83714"},{"taxonomy":"topic","embeddable":true,"href":"https:\/\/energy-cities.eu\/fr\/wp-json\/wp\/v2\/topic?post=83714"},{"taxonomy":"legislative_initiative","embeddable":true,"href":"https:\/\/energy-cities.eu\/fr\/wp-json\/wp\/v2\/legislative_initiative?post=83714"},{"taxonomy":"document_type","embeddable":true,"href":"https:\/\/energy-cities.eu\/fr\/wp-json\/wp\/v2\/document_type?post=83714"}],"curies":[{"name":"wp","href":"https:\/\/api.w.org\/{rel}","templated":true}]}}