{"id":83769,"date":"2025-01-21T13:54:07","date_gmt":"2025-01-21T12:54:07","guid":{"rendered":"https:\/\/energy-cities.eu\/?p=83769"},"modified":"2025-01-28T13:29:05","modified_gmt":"2025-01-28T12:29:05","slug":"decouvrez-le-programme-du-forum-annuel-2025-denergy-cities-laissez-vous-inspirer-et-embarquer-par-le-pouvoir-des-connexions","status":"publish","type":"post","link":"https:\/\/energy-cities.eu\/fr\/decouvrez-le-programme-du-forum-annuel-2025-denergy-cities-laissez-vous-inspirer-et-embarquer-par-le-pouvoir-des-connexions\/","title":{"rendered":"D\u00e9couvrez le programme du Forum Annuel 2025 d&rsquo;Energy Cities : laissez-vous inspirer et embarquer par le pouvoir des connexions"},"content":{"rendered":"\n<p class=\"has-medium-font-size\">Notre forum annuel 2025 approche \u00e0 grands pas et le programme a enfin \u00e9t\u00e9 pr\u00e9sent\u00e9. En offrant de nombreuses occasions de networking et de partage de connaissances, il vise \u00e0 valoriser le pouvoir des connexions et \u00e0 placer le travail de nos membres sous les feux de la rampe.<\/p>\n\n\n\n<p>Le forum est plus qu&rsquo;une conf\u00e9rence, c&rsquo;est l&rsquo;endroit o\u00f9 les municipalit\u00e9s, les organisations et les individus peuvent se r\u00e9unir, partager leurs exp\u00e9riences et forger des partenariats pour continuer \u00e0 avancer dans la transition vers la neutralit\u00e9 climatique. Cette ann\u00e9e offrira \u00e9galement le cadre id\u00e9al pour c\u00e9l\u00e9brer le 35e anniversaire d&rsquo;Energy Cities.<\/p>\n\n\n\n<h3><strong>Trois journ\u00e9es pour tisser des liens<\/strong><\/h3>\n\n\n\n<p>Le forum aura lieu les 8, 9 et 10 avril. Le premier jour commencera par un accueil en soir\u00e9e de notre h\u00f4te, la ville de Besan\u00e7on, dans le magnifique h\u00f4tel de ville. Il sera suivi d&rsquo;un cocktail de networking o\u00f9 les participants se r\u00e9uniront et se pr\u00e9pareront pour le lendemain.<\/p>\n\n\n\n<p>La deuxi\u00e8me journ\u00e9e sera consacr\u00e9e aux cinq parcours th\u00e9matiques ax\u00e9s sur la recherche de solutions collectives pour cr\u00e9er des villes \u00e9quitables, plus vertes et plus saines. Parmi les sujets abord\u00e9s, citons les \u00e9nergies renouvelables, les partenariats locaux, les mod\u00e8les de co-investissement, l&rsquo;\u00e9conomie circulaire et bien d&rsquo;autres encore ! Vous d\u00e9couvrirez les initiatives men\u00e9es par Besan\u00e7on et vous pourrez partager votre exp\u00e9rience et vos bonnes pratiques avec d&rsquo;autres experts.<\/p>\n\n\n\n<p>Les parcours seront divis\u00e9s en deux parties : une introduction au sujet et une visite de site le matin et un atelier d&rsquo;intelligence collective et de t\u00e9moignage l&rsquo;apr\u00e8s-midi. La journ\u00e9e se terminera par une br\u00e8ve s\u00e9ance de restitution afin d&rsquo;\u00e9changer des points de vue. La soir\u00e9e sera consacr\u00e9e \u00e0 la c\u00e9l\u00e9bration de notre 35e anniversaire avec un d\u00eener de gala plein de surprises !<\/p>\n\n\n\n<div style=\"height:26px\" aria-hidden=\"true\" class=\"wp-block-spacer\"><\/div>\n\n\n\n<div class=\"wp-block-image\"><figure class=\"aligncenter size-large is-resized\"><img loading=\"lazy\" src=\"https:\/\/energy-cities.eu\/wp-content\/uploads\/2025\/01\/53830168745_174bdb72d3_o-1024x683.jpg\" alt=\"\" class=\"wp-image-83761\" width=\"569\" height=\"379\" srcset=\"https:\/\/energy-cities.eu\/wp-content\/uploads\/2025\/01\/53830168745_174bdb72d3_o-1024x683.jpg 1024w, https:\/\/energy-cities.eu\/wp-content\/uploads\/2025\/01\/53830168745_174bdb72d3_o-350x233.jpg 350w, https:\/\/energy-cities.eu\/wp-content\/uploads\/2025\/01\/53830168745_174bdb72d3_o-1536x1024.jpg 1536w, https:\/\/energy-cities.eu\/wp-content\/uploads\/2025\/01\/53830168745_174bdb72d3_o-2048x1365.jpg 2048w, https:\/\/energy-cities.eu\/wp-content\/uploads\/2025\/01\/53830168745_174bdb72d3_o-700x467.jpg 700w, https:\/\/energy-cities.eu\/wp-content\/uploads\/2025\/01\/53830168745_174bdb72d3_o-450x300.jpg 450w, https:\/\/energy-cities.eu\/wp-content\/uploads\/2025\/01\/53830168745_174bdb72d3_o-1350x900.jpg 1350w\" sizes=\"(max-width: 569px) 100vw, 569px\" \/><\/figure><\/div>\n\n\n\n<div style=\"height:20px\" aria-hidden=\"true\" class=\"wp-block-spacer\"><\/div>\n\n\n\n<p>La troisi\u00e8me journ\u00e9e d\u00e9butera par une session pl\u00e9ni\u00e8re, suivie de trois sessions parall\u00e8les. L&rsquo;inspiration fair vous permettra de d\u00e9couvrir la diversit\u00e9 des opportunit\u00e9s que notre r\u00e9seau offre \u00e0 ses membres. L\u2019open mic vous donnera l&rsquo;occasion de partager vos id\u00e9es et vos exp\u00e9riences et, lors de la session matchmaking, vous pourrez explorer les possibilit\u00e9s de financement dans le cadre des appels \u00e0 propositions de l&rsquo;UE et d&rsquo;autres sources de financement.<\/p>\n\n\n\n<p>Dans le m\u00eame temps, trois sessions parall\u00e8les de las Club des Maires, r\u00e9serv\u00e9es aux membres, r\u00e9uniront de petits groupes d&rsquo;\u00e9lus locaux pour approfondir des sujets sp\u00e9cifiques. La journ\u00e9e se terminera par un session pl\u00e9ni\u00e8re de cl\u00f4ture.<\/p>\n\n\n\n<h3><strong>Rendez-vous \u00e0 Besan\u00e7on<\/strong><\/h3>\n\n\n\n<p>Comme la conf\u00e9rence approche \u00e0 grands pas, nous avons rassembl\u00e9 toutes les informations pertinentes sur le <a href=\"https:\/\/annualforum.energy-cities.eu\/\" target=\"_blank\" rel=\"noreferrer noopener\"><strong>site officiel du Forum annuel Energy Cities<\/strong><\/a>. Visitez-le et d\u00e9couvrez tout ce que vous devez savoir sur le programme, l&rsquo;inscription, nos partenaires et comment vous rendre \u00e0 Besan\u00e7on.<\/p>\n\n\n\n<div style=\"height:20px\" aria-hidden=\"true\" class=\"wp-block-spacer\"><\/div>\n\n\n\n<div class=\"wp-block-image\"><figure class=\"aligncenter size-large is-resized\"><img loading=\"lazy\" src=\"https:\/\/energy-cities.eu\/wp-content\/uploads\/2025\/01\/Besancon_la_rue_des_Boucheries-1-1024x681.jpg\" alt=\"\" class=\"wp-image-83766\" width=\"672\" height=\"446\" srcset=\"https:\/\/energy-cities.eu\/wp-content\/uploads\/2025\/01\/Besancon_la_rue_des_Boucheries-1-1024x681.jpg 1024w, https:\/\/energy-cities.eu\/wp-content\/uploads\/2025\/01\/Besancon_la_rue_des_Boucheries-1-350x233.jpg 350w, https:\/\/energy-cities.eu\/wp-content\/uploads\/2025\/01\/Besancon_la_rue_des_Boucheries-1-1536x1021.jpg 1536w, https:\/\/energy-cities.eu\/wp-content\/uploads\/2025\/01\/Besancon_la_rue_des_Boucheries-1-2048x1362.jpg 2048w, https:\/\/energy-cities.eu\/wp-content\/uploads\/2025\/01\/Besancon_la_rue_des_Boucheries-1-700x465.jpg 700w, https:\/\/energy-cities.eu\/wp-content\/uploads\/2025\/01\/Besancon_la_rue_des_Boucheries-1-451x300.jpg 451w, https:\/\/energy-cities.eu\/wp-content\/uploads\/2025\/01\/Besancon_la_rue_des_Boucheries-1-1354x900.jpg 1354w\" sizes=\"(max-width: 672px) 100vw, 672px\" \/><figcaption>Source: Tourisme Besan\u00e7on<\/figcaption><\/figure><\/div>\n\n\n\n<div style=\"height:20px\" aria-hidden=\"true\" class=\"wp-block-spacer\"><\/div>\n\n\n\n<p>Nous invitons tous nos membres, partenaires et autres participants \u00e0 nous rejoindre et \u00e0 commencer \u00e0 tisser des liens !<\/p>\n\n\n\n<p>Pour mieux comprendre ce que signifie faire partie de notre r\u00e9seau, jetez un coup d&rsquo;\u0153il aux <a href=\"https:\/\/www.youtube.com\/watch?v=xIl9j7ZBXuY&amp;list=PLHuD_eqYV_6U03xRQ4LQamZDot0jmHcJY\" target=\"_blank\" rel=\"noreferrer noopener\">entretiens<\/a> que nous avons pr\u00e9par\u00e9s pour c\u00e9l\u00e9brer notre anniversaire.<\/p>\n\n\n\n<p><strong>Restez \u00e0 l&rsquo;\u00e9coute, les inscriptions seront ouvertes tr\u00e8s bient\u00f4t !<\/strong><\/p>\n","protected":false},"excerpt":{"rendered":"<p>Notre forum annuel 2025 approche \u00e0 grands pas et le programme a enfin \u00e9t\u00e9 pr\u00e9sent\u00e9. En offrant de nombreuses occasions de networking et de partage <a href=\"https:\/\/energy-cities.eu\/fr\/decouvrez-le-programme-du-forum-annuel-2025-denergy-cities-laissez-vous-inspirer-et-embarquer-par-le-pouvoir-des-connexions\/\">[\u2026]<\/a><\/p>\n","protected":false},"author":88,"featured_media":83757,"comment_status":"open","ping_status":"open","sticky":false,"template":"","format":"standard","meta":{"advgb_blocks_editor_width":"","advgb_blocks_columns_visual_guide":"","ub_ctt_via":""},"categories":[4],"tags":[533],"hub":[310,308,306,307,309],"topic":[],"legislative_initiative":[],"document_type":[],"acf":[],"author_meta":{"display_name":"Alicia Funes Moro","author_link":"https:\/\/energy-cities.eu\/fr\/staff\/a-funes\/"},"featured_img":"https:\/\/energy-cities.eu\/wp-content\/uploads\/2025\/01\/53828819862_9e5610c09f_o-350x233.jpg","featured_image_src":"https:\/\/energy-cities.eu\/wp-content\/uploads\/2025\/01\/53828819862_9e5610c09f_o-scaled.jpg","author_info":{"display_name":"Alicia Funes Moro","author_link":"https:\/\/energy-cities.eu\/fr\/staff\/a-funes\/"},"yoast_head":"<!-- This site is optimized with the Yoast SEO plugin v18.8 - https:\/\/yoast.com\/wordpress\/plugins\/seo\/ -->\n<title>D\u00e9couvrez le programme du Forum Annuel 2025 d&#039;Energy Cities : laissez-vous inspirer et embarquer par le pouvoir des connexions - Energy Cities<\/title>\n<meta name=\"robots\" content=\"index, follow, max-snippet:-1, max-image-preview:large, max-video-preview:-1\" \/>\n<link rel=\"canonical\" href=\"https:\/\/energy-cities.eu\/fr\/decouvrez-le-programme-du-forum-annuel-2025-denergy-cities-laissez-vous-inspirer-et-embarquer-par-le-pouvoir-des-connexions\/\" \/>\n<meta property=\"og:locale\" content=\"fr_FR\" \/>\n<meta property=\"og:type\" content=\"article\" \/>\n<meta property=\"og:title\" content=\"D\u00e9couvrez le programme du Forum Annuel 2025 d&#039;Energy Cities : laissez-vous inspirer et embarquer par le pouvoir des connexions - Energy Cities\" \/>\n<meta property=\"og:description\" content=\"Notre forum annuel 2025 approche \u00e0 grands pas et le programme a enfin \u00e9t\u00e9 pr\u00e9sent\u00e9. En offrant de nombreuses occasions de networking et de partage [\u2026]\" \/>\n<meta property=\"og:url\" content=\"https:\/\/energy-cities.eu\/fr\/decouvrez-le-programme-du-forum-annuel-2025-denergy-cities-laissez-vous-inspirer-et-embarquer-par-le-pouvoir-des-connexions\/\" \/>\n<meta property=\"og:site_name\" content=\"Energy Cities\" \/>\n<meta property=\"article:publisher\" content=\"https:\/\/www.facebook.com\/energycities.eu\/\" \/>\n<meta property=\"article:published_time\" content=\"2025-01-21T12:54:07+00:00\" \/>\n<meta property=\"article:modified_time\" content=\"2025-01-28T12:29:05+00:00\" \/>\n<meta property=\"og:image\" content=\"https:\/\/energy-cities.eu\/wp-content\/uploads\/2025\/01\/53828819862_9e5610c09f_o-scaled.jpg\" \/>\n\t<meta property=\"og:image:width\" content=\"2560\" \/>\n\t<meta property=\"og:image:height\" content=\"1707\" \/>\n\t<meta property=\"og:image:type\" content=\"image\/jpeg\" \/>\n<meta name=\"twitter:card\" content=\"summary_large_image\" \/>\n<meta name=\"twitter:creator\" content=\"@a.funes\" \/>\n<meta name=\"twitter:site\" content=\"@energycities\" \/>\n<meta name=\"twitter:label1\" content=\"\u00c9crit par\" \/>\n\t<meta name=\"twitter:data1\" content=\"Alicia Funes Moro\" \/>\n\t<meta name=\"twitter:label2\" content=\"Dur\u00e9e de lecture estim\u00e9e\" \/>\n\t<meta name=\"twitter:data2\" content=\"3 minutes\" \/>\n<script type=\"application\/ld+json\" class=\"yoast-schema-graph\">{\"@context\":\"https:\/\/schema.org\",\"@graph\":[{\"@type\":\"Organization\",\"@id\":\"https:\/\/energy-cities.eu\/fr\/#organization\",\"name\":\"Energy Cities\",\"url\":\"https:\/\/energy-cities.eu\/fr\/\",\"sameAs\":[\"https:\/\/www.facebook.com\/energycities.eu\/\",\"https:\/\/www.youtube.com\/channel\/UChIHn2wF76JzuTbAjSMs0hQ\",\"https:\/\/fr.wikipedia.org\/wiki\/Energy_Cities\",\"https:\/\/twitter.com\/energycities\"],\"logo\":{\"@type\":\"ImageObject\",\"inLanguage\":\"fr-FR\",\"@id\":\"https:\/\/energy-cities.eu\/fr\/#\/schema\/logo\/image\/\",\"url\":\"https:\/\/energy-cities.eu\/wp-content\/uploads\/2019\/07\/energy-cities-couleur.jpg\",\"contentUrl\":\"https:\/\/energy-cities.eu\/wp-content\/uploads\/2019\/07\/energy-cities-couleur.jpg\",\"width\":3508,\"height\":2587,\"caption\":\"Energy Cities\"},\"image\":{\"@id\":\"https:\/\/energy-cities.eu\/fr\/#\/schema\/logo\/image\/\"}},{\"@type\":\"WebSite\",\"@id\":\"https:\/\/energy-cities.eu\/fr\/#website\",\"url\":\"https:\/\/energy-cities.eu\/fr\/\",\"name\":\"Energy Cities\",\"description\":\" The European learning community for future-proof cities\",\"publisher\":{\"@id\":\"https:\/\/energy-cities.eu\/fr\/#organization\"},\"potentialAction\":[{\"@type\":\"SearchAction\",\"target\":{\"@type\":\"EntryPoint\",\"urlTemplate\":\"https:\/\/energy-cities.eu\/fr\/?s={search_term_string}\"},\"query-input\":\"required name=search_term_string\"}],\"inLanguage\":\"fr-FR\"},{\"@type\":\"ImageObject\",\"inLanguage\":\"fr-FR\",\"@id\":\"https:\/\/energy-cities.eu\/fr\/decouvrez-le-programme-du-forum-annuel-2025-denergy-cities-laissez-vous-inspirer-et-embarquer-par-le-pouvoir-des-connexions\/#primaryimage\",\"url\":\"https:\/\/energy-cities.eu\/wp-content\/uploads\/2025\/01\/53828819862_9e5610c09f_o-scaled.jpg\",\"contentUrl\":\"https:\/\/energy-cities.eu\/wp-content\/uploads\/2025\/01\/53828819862_9e5610c09f_o-scaled.jpg\",\"width\":2560,\"height\":1707},{\"@type\":\"WebPage\",\"@id\":\"https:\/\/energy-cities.eu\/fr\/decouvrez-le-programme-du-forum-annuel-2025-denergy-cities-laissez-vous-inspirer-et-embarquer-par-le-pouvoir-des-connexions\/#webpage\",\"url\":\"https:\/\/energy-cities.eu\/fr\/decouvrez-le-programme-du-forum-annuel-2025-denergy-cities-laissez-vous-inspirer-et-embarquer-par-le-pouvoir-des-connexions\/\",\"name\":\"D\u00e9couvrez le programme du Forum Annuel 2025 d'Energy Cities : laissez-vous inspirer et embarquer par le pouvoir des connexions - Energy Cities\",\"isPartOf\":{\"@id\":\"https:\/\/energy-cities.eu\/fr\/#website\"},\"primaryImageOfPage\":{\"@id\":\"https:\/\/energy-cities.eu\/fr\/decouvrez-le-programme-du-forum-annuel-2025-denergy-cities-laissez-vous-inspirer-et-embarquer-par-le-pouvoir-des-connexions\/#primaryimage\"},\"datePublished\":\"2025-01-21T12:54:07+00:00\",\"dateModified\":\"2025-01-28T12:29:05+00:00\",\"breadcrumb\":{\"@id\":\"https:\/\/energy-cities.eu\/fr\/decouvrez-le-programme-du-forum-annuel-2025-denergy-cities-laissez-vous-inspirer-et-embarquer-par-le-pouvoir-des-connexions\/#breadcrumb\"},\"inLanguage\":\"fr-FR\",\"potentialAction\":[{\"@type\":\"ReadAction\",\"target\":[\"https:\/\/energy-cities.eu\/fr\/decouvrez-le-programme-du-forum-annuel-2025-denergy-cities-laissez-vous-inspirer-et-embarquer-par-le-pouvoir-des-connexions\/\"]}]},{\"@type\":\"BreadcrumbList\",\"@id\":\"https:\/\/energy-cities.eu\/fr\/decouvrez-le-programme-du-forum-annuel-2025-denergy-cities-laissez-vous-inspirer-et-embarquer-par-le-pouvoir-des-connexions\/#breadcrumb\",\"itemListElement\":[{\"@type\":\"ListItem\",\"position\":1,\"name\":\"Home\",\"item\":\"https:\/\/energy-cities.eu\/fr\/nous-sommes-un-reseau-europeen-blabla\/\"},{\"@type\":\"ListItem\",\"position\":2,\"name\":\"D\u00e9couvrez le programme du Forum Annuel 2025 d'Energy Cities : laissez-vous inspirer et embarquer par le pouvoir des connexions\"}]},{\"@type\":\"Article\",\"@id\":\"https:\/\/energy-cities.eu\/fr\/decouvrez-le-programme-du-forum-annuel-2025-denergy-cities-laissez-vous-inspirer-et-embarquer-par-le-pouvoir-des-connexions\/#article\",\"isPartOf\":{\"@id\":\"https:\/\/energy-cities.eu\/fr\/decouvrez-le-programme-du-forum-annuel-2025-denergy-cities-laissez-vous-inspirer-et-embarquer-par-le-pouvoir-des-connexions\/#webpage\"},\"author\":{\"@id\":\"https:\/\/energy-cities.eu\/fr\/#\/schema\/person\/0a320b15f27c8229a9f60619272047e6\"},\"headline\":\"D\u00e9couvrez le programme du Forum Annuel 2025 d&rsquo;Energy Cities : laissez-vous inspirer et embarquer par le pouvoir des connexions\",\"datePublished\":\"2025-01-21T12:54:07+00:00\",\"dateModified\":\"2025-01-28T12:29:05+00:00\",\"mainEntityOfPage\":{\"@id\":\"https:\/\/energy-cities.eu\/fr\/decouvrez-le-programme-du-forum-annuel-2025-denergy-cities-laissez-vous-inspirer-et-embarquer-par-le-pouvoir-des-connexions\/#webpage\"},\"wordCount\":572,\"commentCount\":0,\"publisher\":{\"@id\":\"https:\/\/energy-cities.eu\/fr\/#organization\"},\"image\":{\"@id\":\"https:\/\/energy-cities.eu\/fr\/decouvrez-le-programme-du-forum-annuel-2025-denergy-cities-laissez-vous-inspirer-et-embarquer-par-le-pouvoir-des-connexions\/#primaryimage\"},\"thumbnailUrl\":\"https:\/\/energy-cities.eu\/wp-content\/uploads\/2025\/01\/53828819862_9e5610c09f_o-scaled.jpg\",\"keywords\":[\"Besancon-2025-fr\"],\"articleSection\":[\"Actualit\u00e9s\"],\"inLanguage\":\"fr-FR\",\"potentialAction\":[{\"@type\":\"CommentAction\",\"name\":\"Comment\",\"target\":[\"https:\/\/energy-cities.eu\/fr\/decouvrez-le-programme-du-forum-annuel-2025-denergy-cities-laissez-vous-inspirer-et-embarquer-par-le-pouvoir-des-connexions\/#respond\"]}]},{\"@type\":\"Person\",\"@id\":\"https:\/\/energy-cities.eu\/fr\/#\/schema\/person\/0a320b15f27c8229a9f60619272047e6\",\"name\":\"Alicia Funes Moro\",\"image\":{\"@type\":\"ImageObject\",\"inLanguage\":\"fr-FR\",\"@id\":\"https:\/\/energy-cities.eu\/fr\/#\/schema\/person\/image\/\",\"url\":\"https:\/\/secure.gravatar.com\/avatar\/715f3a7e0fbe87fe4400cb7770e8bfce?s=96&d=mm&r=g\",\"contentUrl\":\"https:\/\/secure.gravatar.com\/avatar\/715f3a7e0fbe87fe4400cb7770e8bfce?s=96&d=mm&r=g\",\"caption\":\"Alicia Funes Moro\"},\"sameAs\":[\"https:\/\/twitter.com\/a.funes\"],\"url\":\"https:\/\/energy-cities.eu\/fr\/staff\/a-funes\/\"}]}<\/script>\n<!-- \/ Yoast SEO plugin. -->","yoast_head_json":{"title":"D\u00e9couvrez le programme du Forum Annuel 2025 d'Energy Cities : laissez-vous inspirer et embarquer par le pouvoir des connexions - Energy Cities","robots":{"index":"index","follow":"follow","max-snippet":"max-snippet:-1","max-image-preview":"max-image-preview:large","max-video-preview":"max-video-preview:-1"},"canonical":"https:\/\/energy-cities.eu\/fr\/decouvrez-le-programme-du-forum-annuel-2025-denergy-cities-laissez-vous-inspirer-et-embarquer-par-le-pouvoir-des-connexions\/","og_locale":"fr_FR","og_type":"article","og_title":"D\u00e9couvrez le programme du Forum Annuel 2025 d'Energy Cities : laissez-vous inspirer et embarquer par le pouvoir des connexions - Energy Cities","og_description":"Notre forum annuel 2025 approche \u00e0 grands pas et le programme a enfin \u00e9t\u00e9 pr\u00e9sent\u00e9. En offrant de nombreuses occasions de networking et de partage [\u2026]","og_url":"https:\/\/energy-cities.eu\/fr\/decouvrez-le-programme-du-forum-annuel-2025-denergy-cities-laissez-vous-inspirer-et-embarquer-par-le-pouvoir-des-connexions\/","og_site_name":"Energy Cities","article_publisher":"https:\/\/www.facebook.com\/energycities.eu\/","article_published_time":"2025-01-21T12:54:07+00:00","article_modified_time":"2025-01-28T12:29:05+00:00","og_image":[{"width":2560,"height":1707,"url":"https:\/\/energy-cities.eu\/wp-content\/uploads\/2025\/01\/53828819862_9e5610c09f_o-scaled.jpg","type":"image\/jpeg"}],"twitter_card":"summary_large_image","twitter_creator":"@a.funes","twitter_site":"@energycities","twitter_misc":{"\u00c9crit par":"Alicia Funes Moro","Dur\u00e9e de lecture estim\u00e9e":"3 minutes"},"schema":{"@context":"https:\/\/schema.org","@graph":[{"@type":"Organization","@id":"https:\/\/energy-cities.eu\/fr\/#organization","name":"Energy Cities","url":"https:\/\/energy-cities.eu\/fr\/","sameAs":["https:\/\/www.facebook.com\/energycities.eu\/","https:\/\/www.youtube.com\/channel\/UChIHn2wF76JzuTbAjSMs0hQ","https:\/\/fr.wikipedia.org\/wiki\/Energy_Cities","https:\/\/twitter.com\/energycities"],"logo":{"@type":"ImageObject","inLanguage":"fr-FR","@id":"https:\/\/energy-cities.eu\/fr\/#\/schema\/logo\/image\/","url":"https:\/\/energy-cities.eu\/wp-content\/uploads\/2019\/07\/energy-cities-couleur.jpg","contentUrl":"https:\/\/energy-cities.eu\/wp-content\/uploads\/2019\/07\/energy-cities-couleur.jpg","width":3508,"height":2587,"caption":"Energy Cities"},"image":{"@id":"https:\/\/energy-cities.eu\/fr\/#\/schema\/logo\/image\/"}},{"@type":"WebSite","@id":"https:\/\/energy-cities.eu\/fr\/#website","url":"https:\/\/energy-cities.eu\/fr\/","name":"Energy Cities","description":" The European learning community for future-proof cities","publisher":{"@id":"https:\/\/energy-cities.eu\/fr\/#organization"},"potentialAction":[{"@type":"SearchAction","target":{"@type":"EntryPoint","urlTemplate":"https:\/\/energy-cities.eu\/fr\/?s={search_term_string}"},"query-input":"required name=search_term_string"}],"inLanguage":"fr-FR"},{"@type":"ImageObject","inLanguage":"fr-FR","@id":"https:\/\/energy-cities.eu\/fr\/decouvrez-le-programme-du-forum-annuel-2025-denergy-cities-laissez-vous-inspirer-et-embarquer-par-le-pouvoir-des-connexions\/#primaryimage","url":"https:\/\/energy-cities.eu\/wp-content\/uploads\/2025\/01\/53828819862_9e5610c09f_o-scaled.jpg","contentUrl":"https:\/\/energy-cities.eu\/wp-content\/uploads\/2025\/01\/53828819862_9e5610c09f_o-scaled.jpg","width":2560,"height":1707},{"@type":"WebPage","@id":"https:\/\/energy-cities.eu\/fr\/decouvrez-le-programme-du-forum-annuel-2025-denergy-cities-laissez-vous-inspirer-et-embarquer-par-le-pouvoir-des-connexions\/#webpage","url":"https:\/\/energy-cities.eu\/fr\/decouvrez-le-programme-du-forum-annuel-2025-denergy-cities-laissez-vous-inspirer-et-embarquer-par-le-pouvoir-des-connexions\/","name":"D\u00e9couvrez le programme du Forum Annuel 2025 d'Energy Cities : laissez-vous inspirer et embarquer par le pouvoir des connexions - Energy Cities","isPartOf":{"@id":"https:\/\/energy-cities.eu\/fr\/#website"},"primaryImageOfPage":{"@id":"https:\/\/energy-cities.eu\/fr\/decouvrez-le-programme-du-forum-annuel-2025-denergy-cities-laissez-vous-inspirer-et-embarquer-par-le-pouvoir-des-connexions\/#primaryimage"},"datePublished":"2025-01-21T12:54:07+00:00","dateModified":"2025-01-28T12:29:05+00:00","breadcrumb":{"@id":"https:\/\/energy-cities.eu\/fr\/decouvrez-le-programme-du-forum-annuel-2025-denergy-cities-laissez-vous-inspirer-et-embarquer-par-le-pouvoir-des-connexions\/#breadcrumb"},"inLanguage":"fr-FR","potentialAction":[{"@type":"ReadAction","target":["https:\/\/energy-cities.eu\/fr\/decouvrez-le-programme-du-forum-annuel-2025-denergy-cities-laissez-vous-inspirer-et-embarquer-par-le-pouvoir-des-connexions\/"]}]},{"@type":"BreadcrumbList","@id":"https:\/\/energy-cities.eu\/fr\/decouvrez-le-programme-du-forum-annuel-2025-denergy-cities-laissez-vous-inspirer-et-embarquer-par-le-pouvoir-des-connexions\/#breadcrumb","itemListElement":[{"@type":"ListItem","position":1,"name":"Home","item":"https:\/\/energy-cities.eu\/fr\/nous-sommes-un-reseau-europeen-blabla\/"},{"@type":"ListItem","position":2,"name":"D\u00e9couvrez le programme du Forum Annuel 2025 d'Energy Cities : laissez-vous inspirer et embarquer par le pouvoir des connexions"}]},{"@type":"Article","@id":"https:\/\/energy-cities.eu\/fr\/decouvrez-le-programme-du-forum-annuel-2025-denergy-cities-laissez-vous-inspirer-et-embarquer-par-le-pouvoir-des-connexions\/#article","isPartOf":{"@id":"https:\/\/energy-cities.eu\/fr\/decouvrez-le-programme-du-forum-annuel-2025-denergy-cities-laissez-vous-inspirer-et-embarquer-par-le-pouvoir-des-connexions\/#webpage"},"author":{"@id":"https:\/\/energy-cities.eu\/fr\/#\/schema\/person\/0a320b15f27c8229a9f60619272047e6"},"headline":"D\u00e9couvrez le programme du Forum Annuel 2025 d&rsquo;Energy Cities : laissez-vous inspirer et embarquer par le pouvoir des connexions","datePublished":"2025-01-21T12:54:07+00:00","dateModified":"2025-01-28T12:29:05+00:00","mainEntityOfPage":{"@id":"https:\/\/energy-cities.eu\/fr\/decouvrez-le-programme-du-forum-annuel-2025-denergy-cities-laissez-vous-inspirer-et-embarquer-par-le-pouvoir-des-connexions\/#webpage"},"wordCount":572,"commentCount":0,"publisher":{"@id":"https:\/\/energy-cities.eu\/fr\/#organization"},"image":{"@id":"https:\/\/energy-cities.eu\/fr\/decouvrez-le-programme-du-forum-annuel-2025-denergy-cities-laissez-vous-inspirer-et-embarquer-par-le-pouvoir-des-connexions\/#primaryimage"},"thumbnailUrl":"https:\/\/energy-cities.eu\/wp-content\/uploads\/2025\/01\/53828819862_9e5610c09f_o-scaled.jpg","keywords":["Besancon-2025-fr"],"articleSection":["Actualit\u00e9s"],"inLanguage":"fr-FR","potentialAction":[{"@type":"CommentAction","name":"Comment","target":["https:\/\/energy-cities.eu\/fr\/decouvrez-le-programme-du-forum-annuel-2025-denergy-cities-laissez-vous-inspirer-et-embarquer-par-le-pouvoir-des-connexions\/#respond"]}]},{"@type":"Person","@id":"https:\/\/energy-cities.eu\/fr\/#\/schema\/person\/0a320b15f27c8229a9f60619272047e6","name":"Alicia Funes Moro","image":{"@type":"ImageObject","inLanguage":"fr-FR","@id":"https:\/\/energy-cities.eu\/fr\/#\/schema\/person\/image\/","url":"https:\/\/secure.gravatar.com\/avatar\/715f3a7e0fbe87fe4400cb7770e8bfce?s=96&d=mm&r=g","contentUrl":"https:\/\/secure.gravatar.com\/avatar\/715f3a7e0fbe87fe4400cb7770e8bfce?s=96&d=mm&r=g","caption":"Alicia Funes Moro"},"sameAs":["https:\/\/twitter.com\/a.funes"],"url":"https:\/\/energy-cities.eu\/fr\/staff\/a-funes\/"}]}},"coauthors":[],"tax_additional":{"categories":{"linked":["<a href=\"https:\/\/energy-cities.eu\/fr\/category\/actualites\/\" class=\"advgb-post-tax-term\">Actualit\u00e9s<\/a>"],"unlinked":["<span class=\"advgb-post-tax-term\">Actualit\u00e9s<\/span>"]},"tags":{"linked":["<a href=\"https:\/\/energy-cities.eu\/fr\/category\/actualites\/\" class=\"advgb-post-tax-term\">Besancon-2025-fr<\/a>"],"unlinked":["<span class=\"advgb-post-tax-term\">Besancon-2025-fr<\/span>"]}},"comment_count":"0","relative_dates":{"created":"Publi\u00e9 1 an il y a","modified":"Mis \u00e0 jour 1 an il y a"},"absolute_dates":{"created":"Publi\u00e9 le 21 janvier 2025","modified":"Mise \u00e0 jour le 28 janvier 2025"},"absolute_dates_time":{"created":"Publi\u00e9 le 21 janvier 2025 1:54  ","modified":"Mise \u00e0 jour le 28 janvier 2025 1:29  "},"featured_img_caption":"","_links":{"self":[{"href":"https:\/\/energy-cities.eu\/fr\/wp-json\/wp\/v2\/posts\/83769"}],"collection":[{"href":"https:\/\/energy-cities.eu\/fr\/wp-json\/wp\/v2\/posts"}],"about":[{"href":"https:\/\/energy-cities.eu\/fr\/wp-json\/wp\/v2\/types\/post"}],"author":[{"embeddable":true,"href":"https:\/\/energy-cities.eu\/fr\/wp-json\/wp\/v2\/users\/88"}],"replies":[{"embeddable":true,"href":"https:\/\/energy-cities.eu\/fr\/wp-json\/wp\/v2\/comments?post=83769"}],"version-history":[{"count":8,"href":"https:\/\/energy-cities.eu\/fr\/wp-json\/wp\/v2\/posts\/83769\/revisions"}],"predecessor-version":[{"id":84239,"href":"https:\/\/energy-cities.eu\/fr\/wp-json\/wp\/v2\/posts\/83769\/revisions\/84239"}],"wp:featuredmedia":[{"embeddable":true,"href":"https:\/\/energy-cities.eu\/fr\/wp-json\/wp\/v2\/media\/83757"}],"wp:attachment":[{"href":"https:\/\/energy-cities.eu\/fr\/wp-json\/wp\/v2\/media?parent=83769"}],"wp:term":[{"taxonomy":"category","embeddable":true,"href":"https:\/\/energy-cities.eu\/fr\/wp-json\/wp\/v2\/categories?post=83769"},{"taxonomy":"post_tag","embeddable":true,"href":"https:\/\/energy-cities.eu\/fr\/wp-json\/wp\/v2\/tags?post=83769"},{"taxonomy":"hub","embeddable":true,"href":"https:\/\/energy-cities.eu\/fr\/wp-json\/wp\/v2\/hub?post=83769"},{"taxonomy":"topic","embeddable":true,"href":"https:\/\/energy-cities.eu\/fr\/wp-json\/wp\/v2\/topic?post=83769"},{"taxonomy":"legislative_initiative","embeddable":true,"href":"https:\/\/energy-cities.eu\/fr\/wp-json\/wp\/v2\/legislative_initiative?post=83769"},{"taxonomy":"document_type","embeddable":true,"href":"https:\/\/energy-cities.eu\/fr\/wp-json\/wp\/v2\/document_type?post=83769"}],"curies":[{"name":"wp","href":"https:\/\/api.w.org\/{rel}","templated":true}]}}