{"id":84118,"date":"2025-01-24T12:39:44","date_gmt":"2025-01-24T11:39:44","guid":{"rendered":"https:\/\/energy-cities.eu\/?p=84118"},"modified":"2025-01-24T12:39:45","modified_gmt":"2025-01-24T11:39:45","slug":"montpellier-montre-la-voie-vers-des-systemes-alimentaires-durables","status":"publish","type":"post","link":"https:\/\/energy-cities.eu\/fr\/montpellier-montre-la-voie-vers-des-systemes-alimentaires-durables\/","title":{"rendered":"Montpellier montre la voie vers des syst\u00e8mes alimentaires durables"},"content":{"rendered":"\n<p><strong>De plus en plus de villes montrent l\u2019exemple en mati\u00e8re de transformation des syst\u00e8mes alimentaires durables. Elles reconnaissent que l\u2019alimentation n\u2019est pas uniquement une pr\u00e9occupation nationale ou supranationale, mais qu\u2019elle constitue \u00e9galement une probl\u00e9matique profond\u00e9ment interconnect\u00e9e entre les zones urbaines et rurales \u00e0 l\u2019\u00e9chelle r\u00e9gionale.<\/strong> En adoptant une approche syst\u00e9mique, d\u00e9passant le simple clivage production-consommation, les villes r\u00e9tablissent les liens entre les espaces urbains et leurs territoires p\u00e9riurbains environnants.<\/p>\n\n\n\n<h2><strong>Soutenir les agriculteurs et agricultrices \u00e9mergentes \u00e0 Montpellier<\/strong><\/h2>\n\n\n\n<p>Les villes fran\u00e7aises ont pris conscience de la dimension territoriale de l\u2019alimentation. L\u2019\u00e9l\u00e9ment d\u00e9clencheur a \u00e9t\u00e9 la <strong>D\u00e9claration des Assises Territoriales de la Transition Agro\u00e9cologique et de l\u2019Alimentation Durable<\/strong>, adopt\u00e9e en d\u00e9cembre 2024 \u00e0 <a href=\"https:\/\/energy-cities.eu\/fr\/membre\/ville-de-montpellier\/\" target=\"_blank\" rel=\"noreferrer noopener\">Montpellier<\/a>, une des villes membres d\u2019Energy Cities. Cette d\u00e9claration a \u00e9t\u00e9 lanc\u00e9e lors de la 3\u1d49 \u00e9dition des Assises Territoriales de la Transition Agro\u00e9cologique et de l\u2019Alimentation Durable, co-organis\u00e9es par l\u2019ADEME, Montpellier M\u00e9diterran\u00e9e M\u00e9tropole, la Ville de Montpellier, Terres en Villes, France urbaine et Nantes M\u00e9tropole, entre autres.<\/p>\n\n\n\n<p>La d\u00e9claration met en avant les d\u00e9fis \u00e9conomiques auxquels sont confront\u00e9s les agriculteurs et agricultrices, comme la hausse des co\u00fbts et la volatilit\u00e9 des march\u00e9s, qui freinent l\u2019adoption de pratiques durables. Elle aborde \u00e9galement les enjeux sociaux, notamment <strong>l\u2019ins\u00e9curit\u00e9 alimentaire et les in\u00e9galit\u00e9s en mati\u00e8re de sant\u00e9<\/strong> au sein des diff\u00e9rents groupes de citoyen\u00b7nes. Par ailleurs, elle plaide pour un <strong>renforcement de la Politique Agricole Commune (PAC)<\/strong> afin de soutenir les pratiques agro\u00e9cologiques et le d\u00e9veloppement de strat\u00e9gies alimentaires r\u00e9gionales.<\/p>\n\n\n\n<p>Un exemple concret de ces principes se refl\u00e8te dans l\u2019urbanisme de Montpellier et son <strong>soutien aux agriculteurs et agricultrices \u00e9mergentes<\/strong>. La ville a mis en \u0153uvre des politiques facilitant l\u2019acc\u00e8s aux terres agricoles p\u00e9riurbaines, offrant ainsi des opportunit\u00e9s aux nouveaux agriculteur\u00b7rices d\u2019exp\u00e9rimenter et \u00e9tablir des mod\u00e8les d\u2019agri-business durables. Ces initiatives s\u2019inscrivent pleinement dans les objectifs g\u00e9n\u00e9raux de la d\u00e9claration, visant \u00e0 construire des syst\u00e8mes alimentaires r\u00e9silients et \u00e9quitables.<\/p>\n\n\n\n<p>Pour en savoir plus, consultez la d\u00e9claration compl\u00e8te <a href=\"https:\/\/assises-agroecologie-alimentation.fr\/la-declaration\/\" target=\"_blank\" rel=\"noreferrer noopener\">ici<\/a> !<\/p>\n\n\n\n<p>Int\u00e9ress\u00e9(e) par les syst\u00e8mes alimentaires ? D\u00e9couvrez-en plus <a href=\"https:\/\/energy-cities.eu\/fr\/hub\/alimentation-durable\/\" target=\"_blank\" rel=\"noreferrer noopener\">ici<\/a> !<\/p>\n","protected":false},"excerpt":{"rendered":"<p>De plus en plus de villes montrent l\u2019exemple en mati\u00e8re de transformation des syst\u00e8mes alimentaires durables. Elles reconnaissent que l\u2019alimentation n\u2019est pas uniquement une pr\u00e9occupation <a href=\"https:\/\/energy-cities.eu\/fr\/montpellier-montre-la-voie-vers-des-systemes-alimentaires-durables\/\">[\u2026]<\/a><\/p>\n","protected":false},"author":74,"featured_media":83878,"comment_status":"open","ping_status":"open","sticky":false,"template":"","format":"standard","meta":{"advgb_blocks_editor_width":"","advgb_blocks_columns_visual_guide":"","ub_ctt_via":""},"categories":[4],"tags":[527],"hub":[307],"topic":[319,357],"legislative_initiative":[],"document_type":[],"acf":[],"author_meta":{"display_name":"Simona Aronica","author_link":"https:\/\/energy-cities.eu\/fr\/staff\/s-aronica\/"},"featured_img":"https:\/\/energy-cities.eu\/wp-content\/uploads\/2025\/01\/ahmed-m30nBjEwTWg-unsplash-350x233.jpg","featured_image_src":"https:\/\/energy-cities.eu\/wp-content\/uploads\/2025\/01\/ahmed-m30nBjEwTWg-unsplash-scaled.jpg","author_info":{"display_name":"Simona Aronica","author_link":"https:\/\/energy-cities.eu\/fr\/staff\/s-aronica\/"},"yoast_head":"<!-- This site is optimized with the Yoast SEO plugin v18.8 - https:\/\/yoast.com\/wordpress\/plugins\/seo\/ -->\n<title>Montpellier montre la voie vers des syst\u00e8mes alimentaires durables - Energy Cities<\/title>\n<meta name=\"robots\" content=\"index, follow, max-snippet:-1, max-image-preview:large, max-video-preview:-1\" \/>\n<link rel=\"canonical\" href=\"https:\/\/energy-cities.eu\/fr\/montpellier-montre-la-voie-vers-des-systemes-alimentaires-durables\/\" \/>\n<meta property=\"og:locale\" content=\"fr_FR\" \/>\n<meta property=\"og:type\" content=\"article\" \/>\n<meta property=\"og:title\" content=\"Montpellier montre la voie vers des syst\u00e8mes alimentaires durables - Energy Cities\" \/>\n<meta property=\"og:description\" content=\"De plus en plus de villes montrent l\u2019exemple en mati\u00e8re de transformation des syst\u00e8mes alimentaires durables. Elles reconnaissent que l\u2019alimentation n\u2019est pas uniquement une pr\u00e9occupation [\u2026]\" \/>\n<meta property=\"og:url\" content=\"https:\/\/energy-cities.eu\/fr\/montpellier-montre-la-voie-vers-des-systemes-alimentaires-durables\/\" \/>\n<meta property=\"og:site_name\" content=\"Energy Cities\" \/>\n<meta property=\"article:publisher\" content=\"https:\/\/www.facebook.com\/energycities.eu\/\" \/>\n<meta property=\"article:published_time\" content=\"2025-01-24T11:39:44+00:00\" \/>\n<meta property=\"article:modified_time\" content=\"2025-01-24T11:39:45+00:00\" \/>\n<meta property=\"og:image\" content=\"https:\/\/energy-cities.eu\/wp-content\/uploads\/2025\/01\/ahmed-m30nBjEwTWg-unsplash-scaled.jpg\" \/>\n\t<meta property=\"og:image:width\" content=\"2560\" \/>\n\t<meta property=\"og:image:height\" content=\"1707\" \/>\n\t<meta property=\"og:image:type\" content=\"image\/jpeg\" \/>\n<meta name=\"twitter:card\" content=\"summary_large_image\" \/>\n<meta name=\"twitter:creator\" content=\"@b.karas\" \/>\n<meta name=\"twitter:site\" content=\"@energycities\" \/>\n<meta name=\"twitter:label1\" content=\"\u00c9crit par\" \/>\n\t<meta name=\"twitter:data1\" content=\"Simona Aronica\" \/>\n\t<meta name=\"twitter:label2\" content=\"Dur\u00e9e de lecture estim\u00e9e\" \/>\n\t<meta name=\"twitter:data2\" content=\"2 minutes\" \/>\n<script type=\"application\/ld+json\" class=\"yoast-schema-graph\">{\"@context\":\"https:\/\/schema.org\",\"@graph\":[{\"@type\":\"Organization\",\"@id\":\"https:\/\/energy-cities.eu\/fr\/#organization\",\"name\":\"Energy Cities\",\"url\":\"https:\/\/energy-cities.eu\/fr\/\",\"sameAs\":[\"https:\/\/www.facebook.com\/energycities.eu\/\",\"https:\/\/www.youtube.com\/channel\/UChIHn2wF76JzuTbAjSMs0hQ\",\"https:\/\/fr.wikipedia.org\/wiki\/Energy_Cities\",\"https:\/\/twitter.com\/energycities\"],\"logo\":{\"@type\":\"ImageObject\",\"inLanguage\":\"fr-FR\",\"@id\":\"https:\/\/energy-cities.eu\/fr\/#\/schema\/logo\/image\/\",\"url\":\"https:\/\/energy-cities.eu\/wp-content\/uploads\/2019\/07\/energy-cities-couleur.jpg\",\"contentUrl\":\"https:\/\/energy-cities.eu\/wp-content\/uploads\/2019\/07\/energy-cities-couleur.jpg\",\"width\":3508,\"height\":2587,\"caption\":\"Energy Cities\"},\"image\":{\"@id\":\"https:\/\/energy-cities.eu\/fr\/#\/schema\/logo\/image\/\"}},{\"@type\":\"WebSite\",\"@id\":\"https:\/\/energy-cities.eu\/fr\/#website\",\"url\":\"https:\/\/energy-cities.eu\/fr\/\",\"name\":\"Energy Cities\",\"description\":\" The European learning community for future-proof cities\",\"publisher\":{\"@id\":\"https:\/\/energy-cities.eu\/fr\/#organization\"},\"potentialAction\":[{\"@type\":\"SearchAction\",\"target\":{\"@type\":\"EntryPoint\",\"urlTemplate\":\"https:\/\/energy-cities.eu\/fr\/?s={search_term_string}\"},\"query-input\":\"required name=search_term_string\"}],\"inLanguage\":\"fr-FR\"},{\"@type\":\"ImageObject\",\"inLanguage\":\"fr-FR\",\"@id\":\"https:\/\/energy-cities.eu\/fr\/montpellier-montre-la-voie-vers-des-systemes-alimentaires-durables\/#primaryimage\",\"url\":\"https:\/\/energy-cities.eu\/wp-content\/uploads\/2025\/01\/ahmed-m30nBjEwTWg-unsplash-scaled.jpg\",\"contentUrl\":\"https:\/\/energy-cities.eu\/wp-content\/uploads\/2025\/01\/ahmed-m30nBjEwTWg-unsplash-scaled.jpg\",\"width\":2560,\"height\":1707,\"caption\":\"The Montpellier way towards sustainable food systemsahmed-m30nBjEwTWg-unsplash\"},{\"@type\":\"WebPage\",\"@id\":\"https:\/\/energy-cities.eu\/fr\/montpellier-montre-la-voie-vers-des-systemes-alimentaires-durables\/#webpage\",\"url\":\"https:\/\/energy-cities.eu\/fr\/montpellier-montre-la-voie-vers-des-systemes-alimentaires-durables\/\",\"name\":\"Montpellier montre la voie vers des syst\u00e8mes alimentaires durables - Energy Cities\",\"isPartOf\":{\"@id\":\"https:\/\/energy-cities.eu\/fr\/#website\"},\"primaryImageOfPage\":{\"@id\":\"https:\/\/energy-cities.eu\/fr\/montpellier-montre-la-voie-vers-des-systemes-alimentaires-durables\/#primaryimage\"},\"datePublished\":\"2025-01-24T11:39:44+00:00\",\"dateModified\":\"2025-01-24T11:39:45+00:00\",\"breadcrumb\":{\"@id\":\"https:\/\/energy-cities.eu\/fr\/montpellier-montre-la-voie-vers-des-systemes-alimentaires-durables\/#breadcrumb\"},\"inLanguage\":\"fr-FR\",\"potentialAction\":[{\"@type\":\"ReadAction\",\"target\":[\"https:\/\/energy-cities.eu\/fr\/montpellier-montre-la-voie-vers-des-systemes-alimentaires-durables\/\"]}]},{\"@type\":\"BreadcrumbList\",\"@id\":\"https:\/\/energy-cities.eu\/fr\/montpellier-montre-la-voie-vers-des-systemes-alimentaires-durables\/#breadcrumb\",\"itemListElement\":[{\"@type\":\"ListItem\",\"position\":1,\"name\":\"Home\",\"item\":\"https:\/\/energy-cities.eu\/fr\/nous-sommes-un-reseau-europeen-blabla\/\"},{\"@type\":\"ListItem\",\"position\":2,\"name\":\"Montpellier montre la voie vers des syst\u00e8mes alimentaires durables\"}]},{\"@type\":\"Article\",\"@id\":\"https:\/\/energy-cities.eu\/fr\/montpellier-montre-la-voie-vers-des-systemes-alimentaires-durables\/#article\",\"isPartOf\":{\"@id\":\"https:\/\/energy-cities.eu\/fr\/montpellier-montre-la-voie-vers-des-systemes-alimentaires-durables\/#webpage\"},\"author\":{\"@id\":\"https:\/\/energy-cities.eu\/fr\/#\/schema\/person\/a2cdbfaa44d8652c2ea61c7a922ff4a5\"},\"headline\":\"Montpellier montre la voie vers des syst\u00e8mes alimentaires durables\",\"datePublished\":\"2025-01-24T11:39:44+00:00\",\"dateModified\":\"2025-01-24T11:39:45+00:00\",\"mainEntityOfPage\":{\"@id\":\"https:\/\/energy-cities.eu\/fr\/montpellier-montre-la-voie-vers-des-systemes-alimentaires-durables\/#webpage\"},\"wordCount\":405,\"commentCount\":0,\"publisher\":{\"@id\":\"https:\/\/energy-cities.eu\/fr\/#organization\"},\"image\":{\"@id\":\"https:\/\/energy-cities.eu\/fr\/montpellier-montre-la-voie-vers-des-systemes-alimentaires-durables\/#primaryimage\"},\"thumbnailUrl\":\"https:\/\/energy-cities.eu\/wp-content\/uploads\/2025\/01\/ahmed-m30nBjEwTWg-unsplash-scaled.jpg\",\"keywords\":[\"food systems\"],\"articleSection\":[\"Actualit\u00e9s\"],\"inLanguage\":\"fr-FR\",\"potentialAction\":[{\"@type\":\"CommentAction\",\"name\":\"Comment\",\"target\":[\"https:\/\/energy-cities.eu\/fr\/montpellier-montre-la-voie-vers-des-systemes-alimentaires-durables\/#respond\"]}]},{\"@type\":\"Person\",\"@id\":\"https:\/\/energy-cities.eu\/fr\/#\/schema\/person\/a2cdbfaa44d8652c2ea61c7a922ff4a5\",\"name\":\"Simona Aronica\",\"image\":{\"@type\":\"ImageObject\",\"inLanguage\":\"fr-FR\",\"@id\":\"https:\/\/energy-cities.eu\/fr\/#\/schema\/person\/image\/\",\"url\":\"https:\/\/secure.gravatar.com\/avatar\/221540803526cea8c8f9fbdf69b7fab8?s=96&d=mm&r=g\",\"contentUrl\":\"https:\/\/secure.gravatar.com\/avatar\/221540803526cea8c8f9fbdf69b7fab8?s=96&d=mm&r=g\",\"caption\":\"Simona Aronica\"},\"sameAs\":[\"https:\/\/www.linkedin.com\/in\/simona-aronica-709243a0\/\",\"https:\/\/twitter.com\/b.karas\"],\"url\":\"https:\/\/energy-cities.eu\/fr\/staff\/s-aronica\/\"}]}<\/script>\n<!-- \/ Yoast SEO plugin. -->","yoast_head_json":{"title":"Montpellier montre la voie vers des syst\u00e8mes alimentaires durables - Energy Cities","robots":{"index":"index","follow":"follow","max-snippet":"max-snippet:-1","max-image-preview":"max-image-preview:large","max-video-preview":"max-video-preview:-1"},"canonical":"https:\/\/energy-cities.eu\/fr\/montpellier-montre-la-voie-vers-des-systemes-alimentaires-durables\/","og_locale":"fr_FR","og_type":"article","og_title":"Montpellier montre la voie vers des syst\u00e8mes alimentaires durables - Energy Cities","og_description":"De plus en plus de villes montrent l\u2019exemple en mati\u00e8re de transformation des syst\u00e8mes alimentaires durables. Elles reconnaissent que l\u2019alimentation n\u2019est pas uniquement une pr\u00e9occupation [\u2026]","og_url":"https:\/\/energy-cities.eu\/fr\/montpellier-montre-la-voie-vers-des-systemes-alimentaires-durables\/","og_site_name":"Energy Cities","article_publisher":"https:\/\/www.facebook.com\/energycities.eu\/","article_published_time":"2025-01-24T11:39:44+00:00","article_modified_time":"2025-01-24T11:39:45+00:00","og_image":[{"width":2560,"height":1707,"url":"https:\/\/energy-cities.eu\/wp-content\/uploads\/2025\/01\/ahmed-m30nBjEwTWg-unsplash-scaled.jpg","type":"image\/jpeg"}],"twitter_card":"summary_large_image","twitter_creator":"@b.karas","twitter_site":"@energycities","twitter_misc":{"\u00c9crit par":"Simona Aronica","Dur\u00e9e de lecture estim\u00e9e":"2 minutes"},"schema":{"@context":"https:\/\/schema.org","@graph":[{"@type":"Organization","@id":"https:\/\/energy-cities.eu\/fr\/#organization","name":"Energy Cities","url":"https:\/\/energy-cities.eu\/fr\/","sameAs":["https:\/\/www.facebook.com\/energycities.eu\/","https:\/\/www.youtube.com\/channel\/UChIHn2wF76JzuTbAjSMs0hQ","https:\/\/fr.wikipedia.org\/wiki\/Energy_Cities","https:\/\/twitter.com\/energycities"],"logo":{"@type":"ImageObject","inLanguage":"fr-FR","@id":"https:\/\/energy-cities.eu\/fr\/#\/schema\/logo\/image\/","url":"https:\/\/energy-cities.eu\/wp-content\/uploads\/2019\/07\/energy-cities-couleur.jpg","contentUrl":"https:\/\/energy-cities.eu\/wp-content\/uploads\/2019\/07\/energy-cities-couleur.jpg","width":3508,"height":2587,"caption":"Energy Cities"},"image":{"@id":"https:\/\/energy-cities.eu\/fr\/#\/schema\/logo\/image\/"}},{"@type":"WebSite","@id":"https:\/\/energy-cities.eu\/fr\/#website","url":"https:\/\/energy-cities.eu\/fr\/","name":"Energy Cities","description":" The European learning community for future-proof cities","publisher":{"@id":"https:\/\/energy-cities.eu\/fr\/#organization"},"potentialAction":[{"@type":"SearchAction","target":{"@type":"EntryPoint","urlTemplate":"https:\/\/energy-cities.eu\/fr\/?s={search_term_string}"},"query-input":"required name=search_term_string"}],"inLanguage":"fr-FR"},{"@type":"ImageObject","inLanguage":"fr-FR","@id":"https:\/\/energy-cities.eu\/fr\/montpellier-montre-la-voie-vers-des-systemes-alimentaires-durables\/#primaryimage","url":"https:\/\/energy-cities.eu\/wp-content\/uploads\/2025\/01\/ahmed-m30nBjEwTWg-unsplash-scaled.jpg","contentUrl":"https:\/\/energy-cities.eu\/wp-content\/uploads\/2025\/01\/ahmed-m30nBjEwTWg-unsplash-scaled.jpg","width":2560,"height":1707,"caption":"The Montpellier way towards sustainable food systemsahmed-m30nBjEwTWg-unsplash"},{"@type":"WebPage","@id":"https:\/\/energy-cities.eu\/fr\/montpellier-montre-la-voie-vers-des-systemes-alimentaires-durables\/#webpage","url":"https:\/\/energy-cities.eu\/fr\/montpellier-montre-la-voie-vers-des-systemes-alimentaires-durables\/","name":"Montpellier montre la voie vers des syst\u00e8mes alimentaires durables - Energy Cities","isPartOf":{"@id":"https:\/\/energy-cities.eu\/fr\/#website"},"primaryImageOfPage":{"@id":"https:\/\/energy-cities.eu\/fr\/montpellier-montre-la-voie-vers-des-systemes-alimentaires-durables\/#primaryimage"},"datePublished":"2025-01-24T11:39:44+00:00","dateModified":"2025-01-24T11:39:45+00:00","breadcrumb":{"@id":"https:\/\/energy-cities.eu\/fr\/montpellier-montre-la-voie-vers-des-systemes-alimentaires-durables\/#breadcrumb"},"inLanguage":"fr-FR","potentialAction":[{"@type":"ReadAction","target":["https:\/\/energy-cities.eu\/fr\/montpellier-montre-la-voie-vers-des-systemes-alimentaires-durables\/"]}]},{"@type":"BreadcrumbList","@id":"https:\/\/energy-cities.eu\/fr\/montpellier-montre-la-voie-vers-des-systemes-alimentaires-durables\/#breadcrumb","itemListElement":[{"@type":"ListItem","position":1,"name":"Home","item":"https:\/\/energy-cities.eu\/fr\/nous-sommes-un-reseau-europeen-blabla\/"},{"@type":"ListItem","position":2,"name":"Montpellier montre la voie vers des syst\u00e8mes alimentaires durables"}]},{"@type":"Article","@id":"https:\/\/energy-cities.eu\/fr\/montpellier-montre-la-voie-vers-des-systemes-alimentaires-durables\/#article","isPartOf":{"@id":"https:\/\/energy-cities.eu\/fr\/montpellier-montre-la-voie-vers-des-systemes-alimentaires-durables\/#webpage"},"author":{"@id":"https:\/\/energy-cities.eu\/fr\/#\/schema\/person\/a2cdbfaa44d8652c2ea61c7a922ff4a5"},"headline":"Montpellier montre la voie vers des syst\u00e8mes alimentaires durables","datePublished":"2025-01-24T11:39:44+00:00","dateModified":"2025-01-24T11:39:45+00:00","mainEntityOfPage":{"@id":"https:\/\/energy-cities.eu\/fr\/montpellier-montre-la-voie-vers-des-systemes-alimentaires-durables\/#webpage"},"wordCount":405,"commentCount":0,"publisher":{"@id":"https:\/\/energy-cities.eu\/fr\/#organization"},"image":{"@id":"https:\/\/energy-cities.eu\/fr\/montpellier-montre-la-voie-vers-des-systemes-alimentaires-durables\/#primaryimage"},"thumbnailUrl":"https:\/\/energy-cities.eu\/wp-content\/uploads\/2025\/01\/ahmed-m30nBjEwTWg-unsplash-scaled.jpg","keywords":["food systems"],"articleSection":["Actualit\u00e9s"],"inLanguage":"fr-FR","potentialAction":[{"@type":"CommentAction","name":"Comment","target":["https:\/\/energy-cities.eu\/fr\/montpellier-montre-la-voie-vers-des-systemes-alimentaires-durables\/#respond"]}]},{"@type":"Person","@id":"https:\/\/energy-cities.eu\/fr\/#\/schema\/person\/a2cdbfaa44d8652c2ea61c7a922ff4a5","name":"Simona Aronica","image":{"@type":"ImageObject","inLanguage":"fr-FR","@id":"https:\/\/energy-cities.eu\/fr\/#\/schema\/person\/image\/","url":"https:\/\/secure.gravatar.com\/avatar\/221540803526cea8c8f9fbdf69b7fab8?s=96&d=mm&r=g","contentUrl":"https:\/\/secure.gravatar.com\/avatar\/221540803526cea8c8f9fbdf69b7fab8?s=96&d=mm&r=g","caption":"Simona Aronica"},"sameAs":["https:\/\/www.linkedin.com\/in\/simona-aronica-709243a0\/","https:\/\/twitter.com\/b.karas"],"url":"https:\/\/energy-cities.eu\/fr\/staff\/s-aronica\/"}]}},"coauthors":[],"tax_additional":{"categories":{"linked":["<a href=\"https:\/\/energy-cities.eu\/fr\/category\/actualites\/\" class=\"advgb-post-tax-term\">Actualit\u00e9s<\/a>"],"unlinked":["<span class=\"advgb-post-tax-term\">Actualit\u00e9s<\/span>"]},"tags":{"linked":["<a href=\"https:\/\/energy-cities.eu\/fr\/category\/actualites\/\" class=\"advgb-post-tax-term\">food systems<\/a>"],"unlinked":["<span class=\"advgb-post-tax-term\">food systems<\/span>"]}},"comment_count":"0","relative_dates":{"created":"Publi\u00e9 1 an il y a","modified":"Mis \u00e0 jour 1 an il y a"},"absolute_dates":{"created":"Publi\u00e9 le 24 janvier 2025","modified":"Mise \u00e0 jour le 24 janvier 2025"},"absolute_dates_time":{"created":"Publi\u00e9 le 24 janvier 2025 12:39  ","modified":"Mise \u00e0 jour le 24 janvier 2025 12:39  "},"featured_img_caption":"","_links":{"self":[{"href":"https:\/\/energy-cities.eu\/fr\/wp-json\/wp\/v2\/posts\/84118"}],"collection":[{"href":"https:\/\/energy-cities.eu\/fr\/wp-json\/wp\/v2\/posts"}],"about":[{"href":"https:\/\/energy-cities.eu\/fr\/wp-json\/wp\/v2\/types\/post"}],"author":[{"embeddable":true,"href":"https:\/\/energy-cities.eu\/fr\/wp-json\/wp\/v2\/users\/74"}],"replies":[{"embeddable":true,"href":"https:\/\/energy-cities.eu\/fr\/wp-json\/wp\/v2\/comments?post=84118"}],"version-history":[{"count":2,"href":"https:\/\/energy-cities.eu\/fr\/wp-json\/wp\/v2\/posts\/84118\/revisions"}],"predecessor-version":[{"id":84122,"href":"https:\/\/energy-cities.eu\/fr\/wp-json\/wp\/v2\/posts\/84118\/revisions\/84122"}],"wp:featuredmedia":[{"embeddable":true,"href":"https:\/\/energy-cities.eu\/fr\/wp-json\/wp\/v2\/media\/83878"}],"wp:attachment":[{"href":"https:\/\/energy-cities.eu\/fr\/wp-json\/wp\/v2\/media?parent=84118"}],"wp:term":[{"taxonomy":"category","embeddable":true,"href":"https:\/\/energy-cities.eu\/fr\/wp-json\/wp\/v2\/categories?post=84118"},{"taxonomy":"post_tag","embeddable":true,"href":"https:\/\/energy-cities.eu\/fr\/wp-json\/wp\/v2\/tags?post=84118"},{"taxonomy":"hub","embeddable":true,"href":"https:\/\/energy-cities.eu\/fr\/wp-json\/wp\/v2\/hub?post=84118"},{"taxonomy":"topic","embeddable":true,"href":"https:\/\/energy-cities.eu\/fr\/wp-json\/wp\/v2\/topic?post=84118"},{"taxonomy":"legislative_initiative","embeddable":true,"href":"https:\/\/energy-cities.eu\/fr\/wp-json\/wp\/v2\/legislative_initiative?post=84118"},{"taxonomy":"document_type","embeddable":true,"href":"https:\/\/energy-cities.eu\/fr\/wp-json\/wp\/v2\/document_type?post=84118"}],"curies":[{"name":"wp","href":"https:\/\/api.w.org\/{rel}","templated":true}]}}