{"id":8441,"date":"2015-03-06T16:15:28","date_gmt":"2015-03-06T16:15:28","guid":{"rendered":"http:\/\/ec.kuusi.ovh\/?p=8441"},"modified":"2019-01-15T16:17:44","modified_gmt":"2019-01-15T16:17:44","slug":"francfort-sur-le-main-la-capitale-economique-de-lallemagne-vise-a-reduire-de-95-ses-emissions-de-co2-dici-2050","status":"publish","type":"post","link":"https:\/\/energy-cities.eu\/fr\/francfort-sur-le-main-la-capitale-economique-de-lallemagne-vise-a-reduire-de-95-ses-emissions-de-co2-dici-2050\/","title":{"rendered":"FRANCFORT-SUR-LE-MAIN : LA CAPITALE \u00c9CONOMIQUE DE L&rsquo;ALLEMAGNE VISE \u00c0 R\u00c9DUIRE DE 95% SES \u00c9MISSIONS DE CO2 D&rsquo;ICI 2050"},"content":{"rendered":"\n<p>Francfort-sur-le-main est consid\u00e9r\u00e9e comme une ville mondiale de premier plan de par sa puissance \u00e9conomique et sa richesse culturelle. La 3e ville d\u2019affaires europ\u00e9enne est aussi, et depuis longtemps, une ville pionni\u00e8re de la transition \u00e9nerg\u00e9tique. Elle l\u2019a prouv\u00e9 une fois de plus en se fixant l\u2019objectif ambitieux de r\u00e9duire de 95% ses \u00e9missions de CO2 d\u2019ici 2050 (ann\u00e9e de r\u00e9f\u00e9rence&nbsp;: 1990).<br><\/p>\n\n\n\n<div class=\"wp-block-image\"><figure class=\"alignright\"><img src=\"http:\/\/www.energy-cities.eu\/local\/cache-vignettes\/L175xH350\/5_frankfurt_-_copie-dc18d.jpg?1512543946\" alt=\"\"\/><\/figure><\/div>\n\n\n\n<p><strong>Depuis les ann\u00e9es 90<\/strong>, Francfort-sur-le-Main s\u2019est inscrite dans une longue tradition de ma\u00eetrise de l\u2019\u00e9nergie et de diminution de ses \u00e9missions de CO2. Pour ce faire, l\u2019agence locale de l\u2019\u00e9nergie (<em>Energiereferat<\/em>) et le service d\u2019urbanisme travaillent en \u00e9troite collaboration avec les investisseurs et les autres services municipaux.<br>Leur but est de concevoir les meilleurs plans \u00e9nerg\u00e9tiques pour tous les projets urbains de construction ou de r\u00e9novation, par exemple le raccordement aux trois grands r\u00e9seaux de chaleur existants ou parfois la cr\u00e9ation de mini-r\u00e9seaux de cog\u00e9n\u00e9ration.<\/p>\n\n\n\n<p><strong>L\u2019objectif de 95% de r\u00e9duction de CO2<\/strong>&nbsp;est inscrit dans la feuille de route du climat que la ville a officiellement adopt\u00e9 le 1er janvier 2013 avec 75 autres communes de son agglom\u00e9ration. Francfort compte atteindre son but notamment en produisant 100% de son \u00e9nergie en utilisant des sources renouvelables et en am\u00e9liorant l\u2019efficacit\u00e9 \u00e9nerg\u00e9tique gr\u00e2ce \u00e0 un programme d\u00e9clin\u00e9 selon quatre domaines d\u2019action (consommation des m\u00e9nages, industrie, b\u00e2timent et transport).<\/p>\n\n\n\n<p><strong>Sensible \u00e0 la question environnementale<\/strong>, la ville entend bien concilier transition \u00e9nerg\u00e9tique et d\u00e9veloppement \u00e9conomique. La r\u00e9gion compte tout de m\u00eame environ 400 000 entreprises sur son territoire. Francfort a d\u00e9j\u00e0 mis en place un service gratuit de conseil aux entreprises &#8211;&nbsp;<em>\u00d6koprofit<\/em>&nbsp;&#8211; pour les aider \u00e0 am\u00e9liorer les performances \u00e9nerg\u00e9tiques de leurs b\u00e2timents.<\/p>\n\n\n\n<ul><li>D\u00e9couvrez les actions en faveur de l\u2019\u00e9nergie durable de Francfort-sur-le-main dans notre&nbsp;<a href=\"http:\/\/www.energy-cities.eu\/cities\/case_studies.php?id_country=DE&amp;id_pop=&amp;id_keyword=&amp;id_lang=\">base de bonnes pratiques<\/a>.<\/li><li>Voir le profil signataire de Francfort sur le&nbsp;<a href=\"http:\/\/www.covenantofmayors.eu\/about\/signatories_en.html?city_id=23&amp;overview\">site de la Convention des Maires<\/a>.<\/li><\/ul>\n\n\n\n<p><br><\/p>\n","protected":false},"excerpt":{"rendered":"<p>Francfort-sur-le-main est consid\u00e9r\u00e9e comme une ville mondiale de premier plan de par sa puissance \u00e9conomique et sa richesse culturelle. La 3e ville d\u2019affaires europ\u00e9enne est <a href=\"https:\/\/energy-cities.eu\/fr\/francfort-sur-le-main-la-capitale-economique-de-lallemagne-vise-a-reduire-de-95-ses-emissions-de-co2-dici-2050\/\">[\u2026]<\/a><\/p>\n","protected":false},"author":27,"featured_media":16333,"comment_status":"open","ping_status":"open","sticky":false,"template":"","format":"standard","meta":{"advgb_blocks_editor_width":"","advgb_blocks_columns_visual_guide":"","ub_ctt_via":""},"categories":[4],"tags":[],"hub":[],"topic":[110,113],"legislative_initiative":[],"document_type":[],"acf":[],"author_meta":{"display_name":"Floriane Cappelletti","author_link":"https:\/\/energy-cities.eu\/fr\/staff\/f-cappelletti\/"},"featured_img":"https:\/\/energy-cities.eu\/wp-content\/uploads\/2019\/02\/Frankfurt_c_Boris_Stroujko_shutterstock-300x200.jpg","featured_image_src":"https:\/\/energy-cities.eu\/wp-content\/uploads\/2019\/02\/Frankfurt_c_Boris_Stroujko_shutterstock.jpg","author_info":{"display_name":"Floriane Cappelletti","author_link":"https:\/\/energy-cities.eu\/fr\/staff\/f-cappelletti\/"},"yoast_head":"<!-- This site is optimized with the Yoast SEO plugin v18.8 - https:\/\/yoast.com\/wordpress\/plugins\/seo\/ -->\n<title>FRANCFORT-SUR-LE-MAIN : LA CAPITALE \u00c9CONOMIQUE DE L&#039;ALLEMAGNE VISE \u00c0 R\u00c9DUIRE DE 95% SES \u00c9MISSIONS DE CO2 D&#039;ICI 2050 - Energy Cities<\/title>\n<meta name=\"robots\" content=\"index, follow, max-snippet:-1, max-image-preview:large, max-video-preview:-1\" \/>\n<link rel=\"canonical\" href=\"https:\/\/energy-cities.eu\/fr\/francfort-sur-le-main-la-capitale-economique-de-lallemagne-vise-a-reduire-de-95-ses-emissions-de-co2-dici-2050\/\" \/>\n<meta property=\"og:locale\" content=\"fr_FR\" \/>\n<meta property=\"og:type\" content=\"article\" \/>\n<meta property=\"og:title\" content=\"FRANCFORT-SUR-LE-MAIN : LA CAPITALE \u00c9CONOMIQUE DE L&#039;ALLEMAGNE VISE \u00c0 R\u00c9DUIRE DE 95% SES \u00c9MISSIONS DE CO2 D&#039;ICI 2050 - Energy Cities\" \/>\n<meta property=\"og:description\" content=\"Francfort-sur-le-main est consid\u00e9r\u00e9e comme une ville mondiale de premier plan de par sa puissance \u00e9conomique et sa richesse culturelle. La 3e ville d\u2019affaires europ\u00e9enne est [\u2026]\" \/>\n<meta property=\"og:url\" content=\"https:\/\/energy-cities.eu\/fr\/francfort-sur-le-main-la-capitale-economique-de-lallemagne-vise-a-reduire-de-95-ses-emissions-de-co2-dici-2050\/\" \/>\n<meta property=\"og:site_name\" content=\"Energy Cities\" \/>\n<meta property=\"article:publisher\" content=\"https:\/\/www.facebook.com\/energycities.eu\/\" \/>\n<meta property=\"article:published_time\" content=\"2015-03-06T16:15:28+00:00\" \/>\n<meta property=\"article:modified_time\" content=\"2019-01-15T16:17:44+00:00\" \/>\n<meta property=\"og:image\" content=\"https:\/\/energy-cities.eu\/wp-content\/uploads\/2019\/02\/Frankfurt_c_Boris_Stroujko_shutterstock-1024x681.jpg\" \/>\n\t<meta property=\"og:image:width\" content=\"1024\" \/>\n\t<meta property=\"og:image:height\" content=\"681\" \/>\n\t<meta property=\"og:image:type\" content=\"image\/jpeg\" \/>\n<meta name=\"twitter:card\" content=\"summary_large_image\" \/>\n<meta name=\"twitter:creator\" content=\"@f.cappelletti\" \/>\n<meta name=\"twitter:site\" content=\"@energycities\" \/>\n<meta name=\"twitter:label1\" content=\"\u00c9crit par\" \/>\n\t<meta name=\"twitter:data1\" content=\"Floriane Cappelletti\" \/>\n\t<meta name=\"twitter:label2\" content=\"Dur\u00e9e de lecture estim\u00e9e\" \/>\n\t<meta name=\"twitter:data2\" content=\"2 minutes\" \/>\n<script type=\"application\/ld+json\" class=\"yoast-schema-graph\">{\"@context\":\"https:\/\/schema.org\",\"@graph\":[{\"@type\":\"Organization\",\"@id\":\"https:\/\/energy-cities.eu\/fr\/#organization\",\"name\":\"Energy Cities\",\"url\":\"https:\/\/energy-cities.eu\/fr\/\",\"sameAs\":[\"https:\/\/www.facebook.com\/energycities.eu\/\",\"https:\/\/www.youtube.com\/channel\/UChIHn2wF76JzuTbAjSMs0hQ\",\"https:\/\/fr.wikipedia.org\/wiki\/Energy_Cities\",\"https:\/\/twitter.com\/energycities\"],\"logo\":{\"@type\":\"ImageObject\",\"inLanguage\":\"fr-FR\",\"@id\":\"https:\/\/energy-cities.eu\/fr\/#\/schema\/logo\/image\/\",\"url\":\"https:\/\/energy-cities.eu\/wp-content\/uploads\/2019\/07\/energy-cities-couleur.jpg\",\"contentUrl\":\"https:\/\/energy-cities.eu\/wp-content\/uploads\/2019\/07\/energy-cities-couleur.jpg\",\"width\":3508,\"height\":2587,\"caption\":\"Energy Cities\"},\"image\":{\"@id\":\"https:\/\/energy-cities.eu\/fr\/#\/schema\/logo\/image\/\"}},{\"@type\":\"WebSite\",\"@id\":\"https:\/\/energy-cities.eu\/fr\/#website\",\"url\":\"https:\/\/energy-cities.eu\/fr\/\",\"name\":\"Energy Cities\",\"description\":\" The European learning community for future-proof cities\",\"publisher\":{\"@id\":\"https:\/\/energy-cities.eu\/fr\/#organization\"},\"potentialAction\":[{\"@type\":\"SearchAction\",\"target\":{\"@type\":\"EntryPoint\",\"urlTemplate\":\"https:\/\/energy-cities.eu\/fr\/?s={search_term_string}\"},\"query-input\":\"required name=search_term_string\"}],\"inLanguage\":\"fr-FR\"},{\"@type\":\"ImageObject\",\"inLanguage\":\"fr-FR\",\"@id\":\"https:\/\/energy-cities.eu\/fr\/francfort-sur-le-main-la-capitale-economique-de-lallemagne-vise-a-reduire-de-95-ses-emissions-de-co2-dici-2050\/#primaryimage\",\"url\":\"https:\/\/energy-cities.eu\/wp-content\/uploads\/2019\/02\/Frankfurt_c_Boris_Stroujko_shutterstock.jpg\",\"contentUrl\":\"https:\/\/energy-cities.eu\/wp-content\/uploads\/2019\/02\/Frankfurt_c_Boris_Stroujko_shutterstock.jpg\",\"width\":4256,\"height\":2832,\"caption\":\"(c) Boris Stroujko\"},{\"@type\":\"WebPage\",\"@id\":\"https:\/\/energy-cities.eu\/fr\/francfort-sur-le-main-la-capitale-economique-de-lallemagne-vise-a-reduire-de-95-ses-emissions-de-co2-dici-2050\/#webpage\",\"url\":\"https:\/\/energy-cities.eu\/fr\/francfort-sur-le-main-la-capitale-economique-de-lallemagne-vise-a-reduire-de-95-ses-emissions-de-co2-dici-2050\/\",\"name\":\"FRANCFORT-SUR-LE-MAIN : LA CAPITALE \u00c9CONOMIQUE DE L'ALLEMAGNE VISE \u00c0 R\u00c9DUIRE DE 95% SES \u00c9MISSIONS DE CO2 D'ICI 2050 - Energy Cities\",\"isPartOf\":{\"@id\":\"https:\/\/energy-cities.eu\/fr\/#website\"},\"primaryImageOfPage\":{\"@id\":\"https:\/\/energy-cities.eu\/fr\/francfort-sur-le-main-la-capitale-economique-de-lallemagne-vise-a-reduire-de-95-ses-emissions-de-co2-dici-2050\/#primaryimage\"},\"datePublished\":\"2015-03-06T16:15:28+00:00\",\"dateModified\":\"2019-01-15T16:17:44+00:00\",\"breadcrumb\":{\"@id\":\"https:\/\/energy-cities.eu\/fr\/francfort-sur-le-main-la-capitale-economique-de-lallemagne-vise-a-reduire-de-95-ses-emissions-de-co2-dici-2050\/#breadcrumb\"},\"inLanguage\":\"fr-FR\",\"potentialAction\":[{\"@type\":\"ReadAction\",\"target\":[\"https:\/\/energy-cities.eu\/fr\/francfort-sur-le-main-la-capitale-economique-de-lallemagne-vise-a-reduire-de-95-ses-emissions-de-co2-dici-2050\/\"]}]},{\"@type\":\"BreadcrumbList\",\"@id\":\"https:\/\/energy-cities.eu\/fr\/francfort-sur-le-main-la-capitale-economique-de-lallemagne-vise-a-reduire-de-95-ses-emissions-de-co2-dici-2050\/#breadcrumb\",\"itemListElement\":[{\"@type\":\"ListItem\",\"position\":1,\"name\":\"Home\",\"item\":\"https:\/\/energy-cities.eu\/fr\/nous-sommes-un-reseau-europeen-blabla\/\"},{\"@type\":\"ListItem\",\"position\":2,\"name\":\"FRANCFORT-SUR-LE-MAIN : LA CAPITALE \u00c9CONOMIQUE DE L&#8217;ALLEMAGNE VISE \u00c0 R\u00c9DUIRE DE 95% SES \u00c9MISSIONS DE CO2 D&#8217;ICI 2050\"}]},{\"@type\":\"Article\",\"@id\":\"https:\/\/energy-cities.eu\/fr\/francfort-sur-le-main-la-capitale-economique-de-lallemagne-vise-a-reduire-de-95-ses-emissions-de-co2-dici-2050\/#article\",\"isPartOf\":{\"@id\":\"https:\/\/energy-cities.eu\/fr\/francfort-sur-le-main-la-capitale-economique-de-lallemagne-vise-a-reduire-de-95-ses-emissions-de-co2-dici-2050\/#webpage\"},\"author\":{\"@id\":\"https:\/\/energy-cities.eu\/fr\/#\/schema\/person\/8e2854eea663b88afff98f0a35260006\"},\"headline\":\"FRANCFORT-SUR-LE-MAIN : LA CAPITALE \u00c9CONOMIQUE DE L&rsquo;ALLEMAGNE VISE \u00c0 R\u00c9DUIRE DE 95% SES \u00c9MISSIONS DE CO2 D&rsquo;ICI 2050\",\"datePublished\":\"2015-03-06T16:15:28+00:00\",\"dateModified\":\"2019-01-15T16:17:44+00:00\",\"mainEntityOfPage\":{\"@id\":\"https:\/\/energy-cities.eu\/fr\/francfort-sur-le-main-la-capitale-economique-de-lallemagne-vise-a-reduire-de-95-ses-emissions-de-co2-dici-2050\/#webpage\"},\"wordCount\":359,\"commentCount\":0,\"publisher\":{\"@id\":\"https:\/\/energy-cities.eu\/fr\/#organization\"},\"image\":{\"@id\":\"https:\/\/energy-cities.eu\/fr\/francfort-sur-le-main-la-capitale-economique-de-lallemagne-vise-a-reduire-de-95-ses-emissions-de-co2-dici-2050\/#primaryimage\"},\"thumbnailUrl\":\"https:\/\/energy-cities.eu\/wp-content\/uploads\/2019\/02\/Frankfurt_c_Boris_Stroujko_shutterstock.jpg\",\"articleSection\":[\"Actualit\u00e9s\"],\"inLanguage\":\"fr-FR\",\"potentialAction\":[{\"@type\":\"CommentAction\",\"name\":\"Comment\",\"target\":[\"https:\/\/energy-cities.eu\/fr\/francfort-sur-le-main-la-capitale-economique-de-lallemagne-vise-a-reduire-de-95-ses-emissions-de-co2-dici-2050\/#respond\"]}]},{\"@type\":\"Person\",\"@id\":\"https:\/\/energy-cities.eu\/fr\/#\/schema\/person\/8e2854eea663b88afff98f0a35260006\",\"name\":\"Floriane Cappelletti\",\"image\":{\"@type\":\"ImageObject\",\"inLanguage\":\"fr-FR\",\"@id\":\"https:\/\/energy-cities.eu\/fr\/#\/schema\/person\/image\/\",\"url\":\"https:\/\/secure.gravatar.com\/avatar\/9d2a075e5198cbd3dc7c4cd3221d8ed6?s=96&d=mm&r=g\",\"contentUrl\":\"https:\/\/secure.gravatar.com\/avatar\/9d2a075e5198cbd3dc7c4cd3221d8ed6?s=96&d=mm&r=g\",\"caption\":\"Floriane Cappelletti\"},\"sameAs\":[\"https:\/\/twitter.com\/f.cappelletti\"],\"url\":\"https:\/\/energy-cities.eu\/fr\/staff\/f-cappelletti\/\"}]}<\/script>\n<!-- \/ Yoast SEO plugin. -->","yoast_head_json":{"title":"FRANCFORT-SUR-LE-MAIN : LA CAPITALE \u00c9CONOMIQUE DE L'ALLEMAGNE VISE \u00c0 R\u00c9DUIRE DE 95% SES \u00c9MISSIONS DE CO2 D'ICI 2050 - Energy Cities","robots":{"index":"index","follow":"follow","max-snippet":"max-snippet:-1","max-image-preview":"max-image-preview:large","max-video-preview":"max-video-preview:-1"},"canonical":"https:\/\/energy-cities.eu\/fr\/francfort-sur-le-main-la-capitale-economique-de-lallemagne-vise-a-reduire-de-95-ses-emissions-de-co2-dici-2050\/","og_locale":"fr_FR","og_type":"article","og_title":"FRANCFORT-SUR-LE-MAIN : LA CAPITALE \u00c9CONOMIQUE DE L'ALLEMAGNE VISE \u00c0 R\u00c9DUIRE DE 95% SES \u00c9MISSIONS DE CO2 D'ICI 2050 - Energy Cities","og_description":"Francfort-sur-le-main est consid\u00e9r\u00e9e comme une ville mondiale de premier plan de par sa puissance \u00e9conomique et sa richesse culturelle. La 3e ville d\u2019affaires europ\u00e9enne est [\u2026]","og_url":"https:\/\/energy-cities.eu\/fr\/francfort-sur-le-main-la-capitale-economique-de-lallemagne-vise-a-reduire-de-95-ses-emissions-de-co2-dici-2050\/","og_site_name":"Energy Cities","article_publisher":"https:\/\/www.facebook.com\/energycities.eu\/","article_published_time":"2015-03-06T16:15:28+00:00","article_modified_time":"2019-01-15T16:17:44+00:00","og_image":[{"width":1024,"height":681,"url":"https:\/\/energy-cities.eu\/wp-content\/uploads\/2019\/02\/Frankfurt_c_Boris_Stroujko_shutterstock-1024x681.jpg","type":"image\/jpeg"}],"twitter_card":"summary_large_image","twitter_creator":"@f.cappelletti","twitter_site":"@energycities","twitter_misc":{"\u00c9crit par":"Floriane Cappelletti","Dur\u00e9e de lecture estim\u00e9e":"2 minutes"},"schema":{"@context":"https:\/\/schema.org","@graph":[{"@type":"Organization","@id":"https:\/\/energy-cities.eu\/fr\/#organization","name":"Energy Cities","url":"https:\/\/energy-cities.eu\/fr\/","sameAs":["https:\/\/www.facebook.com\/energycities.eu\/","https:\/\/www.youtube.com\/channel\/UChIHn2wF76JzuTbAjSMs0hQ","https:\/\/fr.wikipedia.org\/wiki\/Energy_Cities","https:\/\/twitter.com\/energycities"],"logo":{"@type":"ImageObject","inLanguage":"fr-FR","@id":"https:\/\/energy-cities.eu\/fr\/#\/schema\/logo\/image\/","url":"https:\/\/energy-cities.eu\/wp-content\/uploads\/2019\/07\/energy-cities-couleur.jpg","contentUrl":"https:\/\/energy-cities.eu\/wp-content\/uploads\/2019\/07\/energy-cities-couleur.jpg","width":3508,"height":2587,"caption":"Energy Cities"},"image":{"@id":"https:\/\/energy-cities.eu\/fr\/#\/schema\/logo\/image\/"}},{"@type":"WebSite","@id":"https:\/\/energy-cities.eu\/fr\/#website","url":"https:\/\/energy-cities.eu\/fr\/","name":"Energy Cities","description":" The European learning community for future-proof cities","publisher":{"@id":"https:\/\/energy-cities.eu\/fr\/#organization"},"potentialAction":[{"@type":"SearchAction","target":{"@type":"EntryPoint","urlTemplate":"https:\/\/energy-cities.eu\/fr\/?s={search_term_string}"},"query-input":"required name=search_term_string"}],"inLanguage":"fr-FR"},{"@type":"ImageObject","inLanguage":"fr-FR","@id":"https:\/\/energy-cities.eu\/fr\/francfort-sur-le-main-la-capitale-economique-de-lallemagne-vise-a-reduire-de-95-ses-emissions-de-co2-dici-2050\/#primaryimage","url":"https:\/\/energy-cities.eu\/wp-content\/uploads\/2019\/02\/Frankfurt_c_Boris_Stroujko_shutterstock.jpg","contentUrl":"https:\/\/energy-cities.eu\/wp-content\/uploads\/2019\/02\/Frankfurt_c_Boris_Stroujko_shutterstock.jpg","width":4256,"height":2832,"caption":"(c) Boris Stroujko"},{"@type":"WebPage","@id":"https:\/\/energy-cities.eu\/fr\/francfort-sur-le-main-la-capitale-economique-de-lallemagne-vise-a-reduire-de-95-ses-emissions-de-co2-dici-2050\/#webpage","url":"https:\/\/energy-cities.eu\/fr\/francfort-sur-le-main-la-capitale-economique-de-lallemagne-vise-a-reduire-de-95-ses-emissions-de-co2-dici-2050\/","name":"FRANCFORT-SUR-LE-MAIN : LA CAPITALE \u00c9CONOMIQUE DE L'ALLEMAGNE VISE \u00c0 R\u00c9DUIRE DE 95% SES \u00c9MISSIONS DE CO2 D'ICI 2050 - Energy Cities","isPartOf":{"@id":"https:\/\/energy-cities.eu\/fr\/#website"},"primaryImageOfPage":{"@id":"https:\/\/energy-cities.eu\/fr\/francfort-sur-le-main-la-capitale-economique-de-lallemagne-vise-a-reduire-de-95-ses-emissions-de-co2-dici-2050\/#primaryimage"},"datePublished":"2015-03-06T16:15:28+00:00","dateModified":"2019-01-15T16:17:44+00:00","breadcrumb":{"@id":"https:\/\/energy-cities.eu\/fr\/francfort-sur-le-main-la-capitale-economique-de-lallemagne-vise-a-reduire-de-95-ses-emissions-de-co2-dici-2050\/#breadcrumb"},"inLanguage":"fr-FR","potentialAction":[{"@type":"ReadAction","target":["https:\/\/energy-cities.eu\/fr\/francfort-sur-le-main-la-capitale-economique-de-lallemagne-vise-a-reduire-de-95-ses-emissions-de-co2-dici-2050\/"]}]},{"@type":"BreadcrumbList","@id":"https:\/\/energy-cities.eu\/fr\/francfort-sur-le-main-la-capitale-economique-de-lallemagne-vise-a-reduire-de-95-ses-emissions-de-co2-dici-2050\/#breadcrumb","itemListElement":[{"@type":"ListItem","position":1,"name":"Home","item":"https:\/\/energy-cities.eu\/fr\/nous-sommes-un-reseau-europeen-blabla\/"},{"@type":"ListItem","position":2,"name":"FRANCFORT-SUR-LE-MAIN : LA CAPITALE \u00c9CONOMIQUE DE L&#8217;ALLEMAGNE VISE \u00c0 R\u00c9DUIRE DE 95% SES \u00c9MISSIONS DE CO2 D&#8217;ICI 2050"}]},{"@type":"Article","@id":"https:\/\/energy-cities.eu\/fr\/francfort-sur-le-main-la-capitale-economique-de-lallemagne-vise-a-reduire-de-95-ses-emissions-de-co2-dici-2050\/#article","isPartOf":{"@id":"https:\/\/energy-cities.eu\/fr\/francfort-sur-le-main-la-capitale-economique-de-lallemagne-vise-a-reduire-de-95-ses-emissions-de-co2-dici-2050\/#webpage"},"author":{"@id":"https:\/\/energy-cities.eu\/fr\/#\/schema\/person\/8e2854eea663b88afff98f0a35260006"},"headline":"FRANCFORT-SUR-LE-MAIN : LA CAPITALE \u00c9CONOMIQUE DE L&rsquo;ALLEMAGNE VISE \u00c0 R\u00c9DUIRE DE 95% SES \u00c9MISSIONS DE CO2 D&rsquo;ICI 2050","datePublished":"2015-03-06T16:15:28+00:00","dateModified":"2019-01-15T16:17:44+00:00","mainEntityOfPage":{"@id":"https:\/\/energy-cities.eu\/fr\/francfort-sur-le-main-la-capitale-economique-de-lallemagne-vise-a-reduire-de-95-ses-emissions-de-co2-dici-2050\/#webpage"},"wordCount":359,"commentCount":0,"publisher":{"@id":"https:\/\/energy-cities.eu\/fr\/#organization"},"image":{"@id":"https:\/\/energy-cities.eu\/fr\/francfort-sur-le-main-la-capitale-economique-de-lallemagne-vise-a-reduire-de-95-ses-emissions-de-co2-dici-2050\/#primaryimage"},"thumbnailUrl":"https:\/\/energy-cities.eu\/wp-content\/uploads\/2019\/02\/Frankfurt_c_Boris_Stroujko_shutterstock.jpg","articleSection":["Actualit\u00e9s"],"inLanguage":"fr-FR","potentialAction":[{"@type":"CommentAction","name":"Comment","target":["https:\/\/energy-cities.eu\/fr\/francfort-sur-le-main-la-capitale-economique-de-lallemagne-vise-a-reduire-de-95-ses-emissions-de-co2-dici-2050\/#respond"]}]},{"@type":"Person","@id":"https:\/\/energy-cities.eu\/fr\/#\/schema\/person\/8e2854eea663b88afff98f0a35260006","name":"Floriane Cappelletti","image":{"@type":"ImageObject","inLanguage":"fr-FR","@id":"https:\/\/energy-cities.eu\/fr\/#\/schema\/person\/image\/","url":"https:\/\/secure.gravatar.com\/avatar\/9d2a075e5198cbd3dc7c4cd3221d8ed6?s=96&d=mm&r=g","contentUrl":"https:\/\/secure.gravatar.com\/avatar\/9d2a075e5198cbd3dc7c4cd3221d8ed6?s=96&d=mm&r=g","caption":"Floriane Cappelletti"},"sameAs":["https:\/\/twitter.com\/f.cappelletti"],"url":"https:\/\/energy-cities.eu\/fr\/staff\/f-cappelletti\/"}]}},"coauthors":[],"tax_additional":{"categories":{"linked":["<a href=\"https:\/\/energy-cities.eu\/fr\/category\/actualites\/\" class=\"advgb-post-tax-term\">Actualit\u00e9s<\/a>"],"unlinked":["<span class=\"advgb-post-tax-term\">Actualit\u00e9s<\/span>"]}},"comment_count":"0","relative_dates":{"created":"Publi\u00e9 11 ans il y a","modified":"Mis \u00e0 jour 7 ans il y a"},"absolute_dates":{"created":"Publi\u00e9 le 06 mars 2015","modified":"Mise \u00e0 jour le 15 janvier 2019"},"absolute_dates_time":{"created":"Publi\u00e9 le 06 mars 2015 4:15  ","modified":"Mise \u00e0 jour le 15 janvier 2019 4:17  "},"featured_img_caption":"(c) Boris Stroujko","_links":{"self":[{"href":"https:\/\/energy-cities.eu\/fr\/wp-json\/wp\/v2\/posts\/8441"}],"collection":[{"href":"https:\/\/energy-cities.eu\/fr\/wp-json\/wp\/v2\/posts"}],"about":[{"href":"https:\/\/energy-cities.eu\/fr\/wp-json\/wp\/v2\/types\/post"}],"author":[{"embeddable":true,"href":"https:\/\/energy-cities.eu\/fr\/wp-json\/wp\/v2\/users\/27"}],"replies":[{"embeddable":true,"href":"https:\/\/energy-cities.eu\/fr\/wp-json\/wp\/v2\/comments?post=8441"}],"version-history":[{"count":4,"href":"https:\/\/energy-cities.eu\/fr\/wp-json\/wp\/v2\/posts\/8441\/revisions"}],"predecessor-version":[{"id":11323,"href":"https:\/\/energy-cities.eu\/fr\/wp-json\/wp\/v2\/posts\/8441\/revisions\/11323"}],"wp:featuredmedia":[{"embeddable":true,"href":"https:\/\/energy-cities.eu\/fr\/wp-json\/wp\/v2\/media\/16333"}],"wp:attachment":[{"href":"https:\/\/energy-cities.eu\/fr\/wp-json\/wp\/v2\/media?parent=8441"}],"wp:term":[{"taxonomy":"category","embeddable":true,"href":"https:\/\/energy-cities.eu\/fr\/wp-json\/wp\/v2\/categories?post=8441"},{"taxonomy":"post_tag","embeddable":true,"href":"https:\/\/energy-cities.eu\/fr\/wp-json\/wp\/v2\/tags?post=8441"},{"taxonomy":"hub","embeddable":true,"href":"https:\/\/energy-cities.eu\/fr\/wp-json\/wp\/v2\/hub?post=8441"},{"taxonomy":"topic","embeddable":true,"href":"https:\/\/energy-cities.eu\/fr\/wp-json\/wp\/v2\/topic?post=8441"},{"taxonomy":"legislative_initiative","embeddable":true,"href":"https:\/\/energy-cities.eu\/fr\/wp-json\/wp\/v2\/legislative_initiative?post=8441"},{"taxonomy":"document_type","embeddable":true,"href":"https:\/\/energy-cities.eu\/fr\/wp-json\/wp\/v2\/document_type?post=8441"}],"curies":[{"name":"wp","href":"https:\/\/api.w.org\/{rel}","templated":true}]}}