{"id":84615,"date":"2025-02-21T11:37:30","date_gmt":"2025-02-21T10:37:30","guid":{"rendered":"https:\/\/energy-cities.eu\/?p=84615"},"modified":"2025-02-21T11:37:59","modified_gmt":"2025-02-21T10:37:59","slug":"collaborer-pour-les-villes-100-renouvelables","status":"publish","type":"post","link":"https:\/\/energy-cities.eu\/fr\/collaborer-pour-les-villes-100-renouvelables\/","title":{"rendered":"Collaborer pour les villes 100% renouvelables"},"content":{"rendered":"\n<p>Ces derni\u00e8res ann\u00e9es, les villes ont pris des mesures importantes pour devenir plus r\u00e9silientes, en particulier dans la mani\u00e8re dont elles transforment leur consommation d&rsquo;\u00e9nergie.<\/p>\n\n\n\n<p>Cette transition vers les \u00e9nergies renouvelables est non seulement essentielle pour atteindre la neutralit\u00e9 climatique, mais elle contribue \u00e9galement \u00e0 am\u00e9liorer la qualit\u00e9 de l\u2019air, \u00e0 renforcer les \u00e9conomies locales et \u00e0 accro\u00eetre le bien-\u00eatre des habitants. Comme le met en avant la campagne <a href=\"https:\/\/eu-mayors.ec.europa.eu\/en\/The-Cities-Heat-Detox\" target=\"_blank\" rel=\"noreferrer noopener\"><em>Cities Heat Detox<\/em><\/a>, les villes et communes europ\u00e9ennes \u00e9liminent progressivement les combustibles fossiles de leurs syst\u00e8mes de chauffage et de refroidissement en adoptant des solutions propres et renouvelables. Parall\u00e8lement, elles \u00e9laborent et mettent en \u0153uvre des plans globaux de chauffage et de refroidissement pour atteindre la neutralit\u00e9 climatique.<\/p>\n\n\n\n<p>Cependant, atteindre ces objectifs ne repose pas uniquement sur l\u2019action locale \u2013 cela n\u00e9cessite \u00e9galement des partenariats solides et un soutien national. Cela implique une collaboration \u00e9troite avec divers acteurs locaux qui accompagnent les villes dans la mise en \u0153uvre et le d\u00e9veloppement d\u2019initiatives locales durables. \u00c0 l\u2019\u00e9chelle nationale, certaines agences nationales de l\u2019\u00e9nergie en Europe soutiennent \u00e9galement les municipalit\u00e9s dans leur planification locale du chauffage et du refroidissement, comme le montre le projet\u00a0<em><a href=\"https:\/\/energy-cities.eu\/project\/redi4heat\/\" target=\"_blank\" rel=\"noreferrer noopener\">REDI4HEAT<\/a><\/em>.<\/p>\n\n\n\n<p>Il ne fait aucun doute que la collaboration entre les municipalit\u00e9s, les acteurs locaux, les autorit\u00e9s nationales et les d\u00e9cideurs politiques peut acc\u00e9l\u00e9rer l\u2019adoption des \u00e9nergies renouvelables.<\/p>\n\n\n\n<h1>Des partenariats innovants pour une ville \u00ab 100 % renouvelables \u00bb<\/h1>\n\n\n\n<p>Curieux d&rsquo;en savoir plus sur les partenariats innovants pour parvenir \u00e0 des villes 100 % renouvelables ? Ne manquez pas ce rendez-vous lors de notre forum annuel qui se tiendra \u00e0 Besan\u00e7on le 9 avril. Vous d\u00e9couvrirez comment les villes favorisent les partenariats et d\u00e9veloppent de nouveaux mod\u00e8les de co-investissement pour soutenir le d\u00e9ploiement \u00e0 grande \u00e9chelle des \u00e9nergies renouvelables dans les environnements urbains, am\u00e9liorant ainsi le bien-\u00eatre des citoyens.<\/p>\n\n\n\n<p>La journ\u00e9e d\u00e9butera par une visite de terrain mettant en avant des initiatives locales en mati\u00e8re de chauffage, de refroidissement et de production d\u2019\u00e9nergie. Les participants visiteront la chaufferie biomasse de Planoise, un \u00e9l\u00e9ment cl\u00e9 du r\u00e9seau de chauffage urbain de Besan\u00e7on, qui alimente actuellement environ 14 850 foyers, avec plus de 70 % de son \u00e9nergie provenant de sources renouvelables. La visite comprendra \u00e9galement une pr\u00e9sentation de la station d\u2019\u00e9puration de Port Douvot, qui maintient un bilan \u00e9nerg\u00e9tique positif depuis 2022 gr\u00e2ce \u00e0 une combinaison d\u2019\u00e9lectricit\u00e9 photovolta\u00efque, d\u2019\u00e9nergie g\u00e9othermique et de production de biom\u00e9thane.<\/p>\n\n\n\n<p>L&rsquo;apr\u00e8s-midi, un workshop de t\u00e9moignages fournira des informations pr\u00e9cieuses sur l&rsquo;acc\u00e9l\u00e9ration de l&rsquo;adoption des \u00e9nergies renouvelables dans les villes. Les participants exploreront les strat\u00e9gies locales et nationales, les facteurs cl\u00e9s de succ\u00e8s et le r\u00f4le crucial des partenariats dans la transition \u00e9nerg\u00e9tique. Il sera suivi d&rsquo;un atelier sur l&rsquo;intelligence collective, qui offrira aux villes un espace pour aborder les d\u00e9fis li\u00e9s \u00e0 l&rsquo;\u00e9laboration et \u00e0 la mise en \u0153uvre de leurs projets. Cette session interactive permettra aux participants de partager leur expertise, de demander des conseils et de collaborer pour surmonter les obstacles communs.<\/p>\n\n\n\n<p>D\u00e9couvrez le programme du<em> <\/em>parcours<em> <\/em>2\u00a0<a href=\"https:\/\/annualforum.energy-cities.eu\/wp-content\/uploads\/2025\/02\/Journey-2-Innovative-partnerships-for-a-city-100-renewables.pdf\" target=\"_blank\" rel=\"noreferrer noopener\">ici !<\/a><\/p>\n\n\n\n<p class=\"beige-message\" style=\"font-size:16px\">Ne manquez pas l&rsquo;occasion de participer \u00e0 la conversation, <a href=\"https:\/\/annualforum.energy-cities.eu\" target=\"_blank\" rel=\"noreferrer noopener\">r\u00e9servez votre place<\/a> d\u00e8s maintenant !<\/p>\n","protected":false},"excerpt":{"rendered":"<p>Ces derni\u00e8res ann\u00e9es, les villes ont pris des mesures importantes pour devenir plus r\u00e9silientes, en particulier dans la mani\u00e8re dont elles transforment leur consommation d&rsquo;\u00e9nergie. <a href=\"https:\/\/energy-cities.eu\/fr\/collaborer-pour-les-villes-100-renouvelables\/\">[\u2026]<\/a><\/p>\n","protected":false},"author":69,"featured_media":84587,"comment_status":"open","ping_status":"open","sticky":false,"template":"","format":"standard","meta":{"advgb_blocks_editor_width":"","advgb_blocks_columns_visual_guide":"","ub_ctt_via":""},"categories":[4],"tags":[533],"hub":[310,308,306],"topic":[22,82,101,112,344,350,372],"legislative_initiative":[],"document_type":[],"acf":[],"author_meta":{"display_name":"Eva Lopes","author_link":"https:\/\/energy-cities.eu\/fr\/staff\/e-lopes\/"},"featured_img":"https:\/\/energy-cities.eu\/wp-content\/uploads\/2025\/02\/Chaufferie_municipale_de_Besancon-333x250.jpg","featured_image_src":"https:\/\/energy-cities.eu\/wp-content\/uploads\/2025\/02\/Chaufferie_municipale_de_Besancon.jpg","author_info":{"display_name":"Eva Lopes","author_link":"https:\/\/energy-cities.eu\/fr\/staff\/e-lopes\/"},"yoast_head":"<!-- This site is optimized with the Yoast SEO plugin v18.8 - https:\/\/yoast.com\/wordpress\/plugins\/seo\/ -->\n<title>Collaborer pour les villes 100% renouvelables - Energy Cities<\/title>\n<meta name=\"robots\" content=\"index, follow, max-snippet:-1, max-image-preview:large, max-video-preview:-1\" \/>\n<link rel=\"canonical\" href=\"https:\/\/energy-cities.eu\/fr\/collaborer-pour-les-villes-100-renouvelables\/\" \/>\n<meta property=\"og:locale\" content=\"fr_FR\" \/>\n<meta property=\"og:type\" content=\"article\" \/>\n<meta property=\"og:title\" content=\"Collaborer pour les villes 100% renouvelables - Energy Cities\" \/>\n<meta property=\"og:description\" content=\"Ces derni\u00e8res ann\u00e9es, les villes ont pris des mesures importantes pour devenir plus r\u00e9silientes, en particulier dans la mani\u00e8re dont elles transforment leur consommation d&rsquo;\u00e9nergie. [\u2026]\" \/>\n<meta property=\"og:url\" content=\"https:\/\/energy-cities.eu\/fr\/collaborer-pour-les-villes-100-renouvelables\/\" \/>\n<meta property=\"og:site_name\" content=\"Energy Cities\" \/>\n<meta property=\"article:publisher\" content=\"https:\/\/www.facebook.com\/energycities.eu\/\" \/>\n<meta property=\"article:published_time\" content=\"2025-02-21T10:37:30+00:00\" \/>\n<meta property=\"article:modified_time\" content=\"2025-02-21T10:37:59+00:00\" \/>\n<meta property=\"og:image\" content=\"https:\/\/energy-cities.eu\/wp-content\/uploads\/2025\/02\/Chaufferie_municipale_de_Besancon.jpg\" \/>\n\t<meta property=\"og:image:width\" content=\"1024\" \/>\n\t<meta property=\"og:image:height\" content=\"768\" \/>\n\t<meta property=\"og:image:type\" content=\"image\/jpeg\" \/>\n<meta name=\"twitter:card\" content=\"summary_large_image\" \/>\n<meta name=\"twitter:creator\" content=\"@b.karas\" \/>\n<meta name=\"twitter:site\" content=\"@energycities\" \/>\n<meta name=\"twitter:label1\" content=\"\u00c9crit par\" \/>\n\t<meta name=\"twitter:data1\" content=\"Eva Lopes\" \/>\n\t<meta name=\"twitter:label2\" content=\"Dur\u00e9e de lecture estim\u00e9e\" \/>\n\t<meta name=\"twitter:data2\" content=\"3 minutes\" \/>\n<script type=\"application\/ld+json\" class=\"yoast-schema-graph\">{\"@context\":\"https:\/\/schema.org\",\"@graph\":[{\"@type\":\"Organization\",\"@id\":\"https:\/\/energy-cities.eu\/fr\/#organization\",\"name\":\"Energy Cities\",\"url\":\"https:\/\/energy-cities.eu\/fr\/\",\"sameAs\":[\"https:\/\/www.facebook.com\/energycities.eu\/\",\"https:\/\/www.youtube.com\/channel\/UChIHn2wF76JzuTbAjSMs0hQ\",\"https:\/\/fr.wikipedia.org\/wiki\/Energy_Cities\",\"https:\/\/twitter.com\/energycities\"],\"logo\":{\"@type\":\"ImageObject\",\"inLanguage\":\"fr-FR\",\"@id\":\"https:\/\/energy-cities.eu\/fr\/#\/schema\/logo\/image\/\",\"url\":\"https:\/\/energy-cities.eu\/wp-content\/uploads\/2019\/07\/energy-cities-couleur.jpg\",\"contentUrl\":\"https:\/\/energy-cities.eu\/wp-content\/uploads\/2019\/07\/energy-cities-couleur.jpg\",\"width\":3508,\"height\":2587,\"caption\":\"Energy Cities\"},\"image\":{\"@id\":\"https:\/\/energy-cities.eu\/fr\/#\/schema\/logo\/image\/\"}},{\"@type\":\"WebSite\",\"@id\":\"https:\/\/energy-cities.eu\/fr\/#website\",\"url\":\"https:\/\/energy-cities.eu\/fr\/\",\"name\":\"Energy Cities\",\"description\":\" The European learning community for future-proof cities\",\"publisher\":{\"@id\":\"https:\/\/energy-cities.eu\/fr\/#organization\"},\"potentialAction\":[{\"@type\":\"SearchAction\",\"target\":{\"@type\":\"EntryPoint\",\"urlTemplate\":\"https:\/\/energy-cities.eu\/fr\/?s={search_term_string}\"},\"query-input\":\"required name=search_term_string\"}],\"inLanguage\":\"fr-FR\"},{\"@type\":\"ImageObject\",\"inLanguage\":\"fr-FR\",\"@id\":\"https:\/\/energy-cities.eu\/fr\/collaborer-pour-les-villes-100-renouvelables\/#primaryimage\",\"url\":\"https:\/\/energy-cities.eu\/wp-content\/uploads\/2025\/02\/Chaufferie_municipale_de_Besancon.jpg\",\"contentUrl\":\"https:\/\/energy-cities.eu\/wp-content\/uploads\/2025\/02\/Chaufferie_municipale_de_Besancon.jpg\",\"width\":1024,\"height\":768},{\"@type\":\"WebPage\",\"@id\":\"https:\/\/energy-cities.eu\/fr\/collaborer-pour-les-villes-100-renouvelables\/#webpage\",\"url\":\"https:\/\/energy-cities.eu\/fr\/collaborer-pour-les-villes-100-renouvelables\/\",\"name\":\"Collaborer pour les villes 100% renouvelables - Energy Cities\",\"isPartOf\":{\"@id\":\"https:\/\/energy-cities.eu\/fr\/#website\"},\"primaryImageOfPage\":{\"@id\":\"https:\/\/energy-cities.eu\/fr\/collaborer-pour-les-villes-100-renouvelables\/#primaryimage\"},\"datePublished\":\"2025-02-21T10:37:30+00:00\",\"dateModified\":\"2025-02-21T10:37:59+00:00\",\"breadcrumb\":{\"@id\":\"https:\/\/energy-cities.eu\/fr\/collaborer-pour-les-villes-100-renouvelables\/#breadcrumb\"},\"inLanguage\":\"fr-FR\",\"potentialAction\":[{\"@type\":\"ReadAction\",\"target\":[\"https:\/\/energy-cities.eu\/fr\/collaborer-pour-les-villes-100-renouvelables\/\"]}]},{\"@type\":\"BreadcrumbList\",\"@id\":\"https:\/\/energy-cities.eu\/fr\/collaborer-pour-les-villes-100-renouvelables\/#breadcrumb\",\"itemListElement\":[{\"@type\":\"ListItem\",\"position\":1,\"name\":\"Home\",\"item\":\"https:\/\/energy-cities.eu\/fr\/nous-sommes-un-reseau-europeen-blabla\/\"},{\"@type\":\"ListItem\",\"position\":2,\"name\":\"Collaborer pour les villes 100% renouvelables\"}]},{\"@type\":\"Article\",\"@id\":\"https:\/\/energy-cities.eu\/fr\/collaborer-pour-les-villes-100-renouvelables\/#article\",\"isPartOf\":{\"@id\":\"https:\/\/energy-cities.eu\/fr\/collaborer-pour-les-villes-100-renouvelables\/#webpage\"},\"author\":{\"@id\":\"https:\/\/energy-cities.eu\/fr\/#\/schema\/person\/f5264d91f106437f7a57fcb90fafb122\"},\"headline\":\"Collaborer pour les villes 100% renouvelables\",\"datePublished\":\"2025-02-21T10:37:30+00:00\",\"dateModified\":\"2025-02-21T10:37:59+00:00\",\"mainEntityOfPage\":{\"@id\":\"https:\/\/energy-cities.eu\/fr\/collaborer-pour-les-villes-100-renouvelables\/#webpage\"},\"wordCount\":554,\"commentCount\":0,\"publisher\":{\"@id\":\"https:\/\/energy-cities.eu\/fr\/#organization\"},\"image\":{\"@id\":\"https:\/\/energy-cities.eu\/fr\/collaborer-pour-les-villes-100-renouvelables\/#primaryimage\"},\"thumbnailUrl\":\"https:\/\/energy-cities.eu\/wp-content\/uploads\/2025\/02\/Chaufferie_municipale_de_Besancon.jpg\",\"keywords\":[\"Besancon-2025-fr\"],\"articleSection\":[\"Actualit\u00e9s\"],\"inLanguage\":\"fr-FR\",\"potentialAction\":[{\"@type\":\"CommentAction\",\"name\":\"Comment\",\"target\":[\"https:\/\/energy-cities.eu\/fr\/collaborer-pour-les-villes-100-renouvelables\/#respond\"]}]},{\"@type\":\"Person\",\"@id\":\"https:\/\/energy-cities.eu\/fr\/#\/schema\/person\/f5264d91f106437f7a57fcb90fafb122\",\"name\":\"Eva Lopes\",\"image\":{\"@type\":\"ImageObject\",\"inLanguage\":\"fr-FR\",\"@id\":\"https:\/\/energy-cities.eu\/fr\/#\/schema\/person\/image\/\",\"url\":\"https:\/\/secure.gravatar.com\/avatar\/7cade72d68d67debb3c1371fb75d1281?s=96&d=mm&r=g\",\"contentUrl\":\"https:\/\/secure.gravatar.com\/avatar\/7cade72d68d67debb3c1371fb75d1281?s=96&d=mm&r=g\",\"caption\":\"Eva Lopes\"},\"sameAs\":[\"https:\/\/twitter.com\/b.karas\"],\"url\":\"https:\/\/energy-cities.eu\/fr\/staff\/e-lopes\/\"}]}<\/script>\n<!-- \/ Yoast SEO plugin. -->","yoast_head_json":{"title":"Collaborer pour les villes 100% renouvelables - Energy Cities","robots":{"index":"index","follow":"follow","max-snippet":"max-snippet:-1","max-image-preview":"max-image-preview:large","max-video-preview":"max-video-preview:-1"},"canonical":"https:\/\/energy-cities.eu\/fr\/collaborer-pour-les-villes-100-renouvelables\/","og_locale":"fr_FR","og_type":"article","og_title":"Collaborer pour les villes 100% renouvelables - Energy Cities","og_description":"Ces derni\u00e8res ann\u00e9es, les villes ont pris des mesures importantes pour devenir plus r\u00e9silientes, en particulier dans la mani\u00e8re dont elles transforment leur consommation d&rsquo;\u00e9nergie. [\u2026]","og_url":"https:\/\/energy-cities.eu\/fr\/collaborer-pour-les-villes-100-renouvelables\/","og_site_name":"Energy Cities","article_publisher":"https:\/\/www.facebook.com\/energycities.eu\/","article_published_time":"2025-02-21T10:37:30+00:00","article_modified_time":"2025-02-21T10:37:59+00:00","og_image":[{"width":1024,"height":768,"url":"https:\/\/energy-cities.eu\/wp-content\/uploads\/2025\/02\/Chaufferie_municipale_de_Besancon.jpg","type":"image\/jpeg"}],"twitter_card":"summary_large_image","twitter_creator":"@b.karas","twitter_site":"@energycities","twitter_misc":{"\u00c9crit par":"Eva Lopes","Dur\u00e9e de lecture estim\u00e9e":"3 minutes"},"schema":{"@context":"https:\/\/schema.org","@graph":[{"@type":"Organization","@id":"https:\/\/energy-cities.eu\/fr\/#organization","name":"Energy Cities","url":"https:\/\/energy-cities.eu\/fr\/","sameAs":["https:\/\/www.facebook.com\/energycities.eu\/","https:\/\/www.youtube.com\/channel\/UChIHn2wF76JzuTbAjSMs0hQ","https:\/\/fr.wikipedia.org\/wiki\/Energy_Cities","https:\/\/twitter.com\/energycities"],"logo":{"@type":"ImageObject","inLanguage":"fr-FR","@id":"https:\/\/energy-cities.eu\/fr\/#\/schema\/logo\/image\/","url":"https:\/\/energy-cities.eu\/wp-content\/uploads\/2019\/07\/energy-cities-couleur.jpg","contentUrl":"https:\/\/energy-cities.eu\/wp-content\/uploads\/2019\/07\/energy-cities-couleur.jpg","width":3508,"height":2587,"caption":"Energy Cities"},"image":{"@id":"https:\/\/energy-cities.eu\/fr\/#\/schema\/logo\/image\/"}},{"@type":"WebSite","@id":"https:\/\/energy-cities.eu\/fr\/#website","url":"https:\/\/energy-cities.eu\/fr\/","name":"Energy Cities","description":" The European learning community for future-proof cities","publisher":{"@id":"https:\/\/energy-cities.eu\/fr\/#organization"},"potentialAction":[{"@type":"SearchAction","target":{"@type":"EntryPoint","urlTemplate":"https:\/\/energy-cities.eu\/fr\/?s={search_term_string}"},"query-input":"required name=search_term_string"}],"inLanguage":"fr-FR"},{"@type":"ImageObject","inLanguage":"fr-FR","@id":"https:\/\/energy-cities.eu\/fr\/collaborer-pour-les-villes-100-renouvelables\/#primaryimage","url":"https:\/\/energy-cities.eu\/wp-content\/uploads\/2025\/02\/Chaufferie_municipale_de_Besancon.jpg","contentUrl":"https:\/\/energy-cities.eu\/wp-content\/uploads\/2025\/02\/Chaufferie_municipale_de_Besancon.jpg","width":1024,"height":768},{"@type":"WebPage","@id":"https:\/\/energy-cities.eu\/fr\/collaborer-pour-les-villes-100-renouvelables\/#webpage","url":"https:\/\/energy-cities.eu\/fr\/collaborer-pour-les-villes-100-renouvelables\/","name":"Collaborer pour les villes 100% renouvelables - Energy Cities","isPartOf":{"@id":"https:\/\/energy-cities.eu\/fr\/#website"},"primaryImageOfPage":{"@id":"https:\/\/energy-cities.eu\/fr\/collaborer-pour-les-villes-100-renouvelables\/#primaryimage"},"datePublished":"2025-02-21T10:37:30+00:00","dateModified":"2025-02-21T10:37:59+00:00","breadcrumb":{"@id":"https:\/\/energy-cities.eu\/fr\/collaborer-pour-les-villes-100-renouvelables\/#breadcrumb"},"inLanguage":"fr-FR","potentialAction":[{"@type":"ReadAction","target":["https:\/\/energy-cities.eu\/fr\/collaborer-pour-les-villes-100-renouvelables\/"]}]},{"@type":"BreadcrumbList","@id":"https:\/\/energy-cities.eu\/fr\/collaborer-pour-les-villes-100-renouvelables\/#breadcrumb","itemListElement":[{"@type":"ListItem","position":1,"name":"Home","item":"https:\/\/energy-cities.eu\/fr\/nous-sommes-un-reseau-europeen-blabla\/"},{"@type":"ListItem","position":2,"name":"Collaborer pour les villes 100% renouvelables"}]},{"@type":"Article","@id":"https:\/\/energy-cities.eu\/fr\/collaborer-pour-les-villes-100-renouvelables\/#article","isPartOf":{"@id":"https:\/\/energy-cities.eu\/fr\/collaborer-pour-les-villes-100-renouvelables\/#webpage"},"author":{"@id":"https:\/\/energy-cities.eu\/fr\/#\/schema\/person\/f5264d91f106437f7a57fcb90fafb122"},"headline":"Collaborer pour les villes 100% renouvelables","datePublished":"2025-02-21T10:37:30+00:00","dateModified":"2025-02-21T10:37:59+00:00","mainEntityOfPage":{"@id":"https:\/\/energy-cities.eu\/fr\/collaborer-pour-les-villes-100-renouvelables\/#webpage"},"wordCount":554,"commentCount":0,"publisher":{"@id":"https:\/\/energy-cities.eu\/fr\/#organization"},"image":{"@id":"https:\/\/energy-cities.eu\/fr\/collaborer-pour-les-villes-100-renouvelables\/#primaryimage"},"thumbnailUrl":"https:\/\/energy-cities.eu\/wp-content\/uploads\/2025\/02\/Chaufferie_municipale_de_Besancon.jpg","keywords":["Besancon-2025-fr"],"articleSection":["Actualit\u00e9s"],"inLanguage":"fr-FR","potentialAction":[{"@type":"CommentAction","name":"Comment","target":["https:\/\/energy-cities.eu\/fr\/collaborer-pour-les-villes-100-renouvelables\/#respond"]}]},{"@type":"Person","@id":"https:\/\/energy-cities.eu\/fr\/#\/schema\/person\/f5264d91f106437f7a57fcb90fafb122","name":"Eva Lopes","image":{"@type":"ImageObject","inLanguage":"fr-FR","@id":"https:\/\/energy-cities.eu\/fr\/#\/schema\/person\/image\/","url":"https:\/\/secure.gravatar.com\/avatar\/7cade72d68d67debb3c1371fb75d1281?s=96&d=mm&r=g","contentUrl":"https:\/\/secure.gravatar.com\/avatar\/7cade72d68d67debb3c1371fb75d1281?s=96&d=mm&r=g","caption":"Eva Lopes"},"sameAs":["https:\/\/twitter.com\/b.karas"],"url":"https:\/\/energy-cities.eu\/fr\/staff\/e-lopes\/"}]}},"coauthors":[],"tax_additional":{"categories":{"linked":["<a href=\"https:\/\/energy-cities.eu\/fr\/category\/actualites\/\" class=\"advgb-post-tax-term\">Actualit\u00e9s<\/a>"],"unlinked":["<span class=\"advgb-post-tax-term\">Actualit\u00e9s<\/span>"]},"tags":{"linked":["<a href=\"https:\/\/energy-cities.eu\/fr\/category\/actualites\/\" class=\"advgb-post-tax-term\">Besancon-2025-fr<\/a>"],"unlinked":["<span class=\"advgb-post-tax-term\">Besancon-2025-fr<\/span>"]}},"comment_count":"0","relative_dates":{"created":"Publi\u00e9 1 an il y a","modified":"Mis \u00e0 jour 1 an il y a"},"absolute_dates":{"created":"Publi\u00e9 le 21 f\u00e9vrier 2025","modified":"Mise \u00e0 jour le 21 f\u00e9vrier 2025"},"absolute_dates_time":{"created":"Publi\u00e9 le 21 f\u00e9vrier 2025 11:37  ","modified":"Mise \u00e0 jour le 21 f\u00e9vrier 2025 11:37  "},"featured_img_caption":"","_links":{"self":[{"href":"https:\/\/energy-cities.eu\/fr\/wp-json\/wp\/v2\/posts\/84615"}],"collection":[{"href":"https:\/\/energy-cities.eu\/fr\/wp-json\/wp\/v2\/posts"}],"about":[{"href":"https:\/\/energy-cities.eu\/fr\/wp-json\/wp\/v2\/types\/post"}],"author":[{"embeddable":true,"href":"https:\/\/energy-cities.eu\/fr\/wp-json\/wp\/v2\/users\/69"}],"replies":[{"embeddable":true,"href":"https:\/\/energy-cities.eu\/fr\/wp-json\/wp\/v2\/comments?post=84615"}],"version-history":[{"count":3,"href":"https:\/\/energy-cities.eu\/fr\/wp-json\/wp\/v2\/posts\/84615\/revisions"}],"predecessor-version":[{"id":84618,"href":"https:\/\/energy-cities.eu\/fr\/wp-json\/wp\/v2\/posts\/84615\/revisions\/84618"}],"wp:featuredmedia":[{"embeddable":true,"href":"https:\/\/energy-cities.eu\/fr\/wp-json\/wp\/v2\/media\/84587"}],"wp:attachment":[{"href":"https:\/\/energy-cities.eu\/fr\/wp-json\/wp\/v2\/media?parent=84615"}],"wp:term":[{"taxonomy":"category","embeddable":true,"href":"https:\/\/energy-cities.eu\/fr\/wp-json\/wp\/v2\/categories?post=84615"},{"taxonomy":"post_tag","embeddable":true,"href":"https:\/\/energy-cities.eu\/fr\/wp-json\/wp\/v2\/tags?post=84615"},{"taxonomy":"hub","embeddable":true,"href":"https:\/\/energy-cities.eu\/fr\/wp-json\/wp\/v2\/hub?post=84615"},{"taxonomy":"topic","embeddable":true,"href":"https:\/\/energy-cities.eu\/fr\/wp-json\/wp\/v2\/topic?post=84615"},{"taxonomy":"legislative_initiative","embeddable":true,"href":"https:\/\/energy-cities.eu\/fr\/wp-json\/wp\/v2\/legislative_initiative?post=84615"},{"taxonomy":"document_type","embeddable":true,"href":"https:\/\/energy-cities.eu\/fr\/wp-json\/wp\/v2\/document_type?post=84615"}],"curies":[{"name":"wp","href":"https:\/\/api.w.org\/{rel}","templated":true}]}}