{"id":85235,"date":"2025-03-24T09:48:00","date_gmt":"2025-03-24T08:48:00","guid":{"rendered":"https:\/\/energy-cities.eu\/?p=85235"},"modified":"2025-03-19T09:56:16","modified_gmt":"2025-03-19T08:56:16","slug":"quoi-de-neuf-dans-les-politiques-europeennes-sur-chauffage-et-le-refroidissement-partagez-vos-besoins","status":"publish","type":"post","link":"https:\/\/energy-cities.eu\/fr\/quoi-de-neuf-dans-les-politiques-europeennes-sur-chauffage-et-le-refroidissement-partagez-vos-besoins\/","title":{"rendered":"Quoi de neuf dans les politiques europ\u00e9ennes sur chauffage et le refroidissement ? Partagez vos besoins !"},"content":{"rendered":"\n<p>L\u2019ann\u00e9e 2025 a \u00e9t\u00e9 riche en initiatives politiques de l\u2019UE. Dans ses 100 premiers jours, la Commission europ\u00e9enne a publi\u00e9 la&nbsp;<em>Boussole de la comp\u00e9titivit\u00e9<\/em>, d\u00e9finissant les travaux politiques \u00e0 venir. Il est d\u00e9sormais confirm\u00e9 qu\u2019une Strat\u00e9gie pour le chauffage et le refroidissement sera publi\u00e9e l\u2019ann\u00e9e prochaine. Mais qu\u2019est-ce que cela signifie pour les autorit\u00e9s locales ? En quoi cela peut-il vous aider \u00e0 planifier vos syst\u00e8mes de chauffage et de refroidissement ?<\/p>\n\n\n\n<p>Alors que les autorit\u00e9s locales s\u2019efforcent de d\u00e9carboner leurs syst\u00e8mes de chauffage et de refroidissement, rester inform\u00e9 des derni\u00e8res politiques europ\u00e9ennes est essentiel. Avec des mises \u00e0 jour fr\u00e9quentes, des opportunit\u00e9s de financement et l\u2019\u00e9volution des meilleures pratiques, il peut \u00eatre difficile de suivre ce qui compte le plus.<\/p>\n\n\n\n<h2><strong>Comment pouvons-nous vous aider ?<\/strong><\/h2>\n\n\n\n<p>Energy Cities veut s\u2019assurer que vous receviez les mises \u00e0 jour les plus pertinentes sur les \u00e9volutions des politiques europ\u00e9ennes en mati\u00e8re de chauffage et de refroidissement\u2014qu\u2019il s\u2019agisse des b\u00e2timents, de la Strat\u00e9gie pour le chauffage et le refroidissement ou de la sortie des \u00e9nergies fossiles.<\/p>\n\n\n\n<p>Mais pour cela, nous avons besoin de votre avis ! De quelles informations avez-vous besoin ? Quels d\u00e9fis rencontrez-vous ? Nous r\u00e9pondrons \u00e0 vos questions les plus urgentes et vous fournirons les r\u00e9ponses les plus adapt\u00e9es.<\/p>\n\n\n\n<div class=\"wp-block-image\"><figure class=\"alignleft size-full is-resized\"><img loading=\"lazy\" src=\"https:\/\/energy-cities.eu\/wp-content\/uploads\/2025\/03\/QR-Code-Survey-1.png\" alt=\"\" class=\"wp-image-85237\" width=\"129\" height=\"129\" srcset=\"https:\/\/energy-cities.eu\/wp-content\/uploads\/2025\/03\/QR-Code-Survey-1.png 500w, https:\/\/energy-cities.eu\/wp-content\/uploads\/2025\/03\/QR-Code-Survey-1-250x250.png 250w, https:\/\/energy-cities.eu\/wp-content\/uploads\/2025\/03\/QR-Code-Survey-1-150x150.png 150w, https:\/\/energy-cities.eu\/wp-content\/uploads\/2025\/03\/QR-Code-Survey-1-300x300.png 300w\" sizes=\"(max-width: 129px) 100vw, 129px\" \/><\/figure><\/div>\n\n\n\n<p><strong><a href=\"https:\/\/docs.google.com\/forms\/d\/e\/1FAIpQLSdbH7GlR5uxt2ymaR-Db3A828RsSdH6kAcEFD2H-gEODZGD0g\/viewform\" target=\"_blank\" rel=\"noreferrer noopener\">R\u00e9pondez \u00e0 l\u2019enqu\u00eate d\u00e8s maintenant !<\/a><\/strong><\/p>\n","protected":false},"excerpt":{"rendered":"<p>L\u2019ann\u00e9e 2025 a \u00e9t\u00e9 riche en initiatives politiques de l\u2019UE. Dans ses 100 premiers jours, la Commission europ\u00e9enne a publi\u00e9 la&nbsp;Boussole de la comp\u00e9titivit\u00e9, d\u00e9finissant <a href=\"https:\/\/energy-cities.eu\/fr\/quoi-de-neuf-dans-les-politiques-europeennes-sur-chauffage-et-le-refroidissement-partagez-vos-besoins\/\">[\u2026]<\/a><\/p>\n","protected":false},"author":69,"featured_media":85228,"comment_status":"open","ping_status":"open","sticky":false,"template":"","format":"standard","meta":{"advgb_blocks_editor_width":"","advgb_blocks_columns_visual_guide":"","ub_ctt_via":""},"categories":[4],"tags":[],"hub":[308],"topic":[112,332],"legislative_initiative":[],"document_type":[],"acf":[],"author_meta":{"display_name":"Eva Lopes","author_link":"https:\/\/energy-cities.eu\/fr\/staff\/e-lopes\/"},"featured_img":"https:\/\/energy-cities.eu\/wp-content\/uploads\/2025\/03\/pexels-tom-fisk-6048394-350x232.jpg","featured_image_src":"https:\/\/energy-cities.eu\/wp-content\/uploads\/2025\/03\/pexels-tom-fisk-6048394-scaled.jpg","author_info":{"display_name":"Eva Lopes","author_link":"https:\/\/energy-cities.eu\/fr\/staff\/e-lopes\/"},"yoast_head":"<!-- This site is optimized with the Yoast SEO plugin v18.8 - https:\/\/yoast.com\/wordpress\/plugins\/seo\/ -->\n<title>Quoi de neuf dans les politiques europ\u00e9ennes sur chauffage et le refroidissement ? Partagez vos besoins ! - Energy Cities<\/title>\n<meta name=\"robots\" content=\"index, follow, max-snippet:-1, max-image-preview:large, max-video-preview:-1\" \/>\n<link rel=\"canonical\" href=\"https:\/\/energy-cities.eu\/fr\/quoi-de-neuf-dans-les-politiques-europeennes-sur-chauffage-et-le-refroidissement-partagez-vos-besoins\/\" \/>\n<meta property=\"og:locale\" content=\"fr_FR\" \/>\n<meta property=\"og:type\" content=\"article\" \/>\n<meta property=\"og:title\" content=\"Quoi de neuf dans les politiques europ\u00e9ennes sur chauffage et le refroidissement ? Partagez vos besoins ! - Energy Cities\" \/>\n<meta property=\"og:description\" content=\"L\u2019ann\u00e9e 2025 a \u00e9t\u00e9 riche en initiatives politiques de l\u2019UE. Dans ses 100 premiers jours, la Commission europ\u00e9enne a publi\u00e9 la&nbsp;Boussole de la comp\u00e9titivit\u00e9, d\u00e9finissant [\u2026]\" \/>\n<meta property=\"og:url\" content=\"https:\/\/energy-cities.eu\/fr\/quoi-de-neuf-dans-les-politiques-europeennes-sur-chauffage-et-le-refroidissement-partagez-vos-besoins\/\" \/>\n<meta property=\"og:site_name\" content=\"Energy Cities\" \/>\n<meta property=\"article:publisher\" content=\"https:\/\/www.facebook.com\/energycities.eu\/\" \/>\n<meta property=\"article:published_time\" content=\"2025-03-24T08:48:00+00:00\" \/>\n<meta property=\"article:modified_time\" content=\"2025-03-19T08:56:16+00:00\" \/>\n<meta property=\"og:image\" content=\"https:\/\/energy-cities.eu\/wp-content\/uploads\/2025\/03\/pexels-tom-fisk-6048394-scaled.jpg\" \/>\n\t<meta property=\"og:image:width\" content=\"2560\" \/>\n\t<meta property=\"og:image:height\" content=\"1700\" \/>\n\t<meta property=\"og:image:type\" content=\"image\/jpeg\" \/>\n<meta name=\"twitter:card\" content=\"summary_large_image\" \/>\n<meta name=\"twitter:creator\" content=\"@b.karas\" \/>\n<meta name=\"twitter:site\" content=\"@energycities\" \/>\n<meta name=\"twitter:label1\" content=\"\u00c9crit par\" \/>\n\t<meta name=\"twitter:data1\" content=\"Eva Lopes\" \/>\n\t<meta name=\"twitter:label2\" content=\"Dur\u00e9e de lecture estim\u00e9e\" \/>\n\t<meta name=\"twitter:data2\" content=\"2 minutes\" \/>\n<script type=\"application\/ld+json\" class=\"yoast-schema-graph\">{\"@context\":\"https:\/\/schema.org\",\"@graph\":[{\"@type\":\"Organization\",\"@id\":\"https:\/\/energy-cities.eu\/fr\/#organization\",\"name\":\"Energy Cities\",\"url\":\"https:\/\/energy-cities.eu\/fr\/\",\"sameAs\":[\"https:\/\/www.facebook.com\/energycities.eu\/\",\"https:\/\/www.youtube.com\/channel\/UChIHn2wF76JzuTbAjSMs0hQ\",\"https:\/\/fr.wikipedia.org\/wiki\/Energy_Cities\",\"https:\/\/twitter.com\/energycities\"],\"logo\":{\"@type\":\"ImageObject\",\"inLanguage\":\"fr-FR\",\"@id\":\"https:\/\/energy-cities.eu\/fr\/#\/schema\/logo\/image\/\",\"url\":\"https:\/\/energy-cities.eu\/wp-content\/uploads\/2019\/07\/energy-cities-couleur.jpg\",\"contentUrl\":\"https:\/\/energy-cities.eu\/wp-content\/uploads\/2019\/07\/energy-cities-couleur.jpg\",\"width\":3508,\"height\":2587,\"caption\":\"Energy Cities\"},\"image\":{\"@id\":\"https:\/\/energy-cities.eu\/fr\/#\/schema\/logo\/image\/\"}},{\"@type\":\"WebSite\",\"@id\":\"https:\/\/energy-cities.eu\/fr\/#website\",\"url\":\"https:\/\/energy-cities.eu\/fr\/\",\"name\":\"Energy Cities\",\"description\":\" The European learning community for future-proof cities\",\"publisher\":{\"@id\":\"https:\/\/energy-cities.eu\/fr\/#organization\"},\"potentialAction\":[{\"@type\":\"SearchAction\",\"target\":{\"@type\":\"EntryPoint\",\"urlTemplate\":\"https:\/\/energy-cities.eu\/fr\/?s={search_term_string}\"},\"query-input\":\"required name=search_term_string\"}],\"inLanguage\":\"fr-FR\"},{\"@type\":\"ImageObject\",\"inLanguage\":\"fr-FR\",\"@id\":\"https:\/\/energy-cities.eu\/fr\/quoi-de-neuf-dans-les-politiques-europeennes-sur-chauffage-et-le-refroidissement-partagez-vos-besoins\/#primaryimage\",\"url\":\"https:\/\/energy-cities.eu\/wp-content\/uploads\/2025\/03\/pexels-tom-fisk-6048394-scaled.jpg\",\"contentUrl\":\"https:\/\/energy-cities.eu\/wp-content\/uploads\/2025\/03\/pexels-tom-fisk-6048394-scaled.jpg\",\"width\":2560,\"height\":1700},{\"@type\":\"WebPage\",\"@id\":\"https:\/\/energy-cities.eu\/fr\/quoi-de-neuf-dans-les-politiques-europeennes-sur-chauffage-et-le-refroidissement-partagez-vos-besoins\/#webpage\",\"url\":\"https:\/\/energy-cities.eu\/fr\/quoi-de-neuf-dans-les-politiques-europeennes-sur-chauffage-et-le-refroidissement-partagez-vos-besoins\/\",\"name\":\"Quoi de neuf dans les politiques europ\u00e9ennes sur chauffage et le refroidissement ? Partagez vos besoins ! - Energy Cities\",\"isPartOf\":{\"@id\":\"https:\/\/energy-cities.eu\/fr\/#website\"},\"primaryImageOfPage\":{\"@id\":\"https:\/\/energy-cities.eu\/fr\/quoi-de-neuf-dans-les-politiques-europeennes-sur-chauffage-et-le-refroidissement-partagez-vos-besoins\/#primaryimage\"},\"datePublished\":\"2025-03-24T08:48:00+00:00\",\"dateModified\":\"2025-03-19T08:56:16+00:00\",\"breadcrumb\":{\"@id\":\"https:\/\/energy-cities.eu\/fr\/quoi-de-neuf-dans-les-politiques-europeennes-sur-chauffage-et-le-refroidissement-partagez-vos-besoins\/#breadcrumb\"},\"inLanguage\":\"fr-FR\",\"potentialAction\":[{\"@type\":\"ReadAction\",\"target\":[\"https:\/\/energy-cities.eu\/fr\/quoi-de-neuf-dans-les-politiques-europeennes-sur-chauffage-et-le-refroidissement-partagez-vos-besoins\/\"]}]},{\"@type\":\"BreadcrumbList\",\"@id\":\"https:\/\/energy-cities.eu\/fr\/quoi-de-neuf-dans-les-politiques-europeennes-sur-chauffage-et-le-refroidissement-partagez-vos-besoins\/#breadcrumb\",\"itemListElement\":[{\"@type\":\"ListItem\",\"position\":1,\"name\":\"Home\",\"item\":\"https:\/\/energy-cities.eu\/fr\/nous-sommes-un-reseau-europeen-blabla\/\"},{\"@type\":\"ListItem\",\"position\":2,\"name\":\"Quoi de neuf dans les politiques europ\u00e9ennes sur chauffage et le refroidissement ? Partagez vos besoins !\"}]},{\"@type\":\"Article\",\"@id\":\"https:\/\/energy-cities.eu\/fr\/quoi-de-neuf-dans-les-politiques-europeennes-sur-chauffage-et-le-refroidissement-partagez-vos-besoins\/#article\",\"isPartOf\":{\"@id\":\"https:\/\/energy-cities.eu\/fr\/quoi-de-neuf-dans-les-politiques-europeennes-sur-chauffage-et-le-refroidissement-partagez-vos-besoins\/#webpage\"},\"author\":{\"@id\":\"https:\/\/energy-cities.eu\/fr\/#\/schema\/person\/f5264d91f106437f7a57fcb90fafb122\"},\"headline\":\"Quoi de neuf dans les politiques europ\u00e9ennes sur chauffage et le refroidissement ? Partagez vos besoins !\",\"datePublished\":\"2025-03-24T08:48:00+00:00\",\"dateModified\":\"2025-03-19T08:56:16+00:00\",\"mainEntityOfPage\":{\"@id\":\"https:\/\/energy-cities.eu\/fr\/quoi-de-neuf-dans-les-politiques-europeennes-sur-chauffage-et-le-refroidissement-partagez-vos-besoins\/#webpage\"},\"wordCount\":257,\"commentCount\":0,\"publisher\":{\"@id\":\"https:\/\/energy-cities.eu\/fr\/#organization\"},\"image\":{\"@id\":\"https:\/\/energy-cities.eu\/fr\/quoi-de-neuf-dans-les-politiques-europeennes-sur-chauffage-et-le-refroidissement-partagez-vos-besoins\/#primaryimage\"},\"thumbnailUrl\":\"https:\/\/energy-cities.eu\/wp-content\/uploads\/2025\/03\/pexels-tom-fisk-6048394-scaled.jpg\",\"articleSection\":[\"Actualit\u00e9s\"],\"inLanguage\":\"fr-FR\",\"potentialAction\":[{\"@type\":\"CommentAction\",\"name\":\"Comment\",\"target\":[\"https:\/\/energy-cities.eu\/fr\/quoi-de-neuf-dans-les-politiques-europeennes-sur-chauffage-et-le-refroidissement-partagez-vos-besoins\/#respond\"]}]},{\"@type\":\"Person\",\"@id\":\"https:\/\/energy-cities.eu\/fr\/#\/schema\/person\/f5264d91f106437f7a57fcb90fafb122\",\"name\":\"Eva Lopes\",\"image\":{\"@type\":\"ImageObject\",\"inLanguage\":\"fr-FR\",\"@id\":\"https:\/\/energy-cities.eu\/fr\/#\/schema\/person\/image\/\",\"url\":\"https:\/\/secure.gravatar.com\/avatar\/7cade72d68d67debb3c1371fb75d1281?s=96&d=mm&r=g\",\"contentUrl\":\"https:\/\/secure.gravatar.com\/avatar\/7cade72d68d67debb3c1371fb75d1281?s=96&d=mm&r=g\",\"caption\":\"Eva Lopes\"},\"sameAs\":[\"https:\/\/twitter.com\/b.karas\"],\"url\":\"https:\/\/energy-cities.eu\/fr\/staff\/e-lopes\/\"}]}<\/script>\n<!-- \/ Yoast SEO plugin. -->","yoast_head_json":{"title":"Quoi de neuf dans les politiques europ\u00e9ennes sur chauffage et le refroidissement ? Partagez vos besoins ! - Energy Cities","robots":{"index":"index","follow":"follow","max-snippet":"max-snippet:-1","max-image-preview":"max-image-preview:large","max-video-preview":"max-video-preview:-1"},"canonical":"https:\/\/energy-cities.eu\/fr\/quoi-de-neuf-dans-les-politiques-europeennes-sur-chauffage-et-le-refroidissement-partagez-vos-besoins\/","og_locale":"fr_FR","og_type":"article","og_title":"Quoi de neuf dans les politiques europ\u00e9ennes sur chauffage et le refroidissement ? Partagez vos besoins ! - Energy Cities","og_description":"L\u2019ann\u00e9e 2025 a \u00e9t\u00e9 riche en initiatives politiques de l\u2019UE. Dans ses 100 premiers jours, la Commission europ\u00e9enne a publi\u00e9 la&nbsp;Boussole de la comp\u00e9titivit\u00e9, d\u00e9finissant [\u2026]","og_url":"https:\/\/energy-cities.eu\/fr\/quoi-de-neuf-dans-les-politiques-europeennes-sur-chauffage-et-le-refroidissement-partagez-vos-besoins\/","og_site_name":"Energy Cities","article_publisher":"https:\/\/www.facebook.com\/energycities.eu\/","article_published_time":"2025-03-24T08:48:00+00:00","article_modified_time":"2025-03-19T08:56:16+00:00","og_image":[{"width":2560,"height":1700,"url":"https:\/\/energy-cities.eu\/wp-content\/uploads\/2025\/03\/pexels-tom-fisk-6048394-scaled.jpg","type":"image\/jpeg"}],"twitter_card":"summary_large_image","twitter_creator":"@b.karas","twitter_site":"@energycities","twitter_misc":{"\u00c9crit par":"Eva Lopes","Dur\u00e9e de lecture estim\u00e9e":"2 minutes"},"schema":{"@context":"https:\/\/schema.org","@graph":[{"@type":"Organization","@id":"https:\/\/energy-cities.eu\/fr\/#organization","name":"Energy Cities","url":"https:\/\/energy-cities.eu\/fr\/","sameAs":["https:\/\/www.facebook.com\/energycities.eu\/","https:\/\/www.youtube.com\/channel\/UChIHn2wF76JzuTbAjSMs0hQ","https:\/\/fr.wikipedia.org\/wiki\/Energy_Cities","https:\/\/twitter.com\/energycities"],"logo":{"@type":"ImageObject","inLanguage":"fr-FR","@id":"https:\/\/energy-cities.eu\/fr\/#\/schema\/logo\/image\/","url":"https:\/\/energy-cities.eu\/wp-content\/uploads\/2019\/07\/energy-cities-couleur.jpg","contentUrl":"https:\/\/energy-cities.eu\/wp-content\/uploads\/2019\/07\/energy-cities-couleur.jpg","width":3508,"height":2587,"caption":"Energy Cities"},"image":{"@id":"https:\/\/energy-cities.eu\/fr\/#\/schema\/logo\/image\/"}},{"@type":"WebSite","@id":"https:\/\/energy-cities.eu\/fr\/#website","url":"https:\/\/energy-cities.eu\/fr\/","name":"Energy Cities","description":" The European learning community for future-proof cities","publisher":{"@id":"https:\/\/energy-cities.eu\/fr\/#organization"},"potentialAction":[{"@type":"SearchAction","target":{"@type":"EntryPoint","urlTemplate":"https:\/\/energy-cities.eu\/fr\/?s={search_term_string}"},"query-input":"required name=search_term_string"}],"inLanguage":"fr-FR"},{"@type":"ImageObject","inLanguage":"fr-FR","@id":"https:\/\/energy-cities.eu\/fr\/quoi-de-neuf-dans-les-politiques-europeennes-sur-chauffage-et-le-refroidissement-partagez-vos-besoins\/#primaryimage","url":"https:\/\/energy-cities.eu\/wp-content\/uploads\/2025\/03\/pexels-tom-fisk-6048394-scaled.jpg","contentUrl":"https:\/\/energy-cities.eu\/wp-content\/uploads\/2025\/03\/pexels-tom-fisk-6048394-scaled.jpg","width":2560,"height":1700},{"@type":"WebPage","@id":"https:\/\/energy-cities.eu\/fr\/quoi-de-neuf-dans-les-politiques-europeennes-sur-chauffage-et-le-refroidissement-partagez-vos-besoins\/#webpage","url":"https:\/\/energy-cities.eu\/fr\/quoi-de-neuf-dans-les-politiques-europeennes-sur-chauffage-et-le-refroidissement-partagez-vos-besoins\/","name":"Quoi de neuf dans les politiques europ\u00e9ennes sur chauffage et le refroidissement ? Partagez vos besoins ! - Energy Cities","isPartOf":{"@id":"https:\/\/energy-cities.eu\/fr\/#website"},"primaryImageOfPage":{"@id":"https:\/\/energy-cities.eu\/fr\/quoi-de-neuf-dans-les-politiques-europeennes-sur-chauffage-et-le-refroidissement-partagez-vos-besoins\/#primaryimage"},"datePublished":"2025-03-24T08:48:00+00:00","dateModified":"2025-03-19T08:56:16+00:00","breadcrumb":{"@id":"https:\/\/energy-cities.eu\/fr\/quoi-de-neuf-dans-les-politiques-europeennes-sur-chauffage-et-le-refroidissement-partagez-vos-besoins\/#breadcrumb"},"inLanguage":"fr-FR","potentialAction":[{"@type":"ReadAction","target":["https:\/\/energy-cities.eu\/fr\/quoi-de-neuf-dans-les-politiques-europeennes-sur-chauffage-et-le-refroidissement-partagez-vos-besoins\/"]}]},{"@type":"BreadcrumbList","@id":"https:\/\/energy-cities.eu\/fr\/quoi-de-neuf-dans-les-politiques-europeennes-sur-chauffage-et-le-refroidissement-partagez-vos-besoins\/#breadcrumb","itemListElement":[{"@type":"ListItem","position":1,"name":"Home","item":"https:\/\/energy-cities.eu\/fr\/nous-sommes-un-reseau-europeen-blabla\/"},{"@type":"ListItem","position":2,"name":"Quoi de neuf dans les politiques europ\u00e9ennes sur chauffage et le refroidissement ? Partagez vos besoins !"}]},{"@type":"Article","@id":"https:\/\/energy-cities.eu\/fr\/quoi-de-neuf-dans-les-politiques-europeennes-sur-chauffage-et-le-refroidissement-partagez-vos-besoins\/#article","isPartOf":{"@id":"https:\/\/energy-cities.eu\/fr\/quoi-de-neuf-dans-les-politiques-europeennes-sur-chauffage-et-le-refroidissement-partagez-vos-besoins\/#webpage"},"author":{"@id":"https:\/\/energy-cities.eu\/fr\/#\/schema\/person\/f5264d91f106437f7a57fcb90fafb122"},"headline":"Quoi de neuf dans les politiques europ\u00e9ennes sur chauffage et le refroidissement ? Partagez vos besoins !","datePublished":"2025-03-24T08:48:00+00:00","dateModified":"2025-03-19T08:56:16+00:00","mainEntityOfPage":{"@id":"https:\/\/energy-cities.eu\/fr\/quoi-de-neuf-dans-les-politiques-europeennes-sur-chauffage-et-le-refroidissement-partagez-vos-besoins\/#webpage"},"wordCount":257,"commentCount":0,"publisher":{"@id":"https:\/\/energy-cities.eu\/fr\/#organization"},"image":{"@id":"https:\/\/energy-cities.eu\/fr\/quoi-de-neuf-dans-les-politiques-europeennes-sur-chauffage-et-le-refroidissement-partagez-vos-besoins\/#primaryimage"},"thumbnailUrl":"https:\/\/energy-cities.eu\/wp-content\/uploads\/2025\/03\/pexels-tom-fisk-6048394-scaled.jpg","articleSection":["Actualit\u00e9s"],"inLanguage":"fr-FR","potentialAction":[{"@type":"CommentAction","name":"Comment","target":["https:\/\/energy-cities.eu\/fr\/quoi-de-neuf-dans-les-politiques-europeennes-sur-chauffage-et-le-refroidissement-partagez-vos-besoins\/#respond"]}]},{"@type":"Person","@id":"https:\/\/energy-cities.eu\/fr\/#\/schema\/person\/f5264d91f106437f7a57fcb90fafb122","name":"Eva Lopes","image":{"@type":"ImageObject","inLanguage":"fr-FR","@id":"https:\/\/energy-cities.eu\/fr\/#\/schema\/person\/image\/","url":"https:\/\/secure.gravatar.com\/avatar\/7cade72d68d67debb3c1371fb75d1281?s=96&d=mm&r=g","contentUrl":"https:\/\/secure.gravatar.com\/avatar\/7cade72d68d67debb3c1371fb75d1281?s=96&d=mm&r=g","caption":"Eva Lopes"},"sameAs":["https:\/\/twitter.com\/b.karas"],"url":"https:\/\/energy-cities.eu\/fr\/staff\/e-lopes\/"}]}},"coauthors":[],"tax_additional":{"categories":{"linked":["<a href=\"https:\/\/energy-cities.eu\/fr\/category\/actualites\/\" class=\"advgb-post-tax-term\">Actualit\u00e9s<\/a>"],"unlinked":["<span class=\"advgb-post-tax-term\">Actualit\u00e9s<\/span>"]}},"comment_count":"0","relative_dates":{"created":"Publi\u00e9 1 an il y a","modified":"Mis \u00e0 jour 1 an il y a"},"absolute_dates":{"created":"Publi\u00e9 le 24 mars 2025","modified":"Mise \u00e0 jour le 19 mars 2025"},"absolute_dates_time":{"created":"Publi\u00e9 le 24 mars 2025 9:48  ","modified":"Mise \u00e0 jour le 19 mars 2025 9:56  "},"featured_img_caption":"","_links":{"self":[{"href":"https:\/\/energy-cities.eu\/fr\/wp-json\/wp\/v2\/posts\/85235"}],"collection":[{"href":"https:\/\/energy-cities.eu\/fr\/wp-json\/wp\/v2\/posts"}],"about":[{"href":"https:\/\/energy-cities.eu\/fr\/wp-json\/wp\/v2\/types\/post"}],"author":[{"embeddable":true,"href":"https:\/\/energy-cities.eu\/fr\/wp-json\/wp\/v2\/users\/69"}],"replies":[{"embeddable":true,"href":"https:\/\/energy-cities.eu\/fr\/wp-json\/wp\/v2\/comments?post=85235"}],"version-history":[{"count":2,"href":"https:\/\/energy-cities.eu\/fr\/wp-json\/wp\/v2\/posts\/85235\/revisions"}],"predecessor-version":[{"id":85240,"href":"https:\/\/energy-cities.eu\/fr\/wp-json\/wp\/v2\/posts\/85235\/revisions\/85240"}],"wp:featuredmedia":[{"embeddable":true,"href":"https:\/\/energy-cities.eu\/fr\/wp-json\/wp\/v2\/media\/85228"}],"wp:attachment":[{"href":"https:\/\/energy-cities.eu\/fr\/wp-json\/wp\/v2\/media?parent=85235"}],"wp:term":[{"taxonomy":"category","embeddable":true,"href":"https:\/\/energy-cities.eu\/fr\/wp-json\/wp\/v2\/categories?post=85235"},{"taxonomy":"post_tag","embeddable":true,"href":"https:\/\/energy-cities.eu\/fr\/wp-json\/wp\/v2\/tags?post=85235"},{"taxonomy":"hub","embeddable":true,"href":"https:\/\/energy-cities.eu\/fr\/wp-json\/wp\/v2\/hub?post=85235"},{"taxonomy":"topic","embeddable":true,"href":"https:\/\/energy-cities.eu\/fr\/wp-json\/wp\/v2\/topic?post=85235"},{"taxonomy":"legislative_initiative","embeddable":true,"href":"https:\/\/energy-cities.eu\/fr\/wp-json\/wp\/v2\/legislative_initiative?post=85235"},{"taxonomy":"document_type","embeddable":true,"href":"https:\/\/energy-cities.eu\/fr\/wp-json\/wp\/v2\/document_type?post=85235"}],"curies":[{"name":"wp","href":"https:\/\/api.w.org\/{rel}","templated":true}]}}