{"id":86326,"date":"2025-04-15T10:46:17","date_gmt":"2025-04-15T08:46:17","guid":{"rendered":"https:\/\/energy-cities.eu\/cities-and-citizens-in-search-for-energy-democracy\/"},"modified":"2025-04-17T10:43:49","modified_gmt":"2025-04-17T08:43:49","slug":"villes-et-citoyens-en-quete-de-democratie-energetique","status":"publish","type":"post","link":"https:\/\/energy-cities.eu\/fr\/villes-et-citoyens-en-quete-de-democratie-energetique\/","title":{"rendered":"Villes et citoyens en qu\u00eate de d\u00e9mocratie \u00e9nerg\u00e9tique : Un voyage inspirant sur le partage du pouvoir"},"content":{"rendered":"\n<p><strong>\u00ab <em>Nous avons fait le choix d\u2019accepter les conflits potentiels car nous voulons prendre de meilleures d\u00e9cisions<\/em> \u00bb, a d\u00e9clar\u00e9 Kevin Bertagnoli, adjoint au maire charg\u00e9 de la participation d\u00e9mocratique \u00e0 la ville de Besan\u00e7on, la semaine derni\u00e8re. Avec ses coll\u00e8gues des finances, de l\u2019urbanisme, de la biodiversit\u00e9 et des espaces verts, il a accueilli un groupe diversifi\u00e9 de plus de 50 d\u00e9l\u00e9gu\u00e9s de villes de toute l\u2019Europe qui avaient choisi le<a href=\"https:\/\/annualforum.energy-cities.eu\/wp-content\/uploads\/2025\/04\/Energy-Cities-Annual-Forum-2025-Journey-1.pdf\" target=\"_blank\" rel=\"noreferrer noopener\"> parcours \u00ab Engagement pour la coop\u00e9ration \u00bb<\/a> lors du Forum annuel d\u2019Energy Cities. Au cours d\u2019une journ\u00e9e compl\u00e8te le 9 avril, les participants ont eu l\u2019occasion de d\u00e9couvrir, d\u2019\u00e9changer, de r\u00e9fl\u00e9chir et de pr\u00e9voir les voies de l\u2019engagement citoyen. Qu\u2019est-ce qui a chang\u00e9 au cours des derni\u00e8res d\u00e9cennies ? Qu\u2019est-ce qui nous entrave encore ? Et peut-\u00eatre plus intrigant encore : que nous r\u00e9serve l\u2019avenir, surtout avec les nouvelles technologies comme l\u2019intelligence artificielle qui red\u00e9finissent notre mani\u00e8re de communiquer, de collaborer et m\u00eame de prendre des d\u00e9cisions ?<\/strong><\/p>\n\n\n\n<h3>Participation \u00e0 l&rsquo;urbanisme <\/h3>\n\n\n\n<div class=\"wp-block-image is-style-default\"><figure class=\"alignright size-large is-resized\"><img loading=\"lazy\" src=\"https:\/\/energy-cities.eu\/wp-content\/uploads\/2025\/04\/Journey-1-Bea-21-683x1024.jpg\" alt=\"\" class=\"wp-image-85686\" width=\"380\" height=\"569\" srcset=\"https:\/\/energy-cities.eu\/wp-content\/uploads\/2025\/04\/Journey-1-Bea-21-683x1024.jpg 683w, https:\/\/energy-cities.eu\/wp-content\/uploads\/2025\/04\/Journey-1-Bea-21-167x250.jpg 167w, https:\/\/energy-cities.eu\/wp-content\/uploads\/2025\/04\/Journey-1-Bea-21-1024x1536.jpg 1024w, https:\/\/energy-cities.eu\/wp-content\/uploads\/2025\/04\/Journey-1-Bea-21-1365x2048.jpg 1365w, https:\/\/energy-cities.eu\/wp-content\/uploads\/2025\/04\/Journey-1-Bea-21-467x700.jpg 467w, https:\/\/energy-cities.eu\/wp-content\/uploads\/2025\/04\/Journey-1-Bea-21-200x300.jpg 200w, https:\/\/energy-cities.eu\/wp-content\/uploads\/2025\/04\/Journey-1-Bea-21-333x500.jpg 333w, https:\/\/energy-cities.eu\/wp-content\/uploads\/2025\/04\/Journey-1-Bea-21-600x900.jpg 600w, https:\/\/energy-cities.eu\/wp-content\/uploads\/2025\/04\/Journey-1-Bea-21-700x1050.jpg 700w, https:\/\/energy-cities.eu\/wp-content\/uploads\/2025\/04\/Journey-1-Bea-21-scaled.jpg 1707w\" sizes=\"(max-width: 380px) 100vw, 380px\" \/><\/figure><\/div>\n\n\n\n<p>Comme l\u2019ont montr\u00e9 les r\u00e9centes \u00e9lections \u00e0 travers l\u2019Europe, il devient de plus en plus important de revenir \u00e0 l\u2019essentiel : impliquer les citoyens dans la prise de d\u00e9cision, en commen\u00e7ant par le niveau local. Nouvelles options de mobilit\u00e9, nouveaux espaces verts, nouveaux projets de logement : Besan\u00e7on, ville h\u00f4te de notre <a href=\"https:\/\/annualforum.energy-cities.eu\/\" target=\"_blank\" rel=\"noreferrer noopener\">Forum annuel 2025<\/a>, est en constante \u00e9volution et souhaite que ses citoyens et entreprises fassent partie du changement. Au cours des 5 derni\u00e8res ann\u00e9es, diff\u00e9rents d\u00e9partements ont organis\u00e9 45 consultations citoyennes impliquant plus de 10 000 r\u00e9sidents. En plus des espaces de dialogue en ligne et hors ligne permanents, la Ville et la M\u00e9tropole voient dans la participation financi\u00e8re un moyen concret d\u2019accro\u00eetre l\u2019appropriation locale des projets d\u2019int\u00e9r\u00eat public.<\/p>\n\n\n\n<p>Outre le budget participatif annuel de 250 000 \u20ac, les citoyens ont r\u00e9cemment eu l\u2019occasion d\u2019investir leur argent dans la r\u00e9novation d\u2019un refuge et centre de soutien pour femmes d\u2019une valeur de 1,7 million d\u2019euros. La campagne de crowdlending avec un int\u00e9r\u00eat de pr\u00eat de 4 % garanti sur 4 ans sur la <a href=\"https:\/\/villyz.fr\/projets\/maison-des-femmes-231\" target=\"_blank\" rel=\"noreferrer noopener\">plateforme Villyz<\/a> a \u00e9t\u00e9 un grand succ\u00e8s : en l\u2019espace de 2 semaines, le projet a collect\u00e9 400 000 \u20ac. Le seuil de 700 000 \u20ac a \u00e9t\u00e9 atteint au bout de seulement 2 mois. 320 personnes avaient investi entre 5 et 4 000 \u20ac.<\/p>\n\n\n\n<p>Lors d\u2019une visite ensoleill\u00e9e du projet de d\u00e9veloppement de la Grette Brulard, les participants ont pu d\u00e9couvrir comment <strong>l\u2019urbanisme transitoire peut \u00eatre un moyen efficace de valoriser les terrains et aider les citoyens \u00e0 mieux appr\u00e9cier les changements<\/strong> dans l\u2019environnement b\u00e2ti. Le projet, qui est pr\u00e9-v\u00e9g\u00e9talis\u00e9 de mani\u00e8re innovante et \u00e9conome en ressources, vise \u00e0 transformer un site de 25 hectares en 600 logements.<\/p>\n\n\n\n<h3>La participation aux d\u00e9cisions \u00e9nerg\u00e9tiques est importante<\/h3>\n\n\n\n<p>Les premiers projets d\u2019Energy Cities sur la participation citoyenne dans les ann\u00e9es 2000 avaient un objectif : rendre la consommation d\u2019\u00e9nergie visible et compr\u00e9hensible. Nous r\u00eavions de voir les gens s\u2019impliquer directement dans la planification ou la production \u00e9nerg\u00e9tique.<\/p>\n\n\n\n<p>Heureusement, les ambitions, les pratiques et la l\u00e9gislation ont beaucoup chang\u00e9 depuis, et l\u2019atelier t\u00e9moignage de l\u2019apr\u00e8s-midi \u00ab Histoires de villes sur l\u2019engagement des citoyens dans la transition \u00e9nerg\u00e9tique \u00bb a refl\u00e9t\u00e9 de nouvelles fa\u00e7ons de faire. La mod\u00e9ratrice Miriam Eisermann et les trois pan\u00e9listes ont pr\u00e9sent\u00e9 au public un <strong>large \u00e9ventail de m\u00e9thodes et d\u2019outils efficaces et centr\u00e9s sur l\u2019humain disponibles<\/strong> : des plateformes en ligne et des cartes solaires aux campagnes municipales pour le \u00ab droit \u00e0 l\u2019\u00e9nergie \u00bb et aux communaut\u00e9s \u00e9nerg\u00e9tiques.<\/p>\n\n\n\n<div class=\"wp-block-image is-style-default\"><figure class=\"aligncenter size-large is-resized\"><img loading=\"lazy\" src=\"https:\/\/energy-cities.eu\/wp-content\/uploads\/2025\/04\/Journey-1-afternoon-2-1024x768.jpg\" alt=\"\" class=\"wp-image-85688\" width=\"830\" height=\"623\" srcset=\"https:\/\/energy-cities.eu\/wp-content\/uploads\/2025\/04\/Journey-1-afternoon-2-1024x768.jpg 1024w, https:\/\/energy-cities.eu\/wp-content\/uploads\/2025\/04\/Journey-1-afternoon-2-333x250.jpg 333w, https:\/\/energy-cities.eu\/wp-content\/uploads\/2025\/04\/Journey-1-afternoon-2-1536x1152.jpg 1536w, https:\/\/energy-cities.eu\/wp-content\/uploads\/2025\/04\/Journey-1-afternoon-2-700x525.jpg 700w, https:\/\/energy-cities.eu\/wp-content\/uploads\/2025\/04\/Journey-1-afternoon-2-400x300.jpg 400w, https:\/\/energy-cities.eu\/wp-content\/uploads\/2025\/04\/Journey-1-afternoon-2-667x500.jpg 667w, https:\/\/energy-cities.eu\/wp-content\/uploads\/2025\/04\/Journey-1-afternoon-2-1200x900.jpg 1200w, https:\/\/energy-cities.eu\/wp-content\/uploads\/2025\/04\/Journey-1-afternoon-2.jpg 2048w\" sizes=\"(max-width: 830px) 100vw, 830px\" \/><\/figure><\/div>\n\n\n\n<p>L\u2019une d\u2019entre elles \u00e9tait <strong>Anne-Marie Zwanink<\/strong>, responsable principale de projet et conseill\u00e8re en engagement strat\u00e9gique \u00e0 la ville d\u2019Utrecht (Pays-Bas). Elle a partag\u00e9 le d\u00e9fi \u00ab <a href=\"https:\/\/energy-cities.eu\/wp-content\/uploads\/2024\/07\/Cradletograve-Utrecht-Energy-Cities-Forum-Valencia-june-2024.pdf\" target=\"_blank\" rel=\"noreferrer noopener\">Exp\u00e9dition Chaleur<\/a> \u00bb, gr\u00e2ce auquel sa ville a invit\u00e9 les organisations de la soci\u00e9t\u00e9 civile \u00e0 sugg\u00e9rer leur propre strat\u00e9gie de sortie du gaz. Les candidats s\u00e9lectionn\u00e9s ont ensuite re\u00e7u une formation sur la transition \u00e9nerg\u00e9tique et sur la mani\u00e8re de s\u2019organiser concr\u00e8tement pour une action communautaire.<\/p>\n\n\n\n<p>Anne-Marie et son homologue <strong>Corentin Girard<\/strong>, coordinateur du domaine de l\u2019\u00e9nergie \u00e0 <a href=\"https:\/\/climaienergia.com\/en\/\" target=\"_blank\" rel=\"noreferrer noopener\">Valencia Clima i Energia<\/a> en Espagne, ont soulign\u00e9 la n\u00e9cessit\u00e9 de <strong>mobiliser les citoyens dans le quartier auquel ils sont le plus attach\u00e9s. <\/strong>La ville de Valence a mis en place des bureaux de l\u2019\u00e9nergie dans plusieurs districts. Ces guichets uniques sont des lieux de r\u00e9f\u00e9rence pour les citoyens o\u00f9 des conseils peuvent \u00eatre donn\u00e9s et des suggestions des \u00ab utilisateurs de la ville \u00bb peuvent \u00eatre recueillies. Et plus encore : Corentin constate \u00e0 quel point les habitants de Valence <strong>appr\u00e9cient les liens sociaux<\/strong> qui se renforcent lors des ateliers sur l\u2019\u00e9nergie ou des activit\u00e9s communautaires autour des \u00e9nergies renouvelables.<\/p>\n\n\n\n<p>Comme une bonne participation n\u00e9cessite des facilitateurs neutres, il a \u00e9t\u00e9 int\u00e9ressant d\u2019entendre \u00e9galement <strong>Judith Ferrando<\/strong>, co-directrice de <a href=\"https:\/\/missionspubliques.org\/\" target=\"_blank\" rel=\"noreferrer noopener\">Missions Publiques<\/a>. L\u2019organisation de Judith fournit un accompagnement expert et assure un processus bien structur\u00e9 lorsque des d\u00e9marches d\u2019engagement citoyen doivent \u00eatre lanc\u00e9es dans une ville. Missions Publiques a g\u00e9r\u00e9 l\u2019Assembl\u00e9e permanente (annuelle) des citoyens dans la R\u00e9gion de Bruxelles-Capitale. Sur la base de son exp\u00e9rience, Judith a compl\u00e9t\u00e9 les d\u00e9clarations de ses co-pan\u00e9listes municipaux, en insistant sur la n\u00e9cessit\u00e9 d\u2019augmenter encore la culture \u00e9nerg\u00e9tique des citoyens tout en osant exp\u00e9rimenter des m\u00e9thodes participatives sp\u00e9cifiquement adapt\u00e9es \u00e0 chaque zone.<\/p>\n\n\n\n<p>Sans surprise, l<strong>\u2019inclusivit\u00e9 est un d\u00e9fi<\/strong> qui a \u00e9t\u00e9 mentionn\u00e9 par tous les participants. Ils ont convenu qu\u2019il fallait mettre un accent particulier sur la n\u00e9cessit\u00e9 de rendre les informations accessibles, d\u2019adapter les ateliers \u00e0 la r\u00e9alit\u00e9 des gens et de choisir des sujets pertinents pour tous. Et si nous utilisions l\u2019IA pour \u00e9largir la participation ?<\/p>\n\n\n\n<div class=\"wp-block-image is-style-default light-orange-message\"><figure class=\"aligncenter size-large is-resized\"><img loading=\"lazy\" src=\"https:\/\/energy-cities.eu\/wp-content\/uploads\/2025\/04\/J1_Chatgpt_AI-1024x399.jpg\" alt=\"\" class=\"wp-image-85699\" width=\"680\" height=\"265\" srcset=\"https:\/\/energy-cities.eu\/wp-content\/uploads\/2025\/04\/J1_Chatgpt_AI-1024x399.jpg 1024w, https:\/\/energy-cities.eu\/wp-content\/uploads\/2025\/04\/J1_Chatgpt_AI-350x136.jpg 350w, https:\/\/energy-cities.eu\/wp-content\/uploads\/2025\/04\/J1_Chatgpt_AI-700x272.jpg 700w, https:\/\/energy-cities.eu\/wp-content\/uploads\/2025\/04\/J1_Chatgpt_AI.jpg 1287w\" sizes=\"(max-width: 680px) 100vw, 680px\" \/><\/figure><\/div>\n\n\n\n<h3>IA: espoir ou engouement ?<\/h3>\n\n\n\n<p>L\u2019engagement avec les citoyens peut \u00eatre accablant. C\u2019est l\u00e0 que l\u2019IA entre en jeu, offrant des outils pour automatiser, analyser, traduire ou adapter les contributions.<\/p>\n\n\n\n<p>Gr\u00e2ce \u00e0 une d\u00e9claration vid\u00e9o de <strong>Christos Porios<\/strong>, fondateur d\u2019<a href=\"https:\/\/www.helidonifoundation.org\/programs\/schema-labs\" target=\"_blank\" rel=\"noreferrer noopener\">OpenCouncil<\/a> en Gr\u00e8ce, nous avons ouvert le d\u00e9bat sur les opportunit\u00e9s et les risques pour la d\u00e9mocratie \u00e9nerg\u00e9tique avec les nouvelles technologies et l\u2019IA. L\u2019entreprise \u00e0 but non lucratif de Christos fournit aux gouvernements locaux un ensemble d\u2019outils pour soutenir la prise de d\u00e9cision. OpenCouncil prend l\u2019ordre du jour et les comptes rendus des r\u00e9unions du conseil, les r\u00e9sume par sujet et les met \u00e0 disposition dans diff\u00e9rents formats (y compris sur TikTok). Le logiciel envoie \u00e9galement des r\u00e9sum\u00e9s concis via WhatsApp pour inviter les citoyens \u00e0 partager leurs r\u00e9flexions. L\u2019id\u00e9e est de r\u00e9duire les barri\u00e8res \u00e0 la participation. Les citoyens obtiennent les informations dont ils ont besoin pour s\u2019engager de mani\u00e8re significative aupr\u00e8s de leur gouvernement local.<\/p>\n\n\n\n<p>Le temps \u00e9tait trop court pour approfondir ce sujet fascinant. Mais tous les participants ont convenu que nous devons utiliser l\u2019IA pour am\u00e9liorer, et non remplacer, l\u2019interaction humaine : nous devons nous assurer que la technologie am\u00e9liore l\u2019inclusivit\u00e9 plut\u00f4t que de cr\u00e9er de nouvelles barri\u00e8res. Tout le monde n\u2019a pas un acc\u00e8s \u00e9gal aux outils num\u00e9riques, et l\u2019engagement en personne reste crucial.<\/p>\n\n\n\n<h3><br>Lever les barri\u00e8res invisibles<\/h3>\n\n\n\n<p>Nous pourrions penser que la participation est devenue la norme dans la plupart des gouvernements locaux. Et m\u00eame si nous pouvons en trouver des \u00e9l\u00e9ments dans de nombreux endroits aujourd\u2019hui, des barri\u00e8res \u00e0 des politiques v\u00e9ritablement d\u00e9mocratiques et \u00e0 la copropri\u00e9t\u00e9 des syst\u00e8mes \u00e9nerg\u00e9tiques locaux demeurent une r\u00e9alit\u00e9.<br>C\u2019est pourquoi nous avons termin\u00e9 la journ\u00e9e en examinant un ensemble de d\u00e9fis soulev\u00e9s par les participants :<br><\/p>\n\n\n\n<ul><li><strong>Ville de Marburg, Allemagne : <\/strong>Comment impliquer au mieux les grands acteurs locaux (comme l\u2019universit\u00e9, l\u2019h\u00f4pital et le centre pharmaceutique) dans les processus de gouvernance climatique ?<\/li><li><strong>Ville de Grenoble, France:<\/strong> Avec quelles m\u00e9thodes pouvons-nous garantir que le personnel des b\u00e2timents municipaux adopte des mesures de sobri\u00e9t\u00e9 \u00e0 long terme ?<\/li><li><strong>Ville de Bruxelles, Belgique:<\/strong> <strong>: <\/strong>Comment construire et encourager la coop\u00e9ration entre nos propres d\u00e9partements municipaux pour d\u00e9velopper un projet de communaut\u00e9 \u00e9nerg\u00e9tique ?<\/li><li><strong><a href=\"https:\/\/cler.org\/\" target=\"_blank\" rel=\"noreferrer noopener\">R\u00e9seau CLER<\/a>, France:<\/strong> Comment diversifier le public participant aux projets citoyens pour attirer plus que des retrait\u00e9s ?<\/li><\/ul>\n\n\n\n<p>Les discussions de groupe autour de chacun de ces d\u00e9fis ont \u00e9t\u00e9 tr\u00e8s anim\u00e9es, et les participants ont apport\u00e9 leurs propres r\u00e9flexions individuelles sur le sujet apr\u00e8s avoir explor\u00e9 le point de d\u00e9part du challenger. Tous les d\u00e9fis ont r\u00e9v\u00e9l\u00e9 que nous devons mieux comprendre les besoins des parties prenantes locales et comment ils peuvent s\u2019aligner avec les priorit\u00e9s de la ville. Une <strong>approche des activit\u00e9s d\u2019engagement<\/strong> <strong>en prenant en compte l\u2019exp\u00e9rience des utilisateurs (UX approach) <\/strong>pourrait \u00eatre efficace. Le succ\u00e8s n\u00e9cessite \u00e9galement que les \u00e9quipes municipales consacrent du temps et des ressources humaines pour discuter avec les gens d\u00e8s les premi\u00e8res phases, comprendre leurs besoins et, en fin de compte, \u00e9laborer de bonnes solutions avec et pour eux.<\/p>\n\n\n\n<div class=\"wp-block-columns\">\n<div class=\"wp-block-column\">\n<figure class=\"wp-block-image size-large is-style-default\"><img loading=\"lazy\" width=\"1024\" height=\"576\" src=\"https:\/\/energy-cities.eu\/wp-content\/uploads\/2025\/04\/20250409_154018-1-1024x576.jpg\" alt=\"\" class=\"wp-image-85743\" srcset=\"https:\/\/energy-cities.eu\/wp-content\/uploads\/2025\/04\/20250409_154018-1-1024x576.jpg 1024w, https:\/\/energy-cities.eu\/wp-content\/uploads\/2025\/04\/20250409_154018-1-350x197.jpg 350w, https:\/\/energy-cities.eu\/wp-content\/uploads\/2025\/04\/20250409_154018-1-1536x864.jpg 1536w, https:\/\/energy-cities.eu\/wp-content\/uploads\/2025\/04\/20250409_154018-1-2048x1152.jpg 2048w, https:\/\/energy-cities.eu\/wp-content\/uploads\/2025\/04\/20250409_154018-1-700x394.jpg 700w, https:\/\/energy-cities.eu\/wp-content\/uploads\/2025\/04\/20250409_154018-1-533x300.jpg 533w, https:\/\/energy-cities.eu\/wp-content\/uploads\/2025\/04\/20250409_154018-1-1600x900.jpg 1600w\" sizes=\"(max-width: 1024px) 100vw, 1024px\" \/><\/figure>\n<\/div>\n\n\n\n<div class=\"wp-block-column\">\n<figure class=\"wp-block-image size-large is-style-default\"><img loading=\"lazy\" width=\"1024\" height=\"576\" src=\"https:\/\/energy-cities.eu\/wp-content\/uploads\/2025\/04\/20250409_154040-2-1024x576.jpg\" alt=\"\" class=\"wp-image-85746\" srcset=\"https:\/\/energy-cities.eu\/wp-content\/uploads\/2025\/04\/20250409_154040-2-1024x576.jpg 1024w, https:\/\/energy-cities.eu\/wp-content\/uploads\/2025\/04\/20250409_154040-2-350x197.jpg 350w, https:\/\/energy-cities.eu\/wp-content\/uploads\/2025\/04\/20250409_154040-2-1536x864.jpg 1536w, https:\/\/energy-cities.eu\/wp-content\/uploads\/2025\/04\/20250409_154040-2-2048x1152.jpg 2048w, https:\/\/energy-cities.eu\/wp-content\/uploads\/2025\/04\/20250409_154040-2-700x394.jpg 700w, https:\/\/energy-cities.eu\/wp-content\/uploads\/2025\/04\/20250409_154040-2-533x300.jpg 533w, https:\/\/energy-cities.eu\/wp-content\/uploads\/2025\/04\/20250409_154040-2-1600x900.jpg 1600w\" sizes=\"(max-width: 1024px) 100vw, 1024px\" \/><\/figure>\n<\/div>\n\n\n\n<div class=\"wp-block-column\">\n<figure class=\"wp-block-image size-large is-style-default\"><img loading=\"lazy\" width=\"1024\" height=\"576\" src=\"https:\/\/energy-cities.eu\/wp-content\/uploads\/2025\/04\/20250409_154050-1-1024x576.jpg\" alt=\"\" class=\"wp-image-85748\" srcset=\"https:\/\/energy-cities.eu\/wp-content\/uploads\/2025\/04\/20250409_154050-1-1024x576.jpg 1024w, https:\/\/energy-cities.eu\/wp-content\/uploads\/2025\/04\/20250409_154050-1-350x197.jpg 350w, https:\/\/energy-cities.eu\/wp-content\/uploads\/2025\/04\/20250409_154050-1-1536x864.jpg 1536w, https:\/\/energy-cities.eu\/wp-content\/uploads\/2025\/04\/20250409_154050-1-2048x1152.jpg 2048w, https:\/\/energy-cities.eu\/wp-content\/uploads\/2025\/04\/20250409_154050-1-700x394.jpg 700w, https:\/\/energy-cities.eu\/wp-content\/uploads\/2025\/04\/20250409_154050-1-533x300.jpg 533w, https:\/\/energy-cities.eu\/wp-content\/uploads\/2025\/04\/20250409_154050-1-1600x900.jpg 1600w\" sizes=\"(max-width: 1024px) 100vw, 1024px\" \/><\/figure>\n<\/div>\n<\/div>\n\n\n\n<p><strong>Au total, plus de 280 participants ont c\u00e9l\u00e9br\u00e9 le 35e anniversaire d\u2019Energy Cities lors du <a href=\"https:\/\/annualforum.energy-cities.eu\/informations\/\" target=\"_blank\" rel=\"noreferrer noopener\">Forum annuel \u00e0 Besan\u00e7on.<\/a> Quel que soit le parcours th\u00e9matique qu\u2019ils avaient choisi le premier jour ou l\u2019atelier auquel ils avaient particip\u00e9 le deuxi\u00e8me jour, tous ont convenu que la devise de la conf\u00e9rence \u00ab tisser des liens \u00bb n\u00e9cessite deux ingr\u00e9dients cl\u00e9s : l\u2019amour des gens pour leur ville et la confiance entre toutes les parties impliqu\u00e9es dans les projets urbains.<\/strong><\/p>\n\n\n\n<p class=\"has-background\" style=\"background-color:#c9dde8\">\ud83d\udcd6<strong>En savoir plus:<\/strong><br>\u2022 <a href=\"https:\/\/energy-cities.eu\/fr\/publication\/assemblees-citoyennes-locales-sur-climat-et-energie\/\" target=\"_blank\" rel=\"noreferrer noopener\">Assembl\u00e9e locales de citoyens sur le climat et l&rsquo;\u00e9nergie<\/a><br>\u2022 <a href=\"https:\/\/energy-cities.eu\/empathy-in-action-a-serious-game-for-inclusive-energy-communities\/\" target=\"_blank\" rel=\"noreferrer noopener\">Empathy in Action \u2013 Un jeu s\u00e9rieux pour des communaut\u00e9s \u00e9nerg\u00e9tiques inclusives (SSH) &#8211; en anglais<\/a><br>\u2022 <a href=\"https:\/\/energy-cities.eu\/fr\/publication\/une-carte-de-demain\/\" target=\"_blank\" rel=\"noreferrer noopener\">Une carte de demain<\/a><br>\u2022 <a href=\"https:\/\/energy-cities.eu\/wp-content\/uploads\/2020\/05\/HafRobison_LAs-and-citizen-participation_published.pdf\">How Local Authorities can encourage citizen participation in energy transition<\/a><\/p>\n","protected":false},"excerpt":{"rendered":"<p>Pendant une journ\u00e9e enti\u00e8re, le 9 avril, les participants ont eu l&rsquo;occasion de d\u00e9couvrir, d&rsquo;\u00e9changer, de r\u00e9fl\u00e9chir et de pr\u00e9voir les voies de l&rsquo;engagement citoyen. Qu&rsquo;est-ce qui a chang\u00e9 au cours des derni\u00e8res d\u00e9cennies ? Qu&rsquo;est-ce qui nous emp\u00eache encore d&rsquo;avancer ? Et peut-\u00eatre plus intriguant encore : que nous r\u00e9serve l&rsquo;avenir, en particulier avec les nouvelles technologies telles que l&rsquo;intelligence artificielle qui remod\u00e8lent notre fa\u00e7on de communiquer, de collaborer et m\u00eame de prendre des d\u00e9cisions ?<\/p>\n","protected":false},"author":25,"featured_media":85710,"comment_status":"open","ping_status":"open","sticky":false,"template":"","format":"standard","meta":{"advgb_blocks_editor_width":"","advgb_blocks_columns_visual_guide":"","ub_ctt_via":""},"categories":[4],"tags":[533],"hub":[310,306],"topic":[82,108,109],"legislative_initiative":[],"document_type":[],"acf":[],"author_meta":{"display_name":"Miriam Eisermann","author_link":"https:\/\/energy-cities.eu\/fr\/staff\/m-eisermann\/"},"featured_img":"https:\/\/energy-cities.eu\/wp-content\/uploads\/2025\/04\/getty-images-HPiq6ScjE6I-unsplash-167x250.jpg","featured_image_src":"https:\/\/energy-cities.eu\/wp-content\/uploads\/2025\/04\/getty-images-HPiq6ScjE6I-unsplash-scaled.jpg","author_info":{"display_name":"Miriam Eisermann","author_link":"https:\/\/energy-cities.eu\/fr\/staff\/m-eisermann\/"},"yoast_head":"<!-- This site is optimized with the Yoast SEO plugin v18.8 - https:\/\/yoast.com\/wordpress\/plugins\/seo\/ -->\n<title>Villes et citoyens en qu\u00eate de d\u00e9mocratie \u00e9nerg\u00e9tique : Un voyage inspirant sur le partage du pouvoir - Energy Cities<\/title>\n<meta name=\"robots\" content=\"index, follow, max-snippet:-1, max-image-preview:large, max-video-preview:-1\" \/>\n<link rel=\"canonical\" href=\"https:\/\/energy-cities.eu\/fr\/villes-et-citoyens-en-quete-de-democratie-energetique\/\" \/>\n<meta property=\"og:locale\" content=\"fr_FR\" \/>\n<meta property=\"og:type\" content=\"article\" \/>\n<meta property=\"og:title\" content=\"Villes et citoyens en qu\u00eate de d\u00e9mocratie \u00e9nerg\u00e9tique : Un voyage inspirant sur le partage du pouvoir - Energy Cities\" \/>\n<meta property=\"og:description\" content=\"Pendant une journ\u00e9e enti\u00e8re, le 9 avril, les participants ont eu l&#039;occasion de d\u00e9couvrir, d&#039;\u00e9changer, de r\u00e9fl\u00e9chir et de pr\u00e9voir les voies de l&#039;engagement citoyen. Qu&#039;est-ce qui a chang\u00e9 au cours des derni\u00e8res d\u00e9cennies ? Qu&#039;est-ce qui nous emp\u00eache encore d&#039;avancer ? Et peut-\u00eatre plus intriguant encore : que nous r\u00e9serve l&#039;avenir, en particulier avec les nouvelles technologies telles que l&#039;intelligence artificielle qui remod\u00e8lent notre fa\u00e7on de communiquer, de collaborer et m\u00eame de prendre des d\u00e9cisions ?\" \/>\n<meta property=\"og:url\" content=\"https:\/\/energy-cities.eu\/fr\/villes-et-citoyens-en-quete-de-democratie-energetique\/\" \/>\n<meta property=\"og:site_name\" content=\"Energy Cities\" \/>\n<meta property=\"article:publisher\" content=\"https:\/\/www.facebook.com\/energycities.eu\/\" \/>\n<meta property=\"article:published_time\" content=\"2025-04-15T08:46:17+00:00\" \/>\n<meta property=\"article:modified_time\" content=\"2025-04-17T08:43:49+00:00\" \/>\n<meta property=\"og:image\" content=\"https:\/\/energy-cities.eu\/wp-content\/uploads\/2025\/04\/getty-images-HPiq6ScjE6I-unsplash-scaled.jpg\" \/>\n\t<meta property=\"og:image:width\" content=\"1707\" \/>\n\t<meta property=\"og:image:height\" content=\"2560\" \/>\n\t<meta property=\"og:image:type\" content=\"image\/jpeg\" \/>\n<meta name=\"twitter:card\" content=\"summary_large_image\" \/>\n<meta name=\"twitter:creator\" content=\"@atonofnews\" \/>\n<meta name=\"twitter:site\" content=\"@energycities\" \/>\n<meta name=\"twitter:label1\" content=\"\u00c9crit par\" \/>\n\t<meta name=\"twitter:data1\" content=\"Miriam Eisermann\" \/>\n\t<meta name=\"twitter:label2\" content=\"Dur\u00e9e de lecture estim\u00e9e\" \/>\n\t<meta name=\"twitter:data2\" content=\"8 minutes\" \/>\n<script type=\"application\/ld+json\" class=\"yoast-schema-graph\">{\"@context\":\"https:\/\/schema.org\",\"@graph\":[{\"@type\":\"Organization\",\"@id\":\"https:\/\/energy-cities.eu\/fr\/#organization\",\"name\":\"Energy Cities\",\"url\":\"https:\/\/energy-cities.eu\/fr\/\",\"sameAs\":[\"https:\/\/www.facebook.com\/energycities.eu\/\",\"https:\/\/www.youtube.com\/channel\/UChIHn2wF76JzuTbAjSMs0hQ\",\"https:\/\/fr.wikipedia.org\/wiki\/Energy_Cities\",\"https:\/\/twitter.com\/energycities\"],\"logo\":{\"@type\":\"ImageObject\",\"inLanguage\":\"fr-FR\",\"@id\":\"https:\/\/energy-cities.eu\/fr\/#\/schema\/logo\/image\/\",\"url\":\"https:\/\/energy-cities.eu\/wp-content\/uploads\/2019\/07\/energy-cities-couleur.jpg\",\"contentUrl\":\"https:\/\/energy-cities.eu\/wp-content\/uploads\/2019\/07\/energy-cities-couleur.jpg\",\"width\":3508,\"height\":2587,\"caption\":\"Energy Cities\"},\"image\":{\"@id\":\"https:\/\/energy-cities.eu\/fr\/#\/schema\/logo\/image\/\"}},{\"@type\":\"WebSite\",\"@id\":\"https:\/\/energy-cities.eu\/fr\/#website\",\"url\":\"https:\/\/energy-cities.eu\/fr\/\",\"name\":\"Energy Cities\",\"description\":\" The European learning community for future-proof cities\",\"publisher\":{\"@id\":\"https:\/\/energy-cities.eu\/fr\/#organization\"},\"potentialAction\":[{\"@type\":\"SearchAction\",\"target\":{\"@type\":\"EntryPoint\",\"urlTemplate\":\"https:\/\/energy-cities.eu\/fr\/?s={search_term_string}\"},\"query-input\":\"required name=search_term_string\"}],\"inLanguage\":\"fr-FR\"},{\"@type\":\"ImageObject\",\"inLanguage\":\"fr-FR\",\"@id\":\"https:\/\/energy-cities.eu\/fr\/villes-et-citoyens-en-quete-de-democratie-energetique\/#primaryimage\",\"url\":\"https:\/\/energy-cities.eu\/wp-content\/uploads\/2025\/04\/getty-images-HPiq6ScjE6I-unsplash-scaled.jpg\",\"contentUrl\":\"https:\/\/energy-cities.eu\/wp-content\/uploads\/2025\/04\/getty-images-HPiq6ScjE6I-unsplash-scaled.jpg\",\"width\":1707,\"height\":2560,\"caption\":\"Unsplash+\"},{\"@type\":\"WebPage\",\"@id\":\"https:\/\/energy-cities.eu\/fr\/villes-et-citoyens-en-quete-de-democratie-energetique\/#webpage\",\"url\":\"https:\/\/energy-cities.eu\/fr\/villes-et-citoyens-en-quete-de-democratie-energetique\/\",\"name\":\"Villes et citoyens en qu\u00eate de d\u00e9mocratie \u00e9nerg\u00e9tique : Un voyage inspirant sur le partage du pouvoir - Energy Cities\",\"isPartOf\":{\"@id\":\"https:\/\/energy-cities.eu\/fr\/#website\"},\"primaryImageOfPage\":{\"@id\":\"https:\/\/energy-cities.eu\/fr\/villes-et-citoyens-en-quete-de-democratie-energetique\/#primaryimage\"},\"datePublished\":\"2025-04-15T08:46:17+00:00\",\"dateModified\":\"2025-04-17T08:43:49+00:00\",\"breadcrumb\":{\"@id\":\"https:\/\/energy-cities.eu\/fr\/villes-et-citoyens-en-quete-de-democratie-energetique\/#breadcrumb\"},\"inLanguage\":\"fr-FR\",\"potentialAction\":[{\"@type\":\"ReadAction\",\"target\":[\"https:\/\/energy-cities.eu\/fr\/villes-et-citoyens-en-quete-de-democratie-energetique\/\"]}]},{\"@type\":\"BreadcrumbList\",\"@id\":\"https:\/\/energy-cities.eu\/fr\/villes-et-citoyens-en-quete-de-democratie-energetique\/#breadcrumb\",\"itemListElement\":[{\"@type\":\"ListItem\",\"position\":1,\"name\":\"Home\",\"item\":\"https:\/\/energy-cities.eu\/fr\/nous-sommes-un-reseau-europeen-blabla\/\"},{\"@type\":\"ListItem\",\"position\":2,\"name\":\"Villes et citoyens en qu\u00eate de d\u00e9mocratie \u00e9nerg\u00e9tique : Un voyage inspirant sur le partage du pouvoir\"}]},{\"@type\":\"Article\",\"@id\":\"https:\/\/energy-cities.eu\/fr\/villes-et-citoyens-en-quete-de-democratie-energetique\/#article\",\"isPartOf\":{\"@id\":\"https:\/\/energy-cities.eu\/fr\/villes-et-citoyens-en-quete-de-democratie-energetique\/#webpage\"},\"author\":{\"@id\":\"https:\/\/energy-cities.eu\/fr\/#\/schema\/person\/3340a219cf35746901977e3cb1dc791a\"},\"headline\":\"Villes et citoyens en qu\u00eate de d\u00e9mocratie \u00e9nerg\u00e9tique : Un voyage inspirant sur le partage du pouvoir\",\"datePublished\":\"2025-04-15T08:46:17+00:00\",\"dateModified\":\"2025-04-17T08:43:49+00:00\",\"mainEntityOfPage\":{\"@id\":\"https:\/\/energy-cities.eu\/fr\/villes-et-citoyens-en-quete-de-democratie-energetique\/#webpage\"},\"wordCount\":1740,\"commentCount\":0,\"publisher\":{\"@id\":\"https:\/\/energy-cities.eu\/fr\/#organization\"},\"image\":{\"@id\":\"https:\/\/energy-cities.eu\/fr\/villes-et-citoyens-en-quete-de-democratie-energetique\/#primaryimage\"},\"thumbnailUrl\":\"https:\/\/energy-cities.eu\/wp-content\/uploads\/2025\/04\/getty-images-HPiq6ScjE6I-unsplash-scaled.jpg\",\"keywords\":[\"Besancon-2025-fr\"],\"articleSection\":[\"Actualit\u00e9s\"],\"inLanguage\":\"fr-FR\",\"potentialAction\":[{\"@type\":\"CommentAction\",\"name\":\"Comment\",\"target\":[\"https:\/\/energy-cities.eu\/fr\/villes-et-citoyens-en-quete-de-democratie-energetique\/#respond\"]}]},{\"@type\":\"Person\",\"@id\":\"https:\/\/energy-cities.eu\/fr\/#\/schema\/person\/3340a219cf35746901977e3cb1dc791a\",\"name\":\"Miriam Eisermann\",\"image\":{\"@type\":\"ImageObject\",\"inLanguage\":\"fr-FR\",\"@id\":\"https:\/\/energy-cities.eu\/fr\/#\/schema\/person\/image\/\",\"url\":\"https:\/\/secure.gravatar.com\/avatar\/f1d254f33ec08630330aef416f9899c3?s=96&d=mm&r=g\",\"contentUrl\":\"https:\/\/secure.gravatar.com\/avatar\/f1d254f33ec08630330aef416f9899c3?s=96&d=mm&r=g\",\"caption\":\"Miriam Eisermann\"},\"sameAs\":[\"https:\/\/www.linkedin.com\/in\/miriam-eisermann-82507377\/\",\"https:\/\/twitter.com\/atonofnews\"],\"url\":\"https:\/\/energy-cities.eu\/fr\/staff\/m-eisermann\/\"}]}<\/script>\n<!-- \/ Yoast SEO plugin. -->","yoast_head_json":{"title":"Villes et citoyens en qu\u00eate de d\u00e9mocratie \u00e9nerg\u00e9tique : Un voyage inspirant sur le partage du pouvoir - Energy Cities","robots":{"index":"index","follow":"follow","max-snippet":"max-snippet:-1","max-image-preview":"max-image-preview:large","max-video-preview":"max-video-preview:-1"},"canonical":"https:\/\/energy-cities.eu\/fr\/villes-et-citoyens-en-quete-de-democratie-energetique\/","og_locale":"fr_FR","og_type":"article","og_title":"Villes et citoyens en qu\u00eate de d\u00e9mocratie \u00e9nerg\u00e9tique : Un voyage inspirant sur le partage du pouvoir - Energy Cities","og_description":"Pendant une journ\u00e9e enti\u00e8re, le 9 avril, les participants ont eu l'occasion de d\u00e9couvrir, d'\u00e9changer, de r\u00e9fl\u00e9chir et de pr\u00e9voir les voies de l'engagement citoyen. Qu'est-ce qui a chang\u00e9 au cours des derni\u00e8res d\u00e9cennies ? Qu'est-ce qui nous emp\u00eache encore d'avancer ? Et peut-\u00eatre plus intriguant encore : que nous r\u00e9serve l'avenir, en particulier avec les nouvelles technologies telles que l'intelligence artificielle qui remod\u00e8lent notre fa\u00e7on de communiquer, de collaborer et m\u00eame de prendre des d\u00e9cisions ?","og_url":"https:\/\/energy-cities.eu\/fr\/villes-et-citoyens-en-quete-de-democratie-energetique\/","og_site_name":"Energy Cities","article_publisher":"https:\/\/www.facebook.com\/energycities.eu\/","article_published_time":"2025-04-15T08:46:17+00:00","article_modified_time":"2025-04-17T08:43:49+00:00","og_image":[{"width":1707,"height":2560,"url":"https:\/\/energy-cities.eu\/wp-content\/uploads\/2025\/04\/getty-images-HPiq6ScjE6I-unsplash-scaled.jpg","type":"image\/jpeg"}],"twitter_card":"summary_large_image","twitter_creator":"@atonofnews","twitter_site":"@energycities","twitter_misc":{"\u00c9crit par":"Miriam Eisermann","Dur\u00e9e de lecture estim\u00e9e":"8 minutes"},"schema":{"@context":"https:\/\/schema.org","@graph":[{"@type":"Organization","@id":"https:\/\/energy-cities.eu\/fr\/#organization","name":"Energy Cities","url":"https:\/\/energy-cities.eu\/fr\/","sameAs":["https:\/\/www.facebook.com\/energycities.eu\/","https:\/\/www.youtube.com\/channel\/UChIHn2wF76JzuTbAjSMs0hQ","https:\/\/fr.wikipedia.org\/wiki\/Energy_Cities","https:\/\/twitter.com\/energycities"],"logo":{"@type":"ImageObject","inLanguage":"fr-FR","@id":"https:\/\/energy-cities.eu\/fr\/#\/schema\/logo\/image\/","url":"https:\/\/energy-cities.eu\/wp-content\/uploads\/2019\/07\/energy-cities-couleur.jpg","contentUrl":"https:\/\/energy-cities.eu\/wp-content\/uploads\/2019\/07\/energy-cities-couleur.jpg","width":3508,"height":2587,"caption":"Energy Cities"},"image":{"@id":"https:\/\/energy-cities.eu\/fr\/#\/schema\/logo\/image\/"}},{"@type":"WebSite","@id":"https:\/\/energy-cities.eu\/fr\/#website","url":"https:\/\/energy-cities.eu\/fr\/","name":"Energy Cities","description":" The European learning community for future-proof cities","publisher":{"@id":"https:\/\/energy-cities.eu\/fr\/#organization"},"potentialAction":[{"@type":"SearchAction","target":{"@type":"EntryPoint","urlTemplate":"https:\/\/energy-cities.eu\/fr\/?s={search_term_string}"},"query-input":"required name=search_term_string"}],"inLanguage":"fr-FR"},{"@type":"ImageObject","inLanguage":"fr-FR","@id":"https:\/\/energy-cities.eu\/fr\/villes-et-citoyens-en-quete-de-democratie-energetique\/#primaryimage","url":"https:\/\/energy-cities.eu\/wp-content\/uploads\/2025\/04\/getty-images-HPiq6ScjE6I-unsplash-scaled.jpg","contentUrl":"https:\/\/energy-cities.eu\/wp-content\/uploads\/2025\/04\/getty-images-HPiq6ScjE6I-unsplash-scaled.jpg","width":1707,"height":2560,"caption":"Unsplash+"},{"@type":"WebPage","@id":"https:\/\/energy-cities.eu\/fr\/villes-et-citoyens-en-quete-de-democratie-energetique\/#webpage","url":"https:\/\/energy-cities.eu\/fr\/villes-et-citoyens-en-quete-de-democratie-energetique\/","name":"Villes et citoyens en qu\u00eate de d\u00e9mocratie \u00e9nerg\u00e9tique : Un voyage inspirant sur le partage du pouvoir - Energy Cities","isPartOf":{"@id":"https:\/\/energy-cities.eu\/fr\/#website"},"primaryImageOfPage":{"@id":"https:\/\/energy-cities.eu\/fr\/villes-et-citoyens-en-quete-de-democratie-energetique\/#primaryimage"},"datePublished":"2025-04-15T08:46:17+00:00","dateModified":"2025-04-17T08:43:49+00:00","breadcrumb":{"@id":"https:\/\/energy-cities.eu\/fr\/villes-et-citoyens-en-quete-de-democratie-energetique\/#breadcrumb"},"inLanguage":"fr-FR","potentialAction":[{"@type":"ReadAction","target":["https:\/\/energy-cities.eu\/fr\/villes-et-citoyens-en-quete-de-democratie-energetique\/"]}]},{"@type":"BreadcrumbList","@id":"https:\/\/energy-cities.eu\/fr\/villes-et-citoyens-en-quete-de-democratie-energetique\/#breadcrumb","itemListElement":[{"@type":"ListItem","position":1,"name":"Home","item":"https:\/\/energy-cities.eu\/fr\/nous-sommes-un-reseau-europeen-blabla\/"},{"@type":"ListItem","position":2,"name":"Villes et citoyens en qu\u00eate de d\u00e9mocratie \u00e9nerg\u00e9tique : Un voyage inspirant sur le partage du pouvoir"}]},{"@type":"Article","@id":"https:\/\/energy-cities.eu\/fr\/villes-et-citoyens-en-quete-de-democratie-energetique\/#article","isPartOf":{"@id":"https:\/\/energy-cities.eu\/fr\/villes-et-citoyens-en-quete-de-democratie-energetique\/#webpage"},"author":{"@id":"https:\/\/energy-cities.eu\/fr\/#\/schema\/person\/3340a219cf35746901977e3cb1dc791a"},"headline":"Villes et citoyens en qu\u00eate de d\u00e9mocratie \u00e9nerg\u00e9tique : Un voyage inspirant sur le partage du pouvoir","datePublished":"2025-04-15T08:46:17+00:00","dateModified":"2025-04-17T08:43:49+00:00","mainEntityOfPage":{"@id":"https:\/\/energy-cities.eu\/fr\/villes-et-citoyens-en-quete-de-democratie-energetique\/#webpage"},"wordCount":1740,"commentCount":0,"publisher":{"@id":"https:\/\/energy-cities.eu\/fr\/#organization"},"image":{"@id":"https:\/\/energy-cities.eu\/fr\/villes-et-citoyens-en-quete-de-democratie-energetique\/#primaryimage"},"thumbnailUrl":"https:\/\/energy-cities.eu\/wp-content\/uploads\/2025\/04\/getty-images-HPiq6ScjE6I-unsplash-scaled.jpg","keywords":["Besancon-2025-fr"],"articleSection":["Actualit\u00e9s"],"inLanguage":"fr-FR","potentialAction":[{"@type":"CommentAction","name":"Comment","target":["https:\/\/energy-cities.eu\/fr\/villes-et-citoyens-en-quete-de-democratie-energetique\/#respond"]}]},{"@type":"Person","@id":"https:\/\/energy-cities.eu\/fr\/#\/schema\/person\/3340a219cf35746901977e3cb1dc791a","name":"Miriam Eisermann","image":{"@type":"ImageObject","inLanguage":"fr-FR","@id":"https:\/\/energy-cities.eu\/fr\/#\/schema\/person\/image\/","url":"https:\/\/secure.gravatar.com\/avatar\/f1d254f33ec08630330aef416f9899c3?s=96&d=mm&r=g","contentUrl":"https:\/\/secure.gravatar.com\/avatar\/f1d254f33ec08630330aef416f9899c3?s=96&d=mm&r=g","caption":"Miriam Eisermann"},"sameAs":["https:\/\/www.linkedin.com\/in\/miriam-eisermann-82507377\/","https:\/\/twitter.com\/atonofnews"],"url":"https:\/\/energy-cities.eu\/fr\/staff\/m-eisermann\/"}]}},"coauthors":[],"tax_additional":{"categories":{"linked":["<a href=\"https:\/\/energy-cities.eu\/fr\/category\/actualites\/\" class=\"advgb-post-tax-term\">Actualit\u00e9s<\/a>"],"unlinked":["<span class=\"advgb-post-tax-term\">Actualit\u00e9s<\/span>"]},"tags":{"linked":["<a href=\"https:\/\/energy-cities.eu\/fr\/category\/actualites\/\" class=\"advgb-post-tax-term\">Besancon-2025-fr<\/a>"],"unlinked":["<span class=\"advgb-post-tax-term\">Besancon-2025-fr<\/span>"]}},"comment_count":"0","relative_dates":{"created":"Publi\u00e9 1 an il y a","modified":"Mis \u00e0 jour 1 an il y a"},"absolute_dates":{"created":"Publi\u00e9 le 15 avril 2025","modified":"Mise \u00e0 jour le 17 avril 2025"},"absolute_dates_time":{"created":"Publi\u00e9 le 15 avril 2025 10:46  ","modified":"Mise \u00e0 jour le 17 avril 2025 10:43  "},"featured_img_caption":" Unsplash+","_links":{"self":[{"href":"https:\/\/energy-cities.eu\/fr\/wp-json\/wp\/v2\/posts\/86326"}],"collection":[{"href":"https:\/\/energy-cities.eu\/fr\/wp-json\/wp\/v2\/posts"}],"about":[{"href":"https:\/\/energy-cities.eu\/fr\/wp-json\/wp\/v2\/types\/post"}],"author":[{"embeddable":true,"href":"https:\/\/energy-cities.eu\/fr\/wp-json\/wp\/v2\/users\/25"}],"replies":[{"embeddable":true,"href":"https:\/\/energy-cities.eu\/fr\/wp-json\/wp\/v2\/comments?post=86326"}],"version-history":[{"count":2,"href":"https:\/\/energy-cities.eu\/fr\/wp-json\/wp\/v2\/posts\/86326\/revisions"}],"predecessor-version":[{"id":86331,"href":"https:\/\/energy-cities.eu\/fr\/wp-json\/wp\/v2\/posts\/86326\/revisions\/86331"}],"wp:featuredmedia":[{"embeddable":true,"href":"https:\/\/energy-cities.eu\/fr\/wp-json\/wp\/v2\/media\/85710"}],"wp:attachment":[{"href":"https:\/\/energy-cities.eu\/fr\/wp-json\/wp\/v2\/media?parent=86326"}],"wp:term":[{"taxonomy":"category","embeddable":true,"href":"https:\/\/energy-cities.eu\/fr\/wp-json\/wp\/v2\/categories?post=86326"},{"taxonomy":"post_tag","embeddable":true,"href":"https:\/\/energy-cities.eu\/fr\/wp-json\/wp\/v2\/tags?post=86326"},{"taxonomy":"hub","embeddable":true,"href":"https:\/\/energy-cities.eu\/fr\/wp-json\/wp\/v2\/hub?post=86326"},{"taxonomy":"topic","embeddable":true,"href":"https:\/\/energy-cities.eu\/fr\/wp-json\/wp\/v2\/topic?post=86326"},{"taxonomy":"legislative_initiative","embeddable":true,"href":"https:\/\/energy-cities.eu\/fr\/wp-json\/wp\/v2\/legislative_initiative?post=86326"},{"taxonomy":"document_type","embeddable":true,"href":"https:\/\/energy-cities.eu\/fr\/wp-json\/wp\/v2\/document_type?post=86326"}],"curies":[{"name":"wp","href":"https:\/\/api.w.org\/{rel}","templated":true}]}}