{"id":8750,"date":"2015-12-04T08:56:55","date_gmt":"2015-12-04T08:56:55","guid":{"rendered":"http:\/\/ec.kuusi.ovh\/?p=8750"},"modified":"2019-01-15T14:35:35","modified_gmt":"2019-01-15T14:35:35","slug":"la-gouvernance-locale-de-a-a-z-energy-cities-publie-son-glossaire-positif-de-la-transition-energetique-lors-de-la-cop21","status":"publish","type":"post","link":"https:\/\/energy-cities.eu\/fr\/la-gouvernance-locale-de-a-a-z-energy-cities-publie-son-glossaire-positif-de-la-transition-energetique-lors-de-la-cop21\/","title":{"rendered":"LA GOUVERNANCE LOCALE DE A \u00c0 Z : ENERGY CITIES PUBLIE SON GLOSSAIRE POSITIF DE LA TRANSITION \u00c9NERG\u00c9TIQUE LORS DE LA COP21"},"content":{"rendered":"\n<figure class=\"wp-block-image\"><img src=\"http:\/\/www.energy-cities.eu\/IMG\/png\/sans_titre-8.png\" alt=\"\"\/><\/figure>\n\n\n\n<p><br><br>Alors que se tenait hier l\u2019atelier d\u2019Energy Cities sur la gouvernance locale, organis\u00e9 dans le cadre de la COP21, l\u2019association europ\u00e9enne des autorit\u00e9s locales en transition \u00e9nerg\u00e9tique a saisi cette opportunit\u00e9 pour lancer sa derni\u00e8re publication.<br><\/p>\n\n\n\n<p>\u00ab\u00a0La gouvernance locale de A \u00e0 Z&nbsp;: Glossaire positif de la transition \u00e9nerg\u00e9tique\u00a0\u00bb vous invite \u00e0 d\u00e9couvrir les diff\u00e9rentes facettes d\u2019une ville collaborative de A \u00e0 Z&nbsp;! Bien qu\u2019il retrace nos plus de 25 ans d\u2019exp\u00e9rience de ce qui marche en Europe, cet ab\u00e9c\u00e9daire est loin d\u2019\u00eatre exhaustif&nbsp;: la transition \u00e9nerg\u00e9tique ouvre le champ des possibles \u00e0 l\u2019infini, et c\u2019est l\u00e0 tout son int\u00e9r\u00eat&nbsp;!<\/p>\n\n\n\n<p><strong>Ces 26 lettres et leurs concepts sont l\u00e0 pour \u00eatre test\u00e9s, d\u00e9multipli\u00e9s et diffus\u00e9s \u00e0<br>grande \u00e9chelle.<\/strong>&nbsp;L\u2019ab\u00e9c\u00e9daire a en effet pour objet de vous aider \u00e0 \u00e9crire de nouvelles<br>histoires avec tous les acteurs locaux et \u00e0 mettre en oeuvre la vision de territoires<br>\u00e0 faibles \u00e9missions de carbone et haute qualit\u00e9 de vie pour tous&nbsp;!<\/p>\n\n\n\n<h3>C comme&#8230; Coop\u00e9ratives<\/h3>\n\n\n\n<p>Dans toute l\u2019Europe, des villes et leurs habitants agissent pour un march\u00e9 de l\u2019\u00e9nergie radicalement diff\u00e9rent. Des milliers de particuliers investissent dans les \u00e9nergies renouvelables locales en devenant membres de coop\u00e9ratives \u00e9nerg\u00e9tiques, contribuant ainsi \u00e0 produire et distribuer une \u00e9nergie durable et abordable. Des collectivit\u00e9s locales ont suivi l\u2019exemple de ces pionniers du post-carbone et investi dans ces coop\u00e9ratives locales. La d\u00e9mocratie \u00e9nerg\u00e9tique est en marche&nbsp;!<\/p>\n\n\n\n<p><strong>\u2026inspir\u00e9 par Pampelune (Espagne)<\/strong><br>Som Energia est la premi\u00e8re coop\u00e9rative \u00e9nerg\u00e9tique sp\u00e9cialis\u00e9e dans les \u00e9nergies renouvelables \u00e0 avoir \u00eatre cr\u00e9\u00e9e, en 2010, en Espagne. Soutenue par la Ville de Pampelune et par d\u2019autres acteurs, elle produit et vend de l\u2019\u00e9lectricit\u00e9 100&nbsp;% renouvelable gr\u00e2ce \u00e0 un r\u00e9seau de petites unit\u00e9s de production locales, proches de ses membres. Cent euros suffisent pour adh\u00e9rer. Aujourd\u2019hui, Som Energia compte 22 000 membres et son activit\u00e9 s\u2019\u00e9tend sur toute l\u2019Espagne. Sa production annuelle de 5 GWh permet d\u2019alimenter les foyers de 2 000 membres.<\/p>\n\n\n\n<p><strong>Vous \u00eates curieux de savoir \u00e0 quoi les autres lettres correspondent&nbsp;? Eh bien, il est temps d\u2019apprendre votre alphabet de la transition \u00e9nerg\u00e9tique&nbsp;!&nbsp;\ud83d\ude42<\/strong><\/p>\n\n\n\n<table class=\"wp-block-table\"><tbody><tr><td><a href=\"http:\/\/www.energy-cities.eu\/IMG\/pdf\/abc_fr_basse_def.pdf\"><\/a><\/td><td><strong>La gouvernance locale de A \u00e0 Z &#8211; Glossaire positif de la transition \u00e9nerg\u00e9tique<\/strong><br>D\u00e9couvrez les diff\u00e9rentes facettes d\u2019une ville collaborative de A \u00e0 Z&nbsp;!<br>Bien qu\u2019il retrace nos plus de 25 ans d\u2019exp\u00e9rience de ce qui marche en Europe, cet ab\u00e9c\u00e9daire est loin d\u2019\u00eatre exhaustif&nbsp;: la transition \u00e9nerg\u00e9tique ouvre le champ des possibles \u00e0 l\u2019infini, et c\u2019est l\u00e0 tout son int\u00e9r\u00eat&nbsp;!Sur les pages suivantes, nous vous proposons de changer de perspective.<br><br>T\u00e9l\u00e9charger :&nbsp;<a href=\"http:\/\/www.energy-cities.eu\/IMG\/pdf\/abc_fr_basse_def.pdf\">PDF &#8211; 2.3&nbsp;Mo<\/a><\/td><\/tr><\/tbody><\/table>\n\n\n\n<ul><li><a href=\"http:\/\/www.energy-cities.eu\/spip.php?page=article&amp;id_article=3997\">Notre feuille de route COP21<\/a><\/li><li><a href=\"http:\/\/www.energy-cities.eu\/-Publications-67-\">Toutes nos publications<\/a><\/li><\/ul>\n","protected":false},"excerpt":{"rendered":"<p>Alors que se tenait hier l\u2019atelier d\u2019Energy Cities sur la gouvernance locale, organis\u00e9 dans le cadre de la COP21, l\u2019association europ\u00e9enne des autorit\u00e9s locales en <a href=\"https:\/\/energy-cities.eu\/fr\/la-gouvernance-locale-de-a-a-z-energy-cities-publie-son-glossaire-positif-de-la-transition-energetique-lors-de-la-cop21\/\">[\u2026]<\/a><\/p>\n","protected":false},"author":27,"featured_media":18024,"comment_status":"open","ping_status":"open","sticky":false,"template":"","format":"standard","meta":{"advgb_blocks_editor_width":"","advgb_blocks_columns_visual_guide":"","ub_ctt_via":""},"categories":[4],"tags":[],"hub":[],"topic":[101,108],"legislative_initiative":[],"document_type":[],"acf":[],"author_meta":{"display_name":"Floriane Cappelletti","author_link":"https:\/\/energy-cities.eu\/fr\/staff\/f-cappelletti\/"},"featured_img":"https:\/\/energy-cities.eu\/wp-content\/uploads\/2019\/02\/grenoble_biennale_c_lelefan-300x169.jpg","featured_image_src":"https:\/\/energy-cities.eu\/wp-content\/uploads\/2019\/02\/grenoble_biennale_c_lelefan.jpg","author_info":{"display_name":"Floriane Cappelletti","author_link":"https:\/\/energy-cities.eu\/fr\/staff\/f-cappelletti\/"},"yoast_head":"<!-- This site is optimized with the Yoast SEO plugin v18.8 - https:\/\/yoast.com\/wordpress\/plugins\/seo\/ -->\n<title>LA GOUVERNANCE LOCALE DE A \u00c0 Z : ENERGY CITIES PUBLIE SON GLOSSAIRE POSITIF DE LA TRANSITION \u00c9NERG\u00c9TIQUE LORS DE LA COP21 - Energy Cities<\/title>\n<meta name=\"robots\" content=\"index, follow, max-snippet:-1, max-image-preview:large, max-video-preview:-1\" \/>\n<link rel=\"canonical\" href=\"https:\/\/energy-cities.eu\/fr\/la-gouvernance-locale-de-a-a-z-energy-cities-publie-son-glossaire-positif-de-la-transition-energetique-lors-de-la-cop21\/\" \/>\n<meta property=\"og:locale\" content=\"fr_FR\" \/>\n<meta property=\"og:type\" content=\"article\" \/>\n<meta property=\"og:title\" content=\"LA GOUVERNANCE LOCALE DE A \u00c0 Z : ENERGY CITIES PUBLIE SON GLOSSAIRE POSITIF DE LA TRANSITION \u00c9NERG\u00c9TIQUE LORS DE LA COP21 - Energy Cities\" \/>\n<meta property=\"og:description\" content=\"Alors que se tenait hier l\u2019atelier d\u2019Energy Cities sur la gouvernance locale, organis\u00e9 dans le cadre de la COP21, l\u2019association europ\u00e9enne des autorit\u00e9s locales en [\u2026]\" \/>\n<meta property=\"og:url\" content=\"https:\/\/energy-cities.eu\/fr\/la-gouvernance-locale-de-a-a-z-energy-cities-publie-son-glossaire-positif-de-la-transition-energetique-lors-de-la-cop21\/\" \/>\n<meta property=\"og:site_name\" content=\"Energy Cities\" \/>\n<meta property=\"article:publisher\" content=\"https:\/\/www.facebook.com\/energycities.eu\/\" \/>\n<meta property=\"article:published_time\" content=\"2015-12-04T08:56:55+00:00\" \/>\n<meta property=\"article:modified_time\" content=\"2019-01-15T14:35:35+00:00\" \/>\n<meta property=\"og:image\" content=\"https:\/\/energy-cities.eu\/wp-content\/uploads\/2019\/02\/grenoble_biennale_c_lelefan.jpg\" \/>\n\t<meta property=\"og:image:width\" content=\"2000\" \/>\n\t<meta property=\"og:image:height\" content=\"1124\" \/>\n\t<meta property=\"og:image:type\" content=\"image\/jpeg\" \/>\n<meta name=\"twitter:card\" content=\"summary_large_image\" \/>\n<meta name=\"twitter:creator\" content=\"@f.cappelletti\" \/>\n<meta name=\"twitter:site\" content=\"@energycities\" \/>\n<meta name=\"twitter:label1\" content=\"\u00c9crit par\" \/>\n\t<meta name=\"twitter:data1\" content=\"Floriane Cappelletti\" \/>\n\t<meta name=\"twitter:label2\" content=\"Dur\u00e9e de lecture estim\u00e9e\" \/>\n\t<meta name=\"twitter:data2\" content=\"2 minutes\" \/>\n<script type=\"application\/ld+json\" class=\"yoast-schema-graph\">{\"@context\":\"https:\/\/schema.org\",\"@graph\":[{\"@type\":\"Organization\",\"@id\":\"https:\/\/energy-cities.eu\/fr\/#organization\",\"name\":\"Energy Cities\",\"url\":\"https:\/\/energy-cities.eu\/fr\/\",\"sameAs\":[\"https:\/\/www.facebook.com\/energycities.eu\/\",\"https:\/\/www.youtube.com\/channel\/UChIHn2wF76JzuTbAjSMs0hQ\",\"https:\/\/fr.wikipedia.org\/wiki\/Energy_Cities\",\"https:\/\/twitter.com\/energycities\"],\"logo\":{\"@type\":\"ImageObject\",\"inLanguage\":\"fr-FR\",\"@id\":\"https:\/\/energy-cities.eu\/fr\/#\/schema\/logo\/image\/\",\"url\":\"https:\/\/energy-cities.eu\/wp-content\/uploads\/2019\/07\/energy-cities-couleur.jpg\",\"contentUrl\":\"https:\/\/energy-cities.eu\/wp-content\/uploads\/2019\/07\/energy-cities-couleur.jpg\",\"width\":3508,\"height\":2587,\"caption\":\"Energy Cities\"},\"image\":{\"@id\":\"https:\/\/energy-cities.eu\/fr\/#\/schema\/logo\/image\/\"}},{\"@type\":\"WebSite\",\"@id\":\"https:\/\/energy-cities.eu\/fr\/#website\",\"url\":\"https:\/\/energy-cities.eu\/fr\/\",\"name\":\"Energy Cities\",\"description\":\" The European learning community for future-proof cities\",\"publisher\":{\"@id\":\"https:\/\/energy-cities.eu\/fr\/#organization\"},\"potentialAction\":[{\"@type\":\"SearchAction\",\"target\":{\"@type\":\"EntryPoint\",\"urlTemplate\":\"https:\/\/energy-cities.eu\/fr\/?s={search_term_string}\"},\"query-input\":\"required name=search_term_string\"}],\"inLanguage\":\"fr-FR\"},{\"@type\":\"ImageObject\",\"inLanguage\":\"fr-FR\",\"@id\":\"https:\/\/energy-cities.eu\/fr\/la-gouvernance-locale-de-a-a-z-energy-cities-publie-son-glossaire-positif-de-la-transition-energetique-lors-de-la-cop21\/#primaryimage\",\"url\":\"https:\/\/energy-cities.eu\/wp-content\/uploads\/2019\/02\/grenoble_biennale_c_lelefan.jpg\",\"contentUrl\":\"https:\/\/energy-cities.eu\/wp-content\/uploads\/2019\/02\/grenoble_biennale_c_lelefan.jpg\",\"width\":2000,\"height\":1124,\"caption\":\"\u00a9 l'\u00e9l\u00e9fan\"},{\"@type\":\"WebPage\",\"@id\":\"https:\/\/energy-cities.eu\/fr\/la-gouvernance-locale-de-a-a-z-energy-cities-publie-son-glossaire-positif-de-la-transition-energetique-lors-de-la-cop21\/#webpage\",\"url\":\"https:\/\/energy-cities.eu\/fr\/la-gouvernance-locale-de-a-a-z-energy-cities-publie-son-glossaire-positif-de-la-transition-energetique-lors-de-la-cop21\/\",\"name\":\"LA GOUVERNANCE LOCALE DE A \u00c0 Z : ENERGY CITIES PUBLIE SON GLOSSAIRE POSITIF DE LA TRANSITION \u00c9NERG\u00c9TIQUE LORS DE LA COP21 - Energy Cities\",\"isPartOf\":{\"@id\":\"https:\/\/energy-cities.eu\/fr\/#website\"},\"primaryImageOfPage\":{\"@id\":\"https:\/\/energy-cities.eu\/fr\/la-gouvernance-locale-de-a-a-z-energy-cities-publie-son-glossaire-positif-de-la-transition-energetique-lors-de-la-cop21\/#primaryimage\"},\"datePublished\":\"2015-12-04T08:56:55+00:00\",\"dateModified\":\"2019-01-15T14:35:35+00:00\",\"breadcrumb\":{\"@id\":\"https:\/\/energy-cities.eu\/fr\/la-gouvernance-locale-de-a-a-z-energy-cities-publie-son-glossaire-positif-de-la-transition-energetique-lors-de-la-cop21\/#breadcrumb\"},\"inLanguage\":\"fr-FR\",\"potentialAction\":[{\"@type\":\"ReadAction\",\"target\":[\"https:\/\/energy-cities.eu\/fr\/la-gouvernance-locale-de-a-a-z-energy-cities-publie-son-glossaire-positif-de-la-transition-energetique-lors-de-la-cop21\/\"]}]},{\"@type\":\"BreadcrumbList\",\"@id\":\"https:\/\/energy-cities.eu\/fr\/la-gouvernance-locale-de-a-a-z-energy-cities-publie-son-glossaire-positif-de-la-transition-energetique-lors-de-la-cop21\/#breadcrumb\",\"itemListElement\":[{\"@type\":\"ListItem\",\"position\":1,\"name\":\"Home\",\"item\":\"https:\/\/energy-cities.eu\/fr\/nous-sommes-un-reseau-europeen-blabla\/\"},{\"@type\":\"ListItem\",\"position\":2,\"name\":\"LA GOUVERNANCE LOCALE DE A \u00c0 Z : ENERGY CITIES PUBLIE SON GLOSSAIRE POSITIF DE LA TRANSITION \u00c9NERG\u00c9TIQUE LORS DE LA COP21\"}]},{\"@type\":\"Article\",\"@id\":\"https:\/\/energy-cities.eu\/fr\/la-gouvernance-locale-de-a-a-z-energy-cities-publie-son-glossaire-positif-de-la-transition-energetique-lors-de-la-cop21\/#article\",\"isPartOf\":{\"@id\":\"https:\/\/energy-cities.eu\/fr\/la-gouvernance-locale-de-a-a-z-energy-cities-publie-son-glossaire-positif-de-la-transition-energetique-lors-de-la-cop21\/#webpage\"},\"author\":{\"@id\":\"https:\/\/energy-cities.eu\/fr\/#\/schema\/person\/8e2854eea663b88afff98f0a35260006\"},\"headline\":\"LA GOUVERNANCE LOCALE DE A \u00c0 Z : ENERGY CITIES PUBLIE SON GLOSSAIRE POSITIF DE LA TRANSITION \u00c9NERG\u00c9TIQUE LORS DE LA COP21\",\"datePublished\":\"2015-12-04T08:56:55+00:00\",\"dateModified\":\"2019-01-15T14:35:35+00:00\",\"mainEntityOfPage\":{\"@id\":\"https:\/\/energy-cities.eu\/fr\/la-gouvernance-locale-de-a-a-z-energy-cities-publie-son-glossaire-positif-de-la-transition-energetique-lors-de-la-cop21\/#webpage\"},\"wordCount\":509,\"commentCount\":0,\"publisher\":{\"@id\":\"https:\/\/energy-cities.eu\/fr\/#organization\"},\"image\":{\"@id\":\"https:\/\/energy-cities.eu\/fr\/la-gouvernance-locale-de-a-a-z-energy-cities-publie-son-glossaire-positif-de-la-transition-energetique-lors-de-la-cop21\/#primaryimage\"},\"thumbnailUrl\":\"https:\/\/energy-cities.eu\/wp-content\/uploads\/2019\/02\/grenoble_biennale_c_lelefan.jpg\",\"articleSection\":[\"Actualit\u00e9s\"],\"inLanguage\":\"fr-FR\",\"potentialAction\":[{\"@type\":\"CommentAction\",\"name\":\"Comment\",\"target\":[\"https:\/\/energy-cities.eu\/fr\/la-gouvernance-locale-de-a-a-z-energy-cities-publie-son-glossaire-positif-de-la-transition-energetique-lors-de-la-cop21\/#respond\"]}]},{\"@type\":\"Person\",\"@id\":\"https:\/\/energy-cities.eu\/fr\/#\/schema\/person\/8e2854eea663b88afff98f0a35260006\",\"name\":\"Floriane Cappelletti\",\"image\":{\"@type\":\"ImageObject\",\"inLanguage\":\"fr-FR\",\"@id\":\"https:\/\/energy-cities.eu\/fr\/#\/schema\/person\/image\/\",\"url\":\"https:\/\/secure.gravatar.com\/avatar\/9d2a075e5198cbd3dc7c4cd3221d8ed6?s=96&d=mm&r=g\",\"contentUrl\":\"https:\/\/secure.gravatar.com\/avatar\/9d2a075e5198cbd3dc7c4cd3221d8ed6?s=96&d=mm&r=g\",\"caption\":\"Floriane Cappelletti\"},\"sameAs\":[\"https:\/\/twitter.com\/f.cappelletti\"],\"url\":\"https:\/\/energy-cities.eu\/fr\/staff\/f-cappelletti\/\"}]}<\/script>\n<!-- \/ Yoast SEO plugin. -->","yoast_head_json":{"title":"LA GOUVERNANCE LOCALE DE A \u00c0 Z : ENERGY CITIES PUBLIE SON GLOSSAIRE POSITIF DE LA TRANSITION \u00c9NERG\u00c9TIQUE LORS DE LA COP21 - Energy Cities","robots":{"index":"index","follow":"follow","max-snippet":"max-snippet:-1","max-image-preview":"max-image-preview:large","max-video-preview":"max-video-preview:-1"},"canonical":"https:\/\/energy-cities.eu\/fr\/la-gouvernance-locale-de-a-a-z-energy-cities-publie-son-glossaire-positif-de-la-transition-energetique-lors-de-la-cop21\/","og_locale":"fr_FR","og_type":"article","og_title":"LA GOUVERNANCE LOCALE DE A \u00c0 Z : ENERGY CITIES PUBLIE SON GLOSSAIRE POSITIF DE LA TRANSITION \u00c9NERG\u00c9TIQUE LORS DE LA COP21 - Energy Cities","og_description":"Alors que se tenait hier l\u2019atelier d\u2019Energy Cities sur la gouvernance locale, organis\u00e9 dans le cadre de la COP21, l\u2019association europ\u00e9enne des autorit\u00e9s locales en [\u2026]","og_url":"https:\/\/energy-cities.eu\/fr\/la-gouvernance-locale-de-a-a-z-energy-cities-publie-son-glossaire-positif-de-la-transition-energetique-lors-de-la-cop21\/","og_site_name":"Energy Cities","article_publisher":"https:\/\/www.facebook.com\/energycities.eu\/","article_published_time":"2015-12-04T08:56:55+00:00","article_modified_time":"2019-01-15T14:35:35+00:00","og_image":[{"width":2000,"height":1124,"url":"https:\/\/energy-cities.eu\/wp-content\/uploads\/2019\/02\/grenoble_biennale_c_lelefan.jpg","type":"image\/jpeg"}],"twitter_card":"summary_large_image","twitter_creator":"@f.cappelletti","twitter_site":"@energycities","twitter_misc":{"\u00c9crit par":"Floriane Cappelletti","Dur\u00e9e de lecture estim\u00e9e":"2 minutes"},"schema":{"@context":"https:\/\/schema.org","@graph":[{"@type":"Organization","@id":"https:\/\/energy-cities.eu\/fr\/#organization","name":"Energy Cities","url":"https:\/\/energy-cities.eu\/fr\/","sameAs":["https:\/\/www.facebook.com\/energycities.eu\/","https:\/\/www.youtube.com\/channel\/UChIHn2wF76JzuTbAjSMs0hQ","https:\/\/fr.wikipedia.org\/wiki\/Energy_Cities","https:\/\/twitter.com\/energycities"],"logo":{"@type":"ImageObject","inLanguage":"fr-FR","@id":"https:\/\/energy-cities.eu\/fr\/#\/schema\/logo\/image\/","url":"https:\/\/energy-cities.eu\/wp-content\/uploads\/2019\/07\/energy-cities-couleur.jpg","contentUrl":"https:\/\/energy-cities.eu\/wp-content\/uploads\/2019\/07\/energy-cities-couleur.jpg","width":3508,"height":2587,"caption":"Energy Cities"},"image":{"@id":"https:\/\/energy-cities.eu\/fr\/#\/schema\/logo\/image\/"}},{"@type":"WebSite","@id":"https:\/\/energy-cities.eu\/fr\/#website","url":"https:\/\/energy-cities.eu\/fr\/","name":"Energy Cities","description":" The European learning community for future-proof cities","publisher":{"@id":"https:\/\/energy-cities.eu\/fr\/#organization"},"potentialAction":[{"@type":"SearchAction","target":{"@type":"EntryPoint","urlTemplate":"https:\/\/energy-cities.eu\/fr\/?s={search_term_string}"},"query-input":"required name=search_term_string"}],"inLanguage":"fr-FR"},{"@type":"ImageObject","inLanguage":"fr-FR","@id":"https:\/\/energy-cities.eu\/fr\/la-gouvernance-locale-de-a-a-z-energy-cities-publie-son-glossaire-positif-de-la-transition-energetique-lors-de-la-cop21\/#primaryimage","url":"https:\/\/energy-cities.eu\/wp-content\/uploads\/2019\/02\/grenoble_biennale_c_lelefan.jpg","contentUrl":"https:\/\/energy-cities.eu\/wp-content\/uploads\/2019\/02\/grenoble_biennale_c_lelefan.jpg","width":2000,"height":1124,"caption":"\u00a9 l'\u00e9l\u00e9fan"},{"@type":"WebPage","@id":"https:\/\/energy-cities.eu\/fr\/la-gouvernance-locale-de-a-a-z-energy-cities-publie-son-glossaire-positif-de-la-transition-energetique-lors-de-la-cop21\/#webpage","url":"https:\/\/energy-cities.eu\/fr\/la-gouvernance-locale-de-a-a-z-energy-cities-publie-son-glossaire-positif-de-la-transition-energetique-lors-de-la-cop21\/","name":"LA GOUVERNANCE LOCALE DE A \u00c0 Z : ENERGY CITIES PUBLIE SON GLOSSAIRE POSITIF DE LA TRANSITION \u00c9NERG\u00c9TIQUE LORS DE LA COP21 - Energy Cities","isPartOf":{"@id":"https:\/\/energy-cities.eu\/fr\/#website"},"primaryImageOfPage":{"@id":"https:\/\/energy-cities.eu\/fr\/la-gouvernance-locale-de-a-a-z-energy-cities-publie-son-glossaire-positif-de-la-transition-energetique-lors-de-la-cop21\/#primaryimage"},"datePublished":"2015-12-04T08:56:55+00:00","dateModified":"2019-01-15T14:35:35+00:00","breadcrumb":{"@id":"https:\/\/energy-cities.eu\/fr\/la-gouvernance-locale-de-a-a-z-energy-cities-publie-son-glossaire-positif-de-la-transition-energetique-lors-de-la-cop21\/#breadcrumb"},"inLanguage":"fr-FR","potentialAction":[{"@type":"ReadAction","target":["https:\/\/energy-cities.eu\/fr\/la-gouvernance-locale-de-a-a-z-energy-cities-publie-son-glossaire-positif-de-la-transition-energetique-lors-de-la-cop21\/"]}]},{"@type":"BreadcrumbList","@id":"https:\/\/energy-cities.eu\/fr\/la-gouvernance-locale-de-a-a-z-energy-cities-publie-son-glossaire-positif-de-la-transition-energetique-lors-de-la-cop21\/#breadcrumb","itemListElement":[{"@type":"ListItem","position":1,"name":"Home","item":"https:\/\/energy-cities.eu\/fr\/nous-sommes-un-reseau-europeen-blabla\/"},{"@type":"ListItem","position":2,"name":"LA GOUVERNANCE LOCALE DE A \u00c0 Z : ENERGY CITIES PUBLIE SON GLOSSAIRE POSITIF DE LA TRANSITION \u00c9NERG\u00c9TIQUE LORS DE LA COP21"}]},{"@type":"Article","@id":"https:\/\/energy-cities.eu\/fr\/la-gouvernance-locale-de-a-a-z-energy-cities-publie-son-glossaire-positif-de-la-transition-energetique-lors-de-la-cop21\/#article","isPartOf":{"@id":"https:\/\/energy-cities.eu\/fr\/la-gouvernance-locale-de-a-a-z-energy-cities-publie-son-glossaire-positif-de-la-transition-energetique-lors-de-la-cop21\/#webpage"},"author":{"@id":"https:\/\/energy-cities.eu\/fr\/#\/schema\/person\/8e2854eea663b88afff98f0a35260006"},"headline":"LA GOUVERNANCE LOCALE DE A \u00c0 Z : ENERGY CITIES PUBLIE SON GLOSSAIRE POSITIF DE LA TRANSITION \u00c9NERG\u00c9TIQUE LORS DE LA COP21","datePublished":"2015-12-04T08:56:55+00:00","dateModified":"2019-01-15T14:35:35+00:00","mainEntityOfPage":{"@id":"https:\/\/energy-cities.eu\/fr\/la-gouvernance-locale-de-a-a-z-energy-cities-publie-son-glossaire-positif-de-la-transition-energetique-lors-de-la-cop21\/#webpage"},"wordCount":509,"commentCount":0,"publisher":{"@id":"https:\/\/energy-cities.eu\/fr\/#organization"},"image":{"@id":"https:\/\/energy-cities.eu\/fr\/la-gouvernance-locale-de-a-a-z-energy-cities-publie-son-glossaire-positif-de-la-transition-energetique-lors-de-la-cop21\/#primaryimage"},"thumbnailUrl":"https:\/\/energy-cities.eu\/wp-content\/uploads\/2019\/02\/grenoble_biennale_c_lelefan.jpg","articleSection":["Actualit\u00e9s"],"inLanguage":"fr-FR","potentialAction":[{"@type":"CommentAction","name":"Comment","target":["https:\/\/energy-cities.eu\/fr\/la-gouvernance-locale-de-a-a-z-energy-cities-publie-son-glossaire-positif-de-la-transition-energetique-lors-de-la-cop21\/#respond"]}]},{"@type":"Person","@id":"https:\/\/energy-cities.eu\/fr\/#\/schema\/person\/8e2854eea663b88afff98f0a35260006","name":"Floriane Cappelletti","image":{"@type":"ImageObject","inLanguage":"fr-FR","@id":"https:\/\/energy-cities.eu\/fr\/#\/schema\/person\/image\/","url":"https:\/\/secure.gravatar.com\/avatar\/9d2a075e5198cbd3dc7c4cd3221d8ed6?s=96&d=mm&r=g","contentUrl":"https:\/\/secure.gravatar.com\/avatar\/9d2a075e5198cbd3dc7c4cd3221d8ed6?s=96&d=mm&r=g","caption":"Floriane Cappelletti"},"sameAs":["https:\/\/twitter.com\/f.cappelletti"],"url":"https:\/\/energy-cities.eu\/fr\/staff\/f-cappelletti\/"}]}},"coauthors":[],"tax_additional":{"categories":{"linked":["<a href=\"https:\/\/energy-cities.eu\/fr\/category\/actualites\/\" class=\"advgb-post-tax-term\">Actualit\u00e9s<\/a>"],"unlinked":["<span class=\"advgb-post-tax-term\">Actualit\u00e9s<\/span>"]}},"comment_count":"0","relative_dates":{"created":"Publi\u00e9 10 ans il y a","modified":"Mis \u00e0 jour 7 ans il y a"},"absolute_dates":{"created":"Publi\u00e9 le 04 d\u00e9cembre 2015","modified":"Mise \u00e0 jour le 15 janvier 2019"},"absolute_dates_time":{"created":"Publi\u00e9 le 04 d\u00e9cembre 2015 8:56  ","modified":"Mise \u00e0 jour le 15 janvier 2019 2:35  "},"featured_img_caption":"\u00a9 l'\u00e9l\u00e9fan","_links":{"self":[{"href":"https:\/\/energy-cities.eu\/fr\/wp-json\/wp\/v2\/posts\/8750"}],"collection":[{"href":"https:\/\/energy-cities.eu\/fr\/wp-json\/wp\/v2\/posts"}],"about":[{"href":"https:\/\/energy-cities.eu\/fr\/wp-json\/wp\/v2\/types\/post"}],"author":[{"embeddable":true,"href":"https:\/\/energy-cities.eu\/fr\/wp-json\/wp\/v2\/users\/27"}],"replies":[{"embeddable":true,"href":"https:\/\/energy-cities.eu\/fr\/wp-json\/wp\/v2\/comments?post=8750"}],"version-history":[{"count":4,"href":"https:\/\/energy-cities.eu\/fr\/wp-json\/wp\/v2\/posts\/8750\/revisions"}],"predecessor-version":[{"id":11152,"href":"https:\/\/energy-cities.eu\/fr\/wp-json\/wp\/v2\/posts\/8750\/revisions\/11152"}],"wp:featuredmedia":[{"embeddable":true,"href":"https:\/\/energy-cities.eu\/fr\/wp-json\/wp\/v2\/media\/18024"}],"wp:attachment":[{"href":"https:\/\/energy-cities.eu\/fr\/wp-json\/wp\/v2\/media?parent=8750"}],"wp:term":[{"taxonomy":"category","embeddable":true,"href":"https:\/\/energy-cities.eu\/fr\/wp-json\/wp\/v2\/categories?post=8750"},{"taxonomy":"post_tag","embeddable":true,"href":"https:\/\/energy-cities.eu\/fr\/wp-json\/wp\/v2\/tags?post=8750"},{"taxonomy":"hub","embeddable":true,"href":"https:\/\/energy-cities.eu\/fr\/wp-json\/wp\/v2\/hub?post=8750"},{"taxonomy":"topic","embeddable":true,"href":"https:\/\/energy-cities.eu\/fr\/wp-json\/wp\/v2\/topic?post=8750"},{"taxonomy":"legislative_initiative","embeddable":true,"href":"https:\/\/energy-cities.eu\/fr\/wp-json\/wp\/v2\/legislative_initiative?post=8750"},{"taxonomy":"document_type","embeddable":true,"href":"https:\/\/energy-cities.eu\/fr\/wp-json\/wp\/v2\/document_type?post=8750"}],"curies":[{"name":"wp","href":"https:\/\/api.w.org\/{rel}","templated":true}]}}