{"id":8879,"date":"2016-02-18T10:58:06","date_gmt":"2016-02-18T10:58:06","guid":{"rendered":"http:\/\/ec.kuusi.ovh\/?p=8879"},"modified":"2019-01-15T11:31:21","modified_gmt":"2019-01-15T11:31:21","slug":"barreiro-petite-reine-du-portugal","status":"publish","type":"post","link":"https:\/\/energy-cities.eu\/fr\/barreiro-petite-reine-du-portugal\/","title":{"rendered":"BARREIRO, \u00ab\u00a0PETITE REINE\u00a0\u00bb DU PORTUGAL"},"content":{"rendered":"\n<p>Consciente des enjeux environnementaux, \u00e9nerg\u00e9tiques, climatiques et de sant\u00e9 publique, li\u00e9s au d\u00e9veloppement du v\u00e9lo en milieu urbain, la ville de Barreiro, situ\u00e9e dans la r\u00e9gion de Lisbonne, vient de d\u00e9cider d\u2019investir 4 million d\u2019Euros dans le d\u00e9veloppement d\u2019un r\u00e9seau cyclable de 100km sur son territoire.<br><\/p>\n\n\n\n<div class=\"wp-block-image\"><figure class=\"alignright\"><img src=\"http:\/\/www.energy-cities.eu\/local\/cache-vignettes\/L212xH350\/plan-cyclable-barreiro-6185c.png?1512544732\" alt=\"\"\/><\/figure><\/div>\n\n\n\n<h3>Reconna\u00eetre la place croissante du v\u00e9lo en ville<\/h3>\n\n\n\n<p>Dans sa r\u00e9solution adopt\u00e9e fin 2015, la municpalit\u00e9 de Barreiro rappelle&nbsp;<em>\u00ab\u00a0l\u2019importance actuelle des questions li\u00e9es \u00e0 la qualit\u00e9 de vie en ville, \u00e0 la qualit\u00e9 de l\u2019air et \u00e0 la r\u00e9duction du bruit et des \u00e9missions de gaz \u00e0 effet de serre.\u00a0\u00bb<\/em>&nbsp;Elle reconnait \u00e9galement que&nbsp;<em>\u00ab\u00a0la mobilit\u00e9 douce, et tout particuli\u00e8rement la pratique du v\u00e9lo, compte un nombre croissant d\u2019adeptes, que ce soit pour une pratique sportive, de loisir, ou pour des trajets domicile-travail ou domicile-\u00e9cole. Cette tendance s\u2019accentuera dans les prochaines d\u00e9cennies, n\u00e9cessitant une reconfiguration de nos villes et de nos habitudes quotidiennes\u00a0\u00bb<\/em><\/p>\n\n\n\n<h3>Planifier la transition en int\u00e9grant toutes les strat\u00e9gies<\/h3>\n\n\n\n<p>Favoriser le report modal vers le v\u00e9lo et les autres modes doux, place la ville dans une nouvelle dynamique de planification et d\u2019am\u00e9nagement du territoire. Il s\u2019agit en effet pour Barreiro de travailler avec tous les acteurs locaux dans un vaste processus de participation et de consultation, mais aussi en intelligence avec les municpalit\u00e9s voisines. Barreiro entend aussi faire de son territoire le lieu ou s\u2019int\u00e8grent et prennent corps concr\u00e8tement les diff\u00e9rentes strat\u00e9gies&nbsp;: europ\u00e9enne, nationale, r\u00e9gionale et locale, pour une transition r\u00e9ussie vers la mobilit\u00e9 durable.<\/p>\n\n\n\n<table class=\"wp-block-table\"><tbody><tr><td>En cela, la ville de Barreiro &#8211;&nbsp;<a href=\"http:\/\/www.energy-cities.eu\/-Devenir-membre-\">membre d\u2019Energy Cities<\/a>&nbsp;depuis 2007, signataire de la&nbsp;<a href=\"http:\/\/www.energy-cities.eu\/eumayors.eu\">Convention des Maires<\/a>&nbsp;depuis 2011 et coordinatrice du groupe de travail mobilit\u00e9&nbsp;<a href=\"http:\/\/rener.pt\/gt3-mobilidade\/\">du r\u00e9seaux des villes intelligentes portugaises<\/a>&nbsp;&#8211; d\u00e9montre une fois de plus le r\u00f4le majeur des autorit\u00e9s locales pour la transition vers une Europe de l\u2019\u00e9nergie durable, d\u00e9mocratique et bas-carbone.<br><br>Un descriptif complet du projet est accessible dans&nbsp;<a href=\"http:\/\/www.cm-barreiro.pt\/uploads\/writer_file\/document\/7465\/V1-RCB_Relatorio.pdf\">un rapport de la Municipalit\u00e9 publi\u00e9 en octobre 2015<\/a><\/td><\/tr><\/tbody><\/table>\n\n\n\n<p><em>Source&nbsp;:&nbsp;<a href=\"http:\/\/www.cm-barreiro.pt\/frontoffice\/pages\/874?news_id=5328\">www.cm-barreiro.pt\/frontoffice\/pages\/874?news_id=5328<\/a><\/em><\/p>\n\n\n\n<p><em>Voir \u00e9galement la proposition d\u2019Energy Cities&nbsp;:&nbsp;<br><a href=\"http:\/\/www.energy-cities.eu\/cities\/proposal_detail.php?id=32\">Planifier le report modal vers les modes de transport durables<\/a><\/em><br><\/p>\n","protected":false},"excerpt":{"rendered":"<p>Consciente des enjeux environnementaux, \u00e9nerg\u00e9tiques, climatiques et de sant\u00e9 publique, li\u00e9s au d\u00e9veloppement du v\u00e9lo en milieu urbain, la ville de Barreiro, situ\u00e9e dans la <a href=\"https:\/\/energy-cities.eu\/fr\/barreiro-petite-reine-du-portugal\/\">[\u2026]<\/a><\/p>\n","protected":false},"author":10,"featured_media":17373,"comment_status":"open","ping_status":"open","sticky":false,"template":"","format":"standard","meta":{"advgb_blocks_editor_width":"","advgb_blocks_columns_visual_guide":"","ub_ctt_via":""},"categories":[4],"tags":[],"hub":[],"topic":[111],"legislative_initiative":[],"document_type":[],"acf":[],"author_meta":{"display_name":"Blandine Pidoux","author_link":"https:\/\/energy-cities.eu\/fr\/staff\/b-pidoux\/"},"featured_img":"https:\/\/energy-cities.eu\/wp-content\/uploads\/2019\/05\/cAmy-Johansson-shutterstock-300x224.jpg","featured_image_src":"https:\/\/energy-cities.eu\/wp-content\/uploads\/2019\/05\/cAmy-Johansson-shutterstock.jpg","author_info":{"display_name":"Blandine Pidoux","author_link":"https:\/\/energy-cities.eu\/fr\/staff\/b-pidoux\/"},"yoast_head":"<!-- This site is optimized with the Yoast SEO plugin v18.8 - https:\/\/yoast.com\/wordpress\/plugins\/seo\/ -->\n<title>BARREIRO, &quot;PETITE REINE&quot; DU PORTUGAL - Energy Cities<\/title>\n<meta name=\"robots\" content=\"index, follow, max-snippet:-1, max-image-preview:large, max-video-preview:-1\" \/>\n<link rel=\"canonical\" href=\"https:\/\/energy-cities.eu\/fr\/barreiro-petite-reine-du-portugal\/\" \/>\n<meta property=\"og:locale\" content=\"fr_FR\" \/>\n<meta property=\"og:type\" content=\"article\" \/>\n<meta property=\"og:title\" content=\"BARREIRO, &quot;PETITE REINE&quot; DU PORTUGAL - Energy Cities\" \/>\n<meta property=\"og:description\" content=\"Consciente des enjeux environnementaux, \u00e9nerg\u00e9tiques, climatiques et de sant\u00e9 publique, li\u00e9s au d\u00e9veloppement du v\u00e9lo en milieu urbain, la ville de Barreiro, situ\u00e9e dans la [\u2026]\" \/>\n<meta property=\"og:url\" content=\"https:\/\/energy-cities.eu\/fr\/barreiro-petite-reine-du-portugal\/\" \/>\n<meta property=\"og:site_name\" content=\"Energy Cities\" \/>\n<meta property=\"article:publisher\" content=\"https:\/\/www.facebook.com\/energycities.eu\/\" \/>\n<meta property=\"article:published_time\" content=\"2016-02-18T10:58:06+00:00\" \/>\n<meta property=\"article:modified_time\" content=\"2019-01-15T11:31:21+00:00\" \/>\n<meta property=\"og:image\" content=\"https:\/\/energy-cities.eu\/wp-content\/uploads\/2019\/05\/cAmy-Johansson-shutterstock-1024x765.jpg\" \/>\n\t<meta property=\"og:image:width\" content=\"1024\" \/>\n\t<meta property=\"og:image:height\" content=\"765\" \/>\n\t<meta property=\"og:image:type\" content=\"image\/jpeg\" \/>\n<meta name=\"twitter:card\" content=\"summary_large_image\" \/>\n<meta name=\"twitter:creator\" content=\"@b.karas\" \/>\n<meta name=\"twitter:site\" content=\"@energycities\" \/>\n<meta name=\"twitter:label1\" content=\"\u00c9crit par\" \/>\n\t<meta name=\"twitter:data1\" content=\"Blandine Pidoux\" \/>\n\t<meta name=\"twitter:label2\" content=\"Dur\u00e9e de lecture estim\u00e9e\" \/>\n\t<meta name=\"twitter:data2\" content=\"2 minutes\" \/>\n<script type=\"application\/ld+json\" class=\"yoast-schema-graph\">{\"@context\":\"https:\/\/schema.org\",\"@graph\":[{\"@type\":\"Organization\",\"@id\":\"https:\/\/energy-cities.eu\/fr\/#organization\",\"name\":\"Energy Cities\",\"url\":\"https:\/\/energy-cities.eu\/fr\/\",\"sameAs\":[\"https:\/\/www.facebook.com\/energycities.eu\/\",\"https:\/\/www.youtube.com\/channel\/UChIHn2wF76JzuTbAjSMs0hQ\",\"https:\/\/fr.wikipedia.org\/wiki\/Energy_Cities\",\"https:\/\/twitter.com\/energycities\"],\"logo\":{\"@type\":\"ImageObject\",\"inLanguage\":\"fr-FR\",\"@id\":\"https:\/\/energy-cities.eu\/fr\/#\/schema\/logo\/image\/\",\"url\":\"https:\/\/energy-cities.eu\/wp-content\/uploads\/2019\/07\/energy-cities-couleur.jpg\",\"contentUrl\":\"https:\/\/energy-cities.eu\/wp-content\/uploads\/2019\/07\/energy-cities-couleur.jpg\",\"width\":3508,\"height\":2587,\"caption\":\"Energy Cities\"},\"image\":{\"@id\":\"https:\/\/energy-cities.eu\/fr\/#\/schema\/logo\/image\/\"}},{\"@type\":\"WebSite\",\"@id\":\"https:\/\/energy-cities.eu\/fr\/#website\",\"url\":\"https:\/\/energy-cities.eu\/fr\/\",\"name\":\"Energy Cities\",\"description\":\" The European learning community for future-proof cities\",\"publisher\":{\"@id\":\"https:\/\/energy-cities.eu\/fr\/#organization\"},\"potentialAction\":[{\"@type\":\"SearchAction\",\"target\":{\"@type\":\"EntryPoint\",\"urlTemplate\":\"https:\/\/energy-cities.eu\/fr\/?s={search_term_string}\"},\"query-input\":\"required name=search_term_string\"}],\"inLanguage\":\"fr-FR\"},{\"@type\":\"ImageObject\",\"inLanguage\":\"fr-FR\",\"@id\":\"https:\/\/energy-cities.eu\/fr\/barreiro-petite-reine-du-portugal\/#primaryimage\",\"url\":\"https:\/\/energy-cities.eu\/wp-content\/uploads\/2019\/05\/cAmy-Johansson-shutterstock.jpg\",\"contentUrl\":\"https:\/\/energy-cities.eu\/wp-content\/uploads\/2019\/05\/cAmy-Johansson-shutterstock.jpg\",\"width\":3415,\"height\":2550,\"caption\":\"\u00a9 Amy Johansson\"},{\"@type\":\"WebPage\",\"@id\":\"https:\/\/energy-cities.eu\/fr\/barreiro-petite-reine-du-portugal\/#webpage\",\"url\":\"https:\/\/energy-cities.eu\/fr\/barreiro-petite-reine-du-portugal\/\",\"name\":\"BARREIRO, \\\"PETITE REINE\\\" DU PORTUGAL - Energy Cities\",\"isPartOf\":{\"@id\":\"https:\/\/energy-cities.eu\/fr\/#website\"},\"primaryImageOfPage\":{\"@id\":\"https:\/\/energy-cities.eu\/fr\/barreiro-petite-reine-du-portugal\/#primaryimage\"},\"datePublished\":\"2016-02-18T10:58:06+00:00\",\"dateModified\":\"2019-01-15T11:31:21+00:00\",\"breadcrumb\":{\"@id\":\"https:\/\/energy-cities.eu\/fr\/barreiro-petite-reine-du-portugal\/#breadcrumb\"},\"inLanguage\":\"fr-FR\",\"potentialAction\":[{\"@type\":\"ReadAction\",\"target\":[\"https:\/\/energy-cities.eu\/fr\/barreiro-petite-reine-du-portugal\/\"]}]},{\"@type\":\"BreadcrumbList\",\"@id\":\"https:\/\/energy-cities.eu\/fr\/barreiro-petite-reine-du-portugal\/#breadcrumb\",\"itemListElement\":[{\"@type\":\"ListItem\",\"position\":1,\"name\":\"Home\",\"item\":\"https:\/\/energy-cities.eu\/fr\/nous-sommes-un-reseau-europeen-blabla\/\"},{\"@type\":\"ListItem\",\"position\":2,\"name\":\"BARREIRO, &#8220;PETITE REINE&#8221; DU PORTUGAL\"}]},{\"@type\":\"Article\",\"@id\":\"https:\/\/energy-cities.eu\/fr\/barreiro-petite-reine-du-portugal\/#article\",\"isPartOf\":{\"@id\":\"https:\/\/energy-cities.eu\/fr\/barreiro-petite-reine-du-portugal\/#webpage\"},\"author\":{\"@id\":\"https:\/\/energy-cities.eu\/fr\/#\/schema\/person\/fc6ccd8bb8722c954e08d45fb5a67d56\"},\"headline\":\"BARREIRO, \u00ab\u00a0PETITE REINE\u00a0\u00bb DU PORTUGAL\",\"datePublished\":\"2016-02-18T10:58:06+00:00\",\"dateModified\":\"2019-01-15T11:31:21+00:00\",\"mainEntityOfPage\":{\"@id\":\"https:\/\/energy-cities.eu\/fr\/barreiro-petite-reine-du-portugal\/#webpage\"},\"wordCount\":403,\"commentCount\":0,\"publisher\":{\"@id\":\"https:\/\/energy-cities.eu\/fr\/#organization\"},\"image\":{\"@id\":\"https:\/\/energy-cities.eu\/fr\/barreiro-petite-reine-du-portugal\/#primaryimage\"},\"thumbnailUrl\":\"https:\/\/energy-cities.eu\/wp-content\/uploads\/2019\/05\/cAmy-Johansson-shutterstock.jpg\",\"articleSection\":[\"Actualit\u00e9s\"],\"inLanguage\":\"fr-FR\",\"potentialAction\":[{\"@type\":\"CommentAction\",\"name\":\"Comment\",\"target\":[\"https:\/\/energy-cities.eu\/fr\/barreiro-petite-reine-du-portugal\/#respond\"]}]},{\"@type\":\"Person\",\"@id\":\"https:\/\/energy-cities.eu\/fr\/#\/schema\/person\/fc6ccd8bb8722c954e08d45fb5a67d56\",\"name\":\"Blandine Pidoux\",\"image\":{\"@type\":\"ImageObject\",\"inLanguage\":\"fr-FR\",\"@id\":\"https:\/\/energy-cities.eu\/fr\/#\/schema\/person\/image\/\",\"url\":\"https:\/\/secure.gravatar.com\/avatar\/fce16f7fb0d1ffbb397f21942356242f?s=96&d=mm&r=g\",\"contentUrl\":\"https:\/\/secure.gravatar.com\/avatar\/fce16f7fb0d1ffbb397f21942356242f?s=96&d=mm&r=g\",\"caption\":\"Blandine Pidoux\"},\"sameAs\":[\"https:\/\/twitter.com\/b.karas\"],\"url\":\"https:\/\/energy-cities.eu\/fr\/staff\/b-pidoux\/\"}]}<\/script>\n<!-- \/ Yoast SEO plugin. -->","yoast_head_json":{"title":"BARREIRO, \"PETITE REINE\" DU PORTUGAL - Energy Cities","robots":{"index":"index","follow":"follow","max-snippet":"max-snippet:-1","max-image-preview":"max-image-preview:large","max-video-preview":"max-video-preview:-1"},"canonical":"https:\/\/energy-cities.eu\/fr\/barreiro-petite-reine-du-portugal\/","og_locale":"fr_FR","og_type":"article","og_title":"BARREIRO, \"PETITE REINE\" DU PORTUGAL - Energy Cities","og_description":"Consciente des enjeux environnementaux, \u00e9nerg\u00e9tiques, climatiques et de sant\u00e9 publique, li\u00e9s au d\u00e9veloppement du v\u00e9lo en milieu urbain, la ville de Barreiro, situ\u00e9e dans la [\u2026]","og_url":"https:\/\/energy-cities.eu\/fr\/barreiro-petite-reine-du-portugal\/","og_site_name":"Energy Cities","article_publisher":"https:\/\/www.facebook.com\/energycities.eu\/","article_published_time":"2016-02-18T10:58:06+00:00","article_modified_time":"2019-01-15T11:31:21+00:00","og_image":[{"width":1024,"height":765,"url":"https:\/\/energy-cities.eu\/wp-content\/uploads\/2019\/05\/cAmy-Johansson-shutterstock-1024x765.jpg","type":"image\/jpeg"}],"twitter_card":"summary_large_image","twitter_creator":"@b.karas","twitter_site":"@energycities","twitter_misc":{"\u00c9crit par":"Blandine Pidoux","Dur\u00e9e de lecture estim\u00e9e":"2 minutes"},"schema":{"@context":"https:\/\/schema.org","@graph":[{"@type":"Organization","@id":"https:\/\/energy-cities.eu\/fr\/#organization","name":"Energy Cities","url":"https:\/\/energy-cities.eu\/fr\/","sameAs":["https:\/\/www.facebook.com\/energycities.eu\/","https:\/\/www.youtube.com\/channel\/UChIHn2wF76JzuTbAjSMs0hQ","https:\/\/fr.wikipedia.org\/wiki\/Energy_Cities","https:\/\/twitter.com\/energycities"],"logo":{"@type":"ImageObject","inLanguage":"fr-FR","@id":"https:\/\/energy-cities.eu\/fr\/#\/schema\/logo\/image\/","url":"https:\/\/energy-cities.eu\/wp-content\/uploads\/2019\/07\/energy-cities-couleur.jpg","contentUrl":"https:\/\/energy-cities.eu\/wp-content\/uploads\/2019\/07\/energy-cities-couleur.jpg","width":3508,"height":2587,"caption":"Energy Cities"},"image":{"@id":"https:\/\/energy-cities.eu\/fr\/#\/schema\/logo\/image\/"}},{"@type":"WebSite","@id":"https:\/\/energy-cities.eu\/fr\/#website","url":"https:\/\/energy-cities.eu\/fr\/","name":"Energy Cities","description":" The European learning community for future-proof cities","publisher":{"@id":"https:\/\/energy-cities.eu\/fr\/#organization"},"potentialAction":[{"@type":"SearchAction","target":{"@type":"EntryPoint","urlTemplate":"https:\/\/energy-cities.eu\/fr\/?s={search_term_string}"},"query-input":"required name=search_term_string"}],"inLanguage":"fr-FR"},{"@type":"ImageObject","inLanguage":"fr-FR","@id":"https:\/\/energy-cities.eu\/fr\/barreiro-petite-reine-du-portugal\/#primaryimage","url":"https:\/\/energy-cities.eu\/wp-content\/uploads\/2019\/05\/cAmy-Johansson-shutterstock.jpg","contentUrl":"https:\/\/energy-cities.eu\/wp-content\/uploads\/2019\/05\/cAmy-Johansson-shutterstock.jpg","width":3415,"height":2550,"caption":"\u00a9 Amy Johansson"},{"@type":"WebPage","@id":"https:\/\/energy-cities.eu\/fr\/barreiro-petite-reine-du-portugal\/#webpage","url":"https:\/\/energy-cities.eu\/fr\/barreiro-petite-reine-du-portugal\/","name":"BARREIRO, \"PETITE REINE\" DU PORTUGAL - Energy Cities","isPartOf":{"@id":"https:\/\/energy-cities.eu\/fr\/#website"},"primaryImageOfPage":{"@id":"https:\/\/energy-cities.eu\/fr\/barreiro-petite-reine-du-portugal\/#primaryimage"},"datePublished":"2016-02-18T10:58:06+00:00","dateModified":"2019-01-15T11:31:21+00:00","breadcrumb":{"@id":"https:\/\/energy-cities.eu\/fr\/barreiro-petite-reine-du-portugal\/#breadcrumb"},"inLanguage":"fr-FR","potentialAction":[{"@type":"ReadAction","target":["https:\/\/energy-cities.eu\/fr\/barreiro-petite-reine-du-portugal\/"]}]},{"@type":"BreadcrumbList","@id":"https:\/\/energy-cities.eu\/fr\/barreiro-petite-reine-du-portugal\/#breadcrumb","itemListElement":[{"@type":"ListItem","position":1,"name":"Home","item":"https:\/\/energy-cities.eu\/fr\/nous-sommes-un-reseau-europeen-blabla\/"},{"@type":"ListItem","position":2,"name":"BARREIRO, &#8220;PETITE REINE&#8221; DU PORTUGAL"}]},{"@type":"Article","@id":"https:\/\/energy-cities.eu\/fr\/barreiro-petite-reine-du-portugal\/#article","isPartOf":{"@id":"https:\/\/energy-cities.eu\/fr\/barreiro-petite-reine-du-portugal\/#webpage"},"author":{"@id":"https:\/\/energy-cities.eu\/fr\/#\/schema\/person\/fc6ccd8bb8722c954e08d45fb5a67d56"},"headline":"BARREIRO, \u00ab\u00a0PETITE REINE\u00a0\u00bb DU PORTUGAL","datePublished":"2016-02-18T10:58:06+00:00","dateModified":"2019-01-15T11:31:21+00:00","mainEntityOfPage":{"@id":"https:\/\/energy-cities.eu\/fr\/barreiro-petite-reine-du-portugal\/#webpage"},"wordCount":403,"commentCount":0,"publisher":{"@id":"https:\/\/energy-cities.eu\/fr\/#organization"},"image":{"@id":"https:\/\/energy-cities.eu\/fr\/barreiro-petite-reine-du-portugal\/#primaryimage"},"thumbnailUrl":"https:\/\/energy-cities.eu\/wp-content\/uploads\/2019\/05\/cAmy-Johansson-shutterstock.jpg","articleSection":["Actualit\u00e9s"],"inLanguage":"fr-FR","potentialAction":[{"@type":"CommentAction","name":"Comment","target":["https:\/\/energy-cities.eu\/fr\/barreiro-petite-reine-du-portugal\/#respond"]}]},{"@type":"Person","@id":"https:\/\/energy-cities.eu\/fr\/#\/schema\/person\/fc6ccd8bb8722c954e08d45fb5a67d56","name":"Blandine Pidoux","image":{"@type":"ImageObject","inLanguage":"fr-FR","@id":"https:\/\/energy-cities.eu\/fr\/#\/schema\/person\/image\/","url":"https:\/\/secure.gravatar.com\/avatar\/fce16f7fb0d1ffbb397f21942356242f?s=96&d=mm&r=g","contentUrl":"https:\/\/secure.gravatar.com\/avatar\/fce16f7fb0d1ffbb397f21942356242f?s=96&d=mm&r=g","caption":"Blandine Pidoux"},"sameAs":["https:\/\/twitter.com\/b.karas"],"url":"https:\/\/energy-cities.eu\/fr\/staff\/b-pidoux\/"}]}},"coauthors":[],"tax_additional":{"categories":{"linked":["<a href=\"https:\/\/energy-cities.eu\/fr\/category\/actualites\/\" class=\"advgb-post-tax-term\">Actualit\u00e9s<\/a>"],"unlinked":["<span class=\"advgb-post-tax-term\">Actualit\u00e9s<\/span>"]}},"comment_count":"0","relative_dates":{"created":"Publi\u00e9 10 ans il y a","modified":"Mis \u00e0 jour 7 ans il y a"},"absolute_dates":{"created":"Publi\u00e9 le 18 f\u00e9vrier 2016","modified":"Mise \u00e0 jour le 15 janvier 2019"},"absolute_dates_time":{"created":"Publi\u00e9 le 18 f\u00e9vrier 2016 10:58  ","modified":"Mise \u00e0 jour le 15 janvier 2019 11:31  "},"featured_img_caption":"\u00a9 Amy Johansson","_links":{"self":[{"href":"https:\/\/energy-cities.eu\/fr\/wp-json\/wp\/v2\/posts\/8879"}],"collection":[{"href":"https:\/\/energy-cities.eu\/fr\/wp-json\/wp\/v2\/posts"}],"about":[{"href":"https:\/\/energy-cities.eu\/fr\/wp-json\/wp\/v2\/types\/post"}],"author":[{"embeddable":true,"href":"https:\/\/energy-cities.eu\/fr\/wp-json\/wp\/v2\/users\/10"}],"replies":[{"embeddable":true,"href":"https:\/\/energy-cities.eu\/fr\/wp-json\/wp\/v2\/comments?post=8879"}],"version-history":[{"count":3,"href":"https:\/\/energy-cities.eu\/fr\/wp-json\/wp\/v2\/posts\/8879\/revisions"}],"predecessor-version":[{"id":11093,"href":"https:\/\/energy-cities.eu\/fr\/wp-json\/wp\/v2\/posts\/8879\/revisions\/11093"}],"wp:featuredmedia":[{"embeddable":true,"href":"https:\/\/energy-cities.eu\/fr\/wp-json\/wp\/v2\/media\/17373"}],"wp:attachment":[{"href":"https:\/\/energy-cities.eu\/fr\/wp-json\/wp\/v2\/media?parent=8879"}],"wp:term":[{"taxonomy":"category","embeddable":true,"href":"https:\/\/energy-cities.eu\/fr\/wp-json\/wp\/v2\/categories?post=8879"},{"taxonomy":"post_tag","embeddable":true,"href":"https:\/\/energy-cities.eu\/fr\/wp-json\/wp\/v2\/tags?post=8879"},{"taxonomy":"hub","embeddable":true,"href":"https:\/\/energy-cities.eu\/fr\/wp-json\/wp\/v2\/hub?post=8879"},{"taxonomy":"topic","embeddable":true,"href":"https:\/\/energy-cities.eu\/fr\/wp-json\/wp\/v2\/topic?post=8879"},{"taxonomy":"legislative_initiative","embeddable":true,"href":"https:\/\/energy-cities.eu\/fr\/wp-json\/wp\/v2\/legislative_initiative?post=8879"},{"taxonomy":"document_type","embeddable":true,"href":"https:\/\/energy-cities.eu\/fr\/wp-json\/wp\/v2\/document_type?post=8879"}],"curies":[{"name":"wp","href":"https:\/\/api.w.org\/{rel}","templated":true}]}}