{"id":89085,"date":"2025-07-08T09:29:00","date_gmt":"2025-07-08T07:29:00","guid":{"rendered":"https:\/\/energy-cities.eu\/bridging-local-and-european-agendas-for-the-future-of-food\/"},"modified":"2025-07-17T14:54:25","modified_gmt":"2025-07-17T12:54:25","slug":"faire-lien-agendas-locaux-et-europeens-pour-avenir-alimentation","status":"publish","type":"post","link":"https:\/\/energy-cities.eu\/fr\/faire-lien-agendas-locaux-et-europeens-pour-avenir-alimentation\/","title":{"rendered":"Faire le lien entre les agendas locaux et europ\u00e9ens pour l&rsquo;avenir de l&rsquo;alimentation"},"content":{"rendered":"\n<p><strong>Alors que la Commission europ\u00e9enne pr\u00e9pare sa vision pour l\u2019agriculture au-del\u00e0 de 2027, nous sommes \u00e0 un moment charni\u00e8re pour repenser la Politique Agricole Commune (PAC). Le <a href=\"https:\/\/commission.europa.eu\/topics\/agriculture-and-rural-development\/strategic-dialogue-future-eu-agriculture_en\" target=\"_blank\" rel=\"noreferrer noopener\">Dialogue strat\u00e9gique en cours sur l\u2019avenir de l\u2019agriculture europ\u00e9enne<\/a>, lanc\u00e9 par la Commission, met en lumi\u00e8re la n\u00e9cessit\u00e9 de syst\u00e8mes alimentaires plus durables et ancr\u00e9s dans les territoires. C\u2019est dans ce contexte que l\u2019\u00e9v\u00e9nement <a href=\"https:\/\/www.slowfood.com\/events\/terra-madre-europe\/\" target=\"_blank\" rel=\"noreferrer noopener\">Terra Madre Europe<\/a> de Slow Food (Bruxelles, 22-24 juin) a servi de plateforme pour nourrir ces \u00e9changes.\u00a0<\/strong><\/p>\n\n\n\n<h2>Placer les collectivit\u00e9s locales et les citoyen\u00b7nes au c\u0153ur de la transition des syst\u00e8mes alimentaires<\/h2>\n\n\n\n<p>Particuli\u00e8rement enrichissante pour les travaux d\u2019Energy Cities sur les <a href=\"https:\/\/energy-cities.eu\/fr\/hub\/alimentation-durable\/\" target=\"_blank\" rel=\"noreferrer noopener\">syst\u00e8mes alimentaires et les politiques fonci\u00e8res<\/a>, la session r\u00e9unissant Marta Messa (Secr\u00e9taire g\u00e9n\u00e9rale de Slow Food), Ricard Ramon i Sumoy (chef d\u2019unit\u00e9 Perspectives politiques, DG AGRI), Jacopo Goracci (agriculteur Slow Food), et Sandrine Vokaer (cheffe du d\u00e9partement Good Food, Bruxelles Environnement), a mis l\u2019accent sur le r\u00f4le central des acteurs et actrices locales et des mod\u00e8les agro\u00e9cologiques dans la <strong>construction de l\u2019agriculture europ\u00e9enne de demain<\/strong>.<\/p>\n\n\n\n<p>La r\u00e9forme de la PAC apr\u00e8s 2027 repr\u00e9sente une occasion de r\u00e9pondre aux d\u00e9fis structurels de nos syst\u00e8mes alimentaires. Comme l\u2019a soulign\u00e9 Ricard Ramon i Sumoy, les <strong>r\u00e9gions et les villes doivent jouer un r\u00f4le plus important dans la mise en \u0153uvre de politiques agricoles adapt\u00e9es aux sp\u00e9cificit\u00e9s territoriales.<\/strong> Au-del\u00e0 d\u2019un mod\u00e8le unique, la future PAC doit soutenir des approches ascendantes, territorialis\u00e9es, qui placent l\u2019agro\u00e9cologie et les citoyen\u00b7nes au c\u0153ur de la transition.\u00a0<\/p>\n\n\n\n<p>Le repr\u00e9sentant de la DG AGRI a \u00e9galement annonc\u00e9 une nouvelle initiative \u00e0 venir : les <em><strong>Food Dialogues<\/strong><\/em>. Celle-ci vise \u00e0 cr\u00e9er des espaces de discussion \u00e0 diff\u00e9rentes \u00e9chelles, o\u00f9 agriculteur\u00b7rices, autorit\u00e9s locales et soci\u00e9t\u00e9 civile pourront formuler des recommandations pour alimenter les politiques publiques. En invitant les villes, les territoires ruraux et les r\u00e9seaux \u00e0 prendre part aux \u00e9changes, l\u2019UE commence \u00e0 reconna\u00eetre que <strong>des syst\u00e8mes alimentaires r\u00e9silients naissent de coop\u00e9rations entre \u00e9chelles. <\/strong>Il s\u2019agit d\u2019un tournant par rapport \u00e0 une approche purement nationale ou sectorielle, vers un mod\u00e8le plus en phase avec la diversit\u00e9 territoriale europ\u00e9enne.\u00a0<\/p>\n\n\n\n<div class=\"wp-block-image\"><figure class=\"aligncenter size-large is-resized\"><img loading=\"lazy\" src=\"https:\/\/energy-cities.eu\/wp-content\/uploads\/2025\/07\/Terra_Madre_Europe-4271-1024x681.jpg\" alt=\"Bridging local and European agendas for the future of food_Alessandro Vargiu\" class=\"wp-image-88886\" width=\"624\" height=\"415\" srcset=\"https:\/\/energy-cities.eu\/wp-content\/uploads\/2025\/07\/Terra_Madre_Europe-4271-1024x681.jpg 1024w, https:\/\/energy-cities.eu\/wp-content\/uploads\/2025\/07\/Terra_Madre_Europe-4271-350x233.jpg 350w, https:\/\/energy-cities.eu\/wp-content\/uploads\/2025\/07\/Terra_Madre_Europe-4271-1536x1022.jpg 1536w, https:\/\/energy-cities.eu\/wp-content\/uploads\/2025\/07\/Terra_Madre_Europe-4271-700x466.jpg 700w, https:\/\/energy-cities.eu\/wp-content\/uploads\/2025\/07\/Terra_Madre_Europe-4271-451x300.jpg 451w, https:\/\/energy-cities.eu\/wp-content\/uploads\/2025\/07\/Terra_Madre_Europe-4271-1352x900.jpg 1352w, https:\/\/energy-cities.eu\/wp-content\/uploads\/2025\/07\/Terra_Madre_Europe-4271.jpg 2000w\" sizes=\"(max-width: 624px) 100vw, 624px\" \/><figcaption>Faire le lien entre les agendas locaux et europ\u00e9ens pour l&rsquo;avenir de l&rsquo;alimentation<br>Slow Food Terra Madre \u00a9Alessandro Vargiu<\/figcaption><\/figure><\/div>\n\n\n\n<h2>L&rsquo;exemple de Bruxelles : la strat\u00e9gie <em>Good Food<\/em><\/h2>\n\n\n\n<p>Du niveau europ\u00e9en au niveau local, Bruxelles \u2013 membre d\u2019Energy Cities \u2013 a illustr\u00e9 concr\u00e8tement comment les collectivit\u00e9s peuvent s\u2019emparer des politiques alimentaires. Sandrine Vokaer y a pr\u00e9sent\u00e9 la <strong><a href=\"https:\/\/goodfood.brussels\/fr?domain=cit\" target=\"_blank\" rel=\"noreferrer noopener\">strat\u00e9gie Good Food<\/a> <\/strong>d\u00e9velopp\u00e9e par la <a href=\"https:\/\/energy-cities.eu\/fr\/membre\/region-bruxelles-capitale\/\" target=\"_blank\" rel=\"noreferrer noopener\">r\u00e9gion Bruxelles-Capitale, membre d&rsquo;Energy Cities.<\/a> Cette initiative encourage des r\u00e9gimes alimentaires saisonniers, biologiques et \u00e0 faible teneur en prot\u00e9ines animales, tout en favorisant la participation citoyenne. Elle vise \u00e9galement \u00e0 d\u00e9velopper de nouveaux projets d\u2019agriculture urbaine, avec l\u2019objectif de <strong>produire localement 30 % des fruits et l\u00e9gumes d\u2019ici 2035<\/strong>.\u00a0<\/p>\n\n\n\n<p>Alors que l\u2019acc\u00e8s au foncier est un d\u00e9fi majeur pour les villes europ\u00e9ennes qui souhaitent d\u00e9velopper leur production alimentaire, la strat\u00e9gie bruxelloise pr\u00e9voit de faciliter l\u2019acc\u00e8s \u00e0 une diversit\u00e9 de sites de production, mais aussi de pr\u00e9server les terres agricoles existantes dans la R\u00e9gion de Bruxelles-Capitale et sa p\u00e9riph\u00e9rie. En effet, en 2015, seulement 1,5 % de la surface de la r\u00e9gion bruxelloise \u00e9tait utilis\u00e9e comme terres agricoles.&nbsp;<\/p>\n\n\n\n<p>En encourageant des strat\u00e9gies alimentaires territorialis\u00e9es et en renfor\u00e7ant les liens entre communaut\u00e9s rurales et urbaines, les discussions de Terra Madre ont d\u00e9montr\u00e9 <strong>le r\u00f4le cl\u00e9 que peuvent jouer les r\u00e9gions et les villes pour accompagner les agriculteur\u00b7rices vers la transition agro\u00e9cologique.\u00a0<\/strong><\/p>\n\n\n\n<p><strong>Envie d\u2019en savoir plus sur les syst\u00e8mes alimentaires durables ?<\/strong>\u00a0<br>Rejoignez notre <a href=\"https:\/\/energy-cities.eu\/fr\/hub\/alimentation-durable\/\" target=\"_blank\" rel=\"noreferrer noopener\">HUB <\/a>et abonnez-vous \u00e0 <a href=\"https:\/\/energy-cities.eu\/fr\/newsletter\/\" target=\"_blank\" rel=\"noreferrer noopener\">notre newsletter<\/a> pour <strong>d\u00e9couvrir les histoires inspirantes de nos membres !\u00a0<\/strong><\/p>\n","protected":false},"excerpt":{"rendered":"<p>Alors que la Commission europ\u00e9enne pr\u00e9pare sa vision pour l\u2019agriculture au-del\u00e0 de 2027, nous sommes \u00e0 un moment charni\u00e8re pour repenser la Politique Agricole Commune <a href=\"https:\/\/energy-cities.eu\/fr\/faire-lien-agendas-locaux-et-europeens-pour-avenir-alimentation\/\">[\u2026]<\/a><\/p>\n","protected":false},"author":87,"featured_media":88887,"comment_status":"open","ping_status":"open","sticky":false,"template":"","format":"standard","meta":{"advgb_blocks_editor_width":"","advgb_blocks_columns_visual_guide":"","ub_ctt_via":""},"categories":[4],"tags":[],"hub":[307],"topic":[110,113,319,332],"legislative_initiative":[],"document_type":[],"acf":[],"author_meta":{"display_name":"Stella Archontaki","author_link":"https:\/\/energy-cities.eu\/fr\/staff\/s-archontaki\/"},"featured_img":"https:\/\/energy-cities.eu\/wp-content\/uploads\/2025\/07\/Terra_Madre_Europe-4271-350x233.jpg","featured_image_src":"https:\/\/energy-cities.eu\/wp-content\/uploads\/2025\/07\/Terra_Madre_Europe-4271.jpg","author_info":{"display_name":"Stella Archontaki","author_link":"https:\/\/energy-cities.eu\/fr\/staff\/s-archontaki\/"},"yoast_head":"<!-- This site is optimized with the Yoast SEO plugin v18.8 - https:\/\/yoast.com\/wordpress\/plugins\/seo\/ -->\n<title>Faire le lien entre les agendas locaux et europ\u00e9ens pour l&#039;avenir de l&#039;alimentation - Energy Cities<\/title>\n<meta name=\"description\" content=\"Energy Cities joined Slow Food\u2019s Terra Madre Europe event to exchange on the role played by cities\" \/>\n<meta name=\"robots\" content=\"index, follow, max-snippet:-1, max-image-preview:large, max-video-preview:-1\" \/>\n<link rel=\"canonical\" href=\"https:\/\/energy-cities.eu\/fr\/faire-lien-agendas-locaux-et-europeens-pour-avenir-alimentation\/\" \/>\n<meta property=\"og:locale\" content=\"fr_FR\" \/>\n<meta property=\"og:type\" content=\"article\" \/>\n<meta property=\"og:title\" content=\"Faire le lien entre les agendas locaux et europ\u00e9ens pour l&#039;avenir de l&#039;alimentation - Energy Cities\" \/>\n<meta property=\"og:description\" content=\"Energy Cities joined Slow Food\u2019s Terra Madre Europe event to exchange on the role played by cities\" \/>\n<meta property=\"og:url\" content=\"https:\/\/energy-cities.eu\/fr\/faire-lien-agendas-locaux-et-europeens-pour-avenir-alimentation\/\" \/>\n<meta property=\"og:site_name\" content=\"Energy Cities\" \/>\n<meta property=\"article:publisher\" content=\"https:\/\/www.facebook.com\/energycities.eu\/\" \/>\n<meta property=\"article:published_time\" content=\"2025-07-08T07:29:00+00:00\" \/>\n<meta property=\"article:modified_time\" content=\"2025-07-17T12:54:25+00:00\" \/>\n<meta property=\"og:image\" content=\"https:\/\/energy-cities.eu\/wp-content\/uploads\/2025\/07\/Terra_Madre_Europe-4271.jpg\" \/>\n\t<meta property=\"og:image:width\" content=\"2000\" \/>\n\t<meta property=\"og:image:height\" content=\"1331\" \/>\n\t<meta property=\"og:image:type\" content=\"image\/jpeg\" \/>\n<meta name=\"twitter:card\" content=\"summary_large_image\" \/>\n<meta name=\"twitter:creator\" content=\"@s.archontaki\" \/>\n<meta name=\"twitter:site\" content=\"@energycities\" \/>\n<meta name=\"twitter:label1\" content=\"\u00c9crit par\" \/>\n\t<meta name=\"twitter:data1\" content=\"Stella Archontaki\" \/>\n\t<meta name=\"twitter:label2\" content=\"Dur\u00e9e de lecture estim\u00e9e\" \/>\n\t<meta name=\"twitter:data2\" content=\"3 minutes\" \/>\n<script type=\"application\/ld+json\" class=\"yoast-schema-graph\">{\"@context\":\"https:\/\/schema.org\",\"@graph\":[{\"@type\":\"Organization\",\"@id\":\"https:\/\/energy-cities.eu\/fr\/#organization\",\"name\":\"Energy Cities\",\"url\":\"https:\/\/energy-cities.eu\/fr\/\",\"sameAs\":[\"https:\/\/www.facebook.com\/energycities.eu\/\",\"https:\/\/www.youtube.com\/channel\/UChIHn2wF76JzuTbAjSMs0hQ\",\"https:\/\/fr.wikipedia.org\/wiki\/Energy_Cities\",\"https:\/\/twitter.com\/energycities\"],\"logo\":{\"@type\":\"ImageObject\",\"inLanguage\":\"fr-FR\",\"@id\":\"https:\/\/energy-cities.eu\/fr\/#\/schema\/logo\/image\/\",\"url\":\"https:\/\/energy-cities.eu\/wp-content\/uploads\/2019\/07\/energy-cities-couleur.jpg\",\"contentUrl\":\"https:\/\/energy-cities.eu\/wp-content\/uploads\/2019\/07\/energy-cities-couleur.jpg\",\"width\":3508,\"height\":2587,\"caption\":\"Energy Cities\"},\"image\":{\"@id\":\"https:\/\/energy-cities.eu\/fr\/#\/schema\/logo\/image\/\"}},{\"@type\":\"WebSite\",\"@id\":\"https:\/\/energy-cities.eu\/fr\/#website\",\"url\":\"https:\/\/energy-cities.eu\/fr\/\",\"name\":\"Energy Cities\",\"description\":\" The European learning community for future-proof cities\",\"publisher\":{\"@id\":\"https:\/\/energy-cities.eu\/fr\/#organization\"},\"potentialAction\":[{\"@type\":\"SearchAction\",\"target\":{\"@type\":\"EntryPoint\",\"urlTemplate\":\"https:\/\/energy-cities.eu\/fr\/?s={search_term_string}\"},\"query-input\":\"required name=search_term_string\"}],\"inLanguage\":\"fr-FR\"},{\"@type\":\"ImageObject\",\"inLanguage\":\"fr-FR\",\"@id\":\"https:\/\/energy-cities.eu\/fr\/faire-lien-agendas-locaux-et-europeens-pour-avenir-alimentation\/#primaryimage\",\"url\":\"https:\/\/energy-cities.eu\/wp-content\/uploads\/2025\/07\/Terra_Madre_Europe-4271.jpg\",\"contentUrl\":\"https:\/\/energy-cities.eu\/wp-content\/uploads\/2025\/07\/Terra_Madre_Europe-4271.jpg\",\"width\":2000,\"height\":1331,\"caption\":\"Alessandro Vargiu\"},{\"@type\":\"WebPage\",\"@id\":\"https:\/\/energy-cities.eu\/fr\/faire-lien-agendas-locaux-et-europeens-pour-avenir-alimentation\/#webpage\",\"url\":\"https:\/\/energy-cities.eu\/fr\/faire-lien-agendas-locaux-et-europeens-pour-avenir-alimentation\/\",\"name\":\"Faire le lien entre les agendas locaux et europ\u00e9ens pour l'avenir de l'alimentation - Energy Cities\",\"isPartOf\":{\"@id\":\"https:\/\/energy-cities.eu\/fr\/#website\"},\"primaryImageOfPage\":{\"@id\":\"https:\/\/energy-cities.eu\/fr\/faire-lien-agendas-locaux-et-europeens-pour-avenir-alimentation\/#primaryimage\"},\"datePublished\":\"2025-07-08T07:29:00+00:00\",\"dateModified\":\"2025-07-17T12:54:25+00:00\",\"description\":\"Energy Cities joined Slow Food\u2019s Terra Madre Europe event to exchange on the role played by cities\",\"breadcrumb\":{\"@id\":\"https:\/\/energy-cities.eu\/fr\/faire-lien-agendas-locaux-et-europeens-pour-avenir-alimentation\/#breadcrumb\"},\"inLanguage\":\"fr-FR\",\"potentialAction\":[{\"@type\":\"ReadAction\",\"target\":[\"https:\/\/energy-cities.eu\/fr\/faire-lien-agendas-locaux-et-europeens-pour-avenir-alimentation\/\"]}]},{\"@type\":\"BreadcrumbList\",\"@id\":\"https:\/\/energy-cities.eu\/fr\/faire-lien-agendas-locaux-et-europeens-pour-avenir-alimentation\/#breadcrumb\",\"itemListElement\":[{\"@type\":\"ListItem\",\"position\":1,\"name\":\"Home\",\"item\":\"https:\/\/energy-cities.eu\/fr\/nous-sommes-un-reseau-europeen-blabla\/\"},{\"@type\":\"ListItem\",\"position\":2,\"name\":\"Faire le lien entre les agendas locaux et europ\u00e9ens pour l&#8217;avenir de l&#8217;alimentation\"}]},{\"@type\":\"Article\",\"@id\":\"https:\/\/energy-cities.eu\/fr\/faire-lien-agendas-locaux-et-europeens-pour-avenir-alimentation\/#article\",\"isPartOf\":{\"@id\":\"https:\/\/energy-cities.eu\/fr\/faire-lien-agendas-locaux-et-europeens-pour-avenir-alimentation\/#webpage\"},\"author\":{\"@id\":\"https:\/\/energy-cities.eu\/fr\/#\/schema\/person\/c3f6dd380556fa59d877ef8ab2ccd7d1\"},\"headline\":\"Faire le lien entre les agendas locaux et europ\u00e9ens pour l&rsquo;avenir de l&rsquo;alimentation\",\"datePublished\":\"2025-07-08T07:29:00+00:00\",\"dateModified\":\"2025-07-17T12:54:25+00:00\",\"mainEntityOfPage\":{\"@id\":\"https:\/\/energy-cities.eu\/fr\/faire-lien-agendas-locaux-et-europeens-pour-avenir-alimentation\/#webpage\"},\"wordCount\":691,\"commentCount\":0,\"publisher\":{\"@id\":\"https:\/\/energy-cities.eu\/fr\/#organization\"},\"image\":{\"@id\":\"https:\/\/energy-cities.eu\/fr\/faire-lien-agendas-locaux-et-europeens-pour-avenir-alimentation\/#primaryimage\"},\"thumbnailUrl\":\"https:\/\/energy-cities.eu\/wp-content\/uploads\/2025\/07\/Terra_Madre_Europe-4271.jpg\",\"articleSection\":[\"Actualit\u00e9s\"],\"inLanguage\":\"fr-FR\",\"potentialAction\":[{\"@type\":\"CommentAction\",\"name\":\"Comment\",\"target\":[\"https:\/\/energy-cities.eu\/fr\/faire-lien-agendas-locaux-et-europeens-pour-avenir-alimentation\/#respond\"]}]},{\"@type\":\"Person\",\"@id\":\"https:\/\/energy-cities.eu\/fr\/#\/schema\/person\/c3f6dd380556fa59d877ef8ab2ccd7d1\",\"name\":\"Stella Archontaki\",\"image\":{\"@type\":\"ImageObject\",\"inLanguage\":\"fr-FR\",\"@id\":\"https:\/\/energy-cities.eu\/fr\/#\/schema\/person\/image\/\",\"url\":\"https:\/\/secure.gravatar.com\/avatar\/376793842512e52e2b49cf42ba5199e4?s=96&d=mm&r=g\",\"contentUrl\":\"https:\/\/secure.gravatar.com\/avatar\/376793842512e52e2b49cf42ba5199e4?s=96&d=mm&r=g\",\"caption\":\"Stella Archontaki\"},\"sameAs\":[\"https:\/\/twitter.com\/s.archontaki\"],\"url\":\"https:\/\/energy-cities.eu\/fr\/staff\/s-archontaki\/\"}]}<\/script>\n<!-- \/ Yoast SEO plugin. -->","yoast_head_json":{"title":"Faire le lien entre les agendas locaux et europ\u00e9ens pour l'avenir de l'alimentation - Energy Cities","description":"Energy Cities joined Slow Food\u2019s Terra Madre Europe event to exchange on the role played by cities","robots":{"index":"index","follow":"follow","max-snippet":"max-snippet:-1","max-image-preview":"max-image-preview:large","max-video-preview":"max-video-preview:-1"},"canonical":"https:\/\/energy-cities.eu\/fr\/faire-lien-agendas-locaux-et-europeens-pour-avenir-alimentation\/","og_locale":"fr_FR","og_type":"article","og_title":"Faire le lien entre les agendas locaux et europ\u00e9ens pour l'avenir de l'alimentation - Energy Cities","og_description":"Energy Cities joined Slow Food\u2019s Terra Madre Europe event to exchange on the role played by cities","og_url":"https:\/\/energy-cities.eu\/fr\/faire-lien-agendas-locaux-et-europeens-pour-avenir-alimentation\/","og_site_name":"Energy Cities","article_publisher":"https:\/\/www.facebook.com\/energycities.eu\/","article_published_time":"2025-07-08T07:29:00+00:00","article_modified_time":"2025-07-17T12:54:25+00:00","og_image":[{"width":2000,"height":1331,"url":"https:\/\/energy-cities.eu\/wp-content\/uploads\/2025\/07\/Terra_Madre_Europe-4271.jpg","type":"image\/jpeg"}],"twitter_card":"summary_large_image","twitter_creator":"@s.archontaki","twitter_site":"@energycities","twitter_misc":{"\u00c9crit par":"Stella Archontaki","Dur\u00e9e de lecture estim\u00e9e":"3 minutes"},"schema":{"@context":"https:\/\/schema.org","@graph":[{"@type":"Organization","@id":"https:\/\/energy-cities.eu\/fr\/#organization","name":"Energy Cities","url":"https:\/\/energy-cities.eu\/fr\/","sameAs":["https:\/\/www.facebook.com\/energycities.eu\/","https:\/\/www.youtube.com\/channel\/UChIHn2wF76JzuTbAjSMs0hQ","https:\/\/fr.wikipedia.org\/wiki\/Energy_Cities","https:\/\/twitter.com\/energycities"],"logo":{"@type":"ImageObject","inLanguage":"fr-FR","@id":"https:\/\/energy-cities.eu\/fr\/#\/schema\/logo\/image\/","url":"https:\/\/energy-cities.eu\/wp-content\/uploads\/2019\/07\/energy-cities-couleur.jpg","contentUrl":"https:\/\/energy-cities.eu\/wp-content\/uploads\/2019\/07\/energy-cities-couleur.jpg","width":3508,"height":2587,"caption":"Energy Cities"},"image":{"@id":"https:\/\/energy-cities.eu\/fr\/#\/schema\/logo\/image\/"}},{"@type":"WebSite","@id":"https:\/\/energy-cities.eu\/fr\/#website","url":"https:\/\/energy-cities.eu\/fr\/","name":"Energy Cities","description":" The European learning community for future-proof cities","publisher":{"@id":"https:\/\/energy-cities.eu\/fr\/#organization"},"potentialAction":[{"@type":"SearchAction","target":{"@type":"EntryPoint","urlTemplate":"https:\/\/energy-cities.eu\/fr\/?s={search_term_string}"},"query-input":"required name=search_term_string"}],"inLanguage":"fr-FR"},{"@type":"ImageObject","inLanguage":"fr-FR","@id":"https:\/\/energy-cities.eu\/fr\/faire-lien-agendas-locaux-et-europeens-pour-avenir-alimentation\/#primaryimage","url":"https:\/\/energy-cities.eu\/wp-content\/uploads\/2025\/07\/Terra_Madre_Europe-4271.jpg","contentUrl":"https:\/\/energy-cities.eu\/wp-content\/uploads\/2025\/07\/Terra_Madre_Europe-4271.jpg","width":2000,"height":1331,"caption":"Alessandro Vargiu"},{"@type":"WebPage","@id":"https:\/\/energy-cities.eu\/fr\/faire-lien-agendas-locaux-et-europeens-pour-avenir-alimentation\/#webpage","url":"https:\/\/energy-cities.eu\/fr\/faire-lien-agendas-locaux-et-europeens-pour-avenir-alimentation\/","name":"Faire le lien entre les agendas locaux et europ\u00e9ens pour l'avenir de l'alimentation - Energy Cities","isPartOf":{"@id":"https:\/\/energy-cities.eu\/fr\/#website"},"primaryImageOfPage":{"@id":"https:\/\/energy-cities.eu\/fr\/faire-lien-agendas-locaux-et-europeens-pour-avenir-alimentation\/#primaryimage"},"datePublished":"2025-07-08T07:29:00+00:00","dateModified":"2025-07-17T12:54:25+00:00","description":"Energy Cities joined Slow Food\u2019s Terra Madre Europe event to exchange on the role played by cities","breadcrumb":{"@id":"https:\/\/energy-cities.eu\/fr\/faire-lien-agendas-locaux-et-europeens-pour-avenir-alimentation\/#breadcrumb"},"inLanguage":"fr-FR","potentialAction":[{"@type":"ReadAction","target":["https:\/\/energy-cities.eu\/fr\/faire-lien-agendas-locaux-et-europeens-pour-avenir-alimentation\/"]}]},{"@type":"BreadcrumbList","@id":"https:\/\/energy-cities.eu\/fr\/faire-lien-agendas-locaux-et-europeens-pour-avenir-alimentation\/#breadcrumb","itemListElement":[{"@type":"ListItem","position":1,"name":"Home","item":"https:\/\/energy-cities.eu\/fr\/nous-sommes-un-reseau-europeen-blabla\/"},{"@type":"ListItem","position":2,"name":"Faire le lien entre les agendas locaux et europ\u00e9ens pour l&#8217;avenir de l&#8217;alimentation"}]},{"@type":"Article","@id":"https:\/\/energy-cities.eu\/fr\/faire-lien-agendas-locaux-et-europeens-pour-avenir-alimentation\/#article","isPartOf":{"@id":"https:\/\/energy-cities.eu\/fr\/faire-lien-agendas-locaux-et-europeens-pour-avenir-alimentation\/#webpage"},"author":{"@id":"https:\/\/energy-cities.eu\/fr\/#\/schema\/person\/c3f6dd380556fa59d877ef8ab2ccd7d1"},"headline":"Faire le lien entre les agendas locaux et europ\u00e9ens pour l&rsquo;avenir de l&rsquo;alimentation","datePublished":"2025-07-08T07:29:00+00:00","dateModified":"2025-07-17T12:54:25+00:00","mainEntityOfPage":{"@id":"https:\/\/energy-cities.eu\/fr\/faire-lien-agendas-locaux-et-europeens-pour-avenir-alimentation\/#webpage"},"wordCount":691,"commentCount":0,"publisher":{"@id":"https:\/\/energy-cities.eu\/fr\/#organization"},"image":{"@id":"https:\/\/energy-cities.eu\/fr\/faire-lien-agendas-locaux-et-europeens-pour-avenir-alimentation\/#primaryimage"},"thumbnailUrl":"https:\/\/energy-cities.eu\/wp-content\/uploads\/2025\/07\/Terra_Madre_Europe-4271.jpg","articleSection":["Actualit\u00e9s"],"inLanguage":"fr-FR","potentialAction":[{"@type":"CommentAction","name":"Comment","target":["https:\/\/energy-cities.eu\/fr\/faire-lien-agendas-locaux-et-europeens-pour-avenir-alimentation\/#respond"]}]},{"@type":"Person","@id":"https:\/\/energy-cities.eu\/fr\/#\/schema\/person\/c3f6dd380556fa59d877ef8ab2ccd7d1","name":"Stella Archontaki","image":{"@type":"ImageObject","inLanguage":"fr-FR","@id":"https:\/\/energy-cities.eu\/fr\/#\/schema\/person\/image\/","url":"https:\/\/secure.gravatar.com\/avatar\/376793842512e52e2b49cf42ba5199e4?s=96&d=mm&r=g","contentUrl":"https:\/\/secure.gravatar.com\/avatar\/376793842512e52e2b49cf42ba5199e4?s=96&d=mm&r=g","caption":"Stella Archontaki"},"sameAs":["https:\/\/twitter.com\/s.archontaki"],"url":"https:\/\/energy-cities.eu\/fr\/staff\/s-archontaki\/"}]}},"coauthors":[],"tax_additional":{"categories":{"linked":["<a href=\"https:\/\/energy-cities.eu\/fr\/category\/actualites\/\" class=\"advgb-post-tax-term\">Actualit\u00e9s<\/a>"],"unlinked":["<span class=\"advgb-post-tax-term\">Actualit\u00e9s<\/span>"]}},"comment_count":"0","relative_dates":{"created":"Publi\u00e9 10 mois il y a","modified":"Mis \u00e0 jour 9 mois il y a"},"absolute_dates":{"created":"Publi\u00e9 le 08 juillet 2025","modified":"Mise \u00e0 jour le 17 juillet 2025"},"absolute_dates_time":{"created":"Publi\u00e9 le 08 juillet 2025 9:29  ","modified":"Mise \u00e0 jour le 17 juillet 2025 2:54  "},"featured_img_caption":"","_links":{"self":[{"href":"https:\/\/energy-cities.eu\/fr\/wp-json\/wp\/v2\/posts\/89085"}],"collection":[{"href":"https:\/\/energy-cities.eu\/fr\/wp-json\/wp\/v2\/posts"}],"about":[{"href":"https:\/\/energy-cities.eu\/fr\/wp-json\/wp\/v2\/types\/post"}],"author":[{"embeddable":true,"href":"https:\/\/energy-cities.eu\/fr\/wp-json\/wp\/v2\/users\/87"}],"replies":[{"embeddable":true,"href":"https:\/\/energy-cities.eu\/fr\/wp-json\/wp\/v2\/comments?post=89085"}],"version-history":[{"count":7,"href":"https:\/\/energy-cities.eu\/fr\/wp-json\/wp\/v2\/posts\/89085\/revisions"}],"predecessor-version":[{"id":89096,"href":"https:\/\/energy-cities.eu\/fr\/wp-json\/wp\/v2\/posts\/89085\/revisions\/89096"}],"wp:featuredmedia":[{"embeddable":true,"href":"https:\/\/energy-cities.eu\/fr\/wp-json\/wp\/v2\/media\/88887"}],"wp:attachment":[{"href":"https:\/\/energy-cities.eu\/fr\/wp-json\/wp\/v2\/media?parent=89085"}],"wp:term":[{"taxonomy":"category","embeddable":true,"href":"https:\/\/energy-cities.eu\/fr\/wp-json\/wp\/v2\/categories?post=89085"},{"taxonomy":"post_tag","embeddable":true,"href":"https:\/\/energy-cities.eu\/fr\/wp-json\/wp\/v2\/tags?post=89085"},{"taxonomy":"hub","embeddable":true,"href":"https:\/\/energy-cities.eu\/fr\/wp-json\/wp\/v2\/hub?post=89085"},{"taxonomy":"topic","embeddable":true,"href":"https:\/\/energy-cities.eu\/fr\/wp-json\/wp\/v2\/topic?post=89085"},{"taxonomy":"legislative_initiative","embeddable":true,"href":"https:\/\/energy-cities.eu\/fr\/wp-json\/wp\/v2\/legislative_initiative?post=89085"},{"taxonomy":"document_type","embeddable":true,"href":"https:\/\/energy-cities.eu\/fr\/wp-json\/wp\/v2\/document_type?post=89085"}],"curies":[{"name":"wp","href":"https:\/\/api.w.org\/{rel}","templated":true}]}}