{"id":90773,"date":"2025-10-13T12:39:53","date_gmt":"2025-10-13T10:39:53","guid":{"rendered":"https:\/\/energy-cities.eu\/?p=90773"},"modified":"2025-10-13T12:41:36","modified_gmt":"2025-10-13T10:41:36","slug":"assen-remporte-le-prix-de-la-feuille-verte-europeenne-2027","status":"publish","type":"post","link":"https:\/\/energy-cities.eu\/fr\/assen-remporte-le-prix-de-la-feuille-verte-europeenne-2027\/","title":{"rendered":"Assen remporte le prix de la Feuille verte europ\u00e9enne 2027"},"content":{"rendered":"\n<p class=\"has-medium-font-size\"><a href=\"https:\/\/www.citiesnorthernnetherlands.eu\/cities\/assen\/\" target=\"_blank\" rel=\"noreferrer noopener\">Assen<\/a>, capitale de la province de Drenthe, dans le nord des Pays-Bas, est une ville qui met en avant la nature et les espaces verts, trouvant toujours des moyens innovants pour progresser dans sa transition \u00e9cologique. La Feuille verte europ\u00e9enne 2027 r\u00e9compense ses engagements en faveur de la circularit\u00e9 et de l&rsquo;att\u00e9nuation du changement climatique, ainsi que dans d&rsquo;autres domaines cl\u00e9s.<\/p>\n\n\n\n<p>Le prix Feuille verte europ\u00e9enne reconna\u00eet et r\u00e9compense les villes des \u00c9tats membres de l&rsquo;UE comptant entre 20 000 et 99 999 habitant\u00b7es dont les actions locales sont ax\u00e9es sur la transition vers un avenir plus \u00e9cologique et durable. Il vise \u00e0 mettre en avant les efforts d\u00e9ploy\u00e9s par les villes pour am\u00e9liorer l&rsquo;environnement urbain, lutter contre la pollution et s&rsquo;adapter au changement climatique.<\/p>\n\n\n\n<div style=\"height:22px\" aria-hidden=\"true\" class=\"wp-block-spacer\"><\/div>\n\n\n\n<div class=\"wp-block-media-text alignwide is-stacked-on-mobile\" style=\"grid-template-columns:34% auto\"><figure class=\"wp-block-media-text__media\"><img loading=\"lazy\" width=\"1024\" height=\"992\" src=\"https:\/\/energy-cities.eu\/wp-content\/uploads\/2025\/10\/Logo_EGL-Winning-city-Assen-1024x992.webp\" alt=\"\" class=\"wp-image-90589 size-full\" srcset=\"https:\/\/energy-cities.eu\/wp-content\/uploads\/2025\/10\/Logo_EGL-Winning-city-Assen-1024x992.webp 1024w, https:\/\/energy-cities.eu\/wp-content\/uploads\/2025\/10\/Logo_EGL-Winning-city-Assen-258x250.webp 258w, https:\/\/energy-cities.eu\/wp-content\/uploads\/2025\/10\/Logo_EGL-Winning-city-Assen-700x678.webp 700w, https:\/\/energy-cities.eu\/wp-content\/uploads\/2025\/10\/Logo_EGL-Winning-city-Assen-310x300.webp 310w, https:\/\/energy-cities.eu\/wp-content\/uploads\/2025\/10\/Logo_EGL-Winning-city-Assen-516x500.webp 516w, https:\/\/energy-cities.eu\/wp-content\/uploads\/2025\/10\/Logo_EGL-Winning-city-Assen-929x900.webp 929w, https:\/\/energy-cities.eu\/wp-content\/uploads\/2025\/10\/Logo_EGL-Winning-city-Assen.webp 1049w\" sizes=\"(max-width: 1024px) 100vw, 1024px\" \/><\/figure><div class=\"wp-block-media-text__content\">\n<p style=\"font-size:17px\">Le th\u00e8me choisi par Assen, \u00ab Healthy Urban Living \u00bb (une vie urbaine saine), ax\u00e9 sur un mode de vie urbain sain et durable, a montr\u00e9 comment une ville d&rsquo;un peu plus de 70 000 habitant\u00b7es peut avoir un impact consid\u00e9rable. Elle s&rsquo;est fix\u00e9e des objectifs dans les domaines suivants : pollution atmosph\u00e9rique, biodiversit\u00e9, adaptation au changement climatique, pollution sonore, circularit\u00e9 et consommation d&rsquo;eau.<\/p>\n<\/div><\/div>\n\n\n\n<div style=\"height:22px\" aria-hidden=\"true\" class=\"wp-block-spacer\"><\/div>\n\n\n\n<h2><strong>La Ville s\u2019engage pour la transition \u00e9cologique<\/strong><\/h2>\n\n\n\n<p>La ville collecte des donn\u00e9es sur les trajets \u00e0 v\u00e9lo des \u00e9tudiant\u00b7es afin de mesurer la pollution atmosph\u00e9rique et d\u00e9veloppe ses espaces verts afin d&rsquo;absorber le CO2. Ceux-ci sont essentiels pour prot\u00e9ger la biodiversit\u00e9, et les citoyen\u00b7nes peuvent participer \u00e0 diff\u00e9rentes initiatives visant \u00e0 prot\u00e9ger ces zones et \u00e0 sensibiliser le public \u00e0 leur importance. Assen travaille aussi sur la gestion intelligente de l&rsquo;eau pour pr\u00e9venir les inondations et collecter l&rsquo;eau de pluie. La diminution de la pollution sonore est \u00e9galement un \u00e9l\u00e9ment strat\u00e9gique pour am\u00e9liorer le bien-\u00eatre des habitant\u00b7es. La ville recueille des donn\u00e9es et \u00e9laborent des plans pour rendre les espaces publics plus calmes et plus sains.<\/p>\n\n\n\n<p>Ses politiques innovantes en mati\u00e8re de gestion des d\u00e9chets sont \u00e9galement inspirantes. Elles comprennent notamment l&rsquo;am\u00e9lioration de la collecte des d\u00e9chets PMD (plastiques, m\u00e9taux et cartons \u00e0 boissons) et des initiatives telles que les Repair Caf\u00e9s, qui visent \u00e0 r\u00e9duire les d\u00e9chets r\u00e9siduels et \u00e0 promouvoir la valorisation des mat\u00e9riaux, favorisant ainsi l&rsquo;\u00e9conomie circulaire. Assen s&rsquo;efforce d&rsquo;atteindre la neutralit\u00e9 climatique en cr\u00e9ant davantage de zones z\u00e9ro \u00e9mission ou en rendant les solutions \u00e9nerg\u00e9tiques durables abordables pour tous les quartiers. L&rsquo;adaptation au changement climatique figure \u00e9galement parmi ses priorit\u00e9s, car la ville est en pleine transformation pour devenir r\u00e9siliente et vivable, m\u00eame dans des conditions m\u00e9t\u00e9orologiques extr\u00eames.<\/p>\n\n\n\n<div style=\"height:19px\" aria-hidden=\"true\" class=\"wp-block-spacer\"><\/div>\n\n\n\n<figure class=\"wp-block-gallery has-nested-images columns-default is-cropped\">\n<figure class=\"wp-block-image size-large is-style-default\"><img loading=\"lazy\" width=\"2560\" height=\"1441\" data-id=\"90579\"  src=\"https:\/\/energy-cities.eu\/wp-content\/uploads\/2025\/10\/denise-jans-mYDPnxAQWB8-unsplash-scaled.jpg\" alt=\"\" class=\"wp-image-90579\" srcset=\"https:\/\/energy-cities.eu\/wp-content\/uploads\/2025\/10\/denise-jans-mYDPnxAQWB8-unsplash-scaled.jpg 2560w, https:\/\/energy-cities.eu\/wp-content\/uploads\/2025\/10\/denise-jans-mYDPnxAQWB8-unsplash-350x197.jpg 350w, https:\/\/energy-cities.eu\/wp-content\/uploads\/2025\/10\/denise-jans-mYDPnxAQWB8-unsplash-1024x576.jpg 1024w, https:\/\/energy-cities.eu\/wp-content\/uploads\/2025\/10\/denise-jans-mYDPnxAQWB8-unsplash-1536x865.jpg 1536w, https:\/\/energy-cities.eu\/wp-content\/uploads\/2025\/10\/denise-jans-mYDPnxAQWB8-unsplash-2048x1153.jpg 2048w, https:\/\/energy-cities.eu\/wp-content\/uploads\/2025\/10\/denise-jans-mYDPnxAQWB8-unsplash-700x394.jpg 700w, https:\/\/energy-cities.eu\/wp-content\/uploads\/2025\/10\/denise-jans-mYDPnxAQWB8-unsplash-533x300.jpg 533w, https:\/\/energy-cities.eu\/wp-content\/uploads\/2025\/10\/denise-jans-mYDPnxAQWB8-unsplash-1599x900.jpg 1599w\" sizes=\"(max-width: 2560px) 100vw, 2560px\" \/><figcaption> Denise Jans\/Unsplash<\/figcaption><\/figure>\n<\/figure>\n\n\n\n<div style=\"height:19px\" aria-hidden=\"true\" class=\"wp-block-spacer\"><\/div>\n\n\n\n<h2><strong>La strat\u00e9gie de chauffage et de refroidissement d&rsquo;Assen<\/strong><\/h2>\n\n\n\n<p>Assen s&rsquo;est fix\u00e9e l&rsquo;objectif ambitieux d&rsquo;atteindre la neutralit\u00e9 climatique d&rsquo;ici 2050. Dans ce cadre, la strat\u00e9gie de la ville en mati\u00e8re de <a href=\"https:\/\/energy-cities.eu\/how-is-assen-turning-up-the-heat-on-affordability-and-sustainability\/\" target=\"_blank\" rel=\"noreferrer noopener\">chauffage et de refroidissement<\/a> vise \u00e0 mettre en place un syst\u00e8me \u00e9nerg\u00e9tique r\u00e9silient, renouvelable et inclusif. Gr\u00e2ce \u00e0 son r\u00e9seau de chauffage urbain, la ville vise \u00e0 \u00e9liminer progressivement le gaz naturel tout en int\u00e9grant des sources durables telles que la g\u00e9othermie, la chaleur r\u00e9siduelle et l&rsquo;\u00e9nergie hydraulique.<\/p>\n\n\n\n<p>Gr\u00e2ce \u00e0 des initiatives telles que le projet RODEO et les guichets locaux d\u00e9di\u00e9s \u00e0 l&rsquo;\u00e9nergie, Assen veille \u00e0 ce que ses habitant\u00b7es soient inform\u00e9\u00b7es et accompagn\u00e9\u00b7es tout au long de la transition. L&rsquo;approche int\u00e9gr\u00e9e, qui associe innovation technique et engagement social, permet \u00e0 un plus grand nombre de m\u00e9nages d&rsquo;acc\u00e9der \u00e0 un chauffage durable, contribuant ainsi \u00e0 r\u00e9duire les co\u00fbts \u00e9nerg\u00e9tiques tout en participant \u00e0 la r\u00e9alisation des objectifs climatiques de la ville.<\/p>\n\n\n\n<p class=\"light-yellow-message\" style=\"font-size:17px\"><strong>L&rsquo;exemple d&rsquo;Assen est inspirant, et le prix Feuille verte europ\u00e9enne r\u00e9compense ses efforts pour devenir une ville r\u00e9siliente et vivable.<\/strong> <strong>F\u00e9licitations !<\/strong><\/p>\n","protected":false},"excerpt":{"rendered":"<p>La ville d&rsquo;Assen, membre d&rsquo;Energy Cities, a re\u00e7u cette distinction gr\u00e2ce \u00e0 ses engagements en faveur de la transition \u00e9cologique.<\/p>\n","protected":false},"author":88,"featured_media":90579,"comment_status":"open","ping_status":"open","sticky":false,"template":"","format":"standard","meta":{"advgb_blocks_editor_width":"","advgb_blocks_columns_visual_guide":"","ub_ctt_via":""},"categories":[4],"tags":[],"hub":[310,308,306,309],"topic":[],"legislative_initiative":[],"document_type":[],"acf":[],"author_meta":{"display_name":"Alicia Funes Moro","author_link":"https:\/\/energy-cities.eu\/fr\/staff\/a-funes\/"},"featured_img":"https:\/\/energy-cities.eu\/wp-content\/uploads\/2025\/10\/denise-jans-mYDPnxAQWB8-unsplash-350x197.jpg","featured_image_src":"https:\/\/energy-cities.eu\/wp-content\/uploads\/2025\/10\/denise-jans-mYDPnxAQWB8-unsplash-scaled.jpg","author_info":{"display_name":"Alicia Funes Moro","author_link":"https:\/\/energy-cities.eu\/fr\/staff\/a-funes\/"},"yoast_head":"<!-- This site is optimized with the Yoast SEO plugin v18.8 - https:\/\/yoast.com\/wordpress\/plugins\/seo\/ -->\n<title>Assen remporte le prix de la Feuille verte europ\u00e9enne 2027 - Energy Cities<\/title>\n<meta name=\"robots\" content=\"index, follow, max-snippet:-1, max-image-preview:large, max-video-preview:-1\" \/>\n<link rel=\"canonical\" href=\"https:\/\/energy-cities.eu\/fr\/assen-remporte-le-prix-de-la-feuille-verte-europeenne-2027\/\" \/>\n<meta property=\"og:locale\" content=\"fr_FR\" \/>\n<meta property=\"og:type\" content=\"article\" \/>\n<meta property=\"og:title\" content=\"Assen remporte le prix de la Feuille verte europ\u00e9enne 2027 - Energy Cities\" \/>\n<meta property=\"og:description\" content=\"La ville d&#039;Assen, membre d&#039;Energy Cities, a re\u00e7u cette distinction gr\u00e2ce \u00e0 ses engagements en faveur de la transition \u00e9cologique.\" \/>\n<meta property=\"og:url\" content=\"https:\/\/energy-cities.eu\/fr\/assen-remporte-le-prix-de-la-feuille-verte-europeenne-2027\/\" \/>\n<meta property=\"og:site_name\" content=\"Energy Cities\" \/>\n<meta property=\"article:publisher\" content=\"https:\/\/www.facebook.com\/energycities.eu\/\" \/>\n<meta property=\"article:published_time\" content=\"2025-10-13T10:39:53+00:00\" \/>\n<meta property=\"article:modified_time\" content=\"2025-10-13T10:41:36+00:00\" \/>\n<meta property=\"og:image\" content=\"https:\/\/energy-cities.eu\/wp-content\/uploads\/2025\/10\/denise-jans-mYDPnxAQWB8-unsplash-scaled.jpg\" \/>\n\t<meta property=\"og:image:width\" content=\"2560\" \/>\n\t<meta property=\"og:image:height\" content=\"1441\" \/>\n\t<meta property=\"og:image:type\" content=\"image\/jpeg\" \/>\n<meta name=\"twitter:card\" content=\"summary_large_image\" \/>\n<meta name=\"twitter:creator\" content=\"@a.funes\" \/>\n<meta name=\"twitter:site\" content=\"@energycities\" \/>\n<meta name=\"twitter:label1\" content=\"\u00c9crit par\" \/>\n\t<meta name=\"twitter:data1\" content=\"Alicia Funes Moro\" \/>\n\t<meta name=\"twitter:label2\" content=\"Dur\u00e9e de lecture estim\u00e9e\" \/>\n\t<meta name=\"twitter:data2\" content=\"3 minutes\" \/>\n<script type=\"application\/ld+json\" class=\"yoast-schema-graph\">{\"@context\":\"https:\/\/schema.org\",\"@graph\":[{\"@type\":\"Organization\",\"@id\":\"https:\/\/energy-cities.eu\/fr\/#organization\",\"name\":\"Energy Cities\",\"url\":\"https:\/\/energy-cities.eu\/fr\/\",\"sameAs\":[\"https:\/\/www.facebook.com\/energycities.eu\/\",\"https:\/\/www.youtube.com\/channel\/UChIHn2wF76JzuTbAjSMs0hQ\",\"https:\/\/fr.wikipedia.org\/wiki\/Energy_Cities\",\"https:\/\/twitter.com\/energycities\"],\"logo\":{\"@type\":\"ImageObject\",\"inLanguage\":\"fr-FR\",\"@id\":\"https:\/\/energy-cities.eu\/fr\/#\/schema\/logo\/image\/\",\"url\":\"https:\/\/energy-cities.eu\/wp-content\/uploads\/2019\/07\/energy-cities-couleur.jpg\",\"contentUrl\":\"https:\/\/energy-cities.eu\/wp-content\/uploads\/2019\/07\/energy-cities-couleur.jpg\",\"width\":3508,\"height\":2587,\"caption\":\"Energy Cities\"},\"image\":{\"@id\":\"https:\/\/energy-cities.eu\/fr\/#\/schema\/logo\/image\/\"}},{\"@type\":\"WebSite\",\"@id\":\"https:\/\/energy-cities.eu\/fr\/#website\",\"url\":\"https:\/\/energy-cities.eu\/fr\/\",\"name\":\"Energy Cities\",\"description\":\" The European learning community for future-proof cities\",\"publisher\":{\"@id\":\"https:\/\/energy-cities.eu\/fr\/#organization\"},\"potentialAction\":[{\"@type\":\"SearchAction\",\"target\":{\"@type\":\"EntryPoint\",\"urlTemplate\":\"https:\/\/energy-cities.eu\/fr\/?s={search_term_string}\"},\"query-input\":\"required name=search_term_string\"}],\"inLanguage\":\"fr-FR\"},{\"@type\":\"ImageObject\",\"inLanguage\":\"fr-FR\",\"@id\":\"https:\/\/energy-cities.eu\/fr\/assen-remporte-le-prix-de-la-feuille-verte-europeenne-2027\/#primaryimage\",\"url\":\"https:\/\/energy-cities.eu\/wp-content\/uploads\/2025\/10\/denise-jans-mYDPnxAQWB8-unsplash-scaled.jpg\",\"contentUrl\":\"https:\/\/energy-cities.eu\/wp-content\/uploads\/2025\/10\/denise-jans-mYDPnxAQWB8-unsplash-scaled.jpg\",\"width\":2560,\"height\":1441,\"caption\":\"Denise Jans\/Unsplash\"},{\"@type\":\"WebPage\",\"@id\":\"https:\/\/energy-cities.eu\/fr\/assen-remporte-le-prix-de-la-feuille-verte-europeenne-2027\/#webpage\",\"url\":\"https:\/\/energy-cities.eu\/fr\/assen-remporte-le-prix-de-la-feuille-verte-europeenne-2027\/\",\"name\":\"Assen remporte le prix de la Feuille verte europ\u00e9enne 2027 - Energy Cities\",\"isPartOf\":{\"@id\":\"https:\/\/energy-cities.eu\/fr\/#website\"},\"primaryImageOfPage\":{\"@id\":\"https:\/\/energy-cities.eu\/fr\/assen-remporte-le-prix-de-la-feuille-verte-europeenne-2027\/#primaryimage\"},\"datePublished\":\"2025-10-13T10:39:53+00:00\",\"dateModified\":\"2025-10-13T10:41:36+00:00\",\"breadcrumb\":{\"@id\":\"https:\/\/energy-cities.eu\/fr\/assen-remporte-le-prix-de-la-feuille-verte-europeenne-2027\/#breadcrumb\"},\"inLanguage\":\"fr-FR\",\"potentialAction\":[{\"@type\":\"ReadAction\",\"target\":[\"https:\/\/energy-cities.eu\/fr\/assen-remporte-le-prix-de-la-feuille-verte-europeenne-2027\/\"]}]},{\"@type\":\"BreadcrumbList\",\"@id\":\"https:\/\/energy-cities.eu\/fr\/assen-remporte-le-prix-de-la-feuille-verte-europeenne-2027\/#breadcrumb\",\"itemListElement\":[{\"@type\":\"ListItem\",\"position\":1,\"name\":\"Home\",\"item\":\"https:\/\/energy-cities.eu\/fr\/nous-sommes-un-reseau-europeen-blabla\/\"},{\"@type\":\"ListItem\",\"position\":2,\"name\":\"Assen remporte le prix de la Feuille verte europ\u00e9enne 2027\"}]},{\"@type\":\"Article\",\"@id\":\"https:\/\/energy-cities.eu\/fr\/assen-remporte-le-prix-de-la-feuille-verte-europeenne-2027\/#article\",\"isPartOf\":{\"@id\":\"https:\/\/energy-cities.eu\/fr\/assen-remporte-le-prix-de-la-feuille-verte-europeenne-2027\/#webpage\"},\"author\":{\"@id\":\"https:\/\/energy-cities.eu\/fr\/#\/schema\/person\/0a320b15f27c8229a9f60619272047e6\"},\"headline\":\"Assen remporte le prix de la Feuille verte europ\u00e9enne 2027\",\"datePublished\":\"2025-10-13T10:39:53+00:00\",\"dateModified\":\"2025-10-13T10:41:36+00:00\",\"mainEntityOfPage\":{\"@id\":\"https:\/\/energy-cities.eu\/fr\/assen-remporte-le-prix-de-la-feuille-verte-europeenne-2027\/#webpage\"},\"wordCount\":653,\"commentCount\":0,\"publisher\":{\"@id\":\"https:\/\/energy-cities.eu\/fr\/#organization\"},\"image\":{\"@id\":\"https:\/\/energy-cities.eu\/fr\/assen-remporte-le-prix-de-la-feuille-verte-europeenne-2027\/#primaryimage\"},\"thumbnailUrl\":\"https:\/\/energy-cities.eu\/wp-content\/uploads\/2025\/10\/denise-jans-mYDPnxAQWB8-unsplash-scaled.jpg\",\"articleSection\":[\"Actualit\u00e9s\"],\"inLanguage\":\"fr-FR\",\"potentialAction\":[{\"@type\":\"CommentAction\",\"name\":\"Comment\",\"target\":[\"https:\/\/energy-cities.eu\/fr\/assen-remporte-le-prix-de-la-feuille-verte-europeenne-2027\/#respond\"]}]},{\"@type\":\"Person\",\"@id\":\"https:\/\/energy-cities.eu\/fr\/#\/schema\/person\/0a320b15f27c8229a9f60619272047e6\",\"name\":\"Alicia Funes Moro\",\"image\":{\"@type\":\"ImageObject\",\"inLanguage\":\"fr-FR\",\"@id\":\"https:\/\/energy-cities.eu\/fr\/#\/schema\/person\/image\/\",\"url\":\"https:\/\/secure.gravatar.com\/avatar\/715f3a7e0fbe87fe4400cb7770e8bfce?s=96&d=mm&r=g\",\"contentUrl\":\"https:\/\/secure.gravatar.com\/avatar\/715f3a7e0fbe87fe4400cb7770e8bfce?s=96&d=mm&r=g\",\"caption\":\"Alicia Funes Moro\"},\"sameAs\":[\"https:\/\/twitter.com\/a.funes\"],\"url\":\"https:\/\/energy-cities.eu\/fr\/staff\/a-funes\/\"}]}<\/script>\n<!-- \/ Yoast SEO plugin. -->","yoast_head_json":{"title":"Assen remporte le prix de la Feuille verte europ\u00e9enne 2027 - Energy Cities","robots":{"index":"index","follow":"follow","max-snippet":"max-snippet:-1","max-image-preview":"max-image-preview:large","max-video-preview":"max-video-preview:-1"},"canonical":"https:\/\/energy-cities.eu\/fr\/assen-remporte-le-prix-de-la-feuille-verte-europeenne-2027\/","og_locale":"fr_FR","og_type":"article","og_title":"Assen remporte le prix de la Feuille verte europ\u00e9enne 2027 - Energy Cities","og_description":"La ville d'Assen, membre d'Energy Cities, a re\u00e7u cette distinction gr\u00e2ce \u00e0 ses engagements en faveur de la transition \u00e9cologique.","og_url":"https:\/\/energy-cities.eu\/fr\/assen-remporte-le-prix-de-la-feuille-verte-europeenne-2027\/","og_site_name":"Energy Cities","article_publisher":"https:\/\/www.facebook.com\/energycities.eu\/","article_published_time":"2025-10-13T10:39:53+00:00","article_modified_time":"2025-10-13T10:41:36+00:00","og_image":[{"width":2560,"height":1441,"url":"https:\/\/energy-cities.eu\/wp-content\/uploads\/2025\/10\/denise-jans-mYDPnxAQWB8-unsplash-scaled.jpg","type":"image\/jpeg"}],"twitter_card":"summary_large_image","twitter_creator":"@a.funes","twitter_site":"@energycities","twitter_misc":{"\u00c9crit par":"Alicia Funes Moro","Dur\u00e9e de lecture estim\u00e9e":"3 minutes"},"schema":{"@context":"https:\/\/schema.org","@graph":[{"@type":"Organization","@id":"https:\/\/energy-cities.eu\/fr\/#organization","name":"Energy Cities","url":"https:\/\/energy-cities.eu\/fr\/","sameAs":["https:\/\/www.facebook.com\/energycities.eu\/","https:\/\/www.youtube.com\/channel\/UChIHn2wF76JzuTbAjSMs0hQ","https:\/\/fr.wikipedia.org\/wiki\/Energy_Cities","https:\/\/twitter.com\/energycities"],"logo":{"@type":"ImageObject","inLanguage":"fr-FR","@id":"https:\/\/energy-cities.eu\/fr\/#\/schema\/logo\/image\/","url":"https:\/\/energy-cities.eu\/wp-content\/uploads\/2019\/07\/energy-cities-couleur.jpg","contentUrl":"https:\/\/energy-cities.eu\/wp-content\/uploads\/2019\/07\/energy-cities-couleur.jpg","width":3508,"height":2587,"caption":"Energy Cities"},"image":{"@id":"https:\/\/energy-cities.eu\/fr\/#\/schema\/logo\/image\/"}},{"@type":"WebSite","@id":"https:\/\/energy-cities.eu\/fr\/#website","url":"https:\/\/energy-cities.eu\/fr\/","name":"Energy Cities","description":" The European learning community for future-proof cities","publisher":{"@id":"https:\/\/energy-cities.eu\/fr\/#organization"},"potentialAction":[{"@type":"SearchAction","target":{"@type":"EntryPoint","urlTemplate":"https:\/\/energy-cities.eu\/fr\/?s={search_term_string}"},"query-input":"required name=search_term_string"}],"inLanguage":"fr-FR"},{"@type":"ImageObject","inLanguage":"fr-FR","@id":"https:\/\/energy-cities.eu\/fr\/assen-remporte-le-prix-de-la-feuille-verte-europeenne-2027\/#primaryimage","url":"https:\/\/energy-cities.eu\/wp-content\/uploads\/2025\/10\/denise-jans-mYDPnxAQWB8-unsplash-scaled.jpg","contentUrl":"https:\/\/energy-cities.eu\/wp-content\/uploads\/2025\/10\/denise-jans-mYDPnxAQWB8-unsplash-scaled.jpg","width":2560,"height":1441,"caption":"Denise Jans\/Unsplash"},{"@type":"WebPage","@id":"https:\/\/energy-cities.eu\/fr\/assen-remporte-le-prix-de-la-feuille-verte-europeenne-2027\/#webpage","url":"https:\/\/energy-cities.eu\/fr\/assen-remporte-le-prix-de-la-feuille-verte-europeenne-2027\/","name":"Assen remporte le prix de la Feuille verte europ\u00e9enne 2027 - Energy Cities","isPartOf":{"@id":"https:\/\/energy-cities.eu\/fr\/#website"},"primaryImageOfPage":{"@id":"https:\/\/energy-cities.eu\/fr\/assen-remporte-le-prix-de-la-feuille-verte-europeenne-2027\/#primaryimage"},"datePublished":"2025-10-13T10:39:53+00:00","dateModified":"2025-10-13T10:41:36+00:00","breadcrumb":{"@id":"https:\/\/energy-cities.eu\/fr\/assen-remporte-le-prix-de-la-feuille-verte-europeenne-2027\/#breadcrumb"},"inLanguage":"fr-FR","potentialAction":[{"@type":"ReadAction","target":["https:\/\/energy-cities.eu\/fr\/assen-remporte-le-prix-de-la-feuille-verte-europeenne-2027\/"]}]},{"@type":"BreadcrumbList","@id":"https:\/\/energy-cities.eu\/fr\/assen-remporte-le-prix-de-la-feuille-verte-europeenne-2027\/#breadcrumb","itemListElement":[{"@type":"ListItem","position":1,"name":"Home","item":"https:\/\/energy-cities.eu\/fr\/nous-sommes-un-reseau-europeen-blabla\/"},{"@type":"ListItem","position":2,"name":"Assen remporte le prix de la Feuille verte europ\u00e9enne 2027"}]},{"@type":"Article","@id":"https:\/\/energy-cities.eu\/fr\/assen-remporte-le-prix-de-la-feuille-verte-europeenne-2027\/#article","isPartOf":{"@id":"https:\/\/energy-cities.eu\/fr\/assen-remporte-le-prix-de-la-feuille-verte-europeenne-2027\/#webpage"},"author":{"@id":"https:\/\/energy-cities.eu\/fr\/#\/schema\/person\/0a320b15f27c8229a9f60619272047e6"},"headline":"Assen remporte le prix de la Feuille verte europ\u00e9enne 2027","datePublished":"2025-10-13T10:39:53+00:00","dateModified":"2025-10-13T10:41:36+00:00","mainEntityOfPage":{"@id":"https:\/\/energy-cities.eu\/fr\/assen-remporte-le-prix-de-la-feuille-verte-europeenne-2027\/#webpage"},"wordCount":653,"commentCount":0,"publisher":{"@id":"https:\/\/energy-cities.eu\/fr\/#organization"},"image":{"@id":"https:\/\/energy-cities.eu\/fr\/assen-remporte-le-prix-de-la-feuille-verte-europeenne-2027\/#primaryimage"},"thumbnailUrl":"https:\/\/energy-cities.eu\/wp-content\/uploads\/2025\/10\/denise-jans-mYDPnxAQWB8-unsplash-scaled.jpg","articleSection":["Actualit\u00e9s"],"inLanguage":"fr-FR","potentialAction":[{"@type":"CommentAction","name":"Comment","target":["https:\/\/energy-cities.eu\/fr\/assen-remporte-le-prix-de-la-feuille-verte-europeenne-2027\/#respond"]}]},{"@type":"Person","@id":"https:\/\/energy-cities.eu\/fr\/#\/schema\/person\/0a320b15f27c8229a9f60619272047e6","name":"Alicia Funes Moro","image":{"@type":"ImageObject","inLanguage":"fr-FR","@id":"https:\/\/energy-cities.eu\/fr\/#\/schema\/person\/image\/","url":"https:\/\/secure.gravatar.com\/avatar\/715f3a7e0fbe87fe4400cb7770e8bfce?s=96&d=mm&r=g","contentUrl":"https:\/\/secure.gravatar.com\/avatar\/715f3a7e0fbe87fe4400cb7770e8bfce?s=96&d=mm&r=g","caption":"Alicia Funes Moro"},"sameAs":["https:\/\/twitter.com\/a.funes"],"url":"https:\/\/energy-cities.eu\/fr\/staff\/a-funes\/"}]}},"coauthors":[],"tax_additional":{"categories":{"linked":["<a href=\"https:\/\/energy-cities.eu\/fr\/category\/actualites\/\" class=\"advgb-post-tax-term\">Actualit\u00e9s<\/a>"],"unlinked":["<span class=\"advgb-post-tax-term\">Actualit\u00e9s<\/span>"]}},"comment_count":"0","relative_dates":{"created":"Publi\u00e9 7 mois il y a","modified":"Mis \u00e0 jour 7 mois il y a"},"absolute_dates":{"created":"Publi\u00e9 le 13 octobre 2025","modified":"Mise \u00e0 jour le 13 octobre 2025"},"absolute_dates_time":{"created":"Publi\u00e9 le 13 octobre 2025 12:39  ","modified":"Mise \u00e0 jour le 13 octobre 2025 12:41  "},"featured_img_caption":" Denise Jans\/Unsplash","_links":{"self":[{"href":"https:\/\/energy-cities.eu\/fr\/wp-json\/wp\/v2\/posts\/90773"}],"collection":[{"href":"https:\/\/energy-cities.eu\/fr\/wp-json\/wp\/v2\/posts"}],"about":[{"href":"https:\/\/energy-cities.eu\/fr\/wp-json\/wp\/v2\/types\/post"}],"author":[{"embeddable":true,"href":"https:\/\/energy-cities.eu\/fr\/wp-json\/wp\/v2\/users\/88"}],"replies":[{"embeddable":true,"href":"https:\/\/energy-cities.eu\/fr\/wp-json\/wp\/v2\/comments?post=90773"}],"version-history":[{"count":18,"href":"https:\/\/energy-cities.eu\/fr\/wp-json\/wp\/v2\/posts\/90773\/revisions"}],"predecessor-version":[{"id":90791,"href":"https:\/\/energy-cities.eu\/fr\/wp-json\/wp\/v2\/posts\/90773\/revisions\/90791"}],"wp:featuredmedia":[{"embeddable":true,"href":"https:\/\/energy-cities.eu\/fr\/wp-json\/wp\/v2\/media\/90579"}],"wp:attachment":[{"href":"https:\/\/energy-cities.eu\/fr\/wp-json\/wp\/v2\/media?parent=90773"}],"wp:term":[{"taxonomy":"category","embeddable":true,"href":"https:\/\/energy-cities.eu\/fr\/wp-json\/wp\/v2\/categories?post=90773"},{"taxonomy":"post_tag","embeddable":true,"href":"https:\/\/energy-cities.eu\/fr\/wp-json\/wp\/v2\/tags?post=90773"},{"taxonomy":"hub","embeddable":true,"href":"https:\/\/energy-cities.eu\/fr\/wp-json\/wp\/v2\/hub?post=90773"},{"taxonomy":"topic","embeddable":true,"href":"https:\/\/energy-cities.eu\/fr\/wp-json\/wp\/v2\/topic?post=90773"},{"taxonomy":"legislative_initiative","embeddable":true,"href":"https:\/\/energy-cities.eu\/fr\/wp-json\/wp\/v2\/legislative_initiative?post=90773"},{"taxonomy":"document_type","embeddable":true,"href":"https:\/\/energy-cities.eu\/fr\/wp-json\/wp\/v2\/document_type?post=90773"}],"curies":[{"name":"wp","href":"https:\/\/api.w.org\/{rel}","templated":true}]}}