{"id":91495,"date":"2025-11-03T09:10:19","date_gmt":"2025-11-03T08:10:19","guid":{"rendered":"https:\/\/energy-cities.eu\/?p=91495"},"modified":"2025-11-03T09:10:20","modified_gmt":"2025-11-03T08:10:20","slug":"a-ivry-sur-seine-lenergie-locale-au-service-dune-chaleur-plus-verte%ef%bf%bc","status":"publish","type":"post","link":"https:\/\/energy-cities.eu\/fr\/a-ivry-sur-seine-lenergie-locale-au-service-dune-chaleur-plus-verte%ef%bf%bc\/","title":{"rendered":"\u00c0 Ivry-sur-Seine, l&rsquo;\u00e9nergie locale au service d&rsquo;une chaleur plus verte\ufffc"},"content":{"rendered":"\n<p>La ville d\u2019Ivry-sur-Seine, au sud-est de Paris, s\u2019est fix\u00e9 un objectif ambitieux\u00a0: atteindre la neutralit\u00e9 pour le climat d\u2019ici 2050. Sa strat\u00e9gie repose principalement sur la d\u00e9carbonation de ses r\u00e9seaux de chauffage urbain. Les infrastructures, dont les b\u00e2timents publics, les logements priv\u00e9s, et le parc de logements sociaux, sont les plus grandes sources d\u2019\u00e9missions de gaz \u00e0 effet de serre de la ville, repr\u00e9sentant environ 35\u00a0% de ses \u00e9missions totales.<\/p>\n\n\n\n<h2>Un r\u00e9seau double, moteur de la transition \u00e9nerg\u00e9tique<\/h2>\n\n\n\n<p>La strat\u00e9gie de d\u00e9carbonation d\u2019Ivry-sur-Seine repose sur deux r\u00e9seaux de chauffage urbain\u00a0: le plus ancien en centre-ville, aliment\u00e9 par la chaleur r\u00e9cup\u00e9r\u00e9e de l\u2019incin\u00e9rateur de la ville, et le plus r\u00e9cent le long des quartiers en bord de Seine, aliment\u00e9 par l\u2019\u00e9nergie g\u00e9othermique depuis 2017.<\/p>\n\n\n\n<p>Depuis que ces deux syst\u00e8mes ont \u00e9t\u00e9 raccord\u00e9s, 75\u00a0% de l\u2019\u00e9nergie li\u00e9e au chauffage urbain provient de sources renouvelables. Cette v\u00e9ritable performance s\u2019inscrit dans une approche plus large pour un d\u00e9veloppement urbain durable, ma\u00eetris\u00e9, avec un objectif clair\u00a0: fournir une chaleur bas carbone, accessible et fiable \u00e0 tous les citoyens.<\/p>\n\n\n\n<h2>Avancer ensemble, de mani\u00e8re ma\u00eetris\u00e9e<\/h2>\n\n\n\n<p>Apr\u00e8s avoir mis fin \u00e0 une d\u00e9l\u00e9gation de service public de longue date, la ville a cr\u00e9\u00e9 une autorit\u00e9 locale pour le chauffage urbain. Plus qu\u2019une instance technique, cette autorit\u00e9 a \u00e9t\u00e9 con\u00e7ue comme un espace d\u00e9mocratique. Associations d\u2019habitants, organisations de consommateurs et groupes environnementaux participent \u00e0 la prise de d\u00e9cision, si\u00e8gent au conseil, et aident \u00e0 d\u00e9finir les orientations strat\u00e9giques du service. Ensemble, ils s\u2019affairent \u00e0 proposer des m\u00e9canismes de tarification sociale qui garantissent un acc\u00e8s juste \u00e0 l\u2019\u00e9nergie, et une diversification des sources de chaleur, dans le but de r\u00e9duire progressivement la d\u00e9pendance \u00e0 l\u2019incin\u00e9ration des d\u00e9chets.\u00a0<\/p>\n\n\n\n<p>Ivry-sur-Seine souhaite aller encore plus loin, en renfor\u00e7ant la coop\u00e9ration avec les villes voisines qui partagent son engagement en faveur d\u2019un chauffage renouvelable. Elles entendent \u00e9changer leurs bonnes pratiques, mettre en commun leurs connaissances, et renforcer la souverainet\u00e9 tant au niveau local qu\u2019europ\u00e9en. Cette approche collaborative s\u2019inscrit \u00e9galement dans la lign\u00e9e de la directive europ\u00e9enne relative \u00e0 l\u2019efficacit\u00e9 \u00e9nerg\u00e9tique, qui encourage la planification locale coordonn\u00e9e pour des syst\u00e8mes de chaleur renouvelables et efficaces.<\/p>\n\n\n\n<p>Cl\u00e9ment Pecqueux, adjoint au maire d\u2019Ivry-sur-Seine, nous explique comment la ville est en train de transformer ses r\u00e9seaux de chaleur pour atteindre la neutralit\u00e9 carbone.<\/p>\n\n\n\n<figure class=\"wp-block-embed is-type-video is-provider-youtube wp-block-embed-youtube wp-embed-aspect-16-9 wp-has-aspect-ratio\"><div class=\"wp-block-embed__wrapper\">\n<iframe loading=\"lazy\" title=\"From local energy to cleaner heat: Ivry-sur-Seine&#039;s journey\" width=\"500\" height=\"281\" src=\"https:\/\/www.youtube.com\/embed\/LZOuz8f4sZg?feature=oembed\" frameborder=\"0\" allow=\"accelerometer; autoplay; clipboard-write; encrypted-media; gyroscope; picture-in-picture; web-share\" referrerpolicy=\"strict-origin-when-cross-origin\" allowfullscreen><\/iframe>\n<\/div><\/figure>\n\n\n\n<p class=\"light-green-message\" style=\"font-size:17px\">D\u00e9couvrez toutes les strat\u00e9gies des villes pour des syst\u00e8mes de chaleur et de froid durables gr\u00e2ce \u00e0 notre <a href=\"https:\/\/energy-cities.eu\/local-heating-and-cooling-plan\/\" target=\"_blank\" rel=\"noreferrer noopener\">outil\u00a0EU Tracker.<\/a><\/p>\n","protected":false},"excerpt":{"rendered":"<p>La ville d\u2019Ivry-sur-Seine, au sud-est de Paris, s\u2019est fix\u00e9 un objectif ambitieux\u00a0: atteindre la neutralit\u00e9 pour le climat d\u2019ici 2050. Sa strat\u00e9gie repose principalement sur <a href=\"https:\/\/energy-cities.eu\/fr\/a-ivry-sur-seine-lenergie-locale-au-service-dune-chaleur-plus-verte%ef%bf%bc\/\">[\u2026]<\/a><\/p>\n","protected":false},"author":69,"featured_media":91268,"comment_status":"open","ping_status":"open","sticky":false,"template":"","format":"standard","meta":{"advgb_blocks_editor_width":"","advgb_blocks_columns_visual_guide":"","ub_ctt_via":""},"categories":[4],"tags":[],"hub":[308],"topic":[112,350,372],"legislative_initiative":[],"document_type":[],"acf":[],"author_meta":{"display_name":"Eva Lopes","author_link":"https:\/\/energy-cities.eu\/fr\/staff\/e-lopes\/"},"featured_img":"https:\/\/energy-cities.eu\/wp-content\/uploads\/2025\/10\/AdobeStock_774856105-350x243.jpeg","featured_image_src":"https:\/\/energy-cities.eu\/wp-content\/uploads\/2025\/10\/AdobeStock_774856105-scaled.jpeg","author_info":{"display_name":"Eva Lopes","author_link":"https:\/\/energy-cities.eu\/fr\/staff\/e-lopes\/"},"yoast_head":"<!-- This site is optimized with the Yoast SEO plugin v18.8 - https:\/\/yoast.com\/wordpress\/plugins\/seo\/ -->\n<title>\u00c0 Ivry-sur-Seine, l&#039;\u00e9nergie locale au service d&#039;une chaleur plus verte\ufffc - Energy Cities<\/title>\n<meta name=\"robots\" content=\"index, follow, max-snippet:-1, max-image-preview:large, max-video-preview:-1\" \/>\n<link rel=\"canonical\" href=\"https:\/\/energy-cities.eu\/fr\/a-ivry-sur-seine-lenergie-locale-au-service-dune-chaleur-plus-verte%ef%bf%bc\/\" \/>\n<meta property=\"og:locale\" content=\"fr_FR\" \/>\n<meta property=\"og:type\" content=\"article\" \/>\n<meta property=\"og:title\" content=\"\u00c0 Ivry-sur-Seine, l&#039;\u00e9nergie locale au service d&#039;une chaleur plus verte\ufffc - Energy Cities\" \/>\n<meta property=\"og:description\" content=\"La ville d\u2019Ivry-sur-Seine, au sud-est de Paris, s\u2019est fix\u00e9 un objectif ambitieux\u00a0: atteindre la neutralit\u00e9 pour le climat d\u2019ici 2050. Sa strat\u00e9gie repose principalement sur [\u2026]\" \/>\n<meta property=\"og:url\" content=\"https:\/\/energy-cities.eu\/fr\/a-ivry-sur-seine-lenergie-locale-au-service-dune-chaleur-plus-verte%ef%bf%bc\/\" \/>\n<meta property=\"og:site_name\" content=\"Energy Cities\" \/>\n<meta property=\"article:publisher\" content=\"https:\/\/www.facebook.com\/energycities.eu\/\" \/>\n<meta property=\"article:published_time\" content=\"2025-11-03T08:10:19+00:00\" \/>\n<meta property=\"article:modified_time\" content=\"2025-11-03T08:10:20+00:00\" \/>\n<meta property=\"og:image\" content=\"https:\/\/energy-cities.eu\/wp-content\/uploads\/2025\/10\/AdobeStock_774856105-scaled.jpeg\" \/>\n\t<meta property=\"og:image:width\" content=\"2560\" \/>\n\t<meta property=\"og:image:height\" content=\"1778\" \/>\n\t<meta property=\"og:image:type\" content=\"image\/jpeg\" \/>\n<meta name=\"twitter:card\" content=\"summary_large_image\" \/>\n<meta name=\"twitter:creator\" content=\"@b.karas\" \/>\n<meta name=\"twitter:site\" content=\"@energycities\" \/>\n<meta name=\"twitter:label1\" content=\"\u00c9crit par\" \/>\n\t<meta name=\"twitter:data1\" content=\"Eva Lopes\" \/>\n\t<meta name=\"twitter:label2\" content=\"Dur\u00e9e de lecture estim\u00e9e\" \/>\n\t<meta name=\"twitter:data2\" content=\"2 minutes\" \/>\n<script type=\"application\/ld+json\" class=\"yoast-schema-graph\">{\"@context\":\"https:\/\/schema.org\",\"@graph\":[{\"@type\":\"Organization\",\"@id\":\"https:\/\/energy-cities.eu\/fr\/#organization\",\"name\":\"Energy Cities\",\"url\":\"https:\/\/energy-cities.eu\/fr\/\",\"sameAs\":[\"https:\/\/www.facebook.com\/energycities.eu\/\",\"https:\/\/www.youtube.com\/channel\/UChIHn2wF76JzuTbAjSMs0hQ\",\"https:\/\/fr.wikipedia.org\/wiki\/Energy_Cities\",\"https:\/\/twitter.com\/energycities\"],\"logo\":{\"@type\":\"ImageObject\",\"inLanguage\":\"fr-FR\",\"@id\":\"https:\/\/energy-cities.eu\/fr\/#\/schema\/logo\/image\/\",\"url\":\"https:\/\/energy-cities.eu\/wp-content\/uploads\/2019\/07\/energy-cities-couleur.jpg\",\"contentUrl\":\"https:\/\/energy-cities.eu\/wp-content\/uploads\/2019\/07\/energy-cities-couleur.jpg\",\"width\":3508,\"height\":2587,\"caption\":\"Energy Cities\"},\"image\":{\"@id\":\"https:\/\/energy-cities.eu\/fr\/#\/schema\/logo\/image\/\"}},{\"@type\":\"WebSite\",\"@id\":\"https:\/\/energy-cities.eu\/fr\/#website\",\"url\":\"https:\/\/energy-cities.eu\/fr\/\",\"name\":\"Energy Cities\",\"description\":\" The European learning community for future-proof cities\",\"publisher\":{\"@id\":\"https:\/\/energy-cities.eu\/fr\/#organization\"},\"potentialAction\":[{\"@type\":\"SearchAction\",\"target\":{\"@type\":\"EntryPoint\",\"urlTemplate\":\"https:\/\/energy-cities.eu\/fr\/?s={search_term_string}\"},\"query-input\":\"required name=search_term_string\"}],\"inLanguage\":\"fr-FR\"},{\"@type\":\"ImageObject\",\"inLanguage\":\"fr-FR\",\"@id\":\"https:\/\/energy-cities.eu\/fr\/a-ivry-sur-seine-lenergie-locale-au-service-dune-chaleur-plus-verte%ef%bf%bc\/#primaryimage\",\"url\":\"https:\/\/energy-cities.eu\/wp-content\/uploads\/2025\/10\/AdobeStock_774856105-scaled.jpeg\",\"contentUrl\":\"https:\/\/energy-cities.eu\/wp-content\/uploads\/2025\/10\/AdobeStock_774856105-scaled.jpeg\",\"width\":2560,\"height\":1778,\"caption\":\"Ivry sur Seine\"},{\"@type\":\"WebPage\",\"@id\":\"https:\/\/energy-cities.eu\/fr\/a-ivry-sur-seine-lenergie-locale-au-service-dune-chaleur-plus-verte%ef%bf%bc\/#webpage\",\"url\":\"https:\/\/energy-cities.eu\/fr\/a-ivry-sur-seine-lenergie-locale-au-service-dune-chaleur-plus-verte%ef%bf%bc\/\",\"name\":\"\u00c0 Ivry-sur-Seine, l'\u00e9nergie locale au service d'une chaleur plus verte\ufffc - Energy Cities\",\"isPartOf\":{\"@id\":\"https:\/\/energy-cities.eu\/fr\/#website\"},\"primaryImageOfPage\":{\"@id\":\"https:\/\/energy-cities.eu\/fr\/a-ivry-sur-seine-lenergie-locale-au-service-dune-chaleur-plus-verte%ef%bf%bc\/#primaryimage\"},\"datePublished\":\"2025-11-03T08:10:19+00:00\",\"dateModified\":\"2025-11-03T08:10:20+00:00\",\"breadcrumb\":{\"@id\":\"https:\/\/energy-cities.eu\/fr\/a-ivry-sur-seine-lenergie-locale-au-service-dune-chaleur-plus-verte%ef%bf%bc\/#breadcrumb\"},\"inLanguage\":\"fr-FR\",\"potentialAction\":[{\"@type\":\"ReadAction\",\"target\":[\"https:\/\/energy-cities.eu\/fr\/a-ivry-sur-seine-lenergie-locale-au-service-dune-chaleur-plus-verte%ef%bf%bc\/\"]}]},{\"@type\":\"BreadcrumbList\",\"@id\":\"https:\/\/energy-cities.eu\/fr\/a-ivry-sur-seine-lenergie-locale-au-service-dune-chaleur-plus-verte%ef%bf%bc\/#breadcrumb\",\"itemListElement\":[{\"@type\":\"ListItem\",\"position\":1,\"name\":\"Home\",\"item\":\"https:\/\/energy-cities.eu\/fr\/nous-sommes-un-reseau-europeen-blabla\/\"},{\"@type\":\"ListItem\",\"position\":2,\"name\":\"\u00c0 Ivry-sur-Seine, l&#8217;\u00e9nergie locale au service d&#8217;une chaleur plus verte\ufffc\"}]},{\"@type\":\"Article\",\"@id\":\"https:\/\/energy-cities.eu\/fr\/a-ivry-sur-seine-lenergie-locale-au-service-dune-chaleur-plus-verte%ef%bf%bc\/#article\",\"isPartOf\":{\"@id\":\"https:\/\/energy-cities.eu\/fr\/a-ivry-sur-seine-lenergie-locale-au-service-dune-chaleur-plus-verte%ef%bf%bc\/#webpage\"},\"author\":{\"@id\":\"https:\/\/energy-cities.eu\/fr\/#\/schema\/person\/f5264d91f106437f7a57fcb90fafb122\"},\"headline\":\"\u00c0 Ivry-sur-Seine, l&rsquo;\u00e9nergie locale au service d&rsquo;une chaleur plus verte\ufffc\",\"datePublished\":\"2025-11-03T08:10:19+00:00\",\"dateModified\":\"2025-11-03T08:10:20+00:00\",\"mainEntityOfPage\":{\"@id\":\"https:\/\/energy-cities.eu\/fr\/a-ivry-sur-seine-lenergie-locale-au-service-dune-chaleur-plus-verte%ef%bf%bc\/#webpage\"},\"wordCount\":472,\"commentCount\":0,\"publisher\":{\"@id\":\"https:\/\/energy-cities.eu\/fr\/#organization\"},\"image\":{\"@id\":\"https:\/\/energy-cities.eu\/fr\/a-ivry-sur-seine-lenergie-locale-au-service-dune-chaleur-plus-verte%ef%bf%bc\/#primaryimage\"},\"thumbnailUrl\":\"https:\/\/energy-cities.eu\/wp-content\/uploads\/2025\/10\/AdobeStock_774856105-scaled.jpeg\",\"articleSection\":[\"Actualit\u00e9s\"],\"inLanguage\":\"fr-FR\",\"potentialAction\":[{\"@type\":\"CommentAction\",\"name\":\"Comment\",\"target\":[\"https:\/\/energy-cities.eu\/fr\/a-ivry-sur-seine-lenergie-locale-au-service-dune-chaleur-plus-verte%ef%bf%bc\/#respond\"]}]},{\"@type\":\"Person\",\"@id\":\"https:\/\/energy-cities.eu\/fr\/#\/schema\/person\/f5264d91f106437f7a57fcb90fafb122\",\"name\":\"Eva Lopes\",\"image\":{\"@type\":\"ImageObject\",\"inLanguage\":\"fr-FR\",\"@id\":\"https:\/\/energy-cities.eu\/fr\/#\/schema\/person\/image\/\",\"url\":\"https:\/\/secure.gravatar.com\/avatar\/7cade72d68d67debb3c1371fb75d1281?s=96&d=mm&r=g\",\"contentUrl\":\"https:\/\/secure.gravatar.com\/avatar\/7cade72d68d67debb3c1371fb75d1281?s=96&d=mm&r=g\",\"caption\":\"Eva Lopes\"},\"sameAs\":[\"https:\/\/twitter.com\/b.karas\"],\"url\":\"https:\/\/energy-cities.eu\/fr\/staff\/e-lopes\/\"}]}<\/script>\n<!-- \/ Yoast SEO plugin. -->","yoast_head_json":{"title":"\u00c0 Ivry-sur-Seine, l'\u00e9nergie locale au service d'une chaleur plus verte\ufffc - Energy Cities","robots":{"index":"index","follow":"follow","max-snippet":"max-snippet:-1","max-image-preview":"max-image-preview:large","max-video-preview":"max-video-preview:-1"},"canonical":"https:\/\/energy-cities.eu\/fr\/a-ivry-sur-seine-lenergie-locale-au-service-dune-chaleur-plus-verte%ef%bf%bc\/","og_locale":"fr_FR","og_type":"article","og_title":"\u00c0 Ivry-sur-Seine, l'\u00e9nergie locale au service d'une chaleur plus verte\ufffc - Energy Cities","og_description":"La ville d\u2019Ivry-sur-Seine, au sud-est de Paris, s\u2019est fix\u00e9 un objectif ambitieux\u00a0: atteindre la neutralit\u00e9 pour le climat d\u2019ici 2050. Sa strat\u00e9gie repose principalement sur [\u2026]","og_url":"https:\/\/energy-cities.eu\/fr\/a-ivry-sur-seine-lenergie-locale-au-service-dune-chaleur-plus-verte%ef%bf%bc\/","og_site_name":"Energy Cities","article_publisher":"https:\/\/www.facebook.com\/energycities.eu\/","article_published_time":"2025-11-03T08:10:19+00:00","article_modified_time":"2025-11-03T08:10:20+00:00","og_image":[{"width":2560,"height":1778,"url":"https:\/\/energy-cities.eu\/wp-content\/uploads\/2025\/10\/AdobeStock_774856105-scaled.jpeg","type":"image\/jpeg"}],"twitter_card":"summary_large_image","twitter_creator":"@b.karas","twitter_site":"@energycities","twitter_misc":{"\u00c9crit par":"Eva Lopes","Dur\u00e9e de lecture estim\u00e9e":"2 minutes"},"schema":{"@context":"https:\/\/schema.org","@graph":[{"@type":"Organization","@id":"https:\/\/energy-cities.eu\/fr\/#organization","name":"Energy Cities","url":"https:\/\/energy-cities.eu\/fr\/","sameAs":["https:\/\/www.facebook.com\/energycities.eu\/","https:\/\/www.youtube.com\/channel\/UChIHn2wF76JzuTbAjSMs0hQ","https:\/\/fr.wikipedia.org\/wiki\/Energy_Cities","https:\/\/twitter.com\/energycities"],"logo":{"@type":"ImageObject","inLanguage":"fr-FR","@id":"https:\/\/energy-cities.eu\/fr\/#\/schema\/logo\/image\/","url":"https:\/\/energy-cities.eu\/wp-content\/uploads\/2019\/07\/energy-cities-couleur.jpg","contentUrl":"https:\/\/energy-cities.eu\/wp-content\/uploads\/2019\/07\/energy-cities-couleur.jpg","width":3508,"height":2587,"caption":"Energy Cities"},"image":{"@id":"https:\/\/energy-cities.eu\/fr\/#\/schema\/logo\/image\/"}},{"@type":"WebSite","@id":"https:\/\/energy-cities.eu\/fr\/#website","url":"https:\/\/energy-cities.eu\/fr\/","name":"Energy Cities","description":" The European learning community for future-proof cities","publisher":{"@id":"https:\/\/energy-cities.eu\/fr\/#organization"},"potentialAction":[{"@type":"SearchAction","target":{"@type":"EntryPoint","urlTemplate":"https:\/\/energy-cities.eu\/fr\/?s={search_term_string}"},"query-input":"required name=search_term_string"}],"inLanguage":"fr-FR"},{"@type":"ImageObject","inLanguage":"fr-FR","@id":"https:\/\/energy-cities.eu\/fr\/a-ivry-sur-seine-lenergie-locale-au-service-dune-chaleur-plus-verte%ef%bf%bc\/#primaryimage","url":"https:\/\/energy-cities.eu\/wp-content\/uploads\/2025\/10\/AdobeStock_774856105-scaled.jpeg","contentUrl":"https:\/\/energy-cities.eu\/wp-content\/uploads\/2025\/10\/AdobeStock_774856105-scaled.jpeg","width":2560,"height":1778,"caption":"Ivry sur Seine"},{"@type":"WebPage","@id":"https:\/\/energy-cities.eu\/fr\/a-ivry-sur-seine-lenergie-locale-au-service-dune-chaleur-plus-verte%ef%bf%bc\/#webpage","url":"https:\/\/energy-cities.eu\/fr\/a-ivry-sur-seine-lenergie-locale-au-service-dune-chaleur-plus-verte%ef%bf%bc\/","name":"\u00c0 Ivry-sur-Seine, l'\u00e9nergie locale au service d'une chaleur plus verte\ufffc - Energy Cities","isPartOf":{"@id":"https:\/\/energy-cities.eu\/fr\/#website"},"primaryImageOfPage":{"@id":"https:\/\/energy-cities.eu\/fr\/a-ivry-sur-seine-lenergie-locale-au-service-dune-chaleur-plus-verte%ef%bf%bc\/#primaryimage"},"datePublished":"2025-11-03T08:10:19+00:00","dateModified":"2025-11-03T08:10:20+00:00","breadcrumb":{"@id":"https:\/\/energy-cities.eu\/fr\/a-ivry-sur-seine-lenergie-locale-au-service-dune-chaleur-plus-verte%ef%bf%bc\/#breadcrumb"},"inLanguage":"fr-FR","potentialAction":[{"@type":"ReadAction","target":["https:\/\/energy-cities.eu\/fr\/a-ivry-sur-seine-lenergie-locale-au-service-dune-chaleur-plus-verte%ef%bf%bc\/"]}]},{"@type":"BreadcrumbList","@id":"https:\/\/energy-cities.eu\/fr\/a-ivry-sur-seine-lenergie-locale-au-service-dune-chaleur-plus-verte%ef%bf%bc\/#breadcrumb","itemListElement":[{"@type":"ListItem","position":1,"name":"Home","item":"https:\/\/energy-cities.eu\/fr\/nous-sommes-un-reseau-europeen-blabla\/"},{"@type":"ListItem","position":2,"name":"\u00c0 Ivry-sur-Seine, l&#8217;\u00e9nergie locale au service d&#8217;une chaleur plus verte\ufffc"}]},{"@type":"Article","@id":"https:\/\/energy-cities.eu\/fr\/a-ivry-sur-seine-lenergie-locale-au-service-dune-chaleur-plus-verte%ef%bf%bc\/#article","isPartOf":{"@id":"https:\/\/energy-cities.eu\/fr\/a-ivry-sur-seine-lenergie-locale-au-service-dune-chaleur-plus-verte%ef%bf%bc\/#webpage"},"author":{"@id":"https:\/\/energy-cities.eu\/fr\/#\/schema\/person\/f5264d91f106437f7a57fcb90fafb122"},"headline":"\u00c0 Ivry-sur-Seine, l&rsquo;\u00e9nergie locale au service d&rsquo;une chaleur plus verte\ufffc","datePublished":"2025-11-03T08:10:19+00:00","dateModified":"2025-11-03T08:10:20+00:00","mainEntityOfPage":{"@id":"https:\/\/energy-cities.eu\/fr\/a-ivry-sur-seine-lenergie-locale-au-service-dune-chaleur-plus-verte%ef%bf%bc\/#webpage"},"wordCount":472,"commentCount":0,"publisher":{"@id":"https:\/\/energy-cities.eu\/fr\/#organization"},"image":{"@id":"https:\/\/energy-cities.eu\/fr\/a-ivry-sur-seine-lenergie-locale-au-service-dune-chaleur-plus-verte%ef%bf%bc\/#primaryimage"},"thumbnailUrl":"https:\/\/energy-cities.eu\/wp-content\/uploads\/2025\/10\/AdobeStock_774856105-scaled.jpeg","articleSection":["Actualit\u00e9s"],"inLanguage":"fr-FR","potentialAction":[{"@type":"CommentAction","name":"Comment","target":["https:\/\/energy-cities.eu\/fr\/a-ivry-sur-seine-lenergie-locale-au-service-dune-chaleur-plus-verte%ef%bf%bc\/#respond"]}]},{"@type":"Person","@id":"https:\/\/energy-cities.eu\/fr\/#\/schema\/person\/f5264d91f106437f7a57fcb90fafb122","name":"Eva Lopes","image":{"@type":"ImageObject","inLanguage":"fr-FR","@id":"https:\/\/energy-cities.eu\/fr\/#\/schema\/person\/image\/","url":"https:\/\/secure.gravatar.com\/avatar\/7cade72d68d67debb3c1371fb75d1281?s=96&d=mm&r=g","contentUrl":"https:\/\/secure.gravatar.com\/avatar\/7cade72d68d67debb3c1371fb75d1281?s=96&d=mm&r=g","caption":"Eva Lopes"},"sameAs":["https:\/\/twitter.com\/b.karas"],"url":"https:\/\/energy-cities.eu\/fr\/staff\/e-lopes\/"}]}},"coauthors":[],"tax_additional":{"categories":{"linked":["<a href=\"https:\/\/energy-cities.eu\/fr\/category\/actualites\/\" class=\"advgb-post-tax-term\">Actualit\u00e9s<\/a>"],"unlinked":["<span class=\"advgb-post-tax-term\">Actualit\u00e9s<\/span>"]}},"comment_count":"0","relative_dates":{"created":"Publi\u00e9 6 mois il y a","modified":"Mis \u00e0 jour 6 mois il y a"},"absolute_dates":{"created":"Publi\u00e9 le 03 novembre 2025","modified":"Mise \u00e0 jour le 03 novembre 2025"},"absolute_dates_time":{"created":"Publi\u00e9 le 03 novembre 2025 9:10  ","modified":"Mise \u00e0 jour le 03 novembre 2025 9:10  "},"featured_img_caption":"Ivry sur Seine","_links":{"self":[{"href":"https:\/\/energy-cities.eu\/fr\/wp-json\/wp\/v2\/posts\/91495"}],"collection":[{"href":"https:\/\/energy-cities.eu\/fr\/wp-json\/wp\/v2\/posts"}],"about":[{"href":"https:\/\/energy-cities.eu\/fr\/wp-json\/wp\/v2\/types\/post"}],"author":[{"embeddable":true,"href":"https:\/\/energy-cities.eu\/fr\/wp-json\/wp\/v2\/users\/69"}],"replies":[{"embeddable":true,"href":"https:\/\/energy-cities.eu\/fr\/wp-json\/wp\/v2\/comments?post=91495"}],"version-history":[{"count":2,"href":"https:\/\/energy-cities.eu\/fr\/wp-json\/wp\/v2\/posts\/91495\/revisions"}],"predecessor-version":[{"id":91497,"href":"https:\/\/energy-cities.eu\/fr\/wp-json\/wp\/v2\/posts\/91495\/revisions\/91497"}],"wp:featuredmedia":[{"embeddable":true,"href":"https:\/\/energy-cities.eu\/fr\/wp-json\/wp\/v2\/media\/91268"}],"wp:attachment":[{"href":"https:\/\/energy-cities.eu\/fr\/wp-json\/wp\/v2\/media?parent=91495"}],"wp:term":[{"taxonomy":"category","embeddable":true,"href":"https:\/\/energy-cities.eu\/fr\/wp-json\/wp\/v2\/categories?post=91495"},{"taxonomy":"post_tag","embeddable":true,"href":"https:\/\/energy-cities.eu\/fr\/wp-json\/wp\/v2\/tags?post=91495"},{"taxonomy":"hub","embeddable":true,"href":"https:\/\/energy-cities.eu\/fr\/wp-json\/wp\/v2\/hub?post=91495"},{"taxonomy":"topic","embeddable":true,"href":"https:\/\/energy-cities.eu\/fr\/wp-json\/wp\/v2\/topic?post=91495"},{"taxonomy":"legislative_initiative","embeddable":true,"href":"https:\/\/energy-cities.eu\/fr\/wp-json\/wp\/v2\/legislative_initiative?post=91495"},{"taxonomy":"document_type","embeddable":true,"href":"https:\/\/energy-cities.eu\/fr\/wp-json\/wp\/v2\/document_type?post=91495"}],"curies":[{"name":"wp","href":"https:\/\/api.w.org\/{rel}","templated":true}]}}