{"id":92900,"date":"2026-01-20T10:45:44","date_gmt":"2026-01-20T09:45:44","guid":{"rendered":"https:\/\/energy-cities.eu\/?p=92900"},"modified":"2026-01-26T15:51:59","modified_gmt":"2026-01-26T14:51:59","slug":"les-evenements-a-ne-pas-manquer-en-2026-pour-accelerer-le-chemin-vers-la-neutralite-climatique","status":"publish","type":"post","link":"https:\/\/energy-cities.eu\/fr\/les-evenements-a-ne-pas-manquer-en-2026-pour-accelerer-le-chemin-vers-la-neutralite-climatique\/","title":{"rendered":"Les \u00e9v\u00e9nements \u00e0 ne pas manquer en\u00a02026 pour acc\u00e9l\u00e9rer le chemin vers la neutralit\u00e9 climatique"},"content":{"rendered":"\n<p>2026 se trouve entre deux moments politiques majeurs : les changements li\u00e9s au mandat actuel de l\u2019UE en 2025 et les \u00e9lections \u00e0 venir dans plusieurs \u00c9tats membres en 2027. Cette ann\u00e9e est toutefois d\u00e9cisive, avec de nombreuses d\u00e9cisions attendues sur des dossiers importants de l\u2019UE <a href=\"https:\/\/energy-cities.eu\/fr\/reprendre-la-trajectoire-de-leurope-en-2026\/\">(lisez notre article sur les d\u00e9cisions attendues de l\u2019UE en 2026).<\/a><\/p>\n\n\n\n<p>Pour vous aider \u00e0 naviguer au travers de cette ann\u00e9e et poursuivre votre parcours vers la neutralit\u00e9 climatique, voici une s\u00e9lection d\u2019\u00e9v\u00e9nements \u00e0 ne pas manquer. N\u2019oubliez pas de vous inscrire aux <a href=\"https:\/\/energy-cities.eu\/newsletter\/\">bulletins de nos hubs<\/a> pour \u00eatre inform\u00e9\u00b7e des programmes d\u00e9taill\u00e9s.<\/p>\n\n\n\n<h2><strong>Formations en pr\u00e9sentiel pour d\u00e9velopper les comp\u00e9tences et \u00e9changer des bonnes pratiques<\/strong><\/h2>\n\n\n\n<p>Dans le cadre de SPARKLE, nous organisons <strong>5 <em>summer schools<\/em>&nbsp;en pr\u00e9sentiel<\/strong> portant sur des th\u00e9matiques cl\u00e9s pour aider les municipalit\u00e9s \u00e0 faire progresser leur transition\u202f:<\/p>\n\n\n\n<ul><li>\u201c<em>From Renewables to Resilience: Building Stronger Communities and Cities \u2013 Thriving together\u201d <\/em>\u2013 <strong>18\u201119\u202fmars<\/strong> \u00e0 Pore\u010d (Croatie)<\/li><li>\u201c<em>A green transition for all: how to empower participatory governance for future\u2011proof cities\u201d<\/em> \u2013 <strong>28\u201129\u202favril<\/strong> \u00e0 Guimar\u00e3es (Portugal)<\/li><li>\u201c<em>When circular economy meets local climate strategies<\/em>\u201d \u2013 <strong>5\u20116\u202fmai<\/strong> \u00e0 Calenzano (Italie)<\/li><li>\u201c<em>Decarbonising buildings and energy districts for the benefit of all: how cities can drive the change\u201d<\/em> \u2013 <strong>27\u201128\u202fmai<\/strong> \u00e0 Vilnius (Lituanie)<\/li><li>\u201c<em>Eat better, waste less, produce locally: developing sustainable food systems for resilient cities\u201d<\/em> \u2013 <strong>11\u201112\u202fjuin<\/strong> \u00e0 Albertville (France)<\/li><\/ul>\n\n\n\n<p>Les frais de d\u00e9placement sont pris en charge jusqu\u2019\u00e0 <strong>1<\/strong><strong>\u202f400<\/strong><strong>\u202f<\/strong><strong>\u20ac<\/strong> pour les autorit\u00e9s locales\/r\u00e9gionales europ\u00e9ennes qui r\u00e9pondent aux crit\u00e8res de s\u00e9lection.<\/p>\n\n\n\n<p><a href=\"https:\/\/energy-cities.eu\/project\/sparkle-schools\/\">Plus d\u2019informations<\/a><\/p>\n\n\n\n<h2><strong>Ouverture des programmes de d\u00e9veloppement des comp\u00e9tences<\/strong><\/h2>\n\n\n\n<ul><li><strong>Janvier<\/strong>\u202f: lancement du nouveau cours multilingue \u00ab\u00a0transformer les donn\u00e9es comportementales en \u00e9conomies d\u2019\u00e9nergie\u00a0\u00bb, \u00e9labor\u00e9 par <a href=\"https:\/\/fra01.safelinks.protection.outlook.com\/?url=https%3A%2F%2Fenergy-behaviour-forum.ec.europa.eu%2F&amp;data=05%7C02%7Csimona.aronica%40energy-cities.eu%7C4e3e93bcad7b44842bef08de582f4c63%7C0288dd0742ba48679cd7e08708ec577a%7C0%7C0%7C639045157359074169%7CUnknown%7CTWFpbGZsb3d8eyJFbXB0eU1hcGkiOnRydWUsIlYiOiIwLjAuMDAwMCIsIlAiOiJXaW4zMiIsIkFOIjoiTWFpbCIsIldUIjoyfQ%3D%3D%7C0%7C%7C%7C&amp;sdata=L1FLVw6skuy%2BdYZMrT3hOe%2FukmNfabeIvUPD1c%2BqFZI%3D&amp;reserved=0\">Energy Behaviour Forum<\/a> pour aider les autorit\u00e9s publiques \u00e0 appliquer la science du comportement aux d\u00e9fis concrets d\u2019efficacit\u00e9 \u00e9nerg\u00e9tique.<\/li><li><strong>F\u00e9vrier<\/strong>\u202f: ouverture du cours en ligne <a href=\"https:\/\/energycommunitiesfacility.eu\/learn\">ENERCOM\u202fFacility<\/a>, con\u00e7u pour accompagner les communaut\u00e9s \u00e9nerg\u00e9tiques europ\u00e9ennes dans l\u2019\u00e9laboration et la mise en \u0153uvre de business plans solides.<\/li><li><strong>29\u202favril\u202f: <\/strong>ouverture de la formation <em><a href=\"https:\/\/localtransitionslearning.eu\/mod\/page\/view.php?id=239&amp;lang=fr\">Espresso Community Energy<\/a><\/em> intitul\u00e9e \u00ab\u202fCommunaut\u00e9s \u00e9nerg\u00e9tiques inclusives et \u00e9quitables\u202f\u00bb, con\u00e7ue pour aider les repr\u00e9sentants municipaux \u00e0 dialoguer avec toutes les parties prenantes et \u00e0 promouvoir une participation inclusive au sein des communaut\u00e9s \u00e9nerg\u00e9tiques.<\/li><\/ul>\n\n\n\n<p><\/p>\n\n\n\n<h2><strong>Forum annuel Energy Cities \u2013 28\u201130\u202favril \u2013 Guimar\u00e3es (Portugal)<\/strong><\/h2>\n\n\n\n<p>L\u2019\u00e9dition 2026 portera sur le th\u00e8me \u00ab\u202fnourrir les racines\u202f\u00bb, en pla\u00e7ant la d\u00e9mocratie locale au centre du forum. Guimar\u00e3es, capitale verte europ\u00e9enne en 2026, accueille l\u2019\u00e9v\u00e9nement et pr\u00e9sentera ses r\u00e9alisations \u00e0 l\u2019ensemble des participants. Sur trois jours, les participants approfondiront l\u2019un des six th\u00e8mes de la conf\u00e9rence via des visites de sites et des ateliers. Des sessions de networking, du matchmaking et un temps d\u2019inspiration seront \u00e9galement au programme, ainsi qu\u2019une session d\u00e9di\u00e9e aux \u00e9lu\u00b7e\u00b7s des municipalit\u00e9s. Ce \u00ab\u202fclub des maire(s)\u202f\u00bb offre l\u2019opportunit\u00e9 de dialoguer avec des pairs, d\u2019apprendre des autres villes et de partager les d\u00e9fis locaux.<br><a href=\"https:\/\/energy-cities.eu\/annual-forum\/\">Les inscriptions ouvrent en f\u00e9vrier.<\/a><\/p>\n\n\n\n<h2><strong>Semaine europ\u00e9enne du d\u00e9veloppement durable (EUSEW) \u2013 9\u201111\u202fjuin \u00e0 Bruxelles et en ligne<\/strong><\/h2>\n\n\n\n<p>La 20\u1d49 \u00e9dition du plus grand \u00e9v\u00e9nement annuel organis\u00e9 par la Commission europ\u00e9enne d\u00e9di\u00e9 \u00e0 l\u2019\u00e9nergie propre et aux \u00e9nergies renouvelables portera le th\u00e8me \u00ab\u202fUne Union \u00e9nerg\u00e9tique propre, s\u00e9curis\u00e9e et comp\u00e9titive\u202f\u00bb. Le programme est encore en cours d\u2019\u00e9laboration\u202fet nous esp\u00e9rons organiser une session sur le financement des strat\u00e9gies de chauffage et de climatisation ainsi que sur les opportunit\u00e9s de financement de l\u2019UE, et une seconde session sur le renforcement de la s\u00e9curit\u00e9 et de la r\u00e9silience gr\u00e2ce aux communaut\u00e9s \u00e9nerg\u00e9tiques.<br><a href=\"https:\/\/cinea.ec.europa.eu\/news-events\/events\/eusew-2026-2026-06-09_en\">Plus d\u2019informations<\/a><\/p>\n\n\n\n<h2><strong>Assises europ\u00e9ennes de la transition \u00e9nerg\u00e9tique \u2013 23\u201125\u202fjuin, Dijon <\/strong><\/h2>\n\n\n\n<p>Le rendez\u2011vous incontournable de la transition \u00e9nerg\u00e9tique pour les municipalit\u00e9s fran\u00e7aises sera l\u2019occasion de pr\u00e9senter vos actions, de partager des projets et de d\u00e9battre de vos id\u00e9es lors de l\u2019un des nombreux ateliers et panels organis\u00e9s \u00e0 Dijon.<br><a href=\"https:\/\/assises-energie.org\/\">Plus d\u2019informations<\/a><\/p>\n\n\n\n<h2><strong>C\u00e9r\u00e9monie de la Convention des Maires \u2013 octobre, Bruxelles<\/strong><\/h2>\n\n\n\n<p>La Convention des maires r\u00e9unit les dirigeants locaux et les d\u00e9cideurs europ\u00e9ens \u00e0 Bruxelles pour discuter des politiques climatiques et \u00e9nerg\u00e9tiques de l\u2019UE et de celles des collectivit\u00e9s.<br><a href=\"https:\/\/eu-mayors.ec.europa.eu\/en\/home\">Plus d\u2019informations<\/a><\/p>\n\n\n\n<h2><strong>Semaine europ\u00e9enne des r\u00e9gions et des villes \u2013 octobre, Bruxelles <\/strong><\/h2>\n\n\n\n<p>Comme chaque ann\u00e9e, la semaine europ\u00e9enne des r\u00e9gions et des villes rassemble les repr\u00e9sentants des administrations locales de toute l\u2019Europe \u00e0 Bruxelles.<br><a href=\"https:\/\/regions-and-cities.europa.eu\/\">Plus d\u2019informations<\/a><\/p>\n","protected":false},"excerpt":{"rendered":"<p>Pour vous aider \u00e0 naviguer au travers de cette ann\u00e9e et poursuivre votre parcours vers la neutralit\u00e9 climatique, voici une s\u00e9lection d\u2019\u00e9v\u00e9nements \u00e0 ne pas manquer.<\/p>\n","protected":false},"author":77,"featured_media":78651,"comment_status":"open","ping_status":"open","sticky":false,"template":"","format":"standard","meta":{"advgb_blocks_editor_width":"","advgb_blocks_columns_visual_guide":"","ub_ctt_via":""},"categories":[4],"tags":[],"hub":[310,308,306,307,309],"topic":[],"legislative_initiative":[],"document_type":[],"acf":[],"author_meta":{"display_name":"Valentine Crosse","author_link":"https:\/\/energy-cities.eu\/fr\/staff\/v-crosse\/"},"featured_img":"https:\/\/energy-cities.eu\/wp-content\/uploads\/2024\/07\/H5A9017-1-350x233.jpg","featured_image_src":"https:\/\/energy-cities.eu\/wp-content\/uploads\/2024\/07\/H5A9017-1-scaled.jpg","author_info":{"display_name":"Valentine Crosse","author_link":"https:\/\/energy-cities.eu\/fr\/staff\/v-crosse\/"},"yoast_head":"<!-- This site is optimized with the Yoast SEO plugin v18.8 - https:\/\/yoast.com\/wordpress\/plugins\/seo\/ -->\n<title>Les \u00e9v\u00e9nements \u00e0 ne pas manquer en\u00a02026 pour acc\u00e9l\u00e9rer le chemin vers la neutralit\u00e9 climatique - Energy Cities<\/title>\n<meta name=\"description\" content=\"Les \u00e9v\u00e9nements que les municipalit\u00e9s ne doivent pas manquer en 2026 pour continuer le chemin vers la neutralit\u00e9 carbone.\" \/>\n<meta name=\"robots\" content=\"index, follow, max-snippet:-1, max-image-preview:large, max-video-preview:-1\" \/>\n<link rel=\"canonical\" href=\"https:\/\/energy-cities.eu\/fr\/les-evenements-a-ne-pas-manquer-en-2026-pour-accelerer-le-chemin-vers-la-neutralite-climatique\/\" \/>\n<meta property=\"og:locale\" content=\"fr_FR\" \/>\n<meta property=\"og:type\" content=\"article\" \/>\n<meta property=\"og:title\" content=\"Les \u00e9v\u00e9nements \u00e0 ne pas manquer en\u00a02026 pour acc\u00e9l\u00e9rer le chemin vers la neutralit\u00e9 climatique - Energy Cities\" \/>\n<meta property=\"og:description\" content=\"Les \u00e9v\u00e9nements que les municipalit\u00e9s ne doivent pas manquer en 2026 pour continuer le chemin vers la neutralit\u00e9 carbone.\" \/>\n<meta property=\"og:url\" content=\"https:\/\/energy-cities.eu\/fr\/les-evenements-a-ne-pas-manquer-en-2026-pour-accelerer-le-chemin-vers-la-neutralite-climatique\/\" \/>\n<meta property=\"og:site_name\" content=\"Energy Cities\" \/>\n<meta property=\"article:publisher\" content=\"https:\/\/www.facebook.com\/energycities.eu\/\" \/>\n<meta property=\"article:published_time\" content=\"2026-01-20T09:45:44+00:00\" \/>\n<meta property=\"article:modified_time\" content=\"2026-01-26T14:51:59+00:00\" \/>\n<meta property=\"og:image\" content=\"https:\/\/energy-cities.eu\/wp-content\/uploads\/2024\/07\/H5A9017-1-scaled.jpg\" \/>\n\t<meta property=\"og:image:width\" content=\"2560\" \/>\n\t<meta property=\"og:image:height\" content=\"1707\" \/>\n\t<meta property=\"og:image:type\" content=\"image\/jpeg\" \/>\n<meta name=\"twitter:card\" content=\"summary_large_image\" \/>\n<meta name=\"twitter:creator\" content=\"@b.karas\" \/>\n<meta name=\"twitter:site\" content=\"@energycities\" \/>\n<meta name=\"twitter:label1\" content=\"\u00c9crit par\" \/>\n\t<meta name=\"twitter:data1\" content=\"Valentine Crosse\" \/>\n\t<meta name=\"twitter:label2\" content=\"Dur\u00e9e de lecture estim\u00e9e\" \/>\n\t<meta name=\"twitter:data2\" content=\"3 minutes\" \/>\n<script type=\"application\/ld+json\" class=\"yoast-schema-graph\">{\"@context\":\"https:\/\/schema.org\",\"@graph\":[{\"@type\":\"Organization\",\"@id\":\"https:\/\/energy-cities.eu\/fr\/#organization\",\"name\":\"Energy Cities\",\"url\":\"https:\/\/energy-cities.eu\/fr\/\",\"sameAs\":[\"https:\/\/www.facebook.com\/energycities.eu\/\",\"https:\/\/www.youtube.com\/channel\/UChIHn2wF76JzuTbAjSMs0hQ\",\"https:\/\/fr.wikipedia.org\/wiki\/Energy_Cities\",\"https:\/\/twitter.com\/energycities\"],\"logo\":{\"@type\":\"ImageObject\",\"inLanguage\":\"fr-FR\",\"@id\":\"https:\/\/energy-cities.eu\/fr\/#\/schema\/logo\/image\/\",\"url\":\"https:\/\/energy-cities.eu\/wp-content\/uploads\/2019\/07\/energy-cities-couleur.jpg\",\"contentUrl\":\"https:\/\/energy-cities.eu\/wp-content\/uploads\/2019\/07\/energy-cities-couleur.jpg\",\"width\":3508,\"height\":2587,\"caption\":\"Energy Cities\"},\"image\":{\"@id\":\"https:\/\/energy-cities.eu\/fr\/#\/schema\/logo\/image\/\"}},{\"@type\":\"WebSite\",\"@id\":\"https:\/\/energy-cities.eu\/fr\/#website\",\"url\":\"https:\/\/energy-cities.eu\/fr\/\",\"name\":\"Energy Cities\",\"description\":\" The European learning community for future-proof cities\",\"publisher\":{\"@id\":\"https:\/\/energy-cities.eu\/fr\/#organization\"},\"potentialAction\":[{\"@type\":\"SearchAction\",\"target\":{\"@type\":\"EntryPoint\",\"urlTemplate\":\"https:\/\/energy-cities.eu\/fr\/?s={search_term_string}\"},\"query-input\":\"required name=search_term_string\"}],\"inLanguage\":\"fr-FR\"},{\"@type\":\"ImageObject\",\"inLanguage\":\"fr-FR\",\"@id\":\"https:\/\/energy-cities.eu\/fr\/les-evenements-a-ne-pas-manquer-en-2026-pour-accelerer-le-chemin-vers-la-neutralite-climatique\/#primaryimage\",\"url\":\"https:\/\/energy-cities.eu\/wp-content\/uploads\/2024\/07\/H5A9017-1-scaled.jpg\",\"contentUrl\":\"https:\/\/energy-cities.eu\/wp-content\/uploads\/2024\/07\/H5A9017-1-scaled.jpg\",\"width\":2560,\"height\":1707},{\"@type\":\"WebPage\",\"@id\":\"https:\/\/energy-cities.eu\/fr\/les-evenements-a-ne-pas-manquer-en-2026-pour-accelerer-le-chemin-vers-la-neutralite-climatique\/#webpage\",\"url\":\"https:\/\/energy-cities.eu\/fr\/les-evenements-a-ne-pas-manquer-en-2026-pour-accelerer-le-chemin-vers-la-neutralite-climatique\/\",\"name\":\"Les \u00e9v\u00e9nements \u00e0 ne pas manquer en\u00a02026 pour acc\u00e9l\u00e9rer le chemin vers la neutralit\u00e9 climatique - Energy Cities\",\"isPartOf\":{\"@id\":\"https:\/\/energy-cities.eu\/fr\/#website\"},\"primaryImageOfPage\":{\"@id\":\"https:\/\/energy-cities.eu\/fr\/les-evenements-a-ne-pas-manquer-en-2026-pour-accelerer-le-chemin-vers-la-neutralite-climatique\/#primaryimage\"},\"datePublished\":\"2026-01-20T09:45:44+00:00\",\"dateModified\":\"2026-01-26T14:51:59+00:00\",\"description\":\"Les \u00e9v\u00e9nements que les municipalit\u00e9s ne doivent pas manquer en 2026 pour continuer le chemin vers la neutralit\u00e9 carbone.\",\"breadcrumb\":{\"@id\":\"https:\/\/energy-cities.eu\/fr\/les-evenements-a-ne-pas-manquer-en-2026-pour-accelerer-le-chemin-vers-la-neutralite-climatique\/#breadcrumb\"},\"inLanguage\":\"fr-FR\",\"potentialAction\":[{\"@type\":\"ReadAction\",\"target\":[\"https:\/\/energy-cities.eu\/fr\/les-evenements-a-ne-pas-manquer-en-2026-pour-accelerer-le-chemin-vers-la-neutralite-climatique\/\"]}]},{\"@type\":\"BreadcrumbList\",\"@id\":\"https:\/\/energy-cities.eu\/fr\/les-evenements-a-ne-pas-manquer-en-2026-pour-accelerer-le-chemin-vers-la-neutralite-climatique\/#breadcrumb\",\"itemListElement\":[{\"@type\":\"ListItem\",\"position\":1,\"name\":\"Home\",\"item\":\"https:\/\/energy-cities.eu\/fr\/nous-sommes-un-reseau-europeen-blabla\/\"},{\"@type\":\"ListItem\",\"position\":2,\"name\":\"Les \u00e9v\u00e9nements \u00e0 ne pas manquer en\u00a02026 pour acc\u00e9l\u00e9rer le chemin vers la neutralit\u00e9 climatique\"}]},{\"@type\":\"Article\",\"@id\":\"https:\/\/energy-cities.eu\/fr\/les-evenements-a-ne-pas-manquer-en-2026-pour-accelerer-le-chemin-vers-la-neutralite-climatique\/#article\",\"isPartOf\":{\"@id\":\"https:\/\/energy-cities.eu\/fr\/les-evenements-a-ne-pas-manquer-en-2026-pour-accelerer-le-chemin-vers-la-neutralite-climatique\/#webpage\"},\"author\":{\"@id\":\"https:\/\/energy-cities.eu\/fr\/#\/schema\/person\/43b30aa63a7e4c2502b2a675d9b12af0\"},\"headline\":\"Les \u00e9v\u00e9nements \u00e0 ne pas manquer en\u00a02026 pour acc\u00e9l\u00e9rer le chemin vers la neutralit\u00e9 climatique\",\"datePublished\":\"2026-01-20T09:45:44+00:00\",\"dateModified\":\"2026-01-26T14:51:59+00:00\",\"mainEntityOfPage\":{\"@id\":\"https:\/\/energy-cities.eu\/fr\/les-evenements-a-ne-pas-manquer-en-2026-pour-accelerer-le-chemin-vers-la-neutralite-climatique\/#webpage\"},\"wordCount\":793,\"commentCount\":0,\"publisher\":{\"@id\":\"https:\/\/energy-cities.eu\/fr\/#organization\"},\"image\":{\"@id\":\"https:\/\/energy-cities.eu\/fr\/les-evenements-a-ne-pas-manquer-en-2026-pour-accelerer-le-chemin-vers-la-neutralite-climatique\/#primaryimage\"},\"thumbnailUrl\":\"https:\/\/energy-cities.eu\/wp-content\/uploads\/2024\/07\/H5A9017-1-scaled.jpg\",\"articleSection\":[\"Actualit\u00e9s\"],\"inLanguage\":\"fr-FR\",\"potentialAction\":[{\"@type\":\"CommentAction\",\"name\":\"Comment\",\"target\":[\"https:\/\/energy-cities.eu\/fr\/les-evenements-a-ne-pas-manquer-en-2026-pour-accelerer-le-chemin-vers-la-neutralite-climatique\/#respond\"]}]},{\"@type\":\"Person\",\"@id\":\"https:\/\/energy-cities.eu\/fr\/#\/schema\/person\/43b30aa63a7e4c2502b2a675d9b12af0\",\"name\":\"Valentine Crosse\",\"image\":{\"@type\":\"ImageObject\",\"inLanguage\":\"fr-FR\",\"@id\":\"https:\/\/energy-cities.eu\/fr\/#\/schema\/person\/image\/\",\"url\":\"https:\/\/secure.gravatar.com\/avatar\/c797788c7ff9a3c8b0c02a6572ae1f9b?s=96&d=mm&r=g\",\"contentUrl\":\"https:\/\/secure.gravatar.com\/avatar\/c797788c7ff9a3c8b0c02a6572ae1f9b?s=96&d=mm&r=g\",\"caption\":\"Valentine Crosse\"},\"sameAs\":[\"https:\/\/twitter.com\/b.karas\"],\"url\":\"https:\/\/energy-cities.eu\/fr\/staff\/v-crosse\/\"}]}<\/script>\n<!-- \/ Yoast SEO plugin. -->","yoast_head_json":{"title":"Les \u00e9v\u00e9nements \u00e0 ne pas manquer en\u00a02026 pour acc\u00e9l\u00e9rer le chemin vers la neutralit\u00e9 climatique - Energy Cities","description":"Les \u00e9v\u00e9nements que les municipalit\u00e9s ne doivent pas manquer en 2026 pour continuer le chemin vers la neutralit\u00e9 carbone.","robots":{"index":"index","follow":"follow","max-snippet":"max-snippet:-1","max-image-preview":"max-image-preview:large","max-video-preview":"max-video-preview:-1"},"canonical":"https:\/\/energy-cities.eu\/fr\/les-evenements-a-ne-pas-manquer-en-2026-pour-accelerer-le-chemin-vers-la-neutralite-climatique\/","og_locale":"fr_FR","og_type":"article","og_title":"Les \u00e9v\u00e9nements \u00e0 ne pas manquer en\u00a02026 pour acc\u00e9l\u00e9rer le chemin vers la neutralit\u00e9 climatique - Energy Cities","og_description":"Les \u00e9v\u00e9nements que les municipalit\u00e9s ne doivent pas manquer en 2026 pour continuer le chemin vers la neutralit\u00e9 carbone.","og_url":"https:\/\/energy-cities.eu\/fr\/les-evenements-a-ne-pas-manquer-en-2026-pour-accelerer-le-chemin-vers-la-neutralite-climatique\/","og_site_name":"Energy Cities","article_publisher":"https:\/\/www.facebook.com\/energycities.eu\/","article_published_time":"2026-01-20T09:45:44+00:00","article_modified_time":"2026-01-26T14:51:59+00:00","og_image":[{"width":2560,"height":1707,"url":"https:\/\/energy-cities.eu\/wp-content\/uploads\/2024\/07\/H5A9017-1-scaled.jpg","type":"image\/jpeg"}],"twitter_card":"summary_large_image","twitter_creator":"@b.karas","twitter_site":"@energycities","twitter_misc":{"\u00c9crit par":"Valentine Crosse","Dur\u00e9e de lecture estim\u00e9e":"3 minutes"},"schema":{"@context":"https:\/\/schema.org","@graph":[{"@type":"Organization","@id":"https:\/\/energy-cities.eu\/fr\/#organization","name":"Energy Cities","url":"https:\/\/energy-cities.eu\/fr\/","sameAs":["https:\/\/www.facebook.com\/energycities.eu\/","https:\/\/www.youtube.com\/channel\/UChIHn2wF76JzuTbAjSMs0hQ","https:\/\/fr.wikipedia.org\/wiki\/Energy_Cities","https:\/\/twitter.com\/energycities"],"logo":{"@type":"ImageObject","inLanguage":"fr-FR","@id":"https:\/\/energy-cities.eu\/fr\/#\/schema\/logo\/image\/","url":"https:\/\/energy-cities.eu\/wp-content\/uploads\/2019\/07\/energy-cities-couleur.jpg","contentUrl":"https:\/\/energy-cities.eu\/wp-content\/uploads\/2019\/07\/energy-cities-couleur.jpg","width":3508,"height":2587,"caption":"Energy Cities"},"image":{"@id":"https:\/\/energy-cities.eu\/fr\/#\/schema\/logo\/image\/"}},{"@type":"WebSite","@id":"https:\/\/energy-cities.eu\/fr\/#website","url":"https:\/\/energy-cities.eu\/fr\/","name":"Energy Cities","description":" The European learning community for future-proof cities","publisher":{"@id":"https:\/\/energy-cities.eu\/fr\/#organization"},"potentialAction":[{"@type":"SearchAction","target":{"@type":"EntryPoint","urlTemplate":"https:\/\/energy-cities.eu\/fr\/?s={search_term_string}"},"query-input":"required name=search_term_string"}],"inLanguage":"fr-FR"},{"@type":"ImageObject","inLanguage":"fr-FR","@id":"https:\/\/energy-cities.eu\/fr\/les-evenements-a-ne-pas-manquer-en-2026-pour-accelerer-le-chemin-vers-la-neutralite-climatique\/#primaryimage","url":"https:\/\/energy-cities.eu\/wp-content\/uploads\/2024\/07\/H5A9017-1-scaled.jpg","contentUrl":"https:\/\/energy-cities.eu\/wp-content\/uploads\/2024\/07\/H5A9017-1-scaled.jpg","width":2560,"height":1707},{"@type":"WebPage","@id":"https:\/\/energy-cities.eu\/fr\/les-evenements-a-ne-pas-manquer-en-2026-pour-accelerer-le-chemin-vers-la-neutralite-climatique\/#webpage","url":"https:\/\/energy-cities.eu\/fr\/les-evenements-a-ne-pas-manquer-en-2026-pour-accelerer-le-chemin-vers-la-neutralite-climatique\/","name":"Les \u00e9v\u00e9nements \u00e0 ne pas manquer en\u00a02026 pour acc\u00e9l\u00e9rer le chemin vers la neutralit\u00e9 climatique - Energy Cities","isPartOf":{"@id":"https:\/\/energy-cities.eu\/fr\/#website"},"primaryImageOfPage":{"@id":"https:\/\/energy-cities.eu\/fr\/les-evenements-a-ne-pas-manquer-en-2026-pour-accelerer-le-chemin-vers-la-neutralite-climatique\/#primaryimage"},"datePublished":"2026-01-20T09:45:44+00:00","dateModified":"2026-01-26T14:51:59+00:00","description":"Les \u00e9v\u00e9nements que les municipalit\u00e9s ne doivent pas manquer en 2026 pour continuer le chemin vers la neutralit\u00e9 carbone.","breadcrumb":{"@id":"https:\/\/energy-cities.eu\/fr\/les-evenements-a-ne-pas-manquer-en-2026-pour-accelerer-le-chemin-vers-la-neutralite-climatique\/#breadcrumb"},"inLanguage":"fr-FR","potentialAction":[{"@type":"ReadAction","target":["https:\/\/energy-cities.eu\/fr\/les-evenements-a-ne-pas-manquer-en-2026-pour-accelerer-le-chemin-vers-la-neutralite-climatique\/"]}]},{"@type":"BreadcrumbList","@id":"https:\/\/energy-cities.eu\/fr\/les-evenements-a-ne-pas-manquer-en-2026-pour-accelerer-le-chemin-vers-la-neutralite-climatique\/#breadcrumb","itemListElement":[{"@type":"ListItem","position":1,"name":"Home","item":"https:\/\/energy-cities.eu\/fr\/nous-sommes-un-reseau-europeen-blabla\/"},{"@type":"ListItem","position":2,"name":"Les \u00e9v\u00e9nements \u00e0 ne pas manquer en\u00a02026 pour acc\u00e9l\u00e9rer le chemin vers la neutralit\u00e9 climatique"}]},{"@type":"Article","@id":"https:\/\/energy-cities.eu\/fr\/les-evenements-a-ne-pas-manquer-en-2026-pour-accelerer-le-chemin-vers-la-neutralite-climatique\/#article","isPartOf":{"@id":"https:\/\/energy-cities.eu\/fr\/les-evenements-a-ne-pas-manquer-en-2026-pour-accelerer-le-chemin-vers-la-neutralite-climatique\/#webpage"},"author":{"@id":"https:\/\/energy-cities.eu\/fr\/#\/schema\/person\/43b30aa63a7e4c2502b2a675d9b12af0"},"headline":"Les \u00e9v\u00e9nements \u00e0 ne pas manquer en\u00a02026 pour acc\u00e9l\u00e9rer le chemin vers la neutralit\u00e9 climatique","datePublished":"2026-01-20T09:45:44+00:00","dateModified":"2026-01-26T14:51:59+00:00","mainEntityOfPage":{"@id":"https:\/\/energy-cities.eu\/fr\/les-evenements-a-ne-pas-manquer-en-2026-pour-accelerer-le-chemin-vers-la-neutralite-climatique\/#webpage"},"wordCount":793,"commentCount":0,"publisher":{"@id":"https:\/\/energy-cities.eu\/fr\/#organization"},"image":{"@id":"https:\/\/energy-cities.eu\/fr\/les-evenements-a-ne-pas-manquer-en-2026-pour-accelerer-le-chemin-vers-la-neutralite-climatique\/#primaryimage"},"thumbnailUrl":"https:\/\/energy-cities.eu\/wp-content\/uploads\/2024\/07\/H5A9017-1-scaled.jpg","articleSection":["Actualit\u00e9s"],"inLanguage":"fr-FR","potentialAction":[{"@type":"CommentAction","name":"Comment","target":["https:\/\/energy-cities.eu\/fr\/les-evenements-a-ne-pas-manquer-en-2026-pour-accelerer-le-chemin-vers-la-neutralite-climatique\/#respond"]}]},{"@type":"Person","@id":"https:\/\/energy-cities.eu\/fr\/#\/schema\/person\/43b30aa63a7e4c2502b2a675d9b12af0","name":"Valentine Crosse","image":{"@type":"ImageObject","inLanguage":"fr-FR","@id":"https:\/\/energy-cities.eu\/fr\/#\/schema\/person\/image\/","url":"https:\/\/secure.gravatar.com\/avatar\/c797788c7ff9a3c8b0c02a6572ae1f9b?s=96&d=mm&r=g","contentUrl":"https:\/\/secure.gravatar.com\/avatar\/c797788c7ff9a3c8b0c02a6572ae1f9b?s=96&d=mm&r=g","caption":"Valentine Crosse"},"sameAs":["https:\/\/twitter.com\/b.karas"],"url":"https:\/\/energy-cities.eu\/fr\/staff\/v-crosse\/"}]}},"coauthors":[],"tax_additional":{"categories":{"linked":["<a href=\"https:\/\/energy-cities.eu\/fr\/category\/actualites\/\" class=\"advgb-post-tax-term\">Actualit\u00e9s<\/a>"],"unlinked":["<span class=\"advgb-post-tax-term\">Actualit\u00e9s<\/span>"]}},"comment_count":"0","relative_dates":{"created":"Publi\u00e9 3 mois il y a","modified":"Mis \u00e0 jour 3 mois il y a"},"absolute_dates":{"created":"Publi\u00e9 le 20 janvier 2026","modified":"Mise \u00e0 jour le 26 janvier 2026"},"absolute_dates_time":{"created":"Publi\u00e9 le 20 janvier 2026 10:45  ","modified":"Mise \u00e0 jour le 26 janvier 2026 3:51  "},"featured_img_caption":"","_links":{"self":[{"href":"https:\/\/energy-cities.eu\/fr\/wp-json\/wp\/v2\/posts\/92900"}],"collection":[{"href":"https:\/\/energy-cities.eu\/fr\/wp-json\/wp\/v2\/posts"}],"about":[{"href":"https:\/\/energy-cities.eu\/fr\/wp-json\/wp\/v2\/types\/post"}],"author":[{"embeddable":true,"href":"https:\/\/energy-cities.eu\/fr\/wp-json\/wp\/v2\/users\/77"}],"replies":[{"embeddable":true,"href":"https:\/\/energy-cities.eu\/fr\/wp-json\/wp\/v2\/comments?post=92900"}],"version-history":[{"count":7,"href":"https:\/\/energy-cities.eu\/fr\/wp-json\/wp\/v2\/posts\/92900\/revisions"}],"predecessor-version":[{"id":93033,"href":"https:\/\/energy-cities.eu\/fr\/wp-json\/wp\/v2\/posts\/92900\/revisions\/93033"}],"wp:featuredmedia":[{"embeddable":true,"href":"https:\/\/energy-cities.eu\/fr\/wp-json\/wp\/v2\/media\/78651"}],"wp:attachment":[{"href":"https:\/\/energy-cities.eu\/fr\/wp-json\/wp\/v2\/media?parent=92900"}],"wp:term":[{"taxonomy":"category","embeddable":true,"href":"https:\/\/energy-cities.eu\/fr\/wp-json\/wp\/v2\/categories?post=92900"},{"taxonomy":"post_tag","embeddable":true,"href":"https:\/\/energy-cities.eu\/fr\/wp-json\/wp\/v2\/tags?post=92900"},{"taxonomy":"hub","embeddable":true,"href":"https:\/\/energy-cities.eu\/fr\/wp-json\/wp\/v2\/hub?post=92900"},{"taxonomy":"topic","embeddable":true,"href":"https:\/\/energy-cities.eu\/fr\/wp-json\/wp\/v2\/topic?post=92900"},{"taxonomy":"legislative_initiative","embeddable":true,"href":"https:\/\/energy-cities.eu\/fr\/wp-json\/wp\/v2\/legislative_initiative?post=92900"},{"taxonomy":"document_type","embeddable":true,"href":"https:\/\/energy-cities.eu\/fr\/wp-json\/wp\/v2\/document_type?post=92900"}],"curies":[{"name":"wp","href":"https:\/\/api.w.org\/{rel}","templated":true}]}}