{"id":9802,"date":"2018-07-20T14:54:24","date_gmt":"2018-07-20T14:54:24","guid":{"rendered":"http:\/\/ec.kuusi.ovh\/?p=9802"},"modified":"2020-01-24T16:24:18","modified_gmt":"2020-01-24T15:24:18","slug":"espagne-nouvelle-politique-energetique-pour-les-villes","status":"publish","type":"post","link":"https:\/\/energy-cities.eu\/fr\/espagne-nouvelle-politique-energetique-pour-les-villes\/","title":{"rendered":"Espagne, nouvelle politique \u00e9nerg\u00e9tique pour les villes"},"content":{"rendered":"\n<p>L\u2019Espagne vient de faire des progr\u00e8s int\u00e9ressants en mati\u00e8re d\u2019\u00e9nergie. Teresa Ribera, experte en d\u00e9veloppement durable, est \u00e0 la t\u00eate du tout nouveau minist\u00e8re espagnol de la Transition \u00e9cologique. Elle travaille sans concession pour atteindre les objectifs ambitieux de l\u2019UE pour l\u2019efficacit\u00e9 \u00e9nerg\u00e9tique et les \u00e9nergies renouvelables, d\u00e9voilant son projet de faire abroger l\u2019imp\u00f4t sur le soleil instaur\u00e9 dans son pays et qui a fait grand bruit. De plus, devraient \u00eatre lanc\u00e9s d\u2019ici la fin de l\u2019ann\u00e9e une loi sur les changements climatiques, attendue de longue date, et un plan int\u00e9gr\u00e9 pour le climat et l\u2019\u00e9nergie.<\/p>\n\n\n\n<p><strong>Dans cet article, notre invit\u00e9, Fernando Ferrando, pr\u00e9sident de la Fundaci\u00f3n Renovables, une fondation espagnole qui d\u00e9fend un syst\u00e8me centr\u00e9 sur les \u00e9nergies renouvelables, raconte le r\u00f4le des villes dans la transition \u00e9nerg\u00e9tique de l\u2019Espagne.<\/strong><\/p>\n\n\n\n<p>Notre fondation, Fundaci\u00f3n Renovables, a r\u00e9cemment d\u00e9voil\u00e9 \u00e0 Madrid toute une s\u00e9rie de mesures pour la r\u00e9alisation de la transition \u00e9nerg\u00e9tique dont nous avons, \u00e0 notre sens, urgemment besoin. Dans le rapport intitul\u00e9 \u00ab&nbsp;<a href=\"https:\/\/fundacionrenovables.org\/documento\/hacia-una-transicion-energetica-sostenible\/\">Hacia una Transici\u00f3n Energ\u00e9tica Sostenible<\/a>&nbsp;\u00bb (Vers une transition \u00e9nerg\u00e9tique durable), nous soulignons notamment le besoin de dynamiser la demande et de mettre en place des mesures pour l\u2019efficacit\u00e9 \u00e9nerg\u00e9tique et un syst\u00e8me z\u00e9ro \u00e9mission qui touchent \u00e0 la fois la consommation et l\u2019approvisionnement en \u00e9nergie, en rempla\u00e7ant les \u00e9nergies fossiles et nucl\u00e9aires par des \u00e9nergies renouvelables.<\/p>\n\n\n\n<p>Par ailleurs, nous retenons 2030 comme date butoir. Selon nous, pour atteindre la d\u00e9carbonisation d\u2019ici 2050, il est n\u00e9cessaire d\u2019apporter un changement radical vingt ans plus t\u00f4t, dans la fa\u00e7on dont nous utilisons et pensons l\u2019\u00e9nergie. Nous nous reposons sur l\u2019id\u00e9e que&nbsp;<strong>les mesures fiscales constitueront un des principaux moyens<\/strong>&nbsp;d\u2019atteindre cet objectif.<\/p>\n\n\n\n<p>Plus de 80&nbsp;% des Espagnols vivent en zone urbaine, et les villes o\u00f9 ils habitent repr\u00e9sentent 75&nbsp;% de la consommation d\u2019\u00e9nergie du pays. Les actions que nous appelons de nos v\u0153ux doivent concerner toutes les strates du paysage urbain, des simples quartiers aux districts, et devraient couvrir la mobilit\u00e9, la r\u00e9novation des b\u00e2timents et des projets pour de nouveaux espaces publics. Un des principes fondamentaux d\u00e9fendus par notre rapport consiste \u00e0 voir les&nbsp;<strong>municipalit\u00e9s comme moteurs d\u2019un nouveau paradigme \u00e9nerg\u00e9tique.<\/strong><\/p>\n\n\n\n<p>Dans notre rapport, en mati\u00e8re d\u2019\u00e9nergie, nous voyons les villes comme des fournisseurs de service mais aussi comme des entrepreneurs. En d\u2019autres termes, puisque l\u2019\u00e9nergie est un service public, les villes doivent prendre en charge de nouvelles missions telles que la vente d\u2019\u00e9lectricit\u00e9 et la gestion de leur propre paysage \u00e9nerg\u00e9tique. Au bout du compte, cela entra\u00eenera le d\u00e9veloppement d\u2019installations g\u00e9n\u00e9ratrices d\u2019\u00e9nergie renouvelable, propri\u00e9t\u00e9s des municipalit\u00e9s, et\/ou la cr\u00e9ation de plateformes pour la collaboration horizontale en mati\u00e8re d\u2019\u00e9change d\u2019\u00e9nergie.<\/p>\n\n\n\n<p>Concernant la mobilit\u00e9 et les transports, au-del\u00e0 de la r\u00e9gulation des acc\u00e8s et du trafic pour les v\u00e9hicules qui ne r\u00e9pondent pas aux normes d\u2019\u00e9mission,&nbsp;<strong>nous proposons \u00e9galement l\u2019interdiction des v\u00e9hicules diesel d\u2019ici 2025<\/strong>, et l\u2019interdiction de tous les v\u00e9hicules \u00e0 moteur \u00e0 combustion interne d\u2019ici 2040.<\/p>\n\n\n\n<p>Concernant les b\u00e2timents, en plus de promouvoir l\u2019autonomie \u00e9nerg\u00e9tique et l\u2019interdiction ou la taxation d\u2019installations au gaz et l\u2019utilisation d\u2019\u00e9nergies fossiles, nous souhaitons qu\u2019<strong>un engagement soit pris pour que 100&nbsp;% de la consommation des b\u00e2timents publics provienne de source d\u2019\u00e9lectricit\u00e9 renouvelable et que leur efficacit\u00e9 \u00e9nerg\u00e9tique soit am\u00e9lior\u00e9e de 50&nbsp;% d\u2019ici 2030<\/strong>. Cela passera par un plan de r\u00e9habilitation \u00e9nerg\u00e9tique g\u00e9n\u00e9ralis\u00e9 pour les b\u00e2timents.<\/p>\n\n\n\n<p>Par ailleurs, la Fundaci\u00f3n Renovables croit fermement que le d\u00e9veloppement urbain durable doit aussi tendre vers un syst\u00e8me \u00e9nerg\u00e9tique qui renforce la place des citoyens.<br>Nous sommes convaincus que&nbsp;<strong>les villes ont la capacit\u00e9 de r\u00e9duire leurs \u00e9missions de gaz \u00e0 effet de serre de 80&nbsp;% d\u2019ici 2040<\/strong>, si elles adoptent des plans d\u2019action adapt\u00e9s. Nous avons d\u00e9crit ces plans dans notre pr\u00e9c\u00e9dent rapport intitul\u00e9 \u00ab&nbsp;<a href=\"https:\/\/fundacionrenovables.org\/documento\/ciudades-con-futuro-necesidad-y-oportunidad-de-un-sistema-energetico-sostenible\/\">Ciudades con Futuro<\/a>&nbsp;\u00bb (\u00ab&nbsp;Des villes d\u2019avenir&nbsp;\u00bb).<\/p>\n\n\n\n<p>Toutes les propositions que je formule ici font partie int\u00e9grante de deux documents strat\u00e9giques&nbsp;: Tout d\u2019abord, la&nbsp;<a href=\"https:\/\/fundacionrenovables.org\/notas\/madrid-presenta-su-hoja-de-ruta-hacia-la-autosuficiencia-energetica\/\">Hoja de Ruta<\/a>&nbsp;(Feuille de route), que nous avons cr\u00e9\u00e9e en 2017 en partenariat avec les autorit\u00e9s municipales de Madrid. En second lieu, notre analyse de la situation \u00e9nerg\u00e9tique de la ville basque de Vitoria-Gasteiz, o\u00f9 nous travaillons actuellement sur des propositions qui ont le potentiel d\u2019amener \u00e0 une feuille de route \u00e9nerg\u00e9tique am\u00e9lior\u00e9e pour la ville.<\/p>\n\n\n\n<figure class=\"wp-block-table\"><table class=\"\"><tbody><tr><td><strong>Note de l\u2019\u00e9diteur&nbsp;:<\/strong><br><strong><em>Dans la m\u00eame perspective, les villes les plus lib\u00e9rales d\u2019Espagne<\/em>&nbsp;<\/strong>,&nbsp;<a href=\"https:\/\/www.energias-renovables.com\/ahorro\/bcn-cadiz-madrid-pamplona-y-zgz-se-20180626\"><strong><em>Barcelone, Cadix, Madrid, Pampelune et Saragosse, ont r\u00e9cemment publi\u00e9 une d\u00e9claration conjointe pour appeler \u00e0 une transition vers les \u00e9nergies renouvelables en Espagne<\/em>&nbsp;<\/strong><\/a>.<\/td><\/tr><\/tbody><\/table><\/figure>\n\n\n\n<h3>Energy Cities en Espagne<\/h3>\n\n\n\n<p>En avril dernier,&nbsp;<strong>Claire Roumet<\/strong>&nbsp;et&nbsp;<strong>Miriam Eisermann<\/strong>&nbsp;(respectivement D\u00e9l\u00e9gu\u00e9e g\u00e9n\u00e9rale et Responsable Communication &amp; Politique d\u2019Energy Cities) se sont rendues en Espagne pour d\u00e9battre de la remunicipalisation en Europe et des bonnes pratiques d\u2019adaptation, dans un premier temps au 25e anniversaire de l\u2019Anneau vert de&nbsp;<strong>Vitoria-Gasteiz<\/strong>, puis \u00e0&nbsp;<strong>Vilafranca del Pened\u00e8s<\/strong>, une ville, ont-elles d\u00e9couvert, d\u00e9termin\u00e9e \u00e0 prendre le contr\u00f4le de son approvisionnement en \u00e9nergie.&nbsp;<br>Ce mois-ci, nous sommes fiers d\u2019accueillir notre nouveau membre espagnol,&nbsp;<strong>Valence<\/strong>, et ses 780 000 habitants, dans le r\u00e9seau Energy Cities.<\/p>\n\n\n\n<p><strong>\u00c0 vos agendas<\/strong>&nbsp;: Energy Cities proposera cette ann\u00e9e des ateliers \u00e0 la&nbsp;<a href=\"htp:\/\/www.conama2018.orgt\">Conf\u00e9rence Conama \u00e0&nbsp;<strong>Madrid<\/strong><\/a>&nbsp;(26-29 novembre) sous l\u2019\u00e9gide de la&nbsp;<a href=\"http:\/\/www.renewables-networking.eu\/\">Plateforme de Networking Renouvelable<\/a>.<\/p>\n","protected":false},"excerpt":{"rendered":"<p>L\u2019Espagne vient de faire des progr\u00e8s int\u00e9ressants en mati\u00e8re d\u2019\u00e9nergie. Teresa Ribera, experte en d\u00e9veloppement durable, est \u00e0 la t\u00eate du tout nouveau minist\u00e8re espagnol <a href=\"https:\/\/energy-cities.eu\/fr\/espagne-nouvelle-politique-energetique-pour-les-villes\/\">[\u2026]<\/a><\/p>\n","protected":false},"author":25,"featured_media":17843,"comment_status":"open","ping_status":"open","sticky":false,"template":"","format":"standard","meta":{"advgb_blocks_editor_width":"","advgb_blocks_columns_visual_guide":"","ub_ctt_via":""},"categories":[4],"tags":[],"hub":[],"topic":[22],"legislative_initiative":[],"document_type":[],"acf":[],"author_meta":{"display_name":"Miriam Eisermann","author_link":"https:\/\/energy-cities.eu\/fr\/staff\/m-eisermann\/"},"featured_img":"https:\/\/energy-cities.eu\/wp-content\/uploads\/2019\/05\/Barcelona_Brian-Kinney-shutterstock-300x200.jpg","featured_image_src":"https:\/\/energy-cities.eu\/wp-content\/uploads\/2019\/05\/Barcelona_Brian-Kinney-shutterstock.jpg","author_info":{"display_name":"Miriam Eisermann","author_link":"https:\/\/energy-cities.eu\/fr\/staff\/m-eisermann\/"},"yoast_head":"<!-- This site is optimized with the Yoast SEO plugin v18.8 - https:\/\/yoast.com\/wordpress\/plugins\/seo\/ -->\n<title>Espagne, nouvelle politique \u00e9nerg\u00e9tique pour les villes - Energy Cities<\/title>\n<meta name=\"robots\" content=\"index, follow, max-snippet:-1, max-image-preview:large, max-video-preview:-1\" \/>\n<link rel=\"canonical\" href=\"https:\/\/energy-cities.eu\/fr\/espagne-nouvelle-politique-energetique-pour-les-villes\/\" \/>\n<meta property=\"og:locale\" content=\"fr_FR\" \/>\n<meta property=\"og:type\" content=\"article\" \/>\n<meta property=\"og:title\" content=\"Espagne, nouvelle politique \u00e9nerg\u00e9tique pour les villes - Energy Cities\" \/>\n<meta property=\"og:description\" content=\"L\u2019Espagne vient de faire des progr\u00e8s int\u00e9ressants en mati\u00e8re d\u2019\u00e9nergie. Teresa Ribera, experte en d\u00e9veloppement durable, est \u00e0 la t\u00eate du tout nouveau minist\u00e8re espagnol [\u2026]\" \/>\n<meta property=\"og:url\" content=\"https:\/\/energy-cities.eu\/fr\/espagne-nouvelle-politique-energetique-pour-les-villes\/\" \/>\n<meta property=\"og:site_name\" content=\"Energy Cities\" \/>\n<meta property=\"article:publisher\" content=\"https:\/\/www.facebook.com\/energycities.eu\/\" \/>\n<meta property=\"article:published_time\" content=\"2018-07-20T14:54:24+00:00\" \/>\n<meta property=\"article:modified_time\" content=\"2020-01-24T15:24:18+00:00\" \/>\n<meta property=\"og:image\" content=\"https:\/\/energy-cities.eu\/wp-content\/uploads\/2019\/05\/Barcelona_Brian-Kinney-shutterstock-1024x682.jpg\" \/>\n\t<meta property=\"og:image:width\" content=\"1024\" \/>\n\t<meta property=\"og:image:height\" content=\"682\" \/>\n\t<meta property=\"og:image:type\" content=\"image\/jpeg\" \/>\n<meta name=\"twitter:card\" content=\"summary_large_image\" \/>\n<meta name=\"twitter:creator\" content=\"@atonofnews\" \/>\n<meta name=\"twitter:site\" content=\"@energycities\" \/>\n<meta name=\"twitter:label1\" content=\"\u00c9crit par\" \/>\n\t<meta name=\"twitter:data1\" content=\"Miriam Eisermann\" \/>\n\t<meta name=\"twitter:label2\" content=\"Dur\u00e9e de lecture estim\u00e9e\" \/>\n\t<meta name=\"twitter:data2\" content=\"5 minutes\" \/>\n<script type=\"application\/ld+json\" class=\"yoast-schema-graph\">{\"@context\":\"https:\/\/schema.org\",\"@graph\":[{\"@type\":\"Organization\",\"@id\":\"https:\/\/energy-cities.eu\/fr\/#organization\",\"name\":\"Energy Cities\",\"url\":\"https:\/\/energy-cities.eu\/fr\/\",\"sameAs\":[\"https:\/\/www.facebook.com\/energycities.eu\/\",\"https:\/\/www.youtube.com\/channel\/UChIHn2wF76JzuTbAjSMs0hQ\",\"https:\/\/fr.wikipedia.org\/wiki\/Energy_Cities\",\"https:\/\/twitter.com\/energycities\"],\"logo\":{\"@type\":\"ImageObject\",\"inLanguage\":\"fr-FR\",\"@id\":\"https:\/\/energy-cities.eu\/fr\/#\/schema\/logo\/image\/\",\"url\":\"https:\/\/energy-cities.eu\/wp-content\/uploads\/2019\/07\/energy-cities-couleur.jpg\",\"contentUrl\":\"https:\/\/energy-cities.eu\/wp-content\/uploads\/2019\/07\/energy-cities-couleur.jpg\",\"width\":3508,\"height\":2587,\"caption\":\"Energy Cities\"},\"image\":{\"@id\":\"https:\/\/energy-cities.eu\/fr\/#\/schema\/logo\/image\/\"}},{\"@type\":\"WebSite\",\"@id\":\"https:\/\/energy-cities.eu\/fr\/#website\",\"url\":\"https:\/\/energy-cities.eu\/fr\/\",\"name\":\"Energy Cities\",\"description\":\" The European learning community for future-proof cities\",\"publisher\":{\"@id\":\"https:\/\/energy-cities.eu\/fr\/#organization\"},\"potentialAction\":[{\"@type\":\"SearchAction\",\"target\":{\"@type\":\"EntryPoint\",\"urlTemplate\":\"https:\/\/energy-cities.eu\/fr\/?s={search_term_string}\"},\"query-input\":\"required name=search_term_string\"}],\"inLanguage\":\"fr-FR\"},{\"@type\":\"ImageObject\",\"inLanguage\":\"fr-FR\",\"@id\":\"https:\/\/energy-cities.eu\/fr\/espagne-nouvelle-politique-energetique-pour-les-villes\/#primaryimage\",\"url\":\"https:\/\/energy-cities.eu\/wp-content\/uploads\/2019\/05\/Barcelona_Brian-Kinney-shutterstock.jpg\",\"contentUrl\":\"https:\/\/energy-cities.eu\/wp-content\/uploads\/2019\/05\/Barcelona_Brian-Kinney-shutterstock.jpg\",\"width\":2830,\"height\":1886,\"caption\":\"\u00a9 Brian Kinney Shutterstock\"},{\"@type\":\"WebPage\",\"@id\":\"https:\/\/energy-cities.eu\/fr\/espagne-nouvelle-politique-energetique-pour-les-villes\/#webpage\",\"url\":\"https:\/\/energy-cities.eu\/fr\/espagne-nouvelle-politique-energetique-pour-les-villes\/\",\"name\":\"Espagne, nouvelle politique \u00e9nerg\u00e9tique pour les villes - Energy Cities\",\"isPartOf\":{\"@id\":\"https:\/\/energy-cities.eu\/fr\/#website\"},\"primaryImageOfPage\":{\"@id\":\"https:\/\/energy-cities.eu\/fr\/espagne-nouvelle-politique-energetique-pour-les-villes\/#primaryimage\"},\"datePublished\":\"2018-07-20T14:54:24+00:00\",\"dateModified\":\"2020-01-24T15:24:18+00:00\",\"breadcrumb\":{\"@id\":\"https:\/\/energy-cities.eu\/fr\/espagne-nouvelle-politique-energetique-pour-les-villes\/#breadcrumb\"},\"inLanguage\":\"fr-FR\",\"potentialAction\":[{\"@type\":\"ReadAction\",\"target\":[\"https:\/\/energy-cities.eu\/fr\/espagne-nouvelle-politique-energetique-pour-les-villes\/\"]}]},{\"@type\":\"BreadcrumbList\",\"@id\":\"https:\/\/energy-cities.eu\/fr\/espagne-nouvelle-politique-energetique-pour-les-villes\/#breadcrumb\",\"itemListElement\":[{\"@type\":\"ListItem\",\"position\":1,\"name\":\"Home\",\"item\":\"https:\/\/energy-cities.eu\/fr\/nous-sommes-un-reseau-europeen-blabla\/\"},{\"@type\":\"ListItem\",\"position\":2,\"name\":\"Espagne, nouvelle politique \u00e9nerg\u00e9tique pour les villes\"}]},{\"@type\":\"Article\",\"@id\":\"https:\/\/energy-cities.eu\/fr\/espagne-nouvelle-politique-energetique-pour-les-villes\/#article\",\"isPartOf\":{\"@id\":\"https:\/\/energy-cities.eu\/fr\/espagne-nouvelle-politique-energetique-pour-les-villes\/#webpage\"},\"author\":{\"@id\":\"https:\/\/energy-cities.eu\/fr\/#\/schema\/person\/3340a219cf35746901977e3cb1dc791a\"},\"headline\":\"Espagne, nouvelle politique \u00e9nerg\u00e9tique pour les villes\",\"datePublished\":\"2018-07-20T14:54:24+00:00\",\"dateModified\":\"2020-01-24T15:24:18+00:00\",\"mainEntityOfPage\":{\"@id\":\"https:\/\/energy-cities.eu\/fr\/espagne-nouvelle-politique-energetique-pour-les-villes\/#webpage\"},\"wordCount\":1015,\"commentCount\":0,\"publisher\":{\"@id\":\"https:\/\/energy-cities.eu\/fr\/#organization\"},\"image\":{\"@id\":\"https:\/\/energy-cities.eu\/fr\/espagne-nouvelle-politique-energetique-pour-les-villes\/#primaryimage\"},\"thumbnailUrl\":\"https:\/\/energy-cities.eu\/wp-content\/uploads\/2019\/05\/Barcelona_Brian-Kinney-shutterstock.jpg\",\"articleSection\":[\"Actualit\u00e9s\"],\"inLanguage\":\"fr-FR\",\"potentialAction\":[{\"@type\":\"CommentAction\",\"name\":\"Comment\",\"target\":[\"https:\/\/energy-cities.eu\/fr\/espagne-nouvelle-politique-energetique-pour-les-villes\/#respond\"]}]},{\"@type\":\"Person\",\"@id\":\"https:\/\/energy-cities.eu\/fr\/#\/schema\/person\/3340a219cf35746901977e3cb1dc791a\",\"name\":\"Miriam Eisermann\",\"image\":{\"@type\":\"ImageObject\",\"inLanguage\":\"fr-FR\",\"@id\":\"https:\/\/energy-cities.eu\/fr\/#\/schema\/person\/image\/\",\"url\":\"https:\/\/secure.gravatar.com\/avatar\/f1d254f33ec08630330aef416f9899c3?s=96&d=mm&r=g\",\"contentUrl\":\"https:\/\/secure.gravatar.com\/avatar\/f1d254f33ec08630330aef416f9899c3?s=96&d=mm&r=g\",\"caption\":\"Miriam Eisermann\"},\"sameAs\":[\"https:\/\/www.linkedin.com\/in\/miriam-eisermann-82507377\/\",\"https:\/\/twitter.com\/atonofnews\"],\"url\":\"https:\/\/energy-cities.eu\/fr\/staff\/m-eisermann\/\"}]}<\/script>\n<!-- \/ Yoast SEO plugin. -->","yoast_head_json":{"title":"Espagne, nouvelle politique \u00e9nerg\u00e9tique pour les villes - Energy Cities","robots":{"index":"index","follow":"follow","max-snippet":"max-snippet:-1","max-image-preview":"max-image-preview:large","max-video-preview":"max-video-preview:-1"},"canonical":"https:\/\/energy-cities.eu\/fr\/espagne-nouvelle-politique-energetique-pour-les-villes\/","og_locale":"fr_FR","og_type":"article","og_title":"Espagne, nouvelle politique \u00e9nerg\u00e9tique pour les villes - Energy Cities","og_description":"L\u2019Espagne vient de faire des progr\u00e8s int\u00e9ressants en mati\u00e8re d\u2019\u00e9nergie. Teresa Ribera, experte en d\u00e9veloppement durable, est \u00e0 la t\u00eate du tout nouveau minist\u00e8re espagnol [\u2026]","og_url":"https:\/\/energy-cities.eu\/fr\/espagne-nouvelle-politique-energetique-pour-les-villes\/","og_site_name":"Energy Cities","article_publisher":"https:\/\/www.facebook.com\/energycities.eu\/","article_published_time":"2018-07-20T14:54:24+00:00","article_modified_time":"2020-01-24T15:24:18+00:00","og_image":[{"width":1024,"height":682,"url":"https:\/\/energy-cities.eu\/wp-content\/uploads\/2019\/05\/Barcelona_Brian-Kinney-shutterstock-1024x682.jpg","type":"image\/jpeg"}],"twitter_card":"summary_large_image","twitter_creator":"@atonofnews","twitter_site":"@energycities","twitter_misc":{"\u00c9crit par":"Miriam Eisermann","Dur\u00e9e de lecture estim\u00e9e":"5 minutes"},"schema":{"@context":"https:\/\/schema.org","@graph":[{"@type":"Organization","@id":"https:\/\/energy-cities.eu\/fr\/#organization","name":"Energy Cities","url":"https:\/\/energy-cities.eu\/fr\/","sameAs":["https:\/\/www.facebook.com\/energycities.eu\/","https:\/\/www.youtube.com\/channel\/UChIHn2wF76JzuTbAjSMs0hQ","https:\/\/fr.wikipedia.org\/wiki\/Energy_Cities","https:\/\/twitter.com\/energycities"],"logo":{"@type":"ImageObject","inLanguage":"fr-FR","@id":"https:\/\/energy-cities.eu\/fr\/#\/schema\/logo\/image\/","url":"https:\/\/energy-cities.eu\/wp-content\/uploads\/2019\/07\/energy-cities-couleur.jpg","contentUrl":"https:\/\/energy-cities.eu\/wp-content\/uploads\/2019\/07\/energy-cities-couleur.jpg","width":3508,"height":2587,"caption":"Energy Cities"},"image":{"@id":"https:\/\/energy-cities.eu\/fr\/#\/schema\/logo\/image\/"}},{"@type":"WebSite","@id":"https:\/\/energy-cities.eu\/fr\/#website","url":"https:\/\/energy-cities.eu\/fr\/","name":"Energy Cities","description":" The European learning community for future-proof cities","publisher":{"@id":"https:\/\/energy-cities.eu\/fr\/#organization"},"potentialAction":[{"@type":"SearchAction","target":{"@type":"EntryPoint","urlTemplate":"https:\/\/energy-cities.eu\/fr\/?s={search_term_string}"},"query-input":"required name=search_term_string"}],"inLanguage":"fr-FR"},{"@type":"ImageObject","inLanguage":"fr-FR","@id":"https:\/\/energy-cities.eu\/fr\/espagne-nouvelle-politique-energetique-pour-les-villes\/#primaryimage","url":"https:\/\/energy-cities.eu\/wp-content\/uploads\/2019\/05\/Barcelona_Brian-Kinney-shutterstock.jpg","contentUrl":"https:\/\/energy-cities.eu\/wp-content\/uploads\/2019\/05\/Barcelona_Brian-Kinney-shutterstock.jpg","width":2830,"height":1886,"caption":"\u00a9 Brian Kinney Shutterstock"},{"@type":"WebPage","@id":"https:\/\/energy-cities.eu\/fr\/espagne-nouvelle-politique-energetique-pour-les-villes\/#webpage","url":"https:\/\/energy-cities.eu\/fr\/espagne-nouvelle-politique-energetique-pour-les-villes\/","name":"Espagne, nouvelle politique \u00e9nerg\u00e9tique pour les villes - Energy Cities","isPartOf":{"@id":"https:\/\/energy-cities.eu\/fr\/#website"},"primaryImageOfPage":{"@id":"https:\/\/energy-cities.eu\/fr\/espagne-nouvelle-politique-energetique-pour-les-villes\/#primaryimage"},"datePublished":"2018-07-20T14:54:24+00:00","dateModified":"2020-01-24T15:24:18+00:00","breadcrumb":{"@id":"https:\/\/energy-cities.eu\/fr\/espagne-nouvelle-politique-energetique-pour-les-villes\/#breadcrumb"},"inLanguage":"fr-FR","potentialAction":[{"@type":"ReadAction","target":["https:\/\/energy-cities.eu\/fr\/espagne-nouvelle-politique-energetique-pour-les-villes\/"]}]},{"@type":"BreadcrumbList","@id":"https:\/\/energy-cities.eu\/fr\/espagne-nouvelle-politique-energetique-pour-les-villes\/#breadcrumb","itemListElement":[{"@type":"ListItem","position":1,"name":"Home","item":"https:\/\/energy-cities.eu\/fr\/nous-sommes-un-reseau-europeen-blabla\/"},{"@type":"ListItem","position":2,"name":"Espagne, nouvelle politique \u00e9nerg\u00e9tique pour les villes"}]},{"@type":"Article","@id":"https:\/\/energy-cities.eu\/fr\/espagne-nouvelle-politique-energetique-pour-les-villes\/#article","isPartOf":{"@id":"https:\/\/energy-cities.eu\/fr\/espagne-nouvelle-politique-energetique-pour-les-villes\/#webpage"},"author":{"@id":"https:\/\/energy-cities.eu\/fr\/#\/schema\/person\/3340a219cf35746901977e3cb1dc791a"},"headline":"Espagne, nouvelle politique \u00e9nerg\u00e9tique pour les villes","datePublished":"2018-07-20T14:54:24+00:00","dateModified":"2020-01-24T15:24:18+00:00","mainEntityOfPage":{"@id":"https:\/\/energy-cities.eu\/fr\/espagne-nouvelle-politique-energetique-pour-les-villes\/#webpage"},"wordCount":1015,"commentCount":0,"publisher":{"@id":"https:\/\/energy-cities.eu\/fr\/#organization"},"image":{"@id":"https:\/\/energy-cities.eu\/fr\/espagne-nouvelle-politique-energetique-pour-les-villes\/#primaryimage"},"thumbnailUrl":"https:\/\/energy-cities.eu\/wp-content\/uploads\/2019\/05\/Barcelona_Brian-Kinney-shutterstock.jpg","articleSection":["Actualit\u00e9s"],"inLanguage":"fr-FR","potentialAction":[{"@type":"CommentAction","name":"Comment","target":["https:\/\/energy-cities.eu\/fr\/espagne-nouvelle-politique-energetique-pour-les-villes\/#respond"]}]},{"@type":"Person","@id":"https:\/\/energy-cities.eu\/fr\/#\/schema\/person\/3340a219cf35746901977e3cb1dc791a","name":"Miriam Eisermann","image":{"@type":"ImageObject","inLanguage":"fr-FR","@id":"https:\/\/energy-cities.eu\/fr\/#\/schema\/person\/image\/","url":"https:\/\/secure.gravatar.com\/avatar\/f1d254f33ec08630330aef416f9899c3?s=96&d=mm&r=g","contentUrl":"https:\/\/secure.gravatar.com\/avatar\/f1d254f33ec08630330aef416f9899c3?s=96&d=mm&r=g","caption":"Miriam Eisermann"},"sameAs":["https:\/\/www.linkedin.com\/in\/miriam-eisermann-82507377\/","https:\/\/twitter.com\/atonofnews"],"url":"https:\/\/energy-cities.eu\/fr\/staff\/m-eisermann\/"}]}},"coauthors":[],"tax_additional":{"categories":{"linked":["<a href=\"https:\/\/energy-cities.eu\/fr\/category\/actualites\/\" class=\"advgb-post-tax-term\">Actualit\u00e9s<\/a>"],"unlinked":["<span class=\"advgb-post-tax-term\">Actualit\u00e9s<\/span>"]}},"comment_count":"0","relative_dates":{"created":"Publi\u00e9 8 ans il y a","modified":"Mis \u00e0 jour 6 ans il y a"},"absolute_dates":{"created":"Publi\u00e9 le 20 juillet 2018","modified":"Mise \u00e0 jour le 24 janvier 2020"},"absolute_dates_time":{"created":"Publi\u00e9 le 20 juillet 2018 2:54  ","modified":"Mise \u00e0 jour le 24 janvier 2020 4:24  "},"featured_img_caption":"\u00a9 Brian Kinney Shutterstock","_links":{"self":[{"href":"https:\/\/energy-cities.eu\/fr\/wp-json\/wp\/v2\/posts\/9802"}],"collection":[{"href":"https:\/\/energy-cities.eu\/fr\/wp-json\/wp\/v2\/posts"}],"about":[{"href":"https:\/\/energy-cities.eu\/fr\/wp-json\/wp\/v2\/types\/post"}],"author":[{"embeddable":true,"href":"https:\/\/energy-cities.eu\/fr\/wp-json\/wp\/v2\/users\/25"}],"replies":[{"embeddable":true,"href":"https:\/\/energy-cities.eu\/fr\/wp-json\/wp\/v2\/comments?post=9802"}],"version-history":[{"count":5,"href":"https:\/\/energy-cities.eu\/fr\/wp-json\/wp\/v2\/posts\/9802\/revisions"}],"predecessor-version":[{"id":28350,"href":"https:\/\/energy-cities.eu\/fr\/wp-json\/wp\/v2\/posts\/9802\/revisions\/28350"}],"wp:featuredmedia":[{"embeddable":true,"href":"https:\/\/energy-cities.eu\/fr\/wp-json\/wp\/v2\/media\/17843"}],"wp:attachment":[{"href":"https:\/\/energy-cities.eu\/fr\/wp-json\/wp\/v2\/media?parent=9802"}],"wp:term":[{"taxonomy":"category","embeddable":true,"href":"https:\/\/energy-cities.eu\/fr\/wp-json\/wp\/v2\/categories?post=9802"},{"taxonomy":"post_tag","embeddable":true,"href":"https:\/\/energy-cities.eu\/fr\/wp-json\/wp\/v2\/tags?post=9802"},{"taxonomy":"hub","embeddable":true,"href":"https:\/\/energy-cities.eu\/fr\/wp-json\/wp\/v2\/hub?post=9802"},{"taxonomy":"topic","embeddable":true,"href":"https:\/\/energy-cities.eu\/fr\/wp-json\/wp\/v2\/topic?post=9802"},{"taxonomy":"legislative_initiative","embeddable":true,"href":"https:\/\/energy-cities.eu\/fr\/wp-json\/wp\/v2\/legislative_initiative?post=9802"},{"taxonomy":"document_type","embeddable":true,"href":"https:\/\/energy-cities.eu\/fr\/wp-json\/wp\/v2\/document_type?post=9802"}],"curies":[{"name":"wp","href":"https:\/\/api.w.org\/{rel}","templated":true}]}}